{"id":73468,"date":"2024-05-03T13:51:13","date_gmt":"2024-05-03T11:51:13","guid":{"rendered":"https:\/\/www.almega.se\/?p=73468"},"modified":"2024-05-03T13:51:14","modified_gmt":"2024-05-03T11:51:14","slug":"arets-lonerevision-travbanor-och-travskolor-almega-tjansteforetagen","status":"publish","type":"post","link":"https:\/\/www.almega.se\/2024\/05\/arets-lonerevision-travbanor-och-travskolor-almega-tjansteforetagen\/","title":{"rendered":"\u00c5rets l\u00f6nerevision Travbanor och Travskolor, Almega Tj\u00e4nste&shy;f\u00f6retagen"},"content":{"rendered":"<p class=\"intro\"><strong>Banarbetare vid Travbanor samt anst\u00e4llda Travskolor<\/strong><\/p>\n<p class=\"intro\">Det \u00e4r dags f\u00f6r \u00e5rets l\u00f6nerevision och vi p\u00e5minner om f\u00f6ljande utg\u00e5ngspunkter i kollektivavtalen. De fullst\u00e4ndiga avtalen inklusive f\u00f6rhandlingsordning avseende l\u00f6ner f\u00f6r banarbetare, hittar du som inloggad\u00a0<a href=\"https:\/\/medlem.arbetsgivarguiden.se\/oversikt\">p\u00e5 arbetsgivarguiden.se<\/a><\/p>\n\n<h3 class=\"wp-block-heading\"><strong>L\u00f6nerevision<\/strong> 1 juni 2024, Banarbetare<\/h3>\n\n\n\n<p>En pott bildas f\u00f6r individuell f\u00f6rdelning, om 1 021 kr f\u00f6r den som \u00e4r heltidsanst\u00e4lld den 31 maj 2024.  \u202fF\u00f6r den som \u00e4r deltidsanst\u00e4lld proportioneras beloppet med anst\u00e4llningens omfattning. En v\u00e4gledning som ska underl\u00e4tta och f\u00f6rtydliga den lokala l\u00f6nebildningen \u00e4r framtagen av parterna och hittas h\u00e4r: <a href=\"https:\/\/www.almega.se\/app\/uploads\/2023\/07\/Loneprocessmaterial-Travbanorna.pdf\" target=\"_blank\" rel=\"noreferrer noopener\">Partsgemensamt l\u00f6neprocessmaterial<\/a>\u00a0(inloggning kr\u00e4vs)<\/p>\n\n\n\n<p>Efter l\u00f6nerevision f\u00e5r l\u00e4gsta l\u00f6n inte understiga 24 650 kronor\/m\u00e5nad f\u00f6r en heltidsanst\u00e4lld. \u202fF\u00f6r heltidsanst\u00e4lld som fyllt 18 \u00e5r f\u00e5r l\u00e4gsta l\u00f6n inte understiga 80% ovanst\u00e5ende belopp.<\/p>\n\n\n\n<p>F\u00f6r ungdomar som inte fyllt 18 \u00e5r finns ingen fastst\u00e4lld minimil\u00f6n utan den s\u00e4tts av arbetsgivaren.<\/p>\n\n\n\n<p>\u00d6vriga till\u00e4gg justeras enligt nedan:<\/p>\n\n\n\n<figure class=\"wp-block-table\"><table><tbody><tr><td><\/td><td><strong>2024-06-01 <\/strong><br><strong>2025-05-31<\/strong><\/td><\/tr><tr><td>OB-ers\u00e4ttning<\/td><td>62 kr<\/td><\/tr><\/tbody><\/table><\/figure>\n\n\n\n<p><\/p>\n\n\n\n<figure class=\"wp-block-table\"><table><tbody><tr><td><\/td><td><strong>2024-04-01<\/strong><\/td><\/tr><tr><td>Semesterl\u00f6negaranti f\u00f6r<br>arbetstagare som fyllt 20 \u00e5r<\/td><td>1 495 kr<\/td><\/tr><\/tbody><\/table><\/figure>\n\n\n\n<h3 class=\"wp-block-heading\"><strong>Travskolorna<\/strong><\/h3>\n\n\n\n<p>Utg\u00e5ende l\u00f6ner h\u00f6js den 1 juni 2024 med 973 kr per m\u00e5nad, f\u00f6r den som \u00e4r heltidsanst\u00e4lld den 31 maj 2024. F\u00f6r deltidsanst\u00e4llda proportioneras beloppen i f\u00f6rh\u00e5llande till syssels\u00e4ttningsgraden.<\/p>\n\n\n\n<p>Tariffl\u00f6ner h\u00f6js enligt f\u00f6ljande f\u00f6r heltidsanst\u00e4llda:<\/p>\n\n\n\n<figure class=\"wp-block-table\"><table><tbody><tr><td><\/td><td><strong>2024-06-01 <\/strong><br><strong>2025-05-31<\/strong><\/td><\/tr><tr><td>a) H\u00e4stsk\u00f6tare som fyllt 16 \u00e5r<\/td><td>19 232 kr<\/td><\/tr><tr><td>b) H\u00e4stsk\u00f6tare som fyllt 17 \u00e5r<\/td><td>20 501 kr<\/td><\/tr><tr><td>c) H\u00e4stsk\u00f6tare som fyllt 18 \u00e5r<\/td><td>25 597 kr<\/td><\/tr><tr><td>d) H\u00e4stsk\u00f6tare med 3 \u00e5rs yrkesvana<\/td><td>27 814 kr<\/td><\/tr><tr><td>e) H\u00e4stsk\u00f6tare med 5 \u00e5rs yrkesvana<\/td><td>28 315 kr<\/td><\/tr><tr><td>f) \u00d6vrig personal<\/td><td>26 658 kr<\/td><\/tr><\/tbody><\/table><\/figure>\n\n\n\n<p>F\u00f6r deltidsanst\u00e4llda proportioneras beloppen i f\u00f6rh\u00e5llande till syssels\u00e4ttningsgraden.<\/p>\n\n\n\n<p>\u00d6vriga till\u00e4gg justeras enligt nedan:<\/p>\n\n\n\n<figure class=\"wp-block-table\"><table><tbody><tr><td><\/td><td><strong>2024-06-01<br>2025-05-31<\/strong><\/td><\/tr><tr><td>OB-ers\u00e4ttning<\/td><td>44 kr<\/td><\/tr><tr><td>Till\u00e4gg f\u00f6r arbetsledande funktion<\/td><td>1 155 kr<\/td><\/tr><tr><td>Instrukt\u00f6rstill\u00e4gg<\/td><td>15 kr<\/td><\/tr><tr><td>Instrukt\u00f6rstill\u00e4gg genomg\u00e5ngen TLU<\/td><td>17 kr<\/td><\/tr><\/tbody><\/table><\/figure>\n\n\n\n<p><\/p>\n\n\n\n<figure class=\"wp-block-table\"><table><tbody><tr><td><\/td><td><strong>2024-04-01<\/strong><\/td><\/tr><tr><td>Semesterl\u00f6negaranti  f\u00f6r arbetstagare<br>som fyllt 18 \u00e5r<\/td><td>1 494 kr<\/td><\/tr><\/tbody><\/table><\/figure>\n\n\n\n<h3 class=\"wp-block-heading\">Inloggning till Arbetsgivarguiden<\/h3>\n\n\n\n<p>N\u00e4r du loggar in i Arbetsgivarguiden fungerar det b\u00e4st med webbl\u00e4saren Chrome eller Edge. Om du inte har n\u00e5gon inloggning skapar du den sj\u00e4lv, klicka p\u00e5 l\u00e4nken under inloggningsrutorna. Du beh\u00f6ver ert organisationsnummer och medlemsnummer (finns p\u00e5 fakturan fr\u00e5n Svenskt N\u00e4ringsliv). Om du inte hittar medlemsnumret kan du mejla organisationsnumret till&nbsp;<a href=\"mailto:medlem@almega.se?subject=Hj\u00e4lp%20med%20medlemsnumret\">medlem@almega.se<\/a>&nbsp;s\u00e5 hj\u00e4lper vi dig.<\/p>\n","protected":false},"excerpt":{"rendered":"<p>L\u00f6nerevision 1 juni 2024, Banarbetare En pott bildas f\u00f6r individuell f\u00f6rdelning, om 1 021 kr f\u00f6r den som \u00e4r heltidsanst\u00e4lld den 31 maj 2024. \u202fF\u00f6r den som \u00e4r deltidsanst\u00e4lld proportioneras beloppet med anst\u00e4llningens omfattning. En &hellip;<\/p>\n","protected":false},"author":14836,"featured_media":0,"comment_status":"closed","ping_status":"closed","sticky":false,"template":"","format":"standard","meta":{"_acf_changed":false,"footnotes":""},"categories":[689],"tags":[],"article_type":[313],"agreement":[107],"class_list":["post-73468","post","type-post","status-publish","format-standard","hentry","category-lon","type-arbetsgivarnytt","agreement-4cce80f7-ff07-de11-b4e1-02bf9e69ca65"],"acf":[],"yoast_head":"<!-- This site is optimized with the Yoast SEO Premium plugin v26.8 (Yoast SEO v26.8) - https:\/\/yoast.com\/product\/yoast-seo-premium-wordpress\/ -->\n<title>\u00c5rets l\u00f6nerevision Travbanor och Travskolor, Almega Tj\u00e4nstef\u00f6retagen | Almega<\/title>\n<meta name=\"robots\" content=\"index, follow, max-snippet:-1, max-image-preview:large, max-video-preview:-1\" \/>\n<link rel=\"canonical\" href=\"https:\/\/www.almega.se\/2024\/05\/arets-lonerevision-travbanor-och-travskolor-almega-tjansteforetagen\/\" \/>\n<meta property=\"og:locale\" content=\"sv_SE\" \/>\n<meta property=\"og:type\" content=\"article\" \/>\n<meta property=\"og:title\" content=\"\u00c5rets l\u00f6nerevision Travbanor och Travskolor, Almega Tj\u00e4nstef\u00f6retagen\" \/>\n<meta property=\"og:description\" content=\"L\u00f6nerevision 1 juni 2024, Banarbetare En pott bildas f\u00f6r individuell f\u00f6rdelning, om 1 021 kr f\u00f6r den som \u00e4r heltidsanst\u00e4lld den 31 maj 2024. \u202fF\u00f6r den som \u00e4r deltidsanst\u00e4lld proportioneras beloppet med anst\u00e4llningens omfattning. En &hellip;\" \/>\n<meta property=\"og:url\" content=\"https:\/\/www.almega.se\/2024\/05\/arets-lonerevision-travbanor-och-travskolor-almega-tjansteforetagen\/\" \/>\n<meta property=\"og:site_name\" content=\"Almega\" \/>\n<meta property=\"article:published_time\" content=\"2024-05-03T11:51:13+00:00\" \/>\n<meta property=\"article:modified_time\" content=\"2024-05-03T11:51:14+00:00\" \/>\n<meta property=\"og:image\" content=\"https:\/\/www.almega.se\/app\/uploads\/2020\/12\/almega-share-logo.png\" \/>\n\t<meta property=\"og:image:width\" content=\"1200\" \/>\n\t<meta property=\"og:image:height\" content=\"630\" \/>\n\t<meta property=\"og:image:type\" content=\"image\/png\" \/>\n<meta name=\"author\" content=\"Eva Pettersson\" \/>\n<meta name=\"twitter:card\" content=\"summary_large_image\" \/>\n<meta name=\"twitter:label1\" content=\"Skriven av\" \/>\n\t<meta name=\"twitter:data1\" content=\"Eva Pettersson\" \/>\n\t<meta name=\"twitter:label2\" content=\"Ber\u00e4knad l\u00e4stid\" \/>\n\t<meta name=\"twitter:data2\" content=\"2 minuter\" \/>\n<!-- \/ Yoast SEO Premium plugin. -->","yoast_head_json":{"title":"\u00c5rets l\u00f6nerevision Travbanor och Travskolor, Almega Tj\u00e4nstef\u00f6retagen | Almega","robots":{"index":"index","follow":"follow","max-snippet":"max-snippet:-1","max-image-preview":"max-image-preview:large","max-video-preview":"max-video-preview:-1"},"canonical":"https:\/\/www.almega.se\/2024\/05\/arets-lonerevision-travbanor-och-travskolor-almega-tjansteforetagen\/","og_locale":"sv_SE","og_type":"article","og_title":"\u00c5rets l\u00f6nerevision Travbanor och Travskolor, Almega Tj\u00e4nstef\u00f6retagen","og_description":"L\u00f6nerevision 1 juni 2024, Banarbetare En pott bildas f\u00f6r individuell f\u00f6rdelning, om 1 021 kr f\u00f6r den som \u00e4r heltidsanst\u00e4lld den 31 maj 2024. \u202fF\u00f6r den som \u00e4r deltidsanst\u00e4lld proportioneras beloppet med anst\u00e4llningens omfattning. En &hellip;","og_url":"https:\/\/www.almega.se\/2024\/05\/arets-lonerevision-travbanor-och-travskolor-almega-tjansteforetagen\/","og_site_name":"Almega","article_published_time":"2024-05-03T11:51:13+00:00","article_modified_time":"2024-05-03T11:51:14+00:00","og_image":[{"width":1200,"height":630,"url":"https:\/\/www.almega.se\/app\/uploads\/2020\/12\/almega-share-logo.png","type":"image\/png"}],"author":"Eva Pettersson","twitter_card":"summary_large_image","twitter_misc":{"Skriven av":"Eva Pettersson","Ber\u00e4knad l\u00e4stid":"2 minuter"},"schema":{"@context":"https:\/\/schema.org","@graph":[{"@type":"NewsArticle","@id":"https:\/\/www.almega.se\/2024\/05\/arets-lonerevision-travbanor-och-travskolor-almega-tjansteforetagen\/#article","isPartOf":{"@id":"https:\/\/www.almega.se\/2024\/05\/arets-lonerevision-travbanor-och-travskolor-almega-tjansteforetagen\/"},"author":{"name":"Eva Pettersson","@id":"https:\/\/www.almega.se\/#\/schema\/person\/50d695bb8f918c77bd2be177892f84b1"},"headline":"\u00c5rets l\u00f6nerevision Travbanor och Travskolor, Almega Tj\u00e4nste&shy;f\u00f6retagen","datePublished":"2024-05-03T11:51:13+00:00","dateModified":"2024-05-03T11:51:14+00:00","mainEntityOfPage":{"@id":"https:\/\/www.almega.se\/2024\/05\/arets-lonerevision-travbanor-och-travskolor-almega-tjansteforetagen\/"},"wordCount":375,"articleSection":["L\u00f6n"],"inLanguage":"sv-SE"},{"@type":"WebPage","@id":"https:\/\/www.almega.se\/2024\/05\/arets-lonerevision-travbanor-och-travskolor-almega-tjansteforetagen\/","url":"https:\/\/www.almega.se\/2024\/05\/arets-lonerevision-travbanor-och-travskolor-almega-tjansteforetagen\/","name":"\u00c5rets l\u00f6nerevision Travbanor och Travskolor, Almega Tj\u00e4nstef\u00f6retagen | Almega","isPartOf":{"@id":"https:\/\/www.almega.se\/#website"},"datePublished":"2024-05-03T11:51:13+00:00","dateModified":"2024-05-03T11:51:14+00:00","author":{"@id":"https:\/\/www.almega.se\/#\/schema\/person\/50d695bb8f918c77bd2be177892f84b1"},"breadcrumb":{"@id":"https:\/\/www.almega.se\/2024\/05\/arets-lonerevision-travbanor-och-travskolor-almega-tjansteforetagen\/#breadcrumb"},"inLanguage":"sv-SE","potentialAction":[{"@type":"ReadAction","target":["https:\/\/www.almega.se\/2024\/05\/arets-lonerevision-travbanor-och-travskolor-almega-tjansteforetagen\/"]}]},{"@type":"BreadcrumbList","@id":"https:\/\/www.almega.se\/2024\/05\/arets-lonerevision-travbanor-och-travskolor-almega-tjansteforetagen\/#breadcrumb","itemListElement":[{"@type":"ListItem","position":1,"name":"Home","item":"https:\/\/www.almega.se\/"},{"@type":"ListItem","position":2,"name":"\u00c5rets l\u00f6nerevision Travbanor och Travskolor, Almega Tj\u00e4nste&shy;f\u00f6retagen"}]},{"@type":"WebSite","@id":"https:\/\/www.almega.se\/#website","url":"https:\/\/www.almega.se\/","name":"Almega","description":"","potentialAction":[{"@type":"SearchAction","target":{"@type":"EntryPoint","urlTemplate":"https:\/\/www.almega.se\/?s={search_term_string}"},"query-input":{"@type":"PropertyValueSpecification","valueRequired":true,"valueName":"search_term_string"}}],"inLanguage":"sv-SE"},{"@type":"Person","@id":"https:\/\/www.almega.se\/#\/schema\/person\/50d695bb8f918c77bd2be177892f84b1","name":"Eva Pettersson","image":{"@type":"ImageObject","inLanguage":"sv-SE","@id":"https:\/\/www.almega.se\/#\/schema\/person\/image\/","url":"https:\/\/secure.gravatar.com\/avatar\/c4811d04bd37924073d3b0ce1984d0651f0f37902ffb665f3ca439bb5b3e306f?s=96&d=mm&r=g","contentUrl":"https:\/\/secure.gravatar.com\/avatar\/c4811d04bd37924073d3b0ce1984d0651f0f37902ffb665f3ca439bb5b3e306f?s=96&d=mm&r=g","caption":"Eva Pettersson"},"url":"https:\/\/www.almega.se\/person\/evapettersson-2\/"}]}},"_links":{"self":[{"href":"https:\/\/www.almega.se\/api\/wp\/v2\/posts\/73468","targetHints":{"allow":["GET"]}}],"collection":[{"href":"https:\/\/www.almega.se\/api\/wp\/v2\/posts"}],"about":[{"href":"https:\/\/www.almega.se\/api\/wp\/v2\/types\/post"}],"author":[{"embeddable":true,"href":"https:\/\/www.almega.se\/api\/wp\/v2\/users\/14836"}],"replies":[{"embeddable":true,"href":"https:\/\/www.almega.se\/api\/wp\/v2\/comments?post=73468"}],"version-history":[{"count":15,"href":"https:\/\/www.almega.se\/api\/wp\/v2\/posts\/73468\/revisions"}],"predecessor-version":[{"id":73483,"href":"https:\/\/www.almega.se\/api\/wp\/v2\/posts\/73468\/revisions\/73483"}],"wp:attachment":[{"href":"https:\/\/www.almega.se\/api\/wp\/v2\/media?parent=73468"}],"wp:term":[{"taxonomy":"category","embeddable":true,"href":"https:\/\/www.almega.se\/api\/wp\/v2\/categories?post=73468"},{"taxonomy":"post_tag","embeddable":true,"href":"https:\/\/www.almega.se\/api\/wp\/v2\/tags?post=73468"},{"taxonomy":"type","embeddable":true,"href":"https:\/\/www.almega.se\/api\/wp\/v2\/article_type?post=73468"},{"taxonomy":"agreement","embeddable":true,"href":"https:\/\/www.almega.se\/api\/wp\/v2\/agreement?post=73468"}],"curies":[{"name":"wp","href":"https:\/\/api.w.org\/{rel}","templated":true}]}}