{"id":7343,"date":"2013-04-22T10:00:00","date_gmt":"2013-04-22T08:00:00","guid":{"rendered":"http:\/\/almega-bento\/wp\/blog\/2013\/04\/22\/nytt-treavtal-traffat-med-fastighetsanstalldas-forbund\/"},"modified":"2013-04-22T10:00:00","modified_gmt":"2013-04-22T08:00:00","slug":"nytt-treavtal-traffat-med-fastighetsanstalldas-forbund","status":"publish","type":"post","link":"https:\/\/www.almega.se\/2013\/04\/nytt-treavtal-traffat-med-fastighetsanstalldas-forbund\/","title":{"rendered":"Nytt treavtal tr\u00e4ffat med Fastighetsanst\u00e4lldas F\u00f6rbund"},"content":{"rendered":"\n<p class=\"intro\">Almega Fastighetsarbetsgivarna och Fastighetsanst\u00e4lldas F\u00f6rbund (Fastighets) tr\u00e4ffade fredagen den 19 april 2013 en uppg\u00f6relse om l\u00f6ner och allm\u00e4nna anst\u00e4llningsvillkor f\u00f6r tiden fr\u00e5n och med den 1 april 2013 till och med den 31 mars 2016. Parterna har r\u00e4tt att senast den 30 september 2014 s\u00e4ga upp det sista avtals\u00e5ret (2015-04-01&#8211;2016-03-31). Avtalet \u00e4r i niv\u00e5 med andra hittills tr\u00e4ffade avtal p\u00e5 arbetsmarknaden.<\/p>\n<p><strong>L&Ouml;NER<\/strong><\/p>\n<p><strong>L&ouml;ne&ouml;kningar under avtals&aring;ren 2013-04-01 &ndash; 2016-03-31.<\/strong><br \/>  <em>&Aring;r 1<\/em><br \/>  Utg&aring;ende m&aring;nadsl&ouml;ner &ouml;kas fr o m 2013-04-01 med 265: -\/m&aring;nad f&ouml;r heltidsanst&auml;llda fyllda 20 &aring;r.<\/p>\n<p>D&auml;rut&ouml;ver bildas per 2013-04-01 en gemensam l&ouml;nepott f&ouml;r individuell f&ouml;rdelning p&aring; 265: -\/m&aring;nad per heltidsanst&auml;lld arbetstagare.<\/p>\n<p>  <em>&Aring;r 2<\/em><br \/>  Utg&aring;ende m&aring;nadsl&ouml;ner &ouml;kas fr o m 2014-04-01 med 280: -\/m&aring;nad f&ouml;r heltidsanst&auml;llda fyllda 20 &aring;r.<\/p>\n<p>D&auml;rut&ouml;ver bildas per 2014-04-01 en gemensam l&ouml;nepott f&ouml;r individuell f&ouml;rdelning p&aring; 280: -\/m&aring;nad per heltidsanst&auml;lld arbetstagare.<\/p>\n<p><em>&Aring;r 3<\/em><br \/>  Utg&aring;ende m&aring;nadsl&ouml;ner &ouml;kas fr o m 2015-04-01 med 300: -\/m&aring;nad f&ouml;r heltidsanst&auml;llda fyllda 20 &aring;r.<\/p>\n<p>D&auml;rut&ouml;ver bildas per 2015-04-01 en gemensam l&ouml;nepott f&ouml;r individuell f&ouml;rdelning p&aring; 310: -\/m&aring;nad per heltidsanst&auml;lld arbetstagare.<\/p>\n<p>F&ouml;r deltidsanst&auml;llda proportioneras beloppen f&ouml;r generellt p&aring;slag och en pott enligt ovan i f&ouml;rh&aring;llande till syssels&auml;ttningsgraden.<\/p>\n<p>Nya minimil&ouml;ner f&ouml;r heltidsanst&auml;llda fyllda 20 &aring;r:<\/p>\n<p>2013-04-01&nbsp;&nbsp;&nbsp;&nbsp;&nbsp;&nbsp;&nbsp;&nbsp;&nbsp;&nbsp;&nbsp;&nbsp;&nbsp;&nbsp;&nbsp;&nbsp;&nbsp;&nbsp;&nbsp;&nbsp;&nbsp;&nbsp;&nbsp;&nbsp; 19 915 kr<\/p>\n<p>2014-04-01&nbsp;&nbsp;&nbsp;&nbsp;&nbsp;&nbsp;&nbsp;&nbsp;&nbsp;&nbsp;&nbsp;&nbsp;&nbsp;&nbsp;&nbsp;&nbsp;&nbsp;&nbsp;&nbsp;&nbsp;&nbsp;&nbsp;&nbsp;&nbsp; 20&nbsp;475 kr<\/p>\n<p>2015-04-01&nbsp;&nbsp;&nbsp;&nbsp;&nbsp;&nbsp;&nbsp;&nbsp;&nbsp;&nbsp;&nbsp;&nbsp;&nbsp;&nbsp;&nbsp;&nbsp;&nbsp;&nbsp;&nbsp;&nbsp;&nbsp;&nbsp;&nbsp;&nbsp; 21&nbsp;085 kr<\/p>\n<p>Minimil&ouml;ner f&ouml;r arbetstagare<\/p>\n<p>fyllda 19 &aring;r &nbsp;&nbsp;&nbsp;&nbsp;&nbsp;&nbsp;&nbsp;&nbsp;&nbsp;&nbsp;&nbsp;&nbsp;&nbsp;&nbsp;&nbsp;&nbsp;&nbsp;&nbsp;&nbsp;&nbsp;&nbsp;&nbsp;&nbsp; 80 %<\/p>\n<p>fyllda 18 &aring;r &nbsp;&nbsp;&nbsp;&nbsp;&nbsp;&nbsp;&nbsp;&nbsp;&nbsp;&nbsp;&nbsp;&nbsp;&nbsp;&nbsp;&nbsp;&nbsp;&nbsp;&nbsp;&nbsp;&nbsp;&nbsp;&nbsp;&nbsp; 75 %<\/p>\n<p>fyllda 17 &aring;r&nbsp;&nbsp;&nbsp;&nbsp;&nbsp;&nbsp;&nbsp;&nbsp;&nbsp;&nbsp;&nbsp;&nbsp;&nbsp;&nbsp;&nbsp;&nbsp;&nbsp;&nbsp;&nbsp;&nbsp;&nbsp;&nbsp;&nbsp;&nbsp; 55 %<\/p>\n<p>fyllda 16 &aring;r &nbsp;&nbsp;&nbsp;&nbsp;&nbsp;&nbsp;&nbsp;&nbsp;&nbsp;&nbsp;&nbsp;&nbsp;&nbsp;&nbsp;&nbsp;&nbsp;&nbsp;&nbsp;&nbsp;&nbsp;&nbsp;&nbsp;&nbsp; 50 %<\/p>\n<p>Ers&auml;ttning f&ouml;r obekv&auml;m arbetstid h&ouml;js med 2,1, 2,2 och 2,5 % under avtalsperioden.<\/p>\n<p>Ers&auml;ttning f&ouml;r beredskap h&ouml;js inte under det f&ouml;rsta avtals&aring;ret. Under &aring;r tv&aring; och tre h&ouml;js ers&auml;ttning f&ouml;r beredskap med 2,2 respektive 2,5 %. Fr&aring;n och med 2013-04-01 inf&ouml;rs en tredje ers&auml;ttningsniv&aring; avseende beredskap under storhelger. Som storhelg anses jul, ny&aring;r, p&aring;sk, pingst och midsommar.<br \/>  &nbsp;<\/p>\n<p><strong>Regler f&ouml;r l&ouml;neutl&auml;ggningen<\/strong><br \/>  Arbetsgivare, som &ouml;nskar f&ouml;rdela potten individuellt enligt ovan skall iaktta f&ouml;ljande regler (&sect; 13 kollektivavtalet):<\/p>\n<ol>\n<li>L&ouml;nef&ouml;rslag vid l&ouml;nerevisionen ska i enlighet med reglerna i &sect; 13 &ouml;verl&auml;mnas till lokal facklig organisation. Arbetsgivare som under tidigare avtalsperioder fastst&auml;llt l&ouml;nekriterier beh&ouml;ver endast &ouml;verl&auml;mna dessa till lokal facklig organisation om f&ouml;retaget &ouml;nskar f&ouml;r&auml;ndra dessa.<\/li>\n<li>Arbetsgivare som &ouml;nskar f&ouml;r&auml;ndra tidigare fastst&auml;llda l&ouml;nekriterier eller som tidigare inte fastst&auml;llt l&ouml;nekriterier ska till&auml;mpa reglerna om l&ouml;nebildning i &sect; 13 vid l&ouml;nerevisionen. L&ouml;nekriterierna ska d&auml;rvid g&ouml;ras k&auml;nda f&ouml;r lokal facklig organisation och ber&ouml;rda arbetstagare. Sedan l&ouml;nekriterier fastst&auml;llts ska f&ouml;rslag till individuell f&ouml;rdelning av l&ouml;nepotten tillst&auml;llas antingen lokal facklig organisation.<\/li>\n<li>Som l&ouml;nef&ouml;rdelningsomr&aring;de r&auml;knas en funktionellt eller organisatoriskt begr&auml;nsad del av f&ouml;retaget. F&ouml;r det fall f&ouml;retaget finner sk&auml;l f&ouml;r att till&auml;mpa hela landet som l&ouml;nef&ouml;rdelningsomr&aring;de ska s&auml;rskild &ouml;verenskommelse tr&auml;ffas med den fackliga organisationen.<\/li>\n<\/ol>\n<p>Arbetsgivare som v&auml;ljer att inte f&ouml;rdela l&ouml;nepotten individuellt l&auml;gger ut &auml;ven detta belopp som generellt p&aring;slag.<br \/>  &nbsp;<\/p>\n<p><strong>L&ouml;neavtalets omfattning<\/strong><br \/>  L&ouml;neavtalet omfattar arbetstagare som b&ouml;rjat sin anst&auml;llning vid f&ouml;retaget senast den 31 mars respektive &aring;r.<\/p>\n<p>Avtalets regler om l&ouml;nepott omfattar inte arbetstagare som<\/p>\n<ul>\n<li>&auml;r anst&auml;lld f&ouml;r vikariat eller som praktikant eller i &ouml;vrigt f&ouml;r viss tid, viss s&auml;song, visst arbete eller f&ouml;r &ouml;verenskommenvisstid och vars anst&auml;llning ej har varat fortl&ouml;pande under sex m&aring;nader.<\/li>\n<li>kvarst&aring;r i tj&auml;nst vid f&ouml;retaget efter det han har uppn&aring;tt 67 &aring;rs &aring;lder eller har anst&auml;llts vid f&ouml;retaget efter det han uppn&aring;tt den pensions&aring;lder som till&auml;mpas vid f&ouml;retaget.<\/li>\n<li>&auml;r tj&auml;nstledig den 1 april respektive &aring;r f&ouml;r minst tre m&aring;nader fram&aring;t i tiden av annat sk&auml;l &auml;n sjukdom, f&ouml;r&auml;ldraledighet eller f&ouml;rtroendeuppdrag. N&auml;r arbetstagaren &aring;terg&aring;r i arbete ska l&ouml;nen best&auml;mmas efter samma normer som g&auml;llt f&ouml;r &ouml;vriga anst&auml;llda enligt l&ouml;neavtalet.<\/li>\n<\/ul>\n<p>Om f&ouml;retaget i avvaktan p&aring; detta l&ouml;neavtal redan har utgett l&ouml;neh&ouml;jningar skall dessa avr&auml;knas mot vad arbetstagaren erh&aring;ller vid till&auml;mpningen av l&ouml;neavtalet s&aring;vida inte lokal &ouml;verenskommelse om annat har tr&auml;ffats. Det &auml;r av stor vikt att arbetsgivaren &auml;r tydlig i detta avseende gentemot arbetstagaren.<\/p>\n<p>&nbsp;<\/p>\n<p><strong>&Auml;NDRINGAR I DE ALLM&Auml;NNA ANST&Auml;LLNINGSVILLKOREN<\/strong><\/p>\n<p><strong>Arbetstid<\/strong><br \/>  En f&ouml;rskjutning av arbetstiden utanf&ouml;r tidsramen 7-17 kan ske efter individuell &ouml;verenskommelse vid arbetsperioder upp till &aring;tta veckor (tidigare fyra).<\/p>\n<p><strong>Anst&auml;llning<\/strong><br \/>  M&ouml;jlighet att ing&aring; &ouml;verenskomna visstidsanst&auml;llningar utan fackligt godk&auml;nnande upp till 18 m&aring;nader (tidigare 12). Om arbetsgivaren vill f&ouml;rl&auml;nga en &ouml;verenskommen visstidsanst&auml;llning efter 18 m&aring;nader kan facket godk&auml;nna detta i ytterligare sex m&aring;nader. Om en anst&auml;llning p&aring;g&aring;r l&auml;ngre &auml;n 24 m&aring;nader s&aring; &ouml;verg&aring;r denna till en tillsvidareanst&auml;llning.<\/p>\n<p>Skyldigheten att underr&auml;tta facket om alla tidsbegr&auml;nsade anst&auml;llningar l&auml;ngre &auml;n tre m&aring;nader samt provanst&auml;llningar f&ouml;rsvinner. Ist&auml;llet ska arbetsgivaren endast p&aring; skriftlig beg&auml;ran fr&aring;n facket l&auml;mna uppgift om nyanst&auml;llningar p&aring; f&ouml;retaget.<\/p>\n<p>  <strong>Kontroll- och bevakningssystem<\/strong><br \/>  Beslut om inf&ouml;rande av kontroll- eller bevakningssystem ska f&ouml;reg&aring;s av en MBL-f&ouml;rhandling. Vid f&ouml;rhandlingen ska arbetsgivaren redovisa syftet med inf&ouml;randet, vilka personer eller befattningar som f&aring;r tillg&aring;ng till uppgifterna samt hur dessa ska sparas.<\/p>\n<p><strong>Mindre arbeten<\/strong><br \/>  P&aring; f&ouml;retag d&auml;r den totala arbetsvolymen inte &ouml;verstiger 15 timmar per vecka kan arbetsgivaren tr&auml;ffa avtal med facket om undantag fr&aring;n reglerna om arbetstid och ob-ers&auml;ttning.<\/p>\n<p><strong>Handledartill&auml;gg<\/strong><br \/>  Arbetstagare med handledaransvar f&ouml;r elever fr&aring;n gymnasieskolans yrkesprogram, yrkesh&ouml;gskolan eller annan av parterna godk&auml;nd utbildning erh&aring;ller ett s&auml;rskilt handledartill&auml;gg om l&auml;gst 50 kr per dag.<\/p>\n<p><strong>F&ouml;rs&auml;kring om kompletterande f&ouml;r&auml;ldrapenning<\/strong><br \/>  Parterna har antagit &ouml;verenskommelsen mellan Svenskt N&auml;ringsliv och LO om inf&ouml;rande av en f&ouml;rs&auml;kring om kompletterande f&ouml;r&auml;ldrapenning. Samma dag som den tr&auml;der i kraft, prelimin&auml;rt den 1 januari 2014, upph&ouml;r avtalets regler om f&ouml;r&auml;ldral&ouml;n att g&auml;lla, &sect; 16.10.<br \/>  &nbsp;<\/p>\n<p><strong>NYTT AVTALSTRYCK<\/strong><br \/>  Kollektivavtal f&ouml;r fastighetsarbete nr 9, kommer att nytryckas och uts&auml;ndas s&aring; snart som m&ouml;jligt under v&aring;ren\/sommaren 2013.<\/p>\n<\/p>\n","protected":false},"excerpt":{"rendered":"<p>Almega Fastighetsarbetsgivarna och Fastighetsanst\u00e4lldas F\u00f6rbund (Fastighets) tr\u00e4ffade fredagen den 19 april 2013 en uppg\u00f6relse om l\u00f6ner och allm\u00e4nna anst\u00e4llningsvillkor f\u00f6r tiden fr\u00e5n och med den 1 april 2013 till och med den 31 mars 2016. Parterna har r\u00e4tt att senast den 30 september 2014 s\u00e4ga upp det sista avtals\u00e5ret (2015-04-01&#8211;2016-03-31). Avtalet \u00e4r i niv\u00e5 med andra hittills tr\u00e4ffade avtal p\u00e5 arbetsmarknaden.<\/p>\n","protected":false},"author":1,"featured_media":0,"comment_status":"closed","ping_status":"open","sticky":false,"template":"","format":"standard","meta":{"_acf_changed":false,"footnotes":""},"categories":[1],"tags":[],"article_type":[313],"agreement":[140],"class_list":["post-7343","post","type-post","status-publish","format-standard","hentry","category-okategoriserade","type-arbetsgivarnytt","agreement-6fce80f7-ff07-de11-b4e1-02bf9e69ca65"],"acf":[],"yoast_head":"<!-- This site is optimized with the Yoast SEO Premium plugin v26.8 (Yoast SEO v26.8) - https:\/\/yoast.com\/product\/yoast-seo-premium-wordpress\/ -->\n<title>Nytt treavtal tr\u00e4ffat med Fastighetsanst\u00e4lldas F\u00f6rbund | Almega<\/title>\n<meta name=\"robots\" content=\"index, follow, max-snippet:-1, max-image-preview:large, max-video-preview:-1\" \/>\n<link rel=\"canonical\" href=\"https:\/\/www.almega.se\/2013\/04\/nytt-treavtal-traffat-med-fastighetsanstalldas-forbund\/\" \/>\n<meta property=\"og:locale\" content=\"sv_SE\" \/>\n<meta property=\"og:type\" content=\"article\" \/>\n<meta property=\"og:title\" content=\"Nytt treavtal tr\u00e4ffat med Fastighetsanst\u00e4lldas F\u00f6rbund\" \/>\n<meta property=\"og:description\" content=\"Almega Fastighetsarbetsgivarna och Fastighetsanst\u00e4lldas F\u00f6rbund (Fastighets) tr\u00e4ffade fredagen den 19 april 2013 en uppg\u00f6relse om l\u00f6ner och allm\u00e4nna anst\u00e4llningsvillkor f\u00f6r tiden fr\u00e5n och med den 1 april 2013 till och med den 31 mars 2016. Parterna har r\u00e4tt att senast den 30 september 2014 s\u00e4ga upp det sista avtals\u00e5ret (2015-04-01--2016-03-31). Avtalet \u00e4r i niv\u00e5 med andra hittills tr\u00e4ffade avtal p\u00e5 arbetsmarknaden.\" \/>\n<meta property=\"og:url\" content=\"https:\/\/www.almega.se\/2013\/04\/nytt-treavtal-traffat-med-fastighetsanstalldas-forbund\/\" \/>\n<meta property=\"og:site_name\" content=\"Almega\" \/>\n<meta property=\"article:published_time\" content=\"2013-04-22T08:00:00+00:00\" \/>\n<meta property=\"og:image\" content=\"https:\/\/www.almega.se\/app\/uploads\/2020\/12\/almega-share-logo.png\" \/>\n\t<meta property=\"og:image:width\" content=\"1200\" \/>\n\t<meta property=\"og:image:height\" content=\"630\" \/>\n\t<meta property=\"og:image:type\" content=\"image\/png\" \/>\n<meta name=\"author\" content=\"admin\" \/>\n<meta name=\"twitter:card\" content=\"summary_large_image\" \/>\n<meta name=\"twitter:label1\" content=\"Skriven av\" \/>\n\t<meta name=\"twitter:data1\" content=\"admin\" \/>\n\t<meta name=\"twitter:label2\" content=\"Ber\u00e4knad l\u00e4stid\" \/>\n\t<meta name=\"twitter:data2\" content=\"8 minuter\" \/>\n<!-- \/ Yoast SEO Premium plugin. -->","yoast_head_json":{"title":"Nytt treavtal tr\u00e4ffat med Fastighetsanst\u00e4lldas F\u00f6rbund | Almega","robots":{"index":"index","follow":"follow","max-snippet":"max-snippet:-1","max-image-preview":"max-image-preview:large","max-video-preview":"max-video-preview:-1"},"canonical":"https:\/\/www.almega.se\/2013\/04\/nytt-treavtal-traffat-med-fastighetsanstalldas-forbund\/","og_locale":"sv_SE","og_type":"article","og_title":"Nytt treavtal tr\u00e4ffat med Fastighetsanst\u00e4lldas F\u00f6rbund","og_description":"Almega Fastighetsarbetsgivarna och Fastighetsanst\u00e4lldas F\u00f6rbund (Fastighets) tr\u00e4ffade fredagen den 19 april 2013 en uppg\u00f6relse om l\u00f6ner och allm\u00e4nna anst\u00e4llningsvillkor f\u00f6r tiden fr\u00e5n och med den 1 april 2013 till och med den 31 mars 2016. Parterna har r\u00e4tt att senast den 30 september 2014 s\u00e4ga upp det sista avtals\u00e5ret (2015-04-01--2016-03-31). Avtalet \u00e4r i niv\u00e5 med andra hittills tr\u00e4ffade avtal p\u00e5 arbetsmarknaden.","og_url":"https:\/\/www.almega.se\/2013\/04\/nytt-treavtal-traffat-med-fastighetsanstalldas-forbund\/","og_site_name":"Almega","article_published_time":"2013-04-22T08:00:00+00:00","og_image":[{"width":1200,"height":630,"url":"https:\/\/www.almega.se\/app\/uploads\/2020\/12\/almega-share-logo.png","type":"image\/png"}],"author":"admin","twitter_card":"summary_large_image","twitter_misc":{"Skriven av":"admin","Ber\u00e4knad l\u00e4stid":"8 minuter"},"schema":{"@context":"https:\/\/schema.org","@graph":[{"@type":"NewsArticle","@id":"https:\/\/www.almega.se\/2013\/04\/nytt-treavtal-traffat-med-fastighetsanstalldas-forbund\/#article","isPartOf":{"@id":"https:\/\/www.almega.se\/2013\/04\/nytt-treavtal-traffat-med-fastighetsanstalldas-forbund\/"},"author":{"name":"admin","@id":"https:\/\/www.almega.se\/#\/schema\/person\/9c3674d192fb8b2d1d8b7a3f31c5151d"},"headline":"Nytt treavtal tr\u00e4ffat med Fastighetsanst\u00e4lldas F\u00f6rbund","datePublished":"2013-04-22T08:00:00+00:00","mainEntityOfPage":{"@id":"https:\/\/www.almega.se\/2013\/04\/nytt-treavtal-traffat-med-fastighetsanstalldas-forbund\/"},"wordCount":1583,"inLanguage":"sv-SE"},{"@type":"WebPage","@id":"https:\/\/www.almega.se\/2013\/04\/nytt-treavtal-traffat-med-fastighetsanstalldas-forbund\/","url":"https:\/\/www.almega.se\/2013\/04\/nytt-treavtal-traffat-med-fastighetsanstalldas-forbund\/","name":"Nytt treavtal tr\u00e4ffat med Fastighetsanst\u00e4lldas F\u00f6rbund | Almega","isPartOf":{"@id":"https:\/\/www.almega.se\/#website"},"datePublished":"2013-04-22T08:00:00+00:00","author":{"@id":"https:\/\/www.almega.se\/#\/schema\/person\/9c3674d192fb8b2d1d8b7a3f31c5151d"},"breadcrumb":{"@id":"https:\/\/www.almega.se\/2013\/04\/nytt-treavtal-traffat-med-fastighetsanstalldas-forbund\/#breadcrumb"},"inLanguage":"sv-SE","potentialAction":[{"@type":"ReadAction","target":["https:\/\/www.almega.se\/2013\/04\/nytt-treavtal-traffat-med-fastighetsanstalldas-forbund\/"]}]},{"@type":"BreadcrumbList","@id":"https:\/\/www.almega.se\/2013\/04\/nytt-treavtal-traffat-med-fastighetsanstalldas-forbund\/#breadcrumb","itemListElement":[{"@type":"ListItem","position":1,"name":"Home","item":"https:\/\/www.almega.se\/"},{"@type":"ListItem","position":2,"name":"Nytt treavtal tr\u00e4ffat med Fastighetsanst\u00e4lldas F\u00f6rbund"}]},{"@type":"WebSite","@id":"https:\/\/www.almega.se\/#website","url":"https:\/\/www.almega.se\/","name":"Almega","description":"","potentialAction":[{"@type":"SearchAction","target":{"@type":"EntryPoint","urlTemplate":"https:\/\/www.almega.se\/?s={search_term_string}"},"query-input":{"@type":"PropertyValueSpecification","valueRequired":true,"valueName":"search_term_string"}}],"inLanguage":"sv-SE"},{"@type":"Person","@id":"https:\/\/www.almega.se\/#\/schema\/person\/9c3674d192fb8b2d1d8b7a3f31c5151d","name":"admin","image":{"@type":"ImageObject","inLanguage":"sv-SE","@id":"https:\/\/www.almega.se\/#\/schema\/person\/image\/","url":"https:\/\/secure.gravatar.com\/avatar\/13aac7e7a7582f599e3ba7706cec051e12eac4ad6c2ffe6f9d24800e63294187?s=96&d=mm&r=g","contentUrl":"https:\/\/secure.gravatar.com\/avatar\/13aac7e7a7582f599e3ba7706cec051e12eac4ad6c2ffe6f9d24800e63294187?s=96&d=mm&r=g","caption":"admin"},"url":"https:\/\/www.almega.se\/person\/admin\/"}]}},"_links":{"self":[{"href":"https:\/\/www.almega.se\/api\/wp\/v2\/posts\/7343","targetHints":{"allow":["GET"]}}],"collection":[{"href":"https:\/\/www.almega.se\/api\/wp\/v2\/posts"}],"about":[{"href":"https:\/\/www.almega.se\/api\/wp\/v2\/types\/post"}],"author":[{"embeddable":true,"href":"https:\/\/www.almega.se\/api\/wp\/v2\/users\/1"}],"replies":[{"embeddable":true,"href":"https:\/\/www.almega.se\/api\/wp\/v2\/comments?post=7343"}],"version-history":[{"count":1,"href":"https:\/\/www.almega.se\/api\/wp\/v2\/posts\/7343\/revisions"}],"predecessor-version":[{"id":58777,"href":"https:\/\/www.almega.se\/api\/wp\/v2\/posts\/7343\/revisions\/58777"}],"wp:attachment":[{"href":"https:\/\/www.almega.se\/api\/wp\/v2\/media?parent=7343"}],"wp:term":[{"taxonomy":"category","embeddable":true,"href":"https:\/\/www.almega.se\/api\/wp\/v2\/categories?post=7343"},{"taxonomy":"post_tag","embeddable":true,"href":"https:\/\/www.almega.se\/api\/wp\/v2\/tags?post=7343"},{"taxonomy":"type","embeddable":true,"href":"https:\/\/www.almega.se\/api\/wp\/v2\/article_type?post=7343"},{"taxonomy":"agreement","embeddable":true,"href":"https:\/\/www.almega.se\/api\/wp\/v2\/agreement?post=7343"}],"curies":[{"name":"wp","href":"https:\/\/api.w.org\/{rel}","templated":true}]}}