{"id":73404,"date":"2024-05-03T06:00:00","date_gmt":"2024-05-03T04:00:00","guid":{"rendered":"https:\/\/www.almega.se\/?p=73404"},"modified":"2024-05-02T16:57:37","modified_gmt":"2024-05-02T14:57:37","slug":"almega-i-altinget-dags-att-lyfta-blicken-kd","status":"publish","type":"post","link":"https:\/\/www.almega.se\/2024\/05\/almega-i-altinget-dags-att-lyfta-blicken-kd\/","title":{"rendered":"Almega i Altinget: Dags att lyfta blicken, KD!"},"content":{"rendered":"<p class=\"intro\">I helgen samlas hundratals kristdemokrater f\u00f6r att utbyta id\u00e9er, knyta kontakter och f\u00f6rbereda sig f\u00f6r slutspurten av EU-valr\u00f6relsen. Och s\u00e5klart f\u00f6r att fira partiets 60 \u00e5rs-jubileum. S\u00e5 mycket mer har Kristdemokraterna dessv\u00e4rre inte att fira under de traditionsenliga KD-dagarna. Det skriver\u00a0Fredrik \u00d6stbom, n\u00e4ringspolitisk chef, och\u00a0Ulrica Dyrke, jurist och n\u00e4ringspolitisk expert, Almega.<\/p>\n\n<p>Oavsett turerna kring partiets kandidatlista till Europaparlamentet och st\u00e4ndiga opinionssiffror under riksdagssp\u00e4rren, kvarst\u00e5r faktum: Kristdemokraterna styr en m\u00e4ngd viktiga departement. De ansvarar f\u00f6r Sveriges energif\u00f6rs\u00f6rjning och utbyggnaden av k\u00e4rnkraften. De ansvarar f\u00f6r offentlig upphandling och konkurrenslagstiftning samt har stort inflytande \u00f6ver den nya politiken f\u00f6r v\u00e4lf\u00e4rdsf\u00f6retagen. Det \u00e4r ocks\u00e5 Kristdemokraterna som ska styra upp bostadsbyggandet och den svenska infrastrukturen. Och inte nog med det, de ska avveckla 25 ok\u00e4nda myndigheter och minska regelb\u00f6rdan f\u00f6r Sveriges f\u00f6retagare. Det \u00e4r med andra ord inga sm\u00e5 uppgifter som partiet har \u00e5tagit sig att hantera. <\/p>\n\n\n\n<blockquote class=\"wp-block-quote is-layout-flow wp-block-quote-is-layout-flow\">\n<p>Och en sak \u00e4r s\u00e4ker. Sveriges f\u00f6retagare f\u00f6rv\u00e4ntar sig leverans.\u00a0F\u00f6r att bidra med lite inspiration till hur de kristdemokratiska statsr\u00e5den p\u00e5 klimat- och n\u00e4ringslivs-, finans- och socialdepartementet kan \u00f6ka reformtakten bjuder vi p\u00e5 Almega d\u00e4rf\u00f6r p\u00e5 tre konkreta tips:<\/p>\n<\/blockquote>\n\n\n\n      <a href=\"https:\/\/www.altinget.se\/artikel\/almega-dags-att-lyfta-blicken-kd\" target=\"\" class=\"Button is-button is-fullwidth is-style-fill has-secondary-background-color has-secondary-border-color Button--external-link\">\n      \n        L\u00e4s hela debattartikeln p\u00e5 Altinget.se\n      \n      \n                <svg class='icon icon--external-link'  width=\"16\" height=\"16\" viewBox=\"0 0 16 16\" fill=\"none\" xmlns=\"http:\/\/www.w3.org\/2000\/svg\">\n<path d=\"M9 1H15V7\" stroke=\"black\" stroke-width=\"2\" stroke-miterlimit=\"10\"\/>\n<path d=\"M5 2H1V15H14V11\" stroke=\"black\" stroke-width=\"2\" stroke-miterlimit=\"10\"\/>\n<path d=\"M15 1L6 10\" stroke=\"black\" stroke-width=\"2\" stroke-miterlimit=\"10\"\/>\n<\/svg>\n\n        \n    <\/a>\n  \n","protected":false},"excerpt":{"rendered":"<p>Oavsett turerna kring partiets kandidatlista till Europaparlamentet och st\u00e4ndiga opinionssiffror under riksdagssp\u00e4rren, kvarst\u00e5r faktum: Kristdemokraterna styr en m\u00e4ngd viktiga departement. De ansvarar f\u00f6r Sveriges energif\u00f6rs\u00f6rjning och utbyggnaden av k\u00e4rnkraften. De ansvarar f\u00f6r offentlig upphandling och &hellip;<\/p>\n","protected":false},"author":16543,"featured_media":73407,"comment_status":"closed","ping_status":"closed","sticky":false,"template":"","format":"standard","meta":{"_acf_changed":false,"footnotes":""},"categories":[1,581],"tags":[],"article_type":[49,56],"agreement":[],"class_list":["post-73404","post","type-post","status-publish","format-standard","has-post-thumbnail","hentry","category-okategoriserade","category-tjanstesektorns-betydelse","type-debattartiklar","type-nyheter"],"acf":[],"yoast_head":"<!-- This site is optimized with the Yoast SEO Premium plugin v26.8 (Yoast SEO v26.8) - https:\/\/yoast.com\/product\/yoast-seo-premium-wordpress\/ -->\n<title>Almega i Altinget: Dags att lyfta blicken, KD! | Almega<\/title>\n<meta name=\"robots\" content=\"index, follow, max-snippet:-1, max-image-preview:large, max-video-preview:-1\" \/>\n<link rel=\"canonical\" href=\"https:\/\/www.almega.se\/2024\/05\/almega-i-altinget-dags-att-lyfta-blicken-kd\/\" \/>\n<meta property=\"og:locale\" content=\"sv_SE\" \/>\n<meta property=\"og:type\" content=\"article\" \/>\n<meta property=\"og:title\" content=\"Almega i Altinget: Dags att lyfta blicken, KD!\" \/>\n<meta property=\"og:description\" content=\"Oavsett turerna kring partiets kandidatlista till Europaparlamentet och st\u00e4ndiga opinionssiffror under riksdagssp\u00e4rren, kvarst\u00e5r faktum: Kristdemokraterna styr en m\u00e4ngd viktiga departement. De ansvarar f\u00f6r Sveriges energif\u00f6rs\u00f6rjning och utbyggnaden av k\u00e4rnkraften. De ansvarar f\u00f6r offentlig upphandling och &hellip;\" \/>\n<meta property=\"og:url\" content=\"https:\/\/www.almega.se\/2024\/05\/almega-i-altinget-dags-att-lyfta-blicken-kd\/\" \/>\n<meta property=\"og:site_name\" content=\"Almega\" \/>\n<meta property=\"article:published_time\" content=\"2024-05-03T04:00:00+00:00\" \/>\n<meta property=\"og:image\" content=\"https:\/\/www.almega.se\/app\/uploads\/2024\/05\/hemsidan.png\" \/>\n\t<meta property=\"og:image:width\" content=\"940\" \/>\n\t<meta property=\"og:image:height\" content=\"788\" \/>\n\t<meta property=\"og:image:type\" content=\"image\/png\" \/>\n<meta name=\"author\" content=\"R\u00e9ka Tolnai\" \/>\n<meta name=\"twitter:card\" content=\"summary_large_image\" \/>\n<meta name=\"twitter:label1\" content=\"Skriven av\" \/>\n\t<meta name=\"twitter:data1\" content=\"R\u00e9ka Tolnai\" \/>\n\t<meta name=\"twitter:label2\" content=\"Ber\u00e4knad l\u00e4stid\" \/>\n\t<meta name=\"twitter:data2\" content=\"1 minut\" \/>\n<!-- \/ Yoast SEO Premium plugin. -->","yoast_head_json":{"title":"Almega i Altinget: Dags att lyfta blicken, KD! | Almega","robots":{"index":"index","follow":"follow","max-snippet":"max-snippet:-1","max-image-preview":"max-image-preview:large","max-video-preview":"max-video-preview:-1"},"canonical":"https:\/\/www.almega.se\/2024\/05\/almega-i-altinget-dags-att-lyfta-blicken-kd\/","og_locale":"sv_SE","og_type":"article","og_title":"Almega i Altinget: Dags att lyfta blicken, KD!","og_description":"Oavsett turerna kring partiets kandidatlista till Europaparlamentet och st\u00e4ndiga opinionssiffror under riksdagssp\u00e4rren, kvarst\u00e5r faktum: Kristdemokraterna styr en m\u00e4ngd viktiga departement. De ansvarar f\u00f6r Sveriges energif\u00f6rs\u00f6rjning och utbyggnaden av k\u00e4rnkraften. De ansvarar f\u00f6r offentlig upphandling och &hellip;","og_url":"https:\/\/www.almega.se\/2024\/05\/almega-i-altinget-dags-att-lyfta-blicken-kd\/","og_site_name":"Almega","article_published_time":"2024-05-03T04:00:00+00:00","og_image":[{"width":940,"height":788,"url":"https:\/\/www.almega.se\/app\/uploads\/2024\/05\/hemsidan.png","type":"image\/png"}],"author":"R\u00e9ka Tolnai","twitter_card":"summary_large_image","twitter_misc":{"Skriven av":"R\u00e9ka Tolnai","Ber\u00e4knad l\u00e4stid":"1 minut"},"schema":{"@context":"https:\/\/schema.org","@graph":[{"@type":"NewsArticle","@id":"https:\/\/www.almega.se\/2024\/05\/almega-i-altinget-dags-att-lyfta-blicken-kd\/#article","isPartOf":{"@id":"https:\/\/www.almega.se\/2024\/05\/almega-i-altinget-dags-att-lyfta-blicken-kd\/"},"author":{"name":"R\u00e9ka Tolnai","@id":"https:\/\/www.almega.se\/#\/schema\/person\/e54aa110880538cf5ceac0ac54bbecf7"},"headline":"Almega i Altinget: Dags att lyfta blicken, KD!","datePublished":"2024-05-03T04:00:00+00:00","mainEntityOfPage":{"@id":"https:\/\/www.almega.se\/2024\/05\/almega-i-altinget-dags-att-lyfta-blicken-kd\/"},"wordCount":164,"image":{"@id":"https:\/\/www.almega.se\/2024\/05\/almega-i-altinget-dags-att-lyfta-blicken-kd\/#primaryimage"},"thumbnailUrl":"https:\/\/www.almega.se\/app\/uploads\/2024\/05\/hemsidan.png","articleSection":{"1":"Tj\u00e4nstesektorns betydelse"},"inLanguage":"sv-SE"},{"@type":"WebPage","@id":"https:\/\/www.almega.se\/2024\/05\/almega-i-altinget-dags-att-lyfta-blicken-kd\/","url":"https:\/\/www.almega.se\/2024\/05\/almega-i-altinget-dags-att-lyfta-blicken-kd\/","name":"Almega i Altinget: Dags att lyfta blicken, KD! | Almega","isPartOf":{"@id":"https:\/\/www.almega.se\/#website"},"primaryImageOfPage":{"@id":"https:\/\/www.almega.se\/2024\/05\/almega-i-altinget-dags-att-lyfta-blicken-kd\/#primaryimage"},"image":{"@id":"https:\/\/www.almega.se\/2024\/05\/almega-i-altinget-dags-att-lyfta-blicken-kd\/#primaryimage"},"thumbnailUrl":"https:\/\/www.almega.se\/app\/uploads\/2024\/05\/hemsidan.png","datePublished":"2024-05-03T04:00:00+00:00","author":{"@id":"https:\/\/www.almega.se\/#\/schema\/person\/e54aa110880538cf5ceac0ac54bbecf7"},"breadcrumb":{"@id":"https:\/\/www.almega.se\/2024\/05\/almega-i-altinget-dags-att-lyfta-blicken-kd\/#breadcrumb"},"inLanguage":"sv-SE","potentialAction":[{"@type":"ReadAction","target":["https:\/\/www.almega.se\/2024\/05\/almega-i-altinget-dags-att-lyfta-blicken-kd\/"]}]},{"@type":"ImageObject","inLanguage":"sv-SE","@id":"https:\/\/www.almega.se\/2024\/05\/almega-i-altinget-dags-att-lyfta-blicken-kd\/#primaryimage","url":"https:\/\/www.almega.se\/app\/uploads\/2024\/05\/hemsidan.png","contentUrl":"https:\/\/www.almega.se\/app\/uploads\/2024\/05\/hemsidan.png","width":940,"height":788},{"@type":"BreadcrumbList","@id":"https:\/\/www.almega.se\/2024\/05\/almega-i-altinget-dags-att-lyfta-blicken-kd\/#breadcrumb","itemListElement":[{"@type":"ListItem","position":1,"name":"Home","item":"https:\/\/www.almega.se\/"},{"@type":"ListItem","position":2,"name":"Almega i Altinget: Dags att lyfta blicken, KD!"}]},{"@type":"WebSite","@id":"https:\/\/www.almega.se\/#website","url":"https:\/\/www.almega.se\/","name":"Almega","description":"","potentialAction":[{"@type":"SearchAction","target":{"@type":"EntryPoint","urlTemplate":"https:\/\/www.almega.se\/?s={search_term_string}"},"query-input":{"@type":"PropertyValueSpecification","valueRequired":true,"valueName":"search_term_string"}}],"inLanguage":"sv-SE"},{"@type":"Person","@id":"https:\/\/www.almega.se\/#\/schema\/person\/e54aa110880538cf5ceac0ac54bbecf7","name":"R\u00e9ka Tolnai","image":{"@type":"ImageObject","inLanguage":"sv-SE","@id":"https:\/\/www.almega.se\/#\/schema\/person\/image\/","url":"https:\/\/secure.gravatar.com\/avatar\/c722d4a4ee787603df9df499a683d681bd2c463bde248da25aabc45883d614d2?s=96&d=mm&r=g","contentUrl":"https:\/\/secure.gravatar.com\/avatar\/c722d4a4ee787603df9df499a683d681bd2c463bde248da25aabc45883d614d2?s=96&d=mm&r=g","caption":"R\u00e9ka Tolnai"},"url":"https:\/\/www.almega.se\/person\/rekatolnai\/"}]}},"_links":{"self":[{"href":"https:\/\/www.almega.se\/api\/wp\/v2\/posts\/73404","targetHints":{"allow":["GET"]}}],"collection":[{"href":"https:\/\/www.almega.se\/api\/wp\/v2\/posts"}],"about":[{"href":"https:\/\/www.almega.se\/api\/wp\/v2\/types\/post"}],"author":[{"embeddable":true,"href":"https:\/\/www.almega.se\/api\/wp\/v2\/users\/16543"}],"replies":[{"embeddable":true,"href":"https:\/\/www.almega.se\/api\/wp\/v2\/comments?post=73404"}],"version-history":[{"count":4,"href":"https:\/\/www.almega.se\/api\/wp\/v2\/posts\/73404\/revisions"}],"predecessor-version":[{"id":73409,"href":"https:\/\/www.almega.se\/api\/wp\/v2\/posts\/73404\/revisions\/73409"}],"wp:featuredmedia":[{"embeddable":true,"href":"https:\/\/www.almega.se\/api\/wp\/v2\/media\/73407"}],"wp:attachment":[{"href":"https:\/\/www.almega.se\/api\/wp\/v2\/media?parent=73404"}],"wp:term":[{"taxonomy":"category","embeddable":true,"href":"https:\/\/www.almega.se\/api\/wp\/v2\/categories?post=73404"},{"taxonomy":"post_tag","embeddable":true,"href":"https:\/\/www.almega.se\/api\/wp\/v2\/tags?post=73404"},{"taxonomy":"type","embeddable":true,"href":"https:\/\/www.almega.se\/api\/wp\/v2\/article_type?post=73404"},{"taxonomy":"agreement","embeddable":true,"href":"https:\/\/www.almega.se\/api\/wp\/v2\/agreement?post=73404"}],"curies":[{"name":"wp","href":"https:\/\/api.w.org\/{rel}","templated":true}]}}