{"id":73297,"date":"2024-04-25T15:39:00","date_gmt":"2024-04-25T13:39:00","guid":{"rendered":"https:\/\/www.almega.se\/?p=73297"},"modified":"2024-05-03T10:39:57","modified_gmt":"2024-05-03T08:39:57","slug":"almega-i-dagens-industri-tacka-tjanstesektorn-for-svensk-produktivitet","status":"publish","type":"post","link":"https:\/\/www.almega.se\/2024\/04\/almega-i-dagens-industri-tacka-tjanstesektorn-for-svensk-produktivitet\/","title":{"rendered":"Almega i Dagens Industri: \u201dTacka tj\u00e4nstesektorn f\u00f6r svensk produktivitet\u201d"},"content":{"rendered":"<p class=\"intro\">Potentialen f\u00f6r fortsatt tillv\u00e4xt inom tj\u00e4nstesektorn \u00e4r stor men detta f\u00f6ruts\u00e4tter en b\u00e4ttre tillg\u00e5ng p\u00e5 arbetskraft med r\u00e4tt kompetens. Det kr\u00e4vs d\u00e4rf\u00f6r fortsatta reformer f\u00f6r att \u00f6ka utbudet av arbetskraft och s\u00e4kerst\u00e4lla den kompetens som efters\u00f6ks, skriver Almegas Ann \u00d6berg och Patrick Joyce, tillsammans med seniorkonsulten Lars Jagr\u00e9n.<\/p>\n\n<p>&#8221;Tj\u00e4nstesektorn har under de senaste decennierna varit en tillv\u00e4xtmotor i svensk ekonomi. F\u00f6retagen v\u00e4xer snabbt men bidrar ocks\u00e5 till en \u00f6kad tillv\u00e4xt i andra delar av n\u00e4ringslivet. En stor del av v\u00e4rdet som skapas syns inte ens i BNP-statistiken men m\u00e4rks desto mer n\u00e4r vi surfar, streamar eller anv\u00e4nder appar, s\u00f6kmotorer eller kartor. F\u00f6r att potentialen i samtliga delar av tj\u00e4nstesektorn ska tas tillvara fullt ut beh\u00f6vs dock fler reformer&#8221; skriver Almegas f\u00f6retr\u00e4dare tillsammans med Lars Jagr\u00e9n i debattartikeln.<\/p>\n\n\n\n<blockquote class=\"wp-block-quote is-layout-flow wp-block-quote-is-layout-flow\">\n<p>I dag \u00e4r det&nbsp;billigare att investera i anl\u00e4ggningar och maskiner \u00e4n i medarbetare. Detta \u00e4r ett problem f\u00f6r hela tj\u00e4nstesektorn. <\/p>\n<cite>Ann \u00d6berg, Patrick Joyce och Lars Jagr\u00e9n i Dagens Industri<\/cite><\/blockquote>\n\n\n\n<p>De skriver ocks\u00e5 att:<\/p>\n\n\n\n<p>&#8221;I dag \u00e4r det&nbsp;billigare att investera i anl\u00e4ggningar och maskiner \u00e4n i medarbetare. Detta \u00e4r ett problem f\u00f6r hela tj\u00e4nstesektorn, inte minst de f\u00f6retag som exempelvis utvecklar AI och andra digitala redskap d\u00e4r kraven p\u00e5 st\u00e4ndigt uppdaterade kunskaper \u00e4r en f\u00f6ruts\u00e4ttning&#8221;<\/p>\n\n\n\n      <a href=\"https:\/\/www.di.se\/debatt\/tacka-tjanstesektorn-for-svensk-produktivitet\/\" target=\"_blank\" class=\"Button is-text Button--arrow-tip\">\n      \n        L\u00e4s hela debattartikeln h\u00e4r!\n      \n      \n                \n                <svg class='icon icon--arrow-tip'  width=\"11\" height=\"16\" viewBox=\"0 0 11 16\" fill=\"none\" xmlns=\"http:\/\/www.w3.org\/2000\/svg\">\n<path d=\"M0.858398 15L9.2304 7.99664L0.967732 1.00001\" stroke=\"black\" stroke-width=\"2\" stroke-miterlimit=\"10\"\/>\n<\/svg>\n\n        \n    <\/a>\n  \n","protected":false},"excerpt":{"rendered":"<p>&#8221;Potentialen f\u00f6r fortsatt tillv\u00e4xt inom tj\u00e4nstesektorn \u00e4r stor men detta f\u00f6ruts\u00e4tter en b\u00e4ttre tillg\u00e5ng p\u00e5 arbetskraft med r\u00e4tt kompetens. I dag \u00e4r det\u00a0billigare att investera i anl\u00e4ggningar och maskiner \u00e4n i medarbetare. Detta \u00e4r ett problem f\u00f6r hela tj\u00e4nstesektorn, inte minst de f\u00f6retag som exempelvis utvecklar AI&#8221;, skriver Almegas Ann \u00d6berg och Patrick Joyce, tillsammans med seniorkonsulten Lars Jagr\u00e9n.<\/p>\n","protected":false},"author":16543,"featured_media":73298,"comment_status":"closed","ping_status":"closed","sticky":false,"template":"","format":"standard","meta":{"_acf_changed":false,"footnotes":""},"categories":[692,630,581],"tags":[50],"article_type":[49,56],"agreement":[],"class_list":["post-73297","post","type-post","status-publish","format-standard","has-post-thumbnail","hentry","category-ai","category-konjunktur","category-tjanstesektorns-betydelse","tag-tjanstesektorns-utveckling","type-debattartiklar","type-nyheter"],"acf":[],"yoast_head":"<!-- This site is optimized with the Yoast SEO Premium plugin v26.8 (Yoast SEO v26.8) - https:\/\/yoast.com\/product\/yoast-seo-premium-wordpress\/ -->\n<title>Almega i Dagens Industri: \u201dTacka tj\u00e4nstesektorn f\u00f6r svensk produktivitet\u201d | Almega<\/title>\n<meta name=\"robots\" content=\"index, follow, max-snippet:-1, max-image-preview:large, max-video-preview:-1\" \/>\n<link rel=\"canonical\" href=\"https:\/\/www.almega.se\/2024\/04\/almega-i-dagens-industri-tacka-tjanstesektorn-for-svensk-produktivitet\/\" \/>\n<meta property=\"og:locale\" content=\"sv_SE\" \/>\n<meta property=\"og:type\" content=\"article\" \/>\n<meta property=\"og:title\" content=\"Almega i Dagens Industri: \u201dTacka tj\u00e4nstesektorn f\u00f6r svensk produktivitet\u201d\" \/>\n<meta property=\"og:description\" content=\"&quot;Potentialen f\u00f6r fortsatt tillv\u00e4xt inom tj\u00e4nstesektorn \u00e4r stor men detta f\u00f6ruts\u00e4tter en b\u00e4ttre tillg\u00e5ng p\u00e5 arbetskraft med r\u00e4tt kompetens. I dag \u00e4r det\u00a0billigare att investera i anl\u00e4ggningar och maskiner \u00e4n i medarbetare. Detta \u00e4r ett problem f\u00f6r hela tj\u00e4nstesektorn, inte minst de f\u00f6retag som exempelvis utvecklar AI&quot;, skriver Almegas Ann \u00d6berg och Patrick Joyce, tillsammans med seniorkonsulten Lars Jagr\u00e9n.\" \/>\n<meta property=\"og:url\" content=\"https:\/\/www.almega.se\/2024\/04\/almega-i-dagens-industri-tacka-tjanstesektorn-for-svensk-produktivitet\/\" \/>\n<meta property=\"og:site_name\" content=\"Almega\" \/>\n<meta property=\"article:published_time\" content=\"2024-04-25T13:39:00+00:00\" \/>\n<meta property=\"article:modified_time\" content=\"2024-05-03T08:39:57+00:00\" \/>\n<meta property=\"og:image\" content=\"https:\/\/www.almega.se\/app\/uploads\/2024\/04\/Debatt-prod.-2.png\" \/>\n\t<meta property=\"og:image:width\" content=\"940\" \/>\n\t<meta property=\"og:image:height\" content=\"788\" \/>\n\t<meta property=\"og:image:type\" content=\"image\/png\" \/>\n<meta name=\"author\" content=\"R\u00e9ka Tolnai\" \/>\n<meta name=\"twitter:card\" content=\"summary_large_image\" \/>\n<meta name=\"twitter:label1\" content=\"Skriven av\" \/>\n\t<meta name=\"twitter:data1\" content=\"R\u00e9ka Tolnai\" \/>\n\t<meta name=\"twitter:label2\" content=\"Ber\u00e4knad l\u00e4stid\" \/>\n\t<meta name=\"twitter:data2\" content=\"1 minut\" \/>\n<!-- \/ Yoast SEO Premium plugin. -->","yoast_head_json":{"title":"Almega i Dagens Industri: \u201dTacka tj\u00e4nstesektorn f\u00f6r svensk produktivitet\u201d | Almega","robots":{"index":"index","follow":"follow","max-snippet":"max-snippet:-1","max-image-preview":"max-image-preview:large","max-video-preview":"max-video-preview:-1"},"canonical":"https:\/\/www.almega.se\/2024\/04\/almega-i-dagens-industri-tacka-tjanstesektorn-for-svensk-produktivitet\/","og_locale":"sv_SE","og_type":"article","og_title":"Almega i Dagens Industri: \u201dTacka tj\u00e4nstesektorn f\u00f6r svensk produktivitet\u201d","og_description":"\"Potentialen f\u00f6r fortsatt tillv\u00e4xt inom tj\u00e4nstesektorn \u00e4r stor men detta f\u00f6ruts\u00e4tter en b\u00e4ttre tillg\u00e5ng p\u00e5 arbetskraft med r\u00e4tt kompetens. I dag \u00e4r det\u00a0billigare att investera i anl\u00e4ggningar och maskiner \u00e4n i medarbetare. Detta \u00e4r ett problem f\u00f6r hela tj\u00e4nstesektorn, inte minst de f\u00f6retag som exempelvis utvecklar AI\", skriver Almegas Ann \u00d6berg och Patrick Joyce, tillsammans med seniorkonsulten Lars Jagr\u00e9n.","og_url":"https:\/\/www.almega.se\/2024\/04\/almega-i-dagens-industri-tacka-tjanstesektorn-for-svensk-produktivitet\/","og_site_name":"Almega","article_published_time":"2024-04-25T13:39:00+00:00","article_modified_time":"2024-05-03T08:39:57+00:00","og_image":[{"width":940,"height":788,"url":"https:\/\/www.almega.se\/app\/uploads\/2024\/04\/Debatt-prod.-2.png","type":"image\/png"}],"author":"R\u00e9ka Tolnai","twitter_card":"summary_large_image","twitter_misc":{"Skriven av":"R\u00e9ka Tolnai","Ber\u00e4knad l\u00e4stid":"1 minut"},"schema":{"@context":"https:\/\/schema.org","@graph":[{"@type":"NewsArticle","@id":"https:\/\/www.almega.se\/2024\/04\/almega-i-dagens-industri-tacka-tjanstesektorn-for-svensk-produktivitet\/#article","isPartOf":{"@id":"https:\/\/www.almega.se\/2024\/04\/almega-i-dagens-industri-tacka-tjanstesektorn-for-svensk-produktivitet\/"},"author":{"name":"R\u00e9ka Tolnai","@id":"https:\/\/www.almega.se\/#\/schema\/person\/e54aa110880538cf5ceac0ac54bbecf7"},"headline":"Almega i Dagens Industri: \u201dTacka tj\u00e4nstesektorn f\u00f6r svensk produktivitet\u201d","datePublished":"2024-04-25T13:39:00+00:00","dateModified":"2024-05-03T08:39:57+00:00","mainEntityOfPage":{"@id":"https:\/\/www.almega.se\/2024\/04\/almega-i-dagens-industri-tacka-tjanstesektorn-for-svensk-produktivitet\/"},"wordCount":198,"image":{"@id":"https:\/\/www.almega.se\/2024\/04\/almega-i-dagens-industri-tacka-tjanstesektorn-for-svensk-produktivitet\/#primaryimage"},"thumbnailUrl":"https:\/\/www.almega.se\/app\/uploads\/2024\/04\/Debatt-prod.-2.png","keywords":["Tj\u00e4nstesektorns utveckling"],"articleSection":["AI","Konjunktur","Tj\u00e4nstesektorns betydelse"],"inLanguage":"sv-SE"},{"@type":"WebPage","@id":"https:\/\/www.almega.se\/2024\/04\/almega-i-dagens-industri-tacka-tjanstesektorn-for-svensk-produktivitet\/","url":"https:\/\/www.almega.se\/2024\/04\/almega-i-dagens-industri-tacka-tjanstesektorn-for-svensk-produktivitet\/","name":"Almega i Dagens Industri: \u201dTacka tj\u00e4nstesektorn f\u00f6r svensk produktivitet\u201d | Almega","isPartOf":{"@id":"https:\/\/www.almega.se\/#website"},"primaryImageOfPage":{"@id":"https:\/\/www.almega.se\/2024\/04\/almega-i-dagens-industri-tacka-tjanstesektorn-for-svensk-produktivitet\/#primaryimage"},"image":{"@id":"https:\/\/www.almega.se\/2024\/04\/almega-i-dagens-industri-tacka-tjanstesektorn-for-svensk-produktivitet\/#primaryimage"},"thumbnailUrl":"https:\/\/www.almega.se\/app\/uploads\/2024\/04\/Debatt-prod.-2.png","datePublished":"2024-04-25T13:39:00+00:00","dateModified":"2024-05-03T08:39:57+00:00","author":{"@id":"https:\/\/www.almega.se\/#\/schema\/person\/e54aa110880538cf5ceac0ac54bbecf7"},"breadcrumb":{"@id":"https:\/\/www.almega.se\/2024\/04\/almega-i-dagens-industri-tacka-tjanstesektorn-for-svensk-produktivitet\/#breadcrumb"},"inLanguage":"sv-SE","potentialAction":[{"@type":"ReadAction","target":["https:\/\/www.almega.se\/2024\/04\/almega-i-dagens-industri-tacka-tjanstesektorn-for-svensk-produktivitet\/"]}]},{"@type":"ImageObject","inLanguage":"sv-SE","@id":"https:\/\/www.almega.se\/2024\/04\/almega-i-dagens-industri-tacka-tjanstesektorn-for-svensk-produktivitet\/#primaryimage","url":"https:\/\/www.almega.se\/app\/uploads\/2024\/04\/Debatt-prod.-2.png","contentUrl":"https:\/\/www.almega.se\/app\/uploads\/2024\/04\/Debatt-prod.-2.png","width":940,"height":788},{"@type":"BreadcrumbList","@id":"https:\/\/www.almega.se\/2024\/04\/almega-i-dagens-industri-tacka-tjanstesektorn-for-svensk-produktivitet\/#breadcrumb","itemListElement":[{"@type":"ListItem","position":1,"name":"Home","item":"https:\/\/www.almega.se\/"},{"@type":"ListItem","position":2,"name":"Almega i Dagens Industri: \u201dTacka tj\u00e4nstesektorn f\u00f6r svensk produktivitet\u201d"}]},{"@type":"WebSite","@id":"https:\/\/www.almega.se\/#website","url":"https:\/\/www.almega.se\/","name":"Almega","description":"","potentialAction":[{"@type":"SearchAction","target":{"@type":"EntryPoint","urlTemplate":"https:\/\/www.almega.se\/?s={search_term_string}"},"query-input":{"@type":"PropertyValueSpecification","valueRequired":true,"valueName":"search_term_string"}}],"inLanguage":"sv-SE"},{"@type":"Person","@id":"https:\/\/www.almega.se\/#\/schema\/person\/e54aa110880538cf5ceac0ac54bbecf7","name":"R\u00e9ka Tolnai","image":{"@type":"ImageObject","inLanguage":"sv-SE","@id":"https:\/\/www.almega.se\/#\/schema\/person\/image\/","url":"https:\/\/secure.gravatar.com\/avatar\/c722d4a4ee787603df9df499a683d681bd2c463bde248da25aabc45883d614d2?s=96&d=mm&r=g","contentUrl":"https:\/\/secure.gravatar.com\/avatar\/c722d4a4ee787603df9df499a683d681bd2c463bde248da25aabc45883d614d2?s=96&d=mm&r=g","caption":"R\u00e9ka Tolnai"},"url":"https:\/\/www.almega.se\/person\/rekatolnai\/"}]}},"_links":{"self":[{"href":"https:\/\/www.almega.se\/api\/wp\/v2\/posts\/73297","targetHints":{"allow":["GET"]}}],"collection":[{"href":"https:\/\/www.almega.se\/api\/wp\/v2\/posts"}],"about":[{"href":"https:\/\/www.almega.se\/api\/wp\/v2\/types\/post"}],"author":[{"embeddable":true,"href":"https:\/\/www.almega.se\/api\/wp\/v2\/users\/16543"}],"replies":[{"embeddable":true,"href":"https:\/\/www.almega.se\/api\/wp\/v2\/comments?post=73297"}],"version-history":[{"count":11,"href":"https:\/\/www.almega.se\/api\/wp\/v2\/posts\/73297\/revisions"}],"predecessor-version":[{"id":73417,"href":"https:\/\/www.almega.se\/api\/wp\/v2\/posts\/73297\/revisions\/73417"}],"wp:featuredmedia":[{"embeddable":true,"href":"https:\/\/www.almega.se\/api\/wp\/v2\/media\/73298"}],"wp:attachment":[{"href":"https:\/\/www.almega.se\/api\/wp\/v2\/media?parent=73297"}],"wp:term":[{"taxonomy":"category","embeddable":true,"href":"https:\/\/www.almega.se\/api\/wp\/v2\/categories?post=73297"},{"taxonomy":"post_tag","embeddable":true,"href":"https:\/\/www.almega.se\/api\/wp\/v2\/tags?post=73297"},{"taxonomy":"type","embeddable":true,"href":"https:\/\/www.almega.se\/api\/wp\/v2\/article_type?post=73297"},{"taxonomy":"agreement","embeddable":true,"href":"https:\/\/www.almega.se\/api\/wp\/v2\/agreement?post=73297"}],"curies":[{"name":"wp","href":"https:\/\/api.w.org\/{rel}","templated":true}]}}