{"id":73239,"date":"2024-04-25T03:40:00","date_gmt":"2024-04-25T01:40:00","guid":{"rendered":"https:\/\/www.almega.se\/?p=73239"},"modified":"2024-07-10T15:09:57","modified_gmt":"2024-07-10T13:09:57","slug":"stort-intresse-for-almegas-nya-ai-forum","status":"publish","type":"post","link":"https:\/\/www.almega.se\/2024\/04\/stort-intresse-for-almegas-nya-ai-forum\/","title":{"rendered":"Stort intresse f\u00f6r Almegas nya AI-forum"},"content":{"rendered":"<p class=\"intro\">Insikter och praktisk kunskap kring AI st\u00e5r h\u00f6gt p\u00e5 agendan hos svenska tj\u00e4nstef\u00f6retag. Med det i \u00e5tanke startar nu Almega ett helt nytt AI-forum \u2013 och gensvaret \u00e4r stort fr\u00e5n f\u00f6retagen.<\/p>\n\n<p>Almegas nya AI-forum gick av stapeln i maj m\u00e5nad och intresset var stort. Ett fullbokat forum som d\u00e5 fokuserade p\u00e5 kompetens- och erfarenhetsutbyte f\u00f6r deltagarna med AI-fr\u00e5gor. <\/p>\n\n\n\n<p>Forumet blev lyckat och vi ser redan nu fram emot n\u00e4sta tr\u00e4ff i slutet av augusti. D\u00e5 kommer deltagarna att f\u00e5 inspiration fr\u00e5n <strong>Integritetsmyndigheten<\/strong>, <strong>IMY<\/strong>, som kommer att prata om AI-akten och hur man praktiskt ska t\u00e4nka kring den.<\/p>\n\n\n\n<p>\u2013 Som deltagare ska du bli inspirerad, f\u00e5 f\u00f6rdjupad kunskap, insikter och konkreta r\u00e5d som du kan anv\u00e4nda i din organisation, ber\u00e4ttar <strong>Maria Elinder,<\/strong> chef f\u00f6r tj\u00e4nsteutveckling p\u00e5 Almega som projektleder initiativet.<\/p>\n\n\n\n<blockquote class=\"wp-block-quote is-layout-flow wp-block-quote-is-layout-flow\">\n<p>&#8221;Ett oerh\u00f6rt v\u00e4rdefullt forum, och ett av de mest givande hittills n\u00e4r det g\u00e4ller fr\u00e5gor kring just AI&#8230; jag ser redan fram emot n\u00e4sta tillf\u00e4lle.&#8221;<\/p>\n<cite>Deltagare vid f\u00f6rsta tr\u00e4ffen av AI-forumet.<\/cite><\/blockquote>\n\n\n<a class='Share__link Share__link--url copy-text' href='#' rel='nofollow' data-text='inspiration-och-erfarenhetsutbyte' title='Dela url' data-confirmation='L\u00e4nken kopierades till urklipp'><svg class='icon icon--link'  width='18' height='18' viewBox='0 0 18 18' fill='none' xmlns='http:\/\/www.w3.org\/2000\/svg'>\n            <path d='M10.4142 0.514721L6.87868 4.05025L8.29289 5.46447L11.1213 2.63604L15.364 6.87868L12.5355 9.70711L13.9497 11.1213L17.4853 7.58579C17.8763 7.19476 17.8763 6.5626 17.4853 6.17158L11.8284 0.514721C11.4374 0.123691 10.8052 0.123691 10.4142 0.514721Z' fill='black'\/>\n            <path d='M9.7071 12.5355L6.87868 15.364L2.63604 11.1213L5.46446 8.2929L4.05025 6.87868L0.514716 10.4142C0.123686 10.8052 0.123686 11.4374 0.514716 11.8284L6.17157 17.4853C6.5626 17.8763 7.19475 17.8763 7.58578 17.4853L11.1213 13.9497L9.7071 12.5355Z' fill='black'\/>\n            <path d='M6.17157 11.8284C6.5626 12.2195 7.19475 12.2195 7.58578 11.8284L11.8284 7.58579C12.2195 7.19476 12.2195 6.56261 11.8284 6.17158C11.4374 5.78055 10.8052 5.78055 10.4142 6.17158L6.17157 10.4142C5.78054 10.8052 5.78054 11.4374 6.17157 11.8284Z' fill='black'\/>\n            <\/svg> <\/a>\n<h2 class=\"wp-block-heading\">Inspiration och erfarenhetsutbyte<\/h2>\n\n\n\n<p>Almegas AI-forum kommer att ha fyra fysiska tr\u00e4ffar under \u00e5ret. Varje tr\u00e4ff inneh\u00e5ller en inspirationsf\u00f6rel\u00e4sning om politiska, juridiska eller praktiska fr\u00e5gor kring AI. En stor del av tr\u00e4ffen \u00e4gnas ocks\u00e5 \u00e5t erfarenhetsutbyte mellan medlemsf\u00f6retagen. <\/p>\n\n\n\n<p>\u2013 Vi vet att den h\u00e4r typen av forum \u00e4r n\u00e5got som efterfr\u00e5gas av v\u00e5ra medlemsf\u00f6retag och n\u00e5got vi kommer forts\u00e4tta utveckla. Vi erbjuder ocks\u00e5 kompetensutveckling p\u00e5 temat AI i form av kurser, d\u00e4r jag varmt kan rekommendera n\u00e4sta tillf\u00e4lle av<a href=\"https:\/\/www.almega.se\/aktiviteter\/ai-och-arbetsratt-upptack-framtidens-arbetsliv-stockholm\/\"> v\u00e5r utbildning inom AI och arbetsr\u00e4tt<\/a>, s\u00e4ger Maria Elinder.<\/p>\n\n\n\n      <blockquote class=\"Expert-comment__quote\">\n      <p>&#8221;V\u00e5ra forum \u00e4r n\u00e5got vi kommer forts\u00e4tta att utveckla&#8221;<\/p>\n\n      \n             <a href=\"https:\/\/www.almega.se\/person\/mariaelinder\/\">\n          <figure class=\"Contact-card__image\">\n            <img decoding=\"async\" src=\"https:\/\/www.almega.se\/app\/uploads\/2025\/11\/Maria_Elinder_DSF2677-380x285.jpg\" alt=\"Maria Elinder\">\n          <\/figure>\n        <\/a>\n          \n      <h2 class=\"Contact-card__title\">Maria Elinder<\/h2>\n      <p class=\"mb-0\">F\u00f6rbundsdirekt\u00f6r S\u00e4kerhetsf\u00f6retagen<\/p>\n      \n                  <a href=\"https:\/\/www.almega.se\/person\/mariaelinder\/\" class=\"Contact-card__link\">\n        \n          <p class=\"Contact-card__arrow__text\">L\u00e4s mer<\/p>\n          \n          <svg class='icon icon--arrow-tip'  width=\"11\" height=\"16\" viewBox=\"0 0 11 16\" fill=\"none\" xmlns=\"http:\/\/www.w3.org\/2000\/svg\">\n<path d=\"M0.858398 15L9.2304 7.99664L0.967732 1.00001\" stroke=\"black\" stroke-width=\"2\" stroke-miterlimit=\"10\"\/>\n<\/svg>\n\n          \n      <\/a>\n\n      \n    \n  \n    <\/blockquote>\n  \n\n\n\n<p><\/p>\n","protected":false},"excerpt":{"rendered":"<p>Almegas nya AI-forum gick av stapeln i maj m\u00e5nad och intresset var stort. Ett fullbokat forum som d\u00e5 fokuserade p\u00e5 kompetens- och erfarenhetsutbyte f\u00f6r deltagarna med AI-fr\u00e5gor. Forumet blev lyckat och vi ser redan nu &hellip;<\/p>\n","protected":false},"author":14531,"featured_media":73265,"comment_status":"closed","ping_status":"closed","sticky":false,"template":"","format":"standard","meta":{"_acf_changed":false,"footnotes":""},"categories":[692,603],"tags":[],"article_type":[55,56],"agreement":[],"class_list":["post-73239","post","type-post","status-publish","format-standard","has-post-thumbnail","hentry","category-ai","category-almega","type-artiklar","type-nyheter"],"acf":[],"yoast_head":"<!-- This site is optimized with the Yoast SEO Premium plugin v26.8 (Yoast SEO v26.8) - https:\/\/yoast.com\/product\/yoast-seo-premium-wordpress\/ -->\n<title>Stort intresse f\u00f6r Almegas nya AI-forum | Almega<\/title>\n<meta name=\"robots\" content=\"index, follow, max-snippet:-1, max-image-preview:large, max-video-preview:-1\" \/>\n<link rel=\"canonical\" href=\"https:\/\/www.almega.se\/2024\/04\/stort-intresse-for-almegas-nya-ai-forum\/\" \/>\n<meta property=\"og:locale\" content=\"sv_SE\" \/>\n<meta property=\"og:type\" content=\"article\" \/>\n<meta property=\"og:title\" content=\"Stort intresse f\u00f6r Almegas nya AI-forum\" \/>\n<meta property=\"og:description\" content=\"Almegas nya AI-forum gick av stapeln i maj m\u00e5nad och intresset var stort. Ett fullbokat forum som d\u00e5 fokuserade p\u00e5 kompetens- och erfarenhetsutbyte f\u00f6r deltagarna med AI-fr\u00e5gor. Forumet blev lyckat och vi ser redan nu &hellip;\" \/>\n<meta property=\"og:url\" content=\"https:\/\/www.almega.se\/2024\/04\/stort-intresse-for-almegas-nya-ai-forum\/\" \/>\n<meta property=\"og:site_name\" content=\"Almega\" \/>\n<meta property=\"article:published_time\" content=\"2024-04-25T01:40:00+00:00\" \/>\n<meta property=\"article:modified_time\" content=\"2024-07-10T13:09:57+00:00\" \/>\n<meta property=\"og:image\" content=\"https:\/\/www.almega.se\/app\/uploads\/2024\/04\/ima235837-2.jpg\" \/>\n\t<meta property=\"og:image:width\" content=\"2500\" \/>\n\t<meta property=\"og:image:height\" content=\"1668\" \/>\n\t<meta property=\"og:image:type\" content=\"image\/jpeg\" \/>\n<meta name=\"author\" content=\"Karin Nyg\u00e5rd\" \/>\n<meta name=\"twitter:card\" content=\"summary_large_image\" \/>\n<meta name=\"twitter:label1\" content=\"Skriven av\" \/>\n\t<meta name=\"twitter:data1\" content=\"Karin Nyg\u00e5rd\" \/>\n\t<meta name=\"twitter:label2\" content=\"Ber\u00e4knad l\u00e4stid\" \/>\n\t<meta name=\"twitter:data2\" content=\"2 minuter\" \/>\n<!-- \/ Yoast SEO Premium plugin. -->","yoast_head_json":{"title":"Stort intresse f\u00f6r Almegas nya AI-forum | Almega","robots":{"index":"index","follow":"follow","max-snippet":"max-snippet:-1","max-image-preview":"max-image-preview:large","max-video-preview":"max-video-preview:-1"},"canonical":"https:\/\/www.almega.se\/2024\/04\/stort-intresse-for-almegas-nya-ai-forum\/","og_locale":"sv_SE","og_type":"article","og_title":"Stort intresse f\u00f6r Almegas nya AI-forum","og_description":"Almegas nya AI-forum gick av stapeln i maj m\u00e5nad och intresset var stort. Ett fullbokat forum som d\u00e5 fokuserade p\u00e5 kompetens- och erfarenhetsutbyte f\u00f6r deltagarna med AI-fr\u00e5gor. Forumet blev lyckat och vi ser redan nu &hellip;","og_url":"https:\/\/www.almega.se\/2024\/04\/stort-intresse-for-almegas-nya-ai-forum\/","og_site_name":"Almega","article_published_time":"2024-04-25T01:40:00+00:00","article_modified_time":"2024-07-10T13:09:57+00:00","og_image":[{"width":2500,"height":1668,"url":"https:\/\/www.almega.se\/app\/uploads\/2024\/04\/ima235837-2.jpg","type":"image\/jpeg"}],"author":"Karin Nyg\u00e5rd","twitter_card":"summary_large_image","twitter_misc":{"Skriven av":"Karin Nyg\u00e5rd","Ber\u00e4knad l\u00e4stid":"2 minuter"},"schema":{"@context":"https:\/\/schema.org","@graph":[{"@type":"NewsArticle","@id":"https:\/\/www.almega.se\/2024\/04\/stort-intresse-for-almegas-nya-ai-forum\/#article","isPartOf":{"@id":"https:\/\/www.almega.se\/2024\/04\/stort-intresse-for-almegas-nya-ai-forum\/"},"author":{"name":"Karin Nyg\u00e5rd","@id":"https:\/\/www.almega.se\/#\/schema\/person\/eae58f3a71d6b7aa9f71f3139a740a02"},"headline":"Stort intresse f\u00f6r Almegas nya AI-forum","datePublished":"2024-04-25T01:40:00+00:00","dateModified":"2024-07-10T13:09:57+00:00","mainEntityOfPage":{"@id":"https:\/\/www.almega.se\/2024\/04\/stort-intresse-for-almegas-nya-ai-forum\/"},"wordCount":264,"image":{"@id":"https:\/\/www.almega.se\/2024\/04\/stort-intresse-for-almegas-nya-ai-forum\/#primaryimage"},"thumbnailUrl":"https:\/\/www.almega.se\/app\/uploads\/2024\/04\/ima235837-2.jpg","articleSection":["AI","Almega"],"inLanguage":"sv-SE"},{"@type":"WebPage","@id":"https:\/\/www.almega.se\/2024\/04\/stort-intresse-for-almegas-nya-ai-forum\/","url":"https:\/\/www.almega.se\/2024\/04\/stort-intresse-for-almegas-nya-ai-forum\/","name":"Stort intresse f\u00f6r Almegas nya AI-forum | Almega","isPartOf":{"@id":"https:\/\/www.almega.se\/#website"},"primaryImageOfPage":{"@id":"https:\/\/www.almega.se\/2024\/04\/stort-intresse-for-almegas-nya-ai-forum\/#primaryimage"},"image":{"@id":"https:\/\/www.almega.se\/2024\/04\/stort-intresse-for-almegas-nya-ai-forum\/#primaryimage"},"thumbnailUrl":"https:\/\/www.almega.se\/app\/uploads\/2024\/04\/ima235837-2.jpg","datePublished":"2024-04-25T01:40:00+00:00","dateModified":"2024-07-10T13:09:57+00:00","author":{"@id":"https:\/\/www.almega.se\/#\/schema\/person\/eae58f3a71d6b7aa9f71f3139a740a02"},"breadcrumb":{"@id":"https:\/\/www.almega.se\/2024\/04\/stort-intresse-for-almegas-nya-ai-forum\/#breadcrumb"},"inLanguage":"sv-SE","potentialAction":[{"@type":"ReadAction","target":["https:\/\/www.almega.se\/2024\/04\/stort-intresse-for-almegas-nya-ai-forum\/"]}]},{"@type":"ImageObject","inLanguage":"sv-SE","@id":"https:\/\/www.almega.se\/2024\/04\/stort-intresse-for-almegas-nya-ai-forum\/#primaryimage","url":"https:\/\/www.almega.se\/app\/uploads\/2024\/04\/ima235837-2.jpg","contentUrl":"https:\/\/www.almega.se\/app\/uploads\/2024\/04\/ima235837-2.jpg","width":2500,"height":1668,"caption":"M\u00e4nniskor samtalar"},{"@type":"BreadcrumbList","@id":"https:\/\/www.almega.se\/2024\/04\/stort-intresse-for-almegas-nya-ai-forum\/#breadcrumb","itemListElement":[{"@type":"ListItem","position":1,"name":"Home","item":"https:\/\/www.almega.se\/"},{"@type":"ListItem","position":2,"name":"Stort intresse f\u00f6r Almegas nya AI-forum"}]},{"@type":"WebSite","@id":"https:\/\/www.almega.se\/#website","url":"https:\/\/www.almega.se\/","name":"Almega","description":"","potentialAction":[{"@type":"SearchAction","target":{"@type":"EntryPoint","urlTemplate":"https:\/\/www.almega.se\/?s={search_term_string}"},"query-input":{"@type":"PropertyValueSpecification","valueRequired":true,"valueName":"search_term_string"}}],"inLanguage":"sv-SE"},{"@type":"Person","@id":"https:\/\/www.almega.se\/#\/schema\/person\/eae58f3a71d6b7aa9f71f3139a740a02","name":"Karin Nyg\u00e5rd","image":{"@type":"ImageObject","inLanguage":"sv-SE","@id":"https:\/\/www.almega.se\/#\/schema\/person\/image\/","url":"https:\/\/secure.gravatar.com\/avatar\/09e5ec3d12974ae686ad90a0a4bf5404c8a4cfdca18f97124f166ab274023818?s=96&d=mm&r=g","contentUrl":"https:\/\/secure.gravatar.com\/avatar\/09e5ec3d12974ae686ad90a0a4bf5404c8a4cfdca18f97124f166ab274023818?s=96&d=mm&r=g","caption":"Karin Nyg\u00e5rd"},"description":"Produkt\u00e4gare Almega.se, samordnar webbutveckling och utveckling av Arbetsgivarguiden.se","url":"https:\/\/www.almega.se\/person\/karinnygard\/"}]}},"_links":{"self":[{"href":"https:\/\/www.almega.se\/api\/wp\/v2\/posts\/73239","targetHints":{"allow":["GET"]}}],"collection":[{"href":"https:\/\/www.almega.se\/api\/wp\/v2\/posts"}],"about":[{"href":"https:\/\/www.almega.se\/api\/wp\/v2\/types\/post"}],"author":[{"embeddable":true,"href":"https:\/\/www.almega.se\/api\/wp\/v2\/users\/14531"}],"replies":[{"embeddable":true,"href":"https:\/\/www.almega.se\/api\/wp\/v2\/comments?post=73239"}],"version-history":[{"count":11,"href":"https:\/\/www.almega.se\/api\/wp\/v2\/posts\/73239\/revisions"}],"predecessor-version":[{"id":75044,"href":"https:\/\/www.almega.se\/api\/wp\/v2\/posts\/73239\/revisions\/75044"}],"wp:featuredmedia":[{"embeddable":true,"href":"https:\/\/www.almega.se\/api\/wp\/v2\/media\/73265"}],"wp:attachment":[{"href":"https:\/\/www.almega.se\/api\/wp\/v2\/media?parent=73239"}],"wp:term":[{"taxonomy":"category","embeddable":true,"href":"https:\/\/www.almega.se\/api\/wp\/v2\/categories?post=73239"},{"taxonomy":"post_tag","embeddable":true,"href":"https:\/\/www.almega.se\/api\/wp\/v2\/tags?post=73239"},{"taxonomy":"type","embeddable":true,"href":"https:\/\/www.almega.se\/api\/wp\/v2\/article_type?post=73239"},{"taxonomy":"agreement","embeddable":true,"href":"https:\/\/www.almega.se\/api\/wp\/v2\/agreement?post=73239"}],"curies":[{"name":"wp","href":"https:\/\/api.w.org\/{rel}","templated":true}]}}