{"id":73209,"date":"2024-03-24T10:05:00","date_gmt":"2024-03-24T09:05:00","guid":{"rendered":"https:\/\/www.almega.se\/?p=73209"},"modified":"2024-04-24T16:55:44","modified_gmt":"2024-04-24T14:55:44","slug":"tjanstesektorn-mest-exponerad-for-ai","status":"publish","type":"post","link":"https:\/\/www.almega.se\/2024\/03\/tjanstesektorn-mest-exponerad-for-ai\/","title":{"rendered":"Tj\u00e4nstesektorn mest exponerad f\u00f6r AI"},"content":{"rendered":"<p class=\"intro\">&#8221;Vid tidigare teknikskiften \u00e4r det fr\u00e4mst enklare jobb som har slagits ut, men denna g\u00e5ng g\u00e5r ingen s\u00e4ker d\u00e5 \u00e4ven h\u00f6gkvalificerade tj\u00e4nstejobb blir konkurrensutsatta av AI&#8221; sade Almegas vd Ann \u00d6berg p\u00e5 ett m\u00f6te med SME-kommitt\u00e9n med tema digitalisering och AI.<\/p>\n\n<p>AI och digitalisering var temat n\u00e4r Almegas vd <strong>Ann \u00d6berg<\/strong>  tillsammans med <strong>Pia Sandvik<\/strong>, Teknikf\u00f6retagen, och <strong>Marcus Dahlsten<\/strong> fr\u00e5n Transportf\u00f6retagen m\u00f6tte SME-kommitt\u00e9n, n\u00e5got som <a href=\"https:\/\/www.svensktnaringsliv.se\/sme\/hot-och-mojligheter-om-ai-i-naringslivet_1207071.html\">Svenskt N\u00e4ringsliv skriver om p\u00e5 sin webbplats.<\/a><\/p>\n\n\n\n<p>\u2013 Tj\u00e4nstesektorn ser ut att vara den sektor som \u00e4r mest exponerad f\u00f6r AI, utifr\u00e5n att tj\u00e4nstejobb kan ha AI som komplement men ocks\u00e5 riskeras att sl\u00e5s ut. Vid tidigare teknikskiften \u00e4r det fr\u00e4mst enklare jobb som har slagits ut, men denna g\u00e5ng g\u00e5r ingen s\u00e4ker d\u00e5 \u00e4ven h\u00f6gkvalificerade tj\u00e4nstejobb blir konkurrensutsatta av AI, sade Ann \u00d6berg.<\/p>\n\n\n<a class='Share__link Share__link--url copy-text' href='#' rel='nofollow' data-text='ai-kompletterar-och-ersatter-jobb' title='Dela url' data-confirmation='L\u00e4nken kopierades till urklipp'><svg class='icon icon--link'  width='18' height='18' viewBox='0 0 18 18' fill='none' xmlns='http:\/\/www.w3.org\/2000\/svg'>\n            <path d='M10.4142 0.514721L6.87868 4.05025L8.29289 5.46447L11.1213 2.63604L15.364 6.87868L12.5355 9.70711L13.9497 11.1213L17.4853 7.58579C17.8763 7.19476 17.8763 6.5626 17.4853 6.17158L11.8284 0.514721C11.4374 0.123691 10.8052 0.123691 10.4142 0.514721Z' fill='black'\/>\n            <path d='M9.7071 12.5355L6.87868 15.364L2.63604 11.1213L5.46446 8.2929L4.05025 6.87868L0.514716 10.4142C0.123686 10.8052 0.123686 11.4374 0.514716 11.8284L6.17157 17.4853C6.5626 17.8763 7.19475 17.8763 7.58578 17.4853L11.1213 13.9497L9.7071 12.5355Z' fill='black'\/>\n            <path d='M6.17157 11.8284C6.5626 12.2195 7.19475 12.2195 7.58578 11.8284L11.8284 7.58579C12.2195 7.19476 12.2195 6.56261 11.8284 6.17158C11.4374 5.78055 10.8052 5.78055 10.4142 6.17158L6.17157 10.4142C5.78054 10.8052 5.78054 11.4374 6.17157 11.8284Z' fill='black'\/>\n            <\/svg> <\/a>\n<h2 class=\"wp-block-heading\">AI kompletterar och ers\u00e4tter jobb<\/h2>\n\n\n\n<p>Hon konstaterade ocks\u00e5 att dagens forskning visar att h\u00e4lften av tj\u00e4nstejobben kommer att kunna anv\u00e4nda AI som komplement och h\u00e4lften kommer att ers\u00e4ttas av AI. <\/p>\n\n\n\n<p>\u2013 Man ska dock komma ih\u00e5g att vid varje teknikskifte som slagit ut jobb s\u00e5 har nya jobb alltid tillkommit. Det kommer oavsett sektor att f\u00e5 en stor effekt p\u00e5 hela arbetsmarknaden med ett teknikskifte som kommer att ske i olika takt inom olika omr\u00e5den.<\/p>\n\n\n\n      <a href=\"https:\/\/www.svensktnaringsliv.se\/sme\/hot-och-mojligheter-om-ai-i-naringslivet_1207071.html\" target=\"\" class=\"Button is-text Button--external-link\">\n      \n        L\u00e4s hela artikeln hos Svenskt N\u00e4ringsliv\n      \n      \n                <svg class='icon icon--external-link'  width=\"16\" height=\"16\" viewBox=\"0 0 16 16\" fill=\"none\" xmlns=\"http:\/\/www.w3.org\/2000\/svg\">\n<path d=\"M9 1H15V7\" stroke=\"black\" stroke-width=\"2\" stroke-miterlimit=\"10\"\/>\n<path d=\"M5 2H1V15H14V11\" stroke=\"black\" stroke-width=\"2\" stroke-miterlimit=\"10\"\/>\n<path d=\"M15 1L6 10\" stroke=\"black\" stroke-width=\"2\" stroke-miterlimit=\"10\"\/>\n<\/svg>\n\n        \n    <\/a>\n  \n","protected":false},"excerpt":{"rendered":"<p>AI och digitalisering var temat n\u00e4r Almegas vd Ann \u00d6berg tillsammans med Pia Sandvik, Teknikf\u00f6retagen, och Marcus Dahlsten fr\u00e5n Transportf\u00f6retagen m\u00f6tte SME-kommitt\u00e9n, n\u00e5got som Svenskt N\u00e4ringsliv skriver om p\u00e5 sin webbplats. \u2013 Tj\u00e4nstesektorn ser ut &hellip;<\/p>\n","protected":false},"author":14531,"featured_media":42684,"comment_status":"closed","ping_status":"closed","sticky":false,"template":"","format":"standard","meta":{"_acf_changed":false,"footnotes":""},"categories":[692],"tags":[],"article_type":[49,56],"agreement":[],"class_list":["post-73209","post","type-post","status-publish","format-standard","has-post-thumbnail","hentry","category-ai","type-debattartiklar","type-nyheter"],"acf":[],"yoast_head":"<!-- This site is optimized with the Yoast SEO Premium plugin v26.8 (Yoast SEO v26.8) - https:\/\/yoast.com\/product\/yoast-seo-premium-wordpress\/ -->\n<title>Tj\u00e4nstesektorn mest exponerad f\u00f6r AI | Almega<\/title>\n<meta name=\"description\" content=\"H\u00e4lften av tj\u00e4nstejobben kommer att kunna anv\u00e4nda AI som komplement och h\u00e4lften kommer att ers\u00e4ttas av AI, visar forskning.\" \/>\n<meta name=\"robots\" content=\"index, follow, max-snippet:-1, max-image-preview:large, max-video-preview:-1\" \/>\n<link rel=\"canonical\" href=\"https:\/\/www.almega.se\/2024\/03\/tjanstesektorn-mest-exponerad-for-ai\/\" \/>\n<meta property=\"og:locale\" content=\"sv_SE\" \/>\n<meta property=\"og:type\" content=\"article\" \/>\n<meta property=\"og:title\" content=\"Tj\u00e4nstesektorn mest exponerad f\u00f6r AI\" \/>\n<meta property=\"og:description\" content=\"H\u00e4lften av tj\u00e4nstejobben kommer att kunna anv\u00e4nda AI som komplement och h\u00e4lften kommer att ers\u00e4ttas av AI, visar forskning.\" \/>\n<meta property=\"og:url\" content=\"https:\/\/www.almega.se\/2024\/03\/tjanstesektorn-mest-exponerad-for-ai\/\" \/>\n<meta property=\"og:site_name\" content=\"Almega\" \/>\n<meta property=\"article:published_time\" content=\"2024-03-24T09:05:00+00:00\" \/>\n<meta property=\"article:modified_time\" content=\"2024-04-24T14:55:44+00:00\" \/>\n<meta property=\"og:image\" content=\"https:\/\/www.almega.se\/app\/uploads\/2022\/02\/toppbild-almegas-vd-har-ordet-ann-oberg.jpg\" \/>\n\t<meta property=\"og:image:width\" content=\"1920\" \/>\n\t<meta property=\"og:image:height\" content=\"1152\" \/>\n\t<meta property=\"og:image:type\" content=\"image\/jpeg\" \/>\n<meta name=\"author\" content=\"Karin Nyg\u00e5rd\" \/>\n<meta name=\"twitter:card\" content=\"summary_large_image\" \/>\n<meta name=\"twitter:label1\" content=\"Skriven av\" \/>\n\t<meta name=\"twitter:data1\" content=\"Karin Nyg\u00e5rd\" \/>\n\t<meta name=\"twitter:label2\" content=\"Ber\u00e4knad l\u00e4stid\" \/>\n\t<meta name=\"twitter:data2\" content=\"1 minut\" \/>\n<!-- \/ Yoast SEO Premium plugin. -->","yoast_head_json":{"title":"Tj\u00e4nstesektorn mest exponerad f\u00f6r AI | Almega","description":"H\u00e4lften av tj\u00e4nstejobben kommer att kunna anv\u00e4nda AI som komplement och h\u00e4lften kommer att ers\u00e4ttas av AI, visar forskning.","robots":{"index":"index","follow":"follow","max-snippet":"max-snippet:-1","max-image-preview":"max-image-preview:large","max-video-preview":"max-video-preview:-1"},"canonical":"https:\/\/www.almega.se\/2024\/03\/tjanstesektorn-mest-exponerad-for-ai\/","og_locale":"sv_SE","og_type":"article","og_title":"Tj\u00e4nstesektorn mest exponerad f\u00f6r AI","og_description":"H\u00e4lften av tj\u00e4nstejobben kommer att kunna anv\u00e4nda AI som komplement och h\u00e4lften kommer att ers\u00e4ttas av AI, visar forskning.","og_url":"https:\/\/www.almega.se\/2024\/03\/tjanstesektorn-mest-exponerad-for-ai\/","og_site_name":"Almega","article_published_time":"2024-03-24T09:05:00+00:00","article_modified_time":"2024-04-24T14:55:44+00:00","og_image":[{"width":1920,"height":1152,"url":"https:\/\/www.almega.se\/app\/uploads\/2022\/02\/toppbild-almegas-vd-har-ordet-ann-oberg.jpg","type":"image\/jpeg"}],"author":"Karin Nyg\u00e5rd","twitter_card":"summary_large_image","twitter_misc":{"Skriven av":"Karin Nyg\u00e5rd","Ber\u00e4knad l\u00e4stid":"1 minut"},"schema":{"@context":"https:\/\/schema.org","@graph":[{"@type":"NewsArticle","@id":"https:\/\/www.almega.se\/2024\/03\/tjanstesektorn-mest-exponerad-for-ai\/#article","isPartOf":{"@id":"https:\/\/www.almega.se\/2024\/03\/tjanstesektorn-mest-exponerad-for-ai\/"},"author":{"name":"Karin Nyg\u00e5rd","@id":"https:\/\/www.almega.se\/#\/schema\/person\/eae58f3a71d6b7aa9f71f3139a740a02"},"headline":"Tj\u00e4nstesektorn mest exponerad f\u00f6r AI","datePublished":"2024-03-24T09:05:00+00:00","dateModified":"2024-04-24T14:55:44+00:00","mainEntityOfPage":{"@id":"https:\/\/www.almega.se\/2024\/03\/tjanstesektorn-mest-exponerad-for-ai\/"},"wordCount":195,"image":{"@id":"https:\/\/www.almega.se\/2024\/03\/tjanstesektorn-mest-exponerad-for-ai\/#primaryimage"},"thumbnailUrl":"https:\/\/www.almega.se\/app\/uploads\/2022\/02\/toppbild-almegas-vd-har-ordet-ann-oberg.jpg","articleSection":["AI"],"inLanguage":"sv-SE"},{"@type":"WebPage","@id":"https:\/\/www.almega.se\/2024\/03\/tjanstesektorn-mest-exponerad-for-ai\/","url":"https:\/\/www.almega.se\/2024\/03\/tjanstesektorn-mest-exponerad-for-ai\/","name":"Tj\u00e4nstesektorn mest exponerad f\u00f6r AI | Almega","isPartOf":{"@id":"https:\/\/www.almega.se\/#website"},"primaryImageOfPage":{"@id":"https:\/\/www.almega.se\/2024\/03\/tjanstesektorn-mest-exponerad-for-ai\/#primaryimage"},"image":{"@id":"https:\/\/www.almega.se\/2024\/03\/tjanstesektorn-mest-exponerad-for-ai\/#primaryimage"},"thumbnailUrl":"https:\/\/www.almega.se\/app\/uploads\/2022\/02\/toppbild-almegas-vd-har-ordet-ann-oberg.jpg","datePublished":"2024-03-24T09:05:00+00:00","dateModified":"2024-04-24T14:55:44+00:00","author":{"@id":"https:\/\/www.almega.se\/#\/schema\/person\/eae58f3a71d6b7aa9f71f3139a740a02"},"description":"H\u00e4lften av tj\u00e4nstejobben kommer att kunna anv\u00e4nda AI som komplement och h\u00e4lften kommer att ers\u00e4ttas av AI, visar forskning.","breadcrumb":{"@id":"https:\/\/www.almega.se\/2024\/03\/tjanstesektorn-mest-exponerad-for-ai\/#breadcrumb"},"inLanguage":"sv-SE","potentialAction":[{"@type":"ReadAction","target":["https:\/\/www.almega.se\/2024\/03\/tjanstesektorn-mest-exponerad-for-ai\/"]}]},{"@type":"ImageObject","inLanguage":"sv-SE","@id":"https:\/\/www.almega.se\/2024\/03\/tjanstesektorn-mest-exponerad-for-ai\/#primaryimage","url":"https:\/\/www.almega.se\/app\/uploads\/2022\/02\/toppbild-almegas-vd-har-ordet-ann-oberg.jpg","contentUrl":"https:\/\/www.almega.se\/app\/uploads\/2022\/02\/toppbild-almegas-vd-har-ordet-ann-oberg.jpg","width":1920,"height":1152,"caption":"almegas vd har ordet-ann \u00f6berg"},{"@type":"BreadcrumbList","@id":"https:\/\/www.almega.se\/2024\/03\/tjanstesektorn-mest-exponerad-for-ai\/#breadcrumb","itemListElement":[{"@type":"ListItem","position":1,"name":"Home","item":"https:\/\/www.almega.se\/"},{"@type":"ListItem","position":2,"name":"Tj\u00e4nstesektorn mest exponerad f\u00f6r AI"}]},{"@type":"WebSite","@id":"https:\/\/www.almega.se\/#website","url":"https:\/\/www.almega.se\/","name":"Almega","description":"","potentialAction":[{"@type":"SearchAction","target":{"@type":"EntryPoint","urlTemplate":"https:\/\/www.almega.se\/?s={search_term_string}"},"query-input":{"@type":"PropertyValueSpecification","valueRequired":true,"valueName":"search_term_string"}}],"inLanguage":"sv-SE"},{"@type":"Person","@id":"https:\/\/www.almega.se\/#\/schema\/person\/eae58f3a71d6b7aa9f71f3139a740a02","name":"Karin Nyg\u00e5rd","image":{"@type":"ImageObject","inLanguage":"sv-SE","@id":"https:\/\/www.almega.se\/#\/schema\/person\/image\/","url":"https:\/\/secure.gravatar.com\/avatar\/09e5ec3d12974ae686ad90a0a4bf5404c8a4cfdca18f97124f166ab274023818?s=96&d=mm&r=g","contentUrl":"https:\/\/secure.gravatar.com\/avatar\/09e5ec3d12974ae686ad90a0a4bf5404c8a4cfdca18f97124f166ab274023818?s=96&d=mm&r=g","caption":"Karin Nyg\u00e5rd"},"description":"Produkt\u00e4gare Almega.se, samordnar webbutveckling och utveckling av Arbetsgivarguiden.se","url":"https:\/\/www.almega.se\/person\/karinnygard\/"}]}},"_links":{"self":[{"href":"https:\/\/www.almega.se\/api\/wp\/v2\/posts\/73209","targetHints":{"allow":["GET"]}}],"collection":[{"href":"https:\/\/www.almega.se\/api\/wp\/v2\/posts"}],"about":[{"href":"https:\/\/www.almega.se\/api\/wp\/v2\/types\/post"}],"author":[{"embeddable":true,"href":"https:\/\/www.almega.se\/api\/wp\/v2\/users\/14531"}],"replies":[{"embeddable":true,"href":"https:\/\/www.almega.se\/api\/wp\/v2\/comments?post=73209"}],"version-history":[{"count":2,"href":"https:\/\/www.almega.se\/api\/wp\/v2\/posts\/73209\/revisions"}],"predecessor-version":[{"id":73211,"href":"https:\/\/www.almega.se\/api\/wp\/v2\/posts\/73209\/revisions\/73211"}],"wp:featuredmedia":[{"embeddable":true,"href":"https:\/\/www.almega.se\/api\/wp\/v2\/media\/42684"}],"wp:attachment":[{"href":"https:\/\/www.almega.se\/api\/wp\/v2\/media?parent=73209"}],"wp:term":[{"taxonomy":"category","embeddable":true,"href":"https:\/\/www.almega.se\/api\/wp\/v2\/categories?post=73209"},{"taxonomy":"post_tag","embeddable":true,"href":"https:\/\/www.almega.se\/api\/wp\/v2\/tags?post=73209"},{"taxonomy":"type","embeddable":true,"href":"https:\/\/www.almega.se\/api\/wp\/v2\/article_type?post=73209"},{"taxonomy":"agreement","embeddable":true,"href":"https:\/\/www.almega.se\/api\/wp\/v2\/agreement?post=73209"}],"curies":[{"name":"wp","href":"https:\/\/api.w.org\/{rel}","templated":true}]}}