{"id":72787,"date":"2024-04-15T09:22:15","date_gmt":"2024-04-15T07:22:15","guid":{"rendered":"https:\/\/www.almega.se\/2024\/04\/almega-om-varbudgeten-sverige-behover-langsiktiga-reformer-for-tillvaxt-inte-kortsiktiga-insatser\/"},"modified":"2024-04-23T13:47:52","modified_gmt":"2024-04-23T11:47:52","slug":"almega-om-varbudgeten-sverige-behover-langsiktiga-reformer-for-tillvaxt-inte-kortsiktiga-insatser","status":"publish","type":"post","link":"https:\/\/www.almega.se\/2024\/04\/almega-om-varbudgeten-sverige-behover-langsiktiga-reformer-for-tillvaxt-inte-kortsiktiga-insatser\/","title":{"rendered":"Almega om v\u00e5rbudgeten: Sverige beh\u00f6ver l\u00e5ngsiktiga reformer f\u00f6r tillv\u00e4xt, inte kortsiktiga insatser"},"content":{"rendered":"<p class=\"intro\">I dag presenterade regeringen sin ekonomiska v\u00e5rproposition, inklusive v\u00e5r\u00e4ndringsbudgeten. \u00c4ven denna g\u00e5ng utan n\u00e5gra l\u00e5ngsiktiga strukturreformer. \u201cSverige halkar efter. Vi vill se reformf\u00f6rslag som st\u00e4rker tillv\u00e4xten och ger f\u00f6ruts\u00e4ttningar f\u00f6r jobb och f\u00f6retagande\u201d, s\u00e4ger Fredrik \u00d6stbom, n\u00e4ringspolitisk chef p\u00e5 Almega.<\/p>\n\n<p>\u2013 Vissa skrivningar i v\u00e5rpropositionen \u00e4r bra, som att regeringen kommer forts\u00e4tta \u00e5teruppr\u00e4tta arbetslinjen genom ytterligare s\u00e4nkt skatt p\u00e5 arbete och att det bara \u00e4r genom \u00f6kad tillv\u00e4xt som vi kan m\u00f6te de stora resursbehov vi har framf\u00f6r oss. Dock f\u00e5r vi v\u00e4nta till h\u00f6stbudgeten innan de konkreta f\u00f6rslagen kommer, s\u00e4ger <strong>Fredrik \u00d6stbom<\/strong>, n\u00e4ringspolitisk chef p\u00e5 Almega.<\/p>\n\n\n\n<p>Enligt Almegas genomg\u00e5ng av v\u00e5rbudgeten genomsyras den av en f\u00f6rsiktighet kring satsningar och visioner f\u00f6r att fr\u00e4mja Sveriges tillv\u00e4xt och \u00f6ka drivkrafterna f\u00f6r jobb och f\u00f6retagande.<\/p>\n\n\n\n<p>\u2013 Det \u00e4r bekymmersamt att regeringen inte presenterar n\u00e5gra l\u00e5ngsiktiga reformer f\u00f6r att minska de h\u00f6ga kostnaderna f\u00f6r att anst\u00e4lla personal, trots att vi vet att Sverige har bland Europas h\u00f6gsta arbetsgivaravgifter, s\u00e4ger Fredrik \u00d6stbom.<\/p>\n\n\n\n<p>Tillv\u00e4xten i Sverige, som varit svag sedan finanskrisen, v\u00e4ntas i \u00e5r bli l\u00e4gst i hela EU. Efter att inte haft full syssels\u00e4ttning p\u00e5 30 \u00e5r, \u00e4r den svenska arbetsl\u00f6sheten EU:s tredje h\u00f6gsta. Och i OECD:s v\u00e4lst\u00e5ndsliga har Sverige halkat ned fr\u00e5n fj\u00e4rde till tolfte plats, den l\u00e4gsta placeringen hittills.<\/p>\n\n\n\n<p>\u2013 Om Sverige \u00e4ven forts\u00e4ttningsvis ska vara ett f\u00f6reg\u00e5ngsland kr\u00e4vs det b\u00e5de politisk vilja och en betydligt h\u00f6gre reformtakt. Sverige tappar mark, men tyv\u00e4rr \u00e4r det lite i regeringens v\u00e5rproposition som tyder p\u00e5 att de ens f\u00f6rs\u00f6ker v\u00e4nda utvecklingen. Sverige kan inte v\u00e4nta, och det borde inte heller regeringen g\u00f6ra, s\u00e4ger Fredrik \u00d6stbom.<\/p>\n","protected":false},"excerpt":{"rendered":"<p>I dag presenterade regeringen sin ekonomiska v\u00e5rproposition, inklusive v\u00e5r\u00e4ndringsbudgeten. \u00c4ven denna g\u00e5ng utan n\u00e5gra l\u00e5ngsiktiga strukturreformer. \u201cSverige halkar efter. Vi vill se reformf\u00f6rslag som st\u00e4rker tillv\u00e4xten och ger f\u00f6ruts\u00e4ttningar f\u00f6r jobb och f\u00f6retagande\u201d, s\u00e4ger Fredrik \u00d6stbom, n\u00e4ringspolitisk chef p\u00e5 Almega.<\/p>\n","protected":false},"author":14531,"featured_media":72788,"comment_status":"closed","ping_status":"closed","sticky":false,"template":"","format":"standard","meta":{"_acf_changed":false,"footnotes":""},"categories":[64,419,630,581],"tags":[],"article_type":[56,93],"agreement":[],"class_list":["post-72787","post","type-post","status-publish","format-standard","has-post-thumbnail","hentry","category-arbetsmarknad","category-kompetensforsorjning","category-konjunktur","category-tjanstesektorns-betydelse","type-nyheter","type-pressmeddelanden"],"acf":[],"yoast_head":"<!-- This site is optimized with the Yoast SEO Premium plugin v26.8 (Yoast SEO v26.8) - https:\/\/yoast.com\/product\/yoast-seo-premium-wordpress\/ -->\n<title>Almega om v\u00e5rbudgeten: Sverige beh\u00f6ver l\u00e5ngsiktiga reformer f\u00f6r tillv\u00e4xt, inte kortsiktiga insatser | Almega<\/title>\n<meta name=\"robots\" content=\"index, follow, max-snippet:-1, max-image-preview:large, max-video-preview:-1\" \/>\n<link rel=\"canonical\" href=\"https:\/\/www.almega.se\/2024\/04\/almega-om-varbudgeten-sverige-behover-langsiktiga-reformer-for-tillvaxt-inte-kortsiktiga-insatser\/\" \/>\n<meta property=\"og:locale\" content=\"sv_SE\" \/>\n<meta property=\"og:type\" content=\"article\" \/>\n<meta property=\"og:title\" content=\"Almega om v\u00e5rbudgeten: Sverige beh\u00f6ver l\u00e5ngsiktiga reformer f\u00f6r tillv\u00e4xt, inte kortsiktiga insatser\" \/>\n<meta property=\"og:description\" content=\"I dag presenterade regeringen sin ekonomiska v\u00e5rproposition, inklusive v\u00e5r\u00e4ndringsbudgeten. \u00c4ven denna g\u00e5ng utan n\u00e5gra l\u00e5ngsiktiga strukturreformer. \u201cSverige halkar efter. Vi vill se reformf\u00f6rslag som st\u00e4rker tillv\u00e4xten och ger f\u00f6ruts\u00e4ttningar f\u00f6r jobb och f\u00f6retagande\u201d, s\u00e4ger Fredrik \u00d6stbom, n\u00e4ringspolitisk chef p\u00e5 Almega.\" \/>\n<meta property=\"og:url\" content=\"https:\/\/www.almega.se\/2024\/04\/almega-om-varbudgeten-sverige-behover-langsiktiga-reformer-for-tillvaxt-inte-kortsiktiga-insatser\/\" \/>\n<meta property=\"og:site_name\" content=\"Almega\" \/>\n<meta property=\"article:published_time\" content=\"2024-04-15T07:22:15+00:00\" \/>\n<meta property=\"article:modified_time\" content=\"2024-04-23T11:47:52+00:00\" \/>\n<meta property=\"og:image\" content=\"https:\/\/www.almega.se\/app\/uploads\/2024\/04\/26a42746-16c0-43dd-9f81-2d4c94aa640e-1180x787.jpg\" \/>\n\t<meta property=\"og:image:width\" content=\"1180\" \/>\n\t<meta property=\"og:image:height\" content=\"787\" \/>\n\t<meta property=\"og:image:type\" content=\"image\/jpeg\" \/>\n<meta name=\"author\" content=\"Karin Nyg\u00e5rd\" \/>\n<meta name=\"twitter:card\" content=\"summary_large_image\" \/>\n<meta name=\"twitter:label1\" content=\"Skriven av\" \/>\n\t<meta name=\"twitter:data1\" content=\"Karin Nyg\u00e5rd\" \/>\n\t<meta name=\"twitter:label2\" content=\"Ber\u00e4knad l\u00e4stid\" \/>\n\t<meta name=\"twitter:data2\" content=\"2 minuter\" \/>\n<!-- \/ Yoast SEO Premium plugin. -->","yoast_head_json":{"title":"Almega om v\u00e5rbudgeten: Sverige beh\u00f6ver l\u00e5ngsiktiga reformer f\u00f6r tillv\u00e4xt, inte kortsiktiga insatser | Almega","robots":{"index":"index","follow":"follow","max-snippet":"max-snippet:-1","max-image-preview":"max-image-preview:large","max-video-preview":"max-video-preview:-1"},"canonical":"https:\/\/www.almega.se\/2024\/04\/almega-om-varbudgeten-sverige-behover-langsiktiga-reformer-for-tillvaxt-inte-kortsiktiga-insatser\/","og_locale":"sv_SE","og_type":"article","og_title":"Almega om v\u00e5rbudgeten: Sverige beh\u00f6ver l\u00e5ngsiktiga reformer f\u00f6r tillv\u00e4xt, inte kortsiktiga insatser","og_description":"I dag presenterade regeringen sin ekonomiska v\u00e5rproposition, inklusive v\u00e5r\u00e4ndringsbudgeten. \u00c4ven denna g\u00e5ng utan n\u00e5gra l\u00e5ngsiktiga strukturreformer. \u201cSverige halkar efter. Vi vill se reformf\u00f6rslag som st\u00e4rker tillv\u00e4xten och ger f\u00f6ruts\u00e4ttningar f\u00f6r jobb och f\u00f6retagande\u201d, s\u00e4ger Fredrik \u00d6stbom, n\u00e4ringspolitisk chef p\u00e5 Almega.","og_url":"https:\/\/www.almega.se\/2024\/04\/almega-om-varbudgeten-sverige-behover-langsiktiga-reformer-for-tillvaxt-inte-kortsiktiga-insatser\/","og_site_name":"Almega","article_published_time":"2024-04-15T07:22:15+00:00","article_modified_time":"2024-04-23T11:47:52+00:00","og_image":[{"width":1180,"height":787,"url":"https:\/\/www.almega.se\/app\/uploads\/2024\/04\/26a42746-16c0-43dd-9f81-2d4c94aa640e-1180x787.jpg","type":"image\/jpeg"}],"author":"Karin Nyg\u00e5rd","twitter_card":"summary_large_image","twitter_misc":{"Skriven av":"Karin Nyg\u00e5rd","Ber\u00e4knad l\u00e4stid":"2 minuter"},"schema":{"@context":"https:\/\/schema.org","@graph":[{"@type":"NewsArticle","@id":"https:\/\/www.almega.se\/2024\/04\/almega-om-varbudgeten-sverige-behover-langsiktiga-reformer-for-tillvaxt-inte-kortsiktiga-insatser\/#article","isPartOf":{"@id":"https:\/\/www.almega.se\/2024\/04\/almega-om-varbudgeten-sverige-behover-langsiktiga-reformer-for-tillvaxt-inte-kortsiktiga-insatser\/"},"author":{"name":"Karin Nyg\u00e5rd","@id":"https:\/\/www.almega.se\/#\/schema\/person\/eae58f3a71d6b7aa9f71f3139a740a02"},"headline":"Almega om v\u00e5rbudgeten: Sverige beh\u00f6ver l\u00e5ngsiktiga reformer f\u00f6r tillv\u00e4xt, inte kortsiktiga insatser","datePublished":"2024-04-15T07:22:15+00:00","dateModified":"2024-04-23T11:47:52+00:00","mainEntityOfPage":{"@id":"https:\/\/www.almega.se\/2024\/04\/almega-om-varbudgeten-sverige-behover-langsiktiga-reformer-for-tillvaxt-inte-kortsiktiga-insatser\/"},"wordCount":289,"image":{"@id":"https:\/\/www.almega.se\/2024\/04\/almega-om-varbudgeten-sverige-behover-langsiktiga-reformer-for-tillvaxt-inte-kortsiktiga-insatser\/#primaryimage"},"thumbnailUrl":"https:\/\/www.almega.se\/app\/uploads\/2024\/04\/26a42746-16c0-43dd-9f81-2d4c94aa640e.jpg","articleSection":["Arbetsmarknad","Kompetensf\u00f6rs\u00f6rjning","Konjunktur","Tj\u00e4nstesektorns betydelse"],"inLanguage":"sv-SE"},{"@type":"WebPage","@id":"https:\/\/www.almega.se\/2024\/04\/almega-om-varbudgeten-sverige-behover-langsiktiga-reformer-for-tillvaxt-inte-kortsiktiga-insatser\/","url":"https:\/\/www.almega.se\/2024\/04\/almega-om-varbudgeten-sverige-behover-langsiktiga-reformer-for-tillvaxt-inte-kortsiktiga-insatser\/","name":"Almega om v\u00e5rbudgeten: Sverige beh\u00f6ver l\u00e5ngsiktiga reformer f\u00f6r tillv\u00e4xt, inte kortsiktiga insatser | Almega","isPartOf":{"@id":"https:\/\/www.almega.se\/#website"},"primaryImageOfPage":{"@id":"https:\/\/www.almega.se\/2024\/04\/almega-om-varbudgeten-sverige-behover-langsiktiga-reformer-for-tillvaxt-inte-kortsiktiga-insatser\/#primaryimage"},"image":{"@id":"https:\/\/www.almega.se\/2024\/04\/almega-om-varbudgeten-sverige-behover-langsiktiga-reformer-for-tillvaxt-inte-kortsiktiga-insatser\/#primaryimage"},"thumbnailUrl":"https:\/\/www.almega.se\/app\/uploads\/2024\/04\/26a42746-16c0-43dd-9f81-2d4c94aa640e.jpg","datePublished":"2024-04-15T07:22:15+00:00","dateModified":"2024-04-23T11:47:52+00:00","author":{"@id":"https:\/\/www.almega.se\/#\/schema\/person\/eae58f3a71d6b7aa9f71f3139a740a02"},"breadcrumb":{"@id":"https:\/\/www.almega.se\/2024\/04\/almega-om-varbudgeten-sverige-behover-langsiktiga-reformer-for-tillvaxt-inte-kortsiktiga-insatser\/#breadcrumb"},"inLanguage":"sv-SE","potentialAction":[{"@type":"ReadAction","target":["https:\/\/www.almega.se\/2024\/04\/almega-om-varbudgeten-sverige-behover-langsiktiga-reformer-for-tillvaxt-inte-kortsiktiga-insatser\/"]}]},{"@type":"ImageObject","inLanguage":"sv-SE","@id":"https:\/\/www.almega.se\/2024\/04\/almega-om-varbudgeten-sverige-behover-langsiktiga-reformer-for-tillvaxt-inte-kortsiktiga-insatser\/#primaryimage","url":"https:\/\/www.almega.se\/app\/uploads\/2024\/04\/26a42746-16c0-43dd-9f81-2d4c94aa640e.jpg","contentUrl":"https:\/\/www.almega.se\/app\/uploads\/2024\/04\/26a42746-16c0-43dd-9f81-2d4c94aa640e.jpg","width":8256,"height":5504,"caption":"Fredrik \u00d6stbom, n\u00e4ringspolitisk chef p\u00e5 Almega."},{"@type":"BreadcrumbList","@id":"https:\/\/www.almega.se\/2024\/04\/almega-om-varbudgeten-sverige-behover-langsiktiga-reformer-for-tillvaxt-inte-kortsiktiga-insatser\/#breadcrumb","itemListElement":[{"@type":"ListItem","position":1,"name":"Home","item":"https:\/\/www.almega.se\/"},{"@type":"ListItem","position":2,"name":"Almega om v\u00e5rbudgeten: Sverige beh\u00f6ver l\u00e5ngsiktiga reformer f\u00f6r tillv\u00e4xt, inte kortsiktiga insatser"}]},{"@type":"WebSite","@id":"https:\/\/www.almega.se\/#website","url":"https:\/\/www.almega.se\/","name":"Almega","description":"","potentialAction":[{"@type":"SearchAction","target":{"@type":"EntryPoint","urlTemplate":"https:\/\/www.almega.se\/?s={search_term_string}"},"query-input":{"@type":"PropertyValueSpecification","valueRequired":true,"valueName":"search_term_string"}}],"inLanguage":"sv-SE"},{"@type":"Person","@id":"https:\/\/www.almega.se\/#\/schema\/person\/eae58f3a71d6b7aa9f71f3139a740a02","name":"Karin Nyg\u00e5rd","image":{"@type":"ImageObject","inLanguage":"sv-SE","@id":"https:\/\/www.almega.se\/#\/schema\/person\/image\/","url":"https:\/\/secure.gravatar.com\/avatar\/09e5ec3d12974ae686ad90a0a4bf5404c8a4cfdca18f97124f166ab274023818?s=96&d=mm&r=g","contentUrl":"https:\/\/secure.gravatar.com\/avatar\/09e5ec3d12974ae686ad90a0a4bf5404c8a4cfdca18f97124f166ab274023818?s=96&d=mm&r=g","caption":"Karin Nyg\u00e5rd"},"description":"Produkt\u00e4gare Almega.se, samordnar webbutveckling och utveckling av Arbetsgivarguiden.se","url":"https:\/\/www.almega.se\/person\/karinnygard\/"}]}},"_links":{"self":[{"href":"https:\/\/www.almega.se\/api\/wp\/v2\/posts\/72787","targetHints":{"allow":["GET"]}}],"collection":[{"href":"https:\/\/www.almega.se\/api\/wp\/v2\/posts"}],"about":[{"href":"https:\/\/www.almega.se\/api\/wp\/v2\/types\/post"}],"author":[{"embeddable":true,"href":"https:\/\/www.almega.se\/api\/wp\/v2\/users\/14531"}],"replies":[{"embeddable":true,"href":"https:\/\/www.almega.se\/api\/wp\/v2\/comments?post=72787"}],"version-history":[{"count":4,"href":"https:\/\/www.almega.se\/api\/wp\/v2\/posts\/72787\/revisions"}],"predecessor-version":[{"id":73181,"href":"https:\/\/www.almega.se\/api\/wp\/v2\/posts\/72787\/revisions\/73181"}],"wp:featuredmedia":[{"embeddable":true,"href":"https:\/\/www.almega.se\/api\/wp\/v2\/media\/72788"}],"wp:attachment":[{"href":"https:\/\/www.almega.se\/api\/wp\/v2\/media?parent=72787"}],"wp:term":[{"taxonomy":"category","embeddable":true,"href":"https:\/\/www.almega.se\/api\/wp\/v2\/categories?post=72787"},{"taxonomy":"post_tag","embeddable":true,"href":"https:\/\/www.almega.se\/api\/wp\/v2\/tags?post=72787"},{"taxonomy":"type","embeddable":true,"href":"https:\/\/www.almega.se\/api\/wp\/v2\/article_type?post=72787"},{"taxonomy":"agreement","embeddable":true,"href":"https:\/\/www.almega.se\/api\/wp\/v2\/agreement?post=72787"}],"curies":[{"name":"wp","href":"https:\/\/api.w.org\/{rel}","templated":true}]}}