{"id":72719,"date":"2024-04-12T06:00:00","date_gmt":"2024-04-12T04:00:00","guid":{"rendered":"https:\/\/www.almega.se\/?p=72719"},"modified":"2024-04-18T16:05:56","modified_gmt":"2024-04-18T14:05:56","slug":"almega-i-altinget-moderaterna-maste-inse-att-okande-valstand-inte-ar-nagon-naturlag","status":"publish","type":"post","link":"https:\/\/www.almega.se\/2024\/04\/almega-i-altinget-moderaterna-maste-inse-att-okande-valstand-inte-ar-nagon-naturlag\/","title":{"rendered":"Almega i Altinget: &#8221;Moderaterna m\u00e5ste inse att \u00f6kande v\u00e4lst\u00e5nd inte \u00e4r n\u00e5gon naturlag&#8221;"},"content":{"rendered":"<p class=\"intro\">Regeringen beh\u00f6ver bedriva en mer expansiv finanspolitik f\u00f6r att stimulera ekonomin p\u00e5 s\u00e5v\u00e4l kort som l\u00e5ng sikt. Det skriver Fredrik \u00d6stbom och Fredrik Segerfeldt, Almega i en debattartikel.<\/p>\n\n<p>Precis som att l\u00f6sningarna p\u00e5 m\u00e5nga samh\u00e4llsproblem \u00e5terfinns inom tj\u00e4nstesektorn kan tj\u00e4nstef\u00f6retagen avhj\u00e4lpa \u00e4ven denna situation. Tj\u00e4nstef\u00f6retagen skapar fyra av fem jobb i n\u00e4ringslivet. Det \u00e4r tj\u00e4nstef\u00f6retagen som ger unga och nya svenskar deras f\u00f6rsta jobb. Tj\u00e4nstesektorn \u00e4r Sveriges tillv\u00e4xtmotor. Den \u00e4r redo att investera, anst\u00e4lla fler och bidra till att f\u00e5 hjulen att snurra igen, men ett antal hinder h\u00e5ller f\u00f6retagen tillbaka.<\/p>\n\n\n\n<p>Riksbanken har signalerat att repor\u00e4ntan kan s\u00e4nkas innan sommaren om den positiva inflationsutvecklingen forts\u00e4tter, d\u00e5 kan \u00e4ven regeringen sl\u00e4ppa fokus p\u00e5 att inte elda p\u00e5 inflationen. Regeringen kan d\u00e4rmed bedriva en mer expansiv finanspolitik f\u00f6r att stimulera ekonomin p\u00e5 s\u00e5v\u00e4l kort som l\u00e5ng sikt.<\/p>\n\n\n\n<p>Almega har i en<a href=\"https:\/\/www.altinget.se\/rikspolitik\/artikel\/moderaterna-maaste-inse-att-okande-valstaand-inte-ar-naagon-naturlag\"> debattartikel p\u00e5 Altinget.se<\/a> identifierat tre omr\u00e5den d\u00e4r det beh\u00f6vs reformer som f\u00f6rb\u00e4ttrar villkoren f\u00f6r tj\u00e4nstef\u00f6retagen, s\u00e4krar tillv\u00e4xten och \u00f6kar v\u00e4lst\u00e5ndet i hela Sverige.<\/p>\n\n\n\n      <a href=\"https:\/\/www.altinget.se\/rikspolitik\/artikel\/moderaterna-maaste-inse-att-okande-valstaand-inte-ar-naagon-naturlag\" target=\"\" class=\"Button is-text Button--external-link\">\n      \n        L\u00e4s hela debattartikeln p\u00e5 Altinget.se\n      \n      \n                <svg class='icon icon--external-link'  width=\"16\" height=\"16\" viewBox=\"0 0 16 16\" fill=\"none\" xmlns=\"http:\/\/www.w3.org\/2000\/svg\">\n<path d=\"M9 1H15V7\" stroke=\"black\" stroke-width=\"2\" stroke-miterlimit=\"10\"\/>\n<path d=\"M5 2H1V15H14V11\" stroke=\"black\" stroke-width=\"2\" stroke-miterlimit=\"10\"\/>\n<path d=\"M15 1L6 10\" stroke=\"black\" stroke-width=\"2\" stroke-miterlimit=\"10\"\/>\n<\/svg>\n\n        \n    <\/a>\n  \n\n\n\n<p><\/p>\n","protected":false},"excerpt":{"rendered":"<p>Precis som att l\u00f6sningarna p\u00e5 m\u00e5nga samh\u00e4llsproblem \u00e5terfinns inom tj\u00e4nstesektorn kan tj\u00e4nstef\u00f6retagen avhj\u00e4lpa \u00e4ven denna situation. Tj\u00e4nstef\u00f6retagen skapar fyra av fem jobb i n\u00e4ringslivet. Det \u00e4r tj\u00e4nstef\u00f6retagen som ger unga och nya svenskar deras f\u00f6rsta &hellip;<\/p>\n","protected":false},"author":16543,"featured_media":72723,"comment_status":"closed","ping_status":"closed","sticky":false,"template":"","format":"standard","meta":{"_acf_changed":false,"footnotes":""},"categories":[630],"tags":[],"article_type":[49,56],"agreement":[],"class_list":["post-72719","post","type-post","status-publish","format-standard","has-post-thumbnail","hentry","category-konjunktur","type-debattartiklar","type-nyheter"],"acf":[],"yoast_head":"<!-- This site is optimized with the Yoast SEO Premium plugin v26.8 (Yoast SEO v26.8) - https:\/\/yoast.com\/product\/yoast-seo-premium-wordpress\/ -->\n<title>Almega i Altinget: &quot;Moderaterna m\u00e5ste inse att \u00f6kande v\u00e4lst\u00e5nd inte \u00e4r n\u00e5gon naturlag&quot; | Almega<\/title>\n<meta name=\"robots\" content=\"index, follow, max-snippet:-1, max-image-preview:large, max-video-preview:-1\" \/>\n<link rel=\"canonical\" href=\"https:\/\/www.almega.se\/2024\/04\/almega-i-altinget-moderaterna-maste-inse-att-okande-valstand-inte-ar-nagon-naturlag\/\" \/>\n<meta property=\"og:locale\" content=\"sv_SE\" \/>\n<meta property=\"og:type\" content=\"article\" \/>\n<meta property=\"og:title\" content=\"Almega i Altinget: &quot;Moderaterna m\u00e5ste inse att \u00f6kande v\u00e4lst\u00e5nd inte \u00e4r n\u00e5gon naturlag&quot;\" \/>\n<meta property=\"og:description\" content=\"Precis som att l\u00f6sningarna p\u00e5 m\u00e5nga samh\u00e4llsproblem \u00e5terfinns inom tj\u00e4nstesektorn kan tj\u00e4nstef\u00f6retagen avhj\u00e4lpa \u00e4ven denna situation. Tj\u00e4nstef\u00f6retagen skapar fyra av fem jobb i n\u00e4ringslivet. Det \u00e4r tj\u00e4nstef\u00f6retagen som ger unga och nya svenskar deras f\u00f6rsta &hellip;\" \/>\n<meta property=\"og:url\" content=\"https:\/\/www.almega.se\/2024\/04\/almega-i-altinget-moderaterna-maste-inse-att-okande-valstand-inte-ar-nagon-naturlag\/\" \/>\n<meta property=\"og:site_name\" content=\"Almega\" \/>\n<meta property=\"article:published_time\" content=\"2024-04-12T04:00:00+00:00\" \/>\n<meta property=\"article:modified_time\" content=\"2024-04-18T14:05:56+00:00\" \/>\n<meta property=\"og:image\" content=\"https:\/\/www.almega.se\/app\/uploads\/2024\/04\/altinget-M.png\" \/>\n\t<meta property=\"og:image:width\" content=\"940\" \/>\n\t<meta property=\"og:image:height\" content=\"788\" \/>\n\t<meta property=\"og:image:type\" content=\"image\/png\" \/>\n<meta name=\"author\" content=\"R\u00e9ka Tolnai\" \/>\n<meta name=\"twitter:card\" content=\"summary_large_image\" \/>\n<meta name=\"twitter:label1\" content=\"Skriven av\" \/>\n\t<meta name=\"twitter:data1\" content=\"R\u00e9ka Tolnai\" \/>\n\t<meta name=\"twitter:label2\" content=\"Ber\u00e4knad l\u00e4stid\" \/>\n\t<meta name=\"twitter:data2\" content=\"1 minut\" \/>\n<!-- \/ Yoast SEO Premium plugin. -->","yoast_head_json":{"title":"Almega i Altinget: \"Moderaterna m\u00e5ste inse att \u00f6kande v\u00e4lst\u00e5nd inte \u00e4r n\u00e5gon naturlag\" | Almega","robots":{"index":"index","follow":"follow","max-snippet":"max-snippet:-1","max-image-preview":"max-image-preview:large","max-video-preview":"max-video-preview:-1"},"canonical":"https:\/\/www.almega.se\/2024\/04\/almega-i-altinget-moderaterna-maste-inse-att-okande-valstand-inte-ar-nagon-naturlag\/","og_locale":"sv_SE","og_type":"article","og_title":"Almega i Altinget: \"Moderaterna m\u00e5ste inse att \u00f6kande v\u00e4lst\u00e5nd inte \u00e4r n\u00e5gon naturlag\"","og_description":"Precis som att l\u00f6sningarna p\u00e5 m\u00e5nga samh\u00e4llsproblem \u00e5terfinns inom tj\u00e4nstesektorn kan tj\u00e4nstef\u00f6retagen avhj\u00e4lpa \u00e4ven denna situation. Tj\u00e4nstef\u00f6retagen skapar fyra av fem jobb i n\u00e4ringslivet. Det \u00e4r tj\u00e4nstef\u00f6retagen som ger unga och nya svenskar deras f\u00f6rsta &hellip;","og_url":"https:\/\/www.almega.se\/2024\/04\/almega-i-altinget-moderaterna-maste-inse-att-okande-valstand-inte-ar-nagon-naturlag\/","og_site_name":"Almega","article_published_time":"2024-04-12T04:00:00+00:00","article_modified_time":"2024-04-18T14:05:56+00:00","og_image":[{"width":940,"height":788,"url":"https:\/\/www.almega.se\/app\/uploads\/2024\/04\/altinget-M.png","type":"image\/png"}],"author":"R\u00e9ka Tolnai","twitter_card":"summary_large_image","twitter_misc":{"Skriven av":"R\u00e9ka Tolnai","Ber\u00e4knad l\u00e4stid":"1 minut"},"schema":{"@context":"https:\/\/schema.org","@graph":[{"@type":"NewsArticle","@id":"https:\/\/www.almega.se\/2024\/04\/almega-i-altinget-moderaterna-maste-inse-att-okande-valstand-inte-ar-nagon-naturlag\/#article","isPartOf":{"@id":"https:\/\/www.almega.se\/2024\/04\/almega-i-altinget-moderaterna-maste-inse-att-okande-valstand-inte-ar-nagon-naturlag\/"},"author":{"name":"R\u00e9ka Tolnai","@id":"https:\/\/www.almega.se\/#\/schema\/person\/e54aa110880538cf5ceac0ac54bbecf7"},"headline":"Almega i Altinget: &#8221;Moderaterna m\u00e5ste inse att \u00f6kande v\u00e4lst\u00e5nd inte \u00e4r n\u00e5gon naturlag&#8221;","datePublished":"2024-04-12T04:00:00+00:00","dateModified":"2024-04-18T14:05:56+00:00","mainEntityOfPage":{"@id":"https:\/\/www.almega.se\/2024\/04\/almega-i-altinget-moderaterna-maste-inse-att-okande-valstand-inte-ar-nagon-naturlag\/"},"wordCount":191,"image":{"@id":"https:\/\/www.almega.se\/2024\/04\/almega-i-altinget-moderaterna-maste-inse-att-okande-valstand-inte-ar-nagon-naturlag\/#primaryimage"},"thumbnailUrl":"https:\/\/www.almega.se\/app\/uploads\/2024\/04\/altinget-M.png","articleSection":["Konjunktur"],"inLanguage":"sv-SE"},{"@type":"WebPage","@id":"https:\/\/www.almega.se\/2024\/04\/almega-i-altinget-moderaterna-maste-inse-att-okande-valstand-inte-ar-nagon-naturlag\/","url":"https:\/\/www.almega.se\/2024\/04\/almega-i-altinget-moderaterna-maste-inse-att-okande-valstand-inte-ar-nagon-naturlag\/","name":"Almega i Altinget: \"Moderaterna m\u00e5ste inse att \u00f6kande v\u00e4lst\u00e5nd inte \u00e4r n\u00e5gon naturlag\" | Almega","isPartOf":{"@id":"https:\/\/www.almega.se\/#website"},"primaryImageOfPage":{"@id":"https:\/\/www.almega.se\/2024\/04\/almega-i-altinget-moderaterna-maste-inse-att-okande-valstand-inte-ar-nagon-naturlag\/#primaryimage"},"image":{"@id":"https:\/\/www.almega.se\/2024\/04\/almega-i-altinget-moderaterna-maste-inse-att-okande-valstand-inte-ar-nagon-naturlag\/#primaryimage"},"thumbnailUrl":"https:\/\/www.almega.se\/app\/uploads\/2024\/04\/altinget-M.png","datePublished":"2024-04-12T04:00:00+00:00","dateModified":"2024-04-18T14:05:56+00:00","author":{"@id":"https:\/\/www.almega.se\/#\/schema\/person\/e54aa110880538cf5ceac0ac54bbecf7"},"breadcrumb":{"@id":"https:\/\/www.almega.se\/2024\/04\/almega-i-altinget-moderaterna-maste-inse-att-okande-valstand-inte-ar-nagon-naturlag\/#breadcrumb"},"inLanguage":"sv-SE","potentialAction":[{"@type":"ReadAction","target":["https:\/\/www.almega.se\/2024\/04\/almega-i-altinget-moderaterna-maste-inse-att-okande-valstand-inte-ar-nagon-naturlag\/"]}]},{"@type":"ImageObject","inLanguage":"sv-SE","@id":"https:\/\/www.almega.se\/2024\/04\/almega-i-altinget-moderaterna-maste-inse-att-okande-valstand-inte-ar-nagon-naturlag\/#primaryimage","url":"https:\/\/www.almega.se\/app\/uploads\/2024\/04\/altinget-M.png","contentUrl":"https:\/\/www.almega.se\/app\/uploads\/2024\/04\/altinget-M.png","width":940,"height":788},{"@type":"BreadcrumbList","@id":"https:\/\/www.almega.se\/2024\/04\/almega-i-altinget-moderaterna-maste-inse-att-okande-valstand-inte-ar-nagon-naturlag\/#breadcrumb","itemListElement":[{"@type":"ListItem","position":1,"name":"Home","item":"https:\/\/www.almega.se\/"},{"@type":"ListItem","position":2,"name":"Almega i Altinget: &#8221;Moderaterna m\u00e5ste inse att \u00f6kande v\u00e4lst\u00e5nd inte \u00e4r n\u00e5gon naturlag&#8221;"}]},{"@type":"WebSite","@id":"https:\/\/www.almega.se\/#website","url":"https:\/\/www.almega.se\/","name":"Almega","description":"","potentialAction":[{"@type":"SearchAction","target":{"@type":"EntryPoint","urlTemplate":"https:\/\/www.almega.se\/?s={search_term_string}"},"query-input":{"@type":"PropertyValueSpecification","valueRequired":true,"valueName":"search_term_string"}}],"inLanguage":"sv-SE"},{"@type":"Person","@id":"https:\/\/www.almega.se\/#\/schema\/person\/e54aa110880538cf5ceac0ac54bbecf7","name":"R\u00e9ka Tolnai","image":{"@type":"ImageObject","inLanguage":"sv-SE","@id":"https:\/\/www.almega.se\/#\/schema\/person\/image\/","url":"https:\/\/secure.gravatar.com\/avatar\/c722d4a4ee787603df9df499a683d681bd2c463bde248da25aabc45883d614d2?s=96&d=mm&r=g","contentUrl":"https:\/\/secure.gravatar.com\/avatar\/c722d4a4ee787603df9df499a683d681bd2c463bde248da25aabc45883d614d2?s=96&d=mm&r=g","caption":"R\u00e9ka Tolnai"},"url":"https:\/\/www.almega.se\/person\/rekatolnai\/"}]}},"_links":{"self":[{"href":"https:\/\/www.almega.se\/api\/wp\/v2\/posts\/72719","targetHints":{"allow":["GET"]}}],"collection":[{"href":"https:\/\/www.almega.se\/api\/wp\/v2\/posts"}],"about":[{"href":"https:\/\/www.almega.se\/api\/wp\/v2\/types\/post"}],"author":[{"embeddable":true,"href":"https:\/\/www.almega.se\/api\/wp\/v2\/users\/16543"}],"replies":[{"embeddable":true,"href":"https:\/\/www.almega.se\/api\/wp\/v2\/comments?post=72719"}],"version-history":[{"count":12,"href":"https:\/\/www.almega.se\/api\/wp\/v2\/posts\/72719\/revisions"}],"predecessor-version":[{"id":72775,"href":"https:\/\/www.almega.se\/api\/wp\/v2\/posts\/72719\/revisions\/72775"}],"wp:featuredmedia":[{"embeddable":true,"href":"https:\/\/www.almega.se\/api\/wp\/v2\/media\/72723"}],"wp:attachment":[{"href":"https:\/\/www.almega.se\/api\/wp\/v2\/media?parent=72719"}],"wp:term":[{"taxonomy":"category","embeddable":true,"href":"https:\/\/www.almega.se\/api\/wp\/v2\/categories?post=72719"},{"taxonomy":"post_tag","embeddable":true,"href":"https:\/\/www.almega.se\/api\/wp\/v2\/tags?post=72719"},{"taxonomy":"type","embeddable":true,"href":"https:\/\/www.almega.se\/api\/wp\/v2\/article_type?post=72719"},{"taxonomy":"agreement","embeddable":true,"href":"https:\/\/www.almega.se\/api\/wp\/v2\/agreement?post=72719"}],"curies":[{"name":"wp","href":"https:\/\/api.w.org\/{rel}","templated":true}]}}