{"id":7248,"date":"2013-06-24T12:00:00","date_gmt":"2013-06-24T12:00:00","guid":{"rendered":"http:\/\/almega-bento\/wp\/blog\/2013\/06\/24\/nytt-avtal-for-banarbetare-vid-landets-travbanor\/"},"modified":"2013-06-24T12:00:00","modified_gmt":"2013-06-24T12:00:00","slug":"nytt-avtal-for-banarbetare-vid-landets-travbanor","status":"publish","type":"post","link":"https:\/\/www.almega.se\/2013\/06\/nytt-avtal-for-banarbetare-vid-landets-travbanor\/","title":{"rendered":"Nytt avtal f\u00f6r banarbetare vid landets Travbanor"},"content":{"rendered":"\n<p class=\"intro\">Almega Tj\u00e4nstef\u00f6retagen och Kommunal har tr\u00e4ffat ett nytt kollektivavtal f\u00f6r landets travbanor avseende banarbetare f\u00f6r tiden   1 juni 2013 \u2013 30 juni 2016.    Parterna har ocks\u00e5 tr\u00e4ffat \u00f6verenskommelse om l\u00f6ner f\u00f6r landets Travskolor, vilket framg\u00e5r h\u00e4r nedan <\/p>\n<p><strong>L&ouml;ne&ouml;kningar<\/strong><br \/>  Avtalet l&ouml;per p&aring; 37 m&aring;nader och utg&aring;ende l&ouml;ner h&ouml;js under perioden med 1&nbsp;700: &#8211; f&ouml;r en heltidsanst&auml;lld enligt f&ouml;ljande:<\/p>\n<p>1 juni 2013&nbsp;&nbsp;&nbsp;&nbsp;&nbsp;&nbsp;&nbsp;&nbsp; 560: -\/m&aring;n<br \/>  1 juni 2014&nbsp;&nbsp;&nbsp;&nbsp;&nbsp;&nbsp;&nbsp;&nbsp; 560: -\/m&aring;n<br \/>  1 juni 2015&nbsp;&nbsp;&nbsp;&nbsp;&nbsp;&nbsp;&nbsp;&nbsp; 580: -\/m&aring;n<\/p>\n<p>70 % av utg&aring;ende l&ouml;n skall utges generellt och 30 % kan anv&auml;ndas till en pott f&ouml;r individuell f&ouml;rdelning i enlighet med reglerna i l&ouml;nebilagans mom. 2.1.<\/p>\n<p><strong>&Ouml;vriga till&auml;gg<\/strong><br \/>  &Ouml;vriga till&auml;gg, s&aring;som Ob-ers&auml;ttning, semesterl&ouml;negaranti, h&ouml;js enligt f&ouml;ljande:<\/p>\n<p>1 juni 2013&nbsp;&nbsp;&nbsp;&nbsp;&nbsp;&nbsp;&nbsp;&nbsp; 2,2 %<br \/>  1 juni 2014&nbsp;&nbsp;&nbsp;&nbsp;&nbsp;&nbsp;&nbsp;&nbsp; 2,2 %<br \/>  1 juni 2015 &nbsp;&nbsp;&nbsp;&nbsp;&nbsp;&nbsp;&nbsp; 2,4 %<\/p>\n<p><strong>Tariffl&ouml;ner<\/strong><br \/>  Tariffl&ouml;nerna i avtalet &ouml;kas med 70 % av v&auml;rdet av utg&aring;ende l&ouml;n (se ovan) vilket inneb&auml;r att tariffl&ouml;nerna f&ouml;r avtalsperioden blir enligt tabell som du kan l&auml;sa <a href=\"\/app\/uploads\/imported\/Text-AGNyttTravbanor-Travsalls-A.pdf\" title=\"Text_AGNyttTravbanor_Travs\u00e4lls_A.pdf\"><u>h&auml;r.<\/u><\/a><\/p>\n<p>&Ouml;verenskommelsen i sin helhet kan du l&auml;sa <a href=\"\/app\/uploads\/imported\/Banarbetare-vid-travbanor-2013-A.pdf\" title=\"Banarbetare_vid_travbanor_2013_A.pdf\"><u>h&auml;r.<\/u><\/a><\/p>\n<p><strong><u>TRAVSKOLAN<\/u><\/strong><\/p>\n<p>Parterna har tr&auml;ffat avtal om supplement f&ouml;r de som &auml;r anst&auml;llda vid travskolorna, d.v.s. travskoleledare och h&auml;stsk&ouml;tare. Protokoll om detta bifogas <a href=\"\/app\/uploads\/imported\/Travsallskap-Travskolor-2013-A.pdf\" title=\"Travs\u00e4llskap_Travskolor_2013_A.pdf\"><u>h&auml;r.<\/u><\/a><\/p>\n<p><strong>L&ouml;ner f&ouml;r Travskolan<\/strong><\/p>\n<p>F&ouml;r anst&auml;llda vid travskoleverksamheten skall vid varje tidpunkt l&ouml;ner och &ouml;vriga ers&auml;ttningar till&auml;mpas som f&ouml;r h&auml;stsk&ouml;tare hos travtr&auml;nare.<\/p>\n<p>Instrukt&ouml;rstill&auml;gg<strong> <\/strong>per 60-minuters lektion utg&aring;r f&ouml;r anst&auml;llda vid travskoleverksamheten i enlighet med avtalet f&ouml;r Ridhusverksamhet&nbsp;<\/p>\n<p>F&ouml;r anst&auml;lld med l&auml;gre syssels&auml;ttningsgrad ska beloppet proportioneras i f&ouml;rh&aring;llande till syssels&auml;ttningsgraden.<\/p>\n<p>L&ouml;nerna f&ouml;r Travskolan hittar du <u><a href=\"\/app\/uploads\/imported\/Text-AGNyttTravbanor-Travsalls-B.pdf\" title=\"Text_AGNyttTravbanor_Travs\u00e4lls_B.pdf\">h&auml;r<\/a>.<\/u><\/p>\n<p>&nbsp;<\/p>\n<p>F&ouml;r &ouml;vrig information kontakta<\/p>\n<p>Tommy Karlsson&nbsp;&nbsp;&nbsp;&nbsp;&nbsp;&nbsp;&nbsp;&nbsp;&nbsp;&nbsp;&nbsp;&nbsp;&nbsp;&nbsp;&nbsp;&nbsp;&nbsp;&nbsp;&nbsp;&nbsp;&nbsp;&nbsp;&nbsp;&nbsp;&nbsp;&nbsp;&nbsp;&nbsp;&nbsp;&nbsp;&nbsp;&nbsp;&nbsp;&nbsp;&nbsp;&nbsp;&nbsp;&nbsp;&nbsp;&nbsp;&nbsp;&nbsp;&nbsp;&nbsp;&nbsp;&nbsp;&nbsp;&nbsp;&nbsp;&nbsp;&nbsp;&nbsp;&nbsp;&nbsp;&nbsp;&nbsp;&nbsp;&nbsp;&nbsp;&nbsp;&nbsp;&nbsp;&nbsp;&nbsp;&nbsp;&nbsp;&nbsp;&nbsp;&nbsp;&nbsp;&nbsp;&nbsp;&nbsp;&nbsp;&nbsp;&nbsp;&nbsp;&nbsp;&nbsp;&nbsp;&nbsp;<br \/>  Rolf Eriksson<br \/>  &nbsp;<\/p>\n<\/p>\n","protected":false},"excerpt":{"rendered":"<p>Almega Tj\u00e4nstef\u00f6retagen och Kommunal har tr\u00e4ffat ett nytt kollektivavtal f\u00f6r landets travbanor avseende banarbetare f\u00f6r tiden   1 juni 2013 \u2013 30 juni 2016.    Parterna har ocks\u00e5 tr\u00e4ffat \u00f6verenskommelse om l\u00f6ner f\u00f6r landets Travskolor, vilket framg\u00e5r h\u00e4r nedan <\/p>\n","protected":false},"author":1,"featured_media":0,"comment_status":"closed","ping_status":"open","sticky":false,"template":"","format":"standard","meta":{"_acf_changed":false,"footnotes":""},"categories":[1],"tags":[],"article_type":[313],"agreement":[107],"class_list":["post-7248","post","type-post","status-publish","format-standard","hentry","category-okategoriserade","type-arbetsgivarnytt","agreement-4cce80f7-ff07-de11-b4e1-02bf9e69ca65"],"acf":[],"yoast_head":"<!-- This site is optimized with the Yoast SEO Premium plugin v26.8 (Yoast SEO v26.8) - https:\/\/yoast.com\/product\/yoast-seo-premium-wordpress\/ -->\n<title>Nytt avtal f\u00f6r banarbetare vid landets Travbanor | Almega<\/title>\n<meta name=\"robots\" content=\"index, follow, max-snippet:-1, max-image-preview:large, max-video-preview:-1\" \/>\n<link rel=\"canonical\" href=\"https:\/\/www.almega.se\/2013\/06\/nytt-avtal-for-banarbetare-vid-landets-travbanor\/\" \/>\n<meta property=\"og:locale\" content=\"sv_SE\" \/>\n<meta property=\"og:type\" content=\"article\" \/>\n<meta property=\"og:title\" content=\"Nytt avtal f\u00f6r banarbetare vid landets Travbanor\" \/>\n<meta property=\"og:description\" content=\"Almega Tj\u00e4nstef\u00f6retagen och Kommunal har tr\u00e4ffat ett nytt kollektivavtal f\u00f6r landets travbanor avseende banarbetare f\u00f6r tiden  1 juni 2013 \u2013 30 juni 2016.  Parterna har ocks\u00e5 tr\u00e4ffat \u00f6verenskommelse om l\u00f6ner f\u00f6r landets Travskolor, vilket framg\u00e5r h\u00e4r nedan\" \/>\n<meta property=\"og:url\" content=\"https:\/\/www.almega.se\/2013\/06\/nytt-avtal-for-banarbetare-vid-landets-travbanor\/\" \/>\n<meta property=\"og:site_name\" content=\"Almega\" \/>\n<meta property=\"article:published_time\" content=\"2013-06-24T12:00:00+00:00\" \/>\n<meta property=\"og:image\" content=\"https:\/\/www.almega.se\/app\/uploads\/2020\/12\/almega-share-logo.png\" \/>\n\t<meta property=\"og:image:width\" content=\"1200\" \/>\n\t<meta property=\"og:image:height\" content=\"630\" \/>\n\t<meta property=\"og:image:type\" content=\"image\/png\" \/>\n<meta name=\"author\" content=\"admin\" \/>\n<meta name=\"twitter:card\" content=\"summary_large_image\" \/>\n<meta name=\"twitter:label1\" content=\"Skriven av\" \/>\n\t<meta name=\"twitter:data1\" content=\"admin\" \/>\n\t<meta name=\"twitter:label2\" content=\"Ber\u00e4knad l\u00e4stid\" \/>\n\t<meta name=\"twitter:data2\" content=\"3 minuter\" \/>\n<!-- \/ Yoast SEO Premium plugin. -->","yoast_head_json":{"title":"Nytt avtal f\u00f6r banarbetare vid landets Travbanor | Almega","robots":{"index":"index","follow":"follow","max-snippet":"max-snippet:-1","max-image-preview":"max-image-preview:large","max-video-preview":"max-video-preview:-1"},"canonical":"https:\/\/www.almega.se\/2013\/06\/nytt-avtal-for-banarbetare-vid-landets-travbanor\/","og_locale":"sv_SE","og_type":"article","og_title":"Nytt avtal f\u00f6r banarbetare vid landets Travbanor","og_description":"Almega Tj\u00e4nstef\u00f6retagen och Kommunal har tr\u00e4ffat ett nytt kollektivavtal f\u00f6r landets travbanor avseende banarbetare f\u00f6r tiden  1 juni 2013 \u2013 30 juni 2016.  Parterna har ocks\u00e5 tr\u00e4ffat \u00f6verenskommelse om l\u00f6ner f\u00f6r landets Travskolor, vilket framg\u00e5r h\u00e4r nedan","og_url":"https:\/\/www.almega.se\/2013\/06\/nytt-avtal-for-banarbetare-vid-landets-travbanor\/","og_site_name":"Almega","article_published_time":"2013-06-24T12:00:00+00:00","og_image":[{"width":1200,"height":630,"url":"https:\/\/www.almega.se\/app\/uploads\/2020\/12\/almega-share-logo.png","type":"image\/png"}],"author":"admin","twitter_card":"summary_large_image","twitter_misc":{"Skriven av":"admin","Ber\u00e4knad l\u00e4stid":"3 minuter"},"schema":{"@context":"https:\/\/schema.org","@graph":[{"@type":"NewsArticle","@id":"https:\/\/www.almega.se\/2013\/06\/nytt-avtal-for-banarbetare-vid-landets-travbanor\/#article","isPartOf":{"@id":"https:\/\/www.almega.se\/2013\/06\/nytt-avtal-for-banarbetare-vid-landets-travbanor\/"},"author":{"name":"admin","@id":"https:\/\/www.almega.se\/#\/schema\/person\/9c3674d192fb8b2d1d8b7a3f31c5151d"},"headline":"Nytt avtal f\u00f6r banarbetare vid landets Travbanor","datePublished":"2013-06-24T12:00:00+00:00","mainEntityOfPage":{"@id":"https:\/\/www.almega.se\/2013\/06\/nytt-avtal-for-banarbetare-vid-landets-travbanor\/"},"wordCount":518,"inLanguage":"sv-SE"},{"@type":"WebPage","@id":"https:\/\/www.almega.se\/2013\/06\/nytt-avtal-for-banarbetare-vid-landets-travbanor\/","url":"https:\/\/www.almega.se\/2013\/06\/nytt-avtal-for-banarbetare-vid-landets-travbanor\/","name":"Nytt avtal f\u00f6r banarbetare vid landets Travbanor | Almega","isPartOf":{"@id":"https:\/\/www.almega.se\/#website"},"datePublished":"2013-06-24T12:00:00+00:00","author":{"@id":"https:\/\/www.almega.se\/#\/schema\/person\/9c3674d192fb8b2d1d8b7a3f31c5151d"},"breadcrumb":{"@id":"https:\/\/www.almega.se\/2013\/06\/nytt-avtal-for-banarbetare-vid-landets-travbanor\/#breadcrumb"},"inLanguage":"sv-SE","potentialAction":[{"@type":"ReadAction","target":["https:\/\/www.almega.se\/2013\/06\/nytt-avtal-for-banarbetare-vid-landets-travbanor\/"]}]},{"@type":"BreadcrumbList","@id":"https:\/\/www.almega.se\/2013\/06\/nytt-avtal-for-banarbetare-vid-landets-travbanor\/#breadcrumb","itemListElement":[{"@type":"ListItem","position":1,"name":"Home","item":"https:\/\/www.almega.se\/"},{"@type":"ListItem","position":2,"name":"Nytt avtal f\u00f6r banarbetare vid landets Travbanor"}]},{"@type":"WebSite","@id":"https:\/\/www.almega.se\/#website","url":"https:\/\/www.almega.se\/","name":"Almega","description":"","potentialAction":[{"@type":"SearchAction","target":{"@type":"EntryPoint","urlTemplate":"https:\/\/www.almega.se\/?s={search_term_string}"},"query-input":{"@type":"PropertyValueSpecification","valueRequired":true,"valueName":"search_term_string"}}],"inLanguage":"sv-SE"},{"@type":"Person","@id":"https:\/\/www.almega.se\/#\/schema\/person\/9c3674d192fb8b2d1d8b7a3f31c5151d","name":"admin","image":{"@type":"ImageObject","inLanguage":"sv-SE","@id":"https:\/\/www.almega.se\/#\/schema\/person\/image\/","url":"https:\/\/secure.gravatar.com\/avatar\/13aac7e7a7582f599e3ba7706cec051e12eac4ad6c2ffe6f9d24800e63294187?s=96&d=mm&r=g","contentUrl":"https:\/\/secure.gravatar.com\/avatar\/13aac7e7a7582f599e3ba7706cec051e12eac4ad6c2ffe6f9d24800e63294187?s=96&d=mm&r=g","caption":"admin"},"url":"https:\/\/www.almega.se\/person\/admin\/"}]}},"_links":{"self":[{"href":"https:\/\/www.almega.se\/api\/wp\/v2\/posts\/7248","targetHints":{"allow":["GET"]}}],"collection":[{"href":"https:\/\/www.almega.se\/api\/wp\/v2\/posts"}],"about":[{"href":"https:\/\/www.almega.se\/api\/wp\/v2\/types\/post"}],"author":[{"embeddable":true,"href":"https:\/\/www.almega.se\/api\/wp\/v2\/users\/1"}],"replies":[{"embeddable":true,"href":"https:\/\/www.almega.se\/api\/wp\/v2\/comments?post=7248"}],"version-history":[{"count":1,"href":"https:\/\/www.almega.se\/api\/wp\/v2\/posts\/7248\/revisions"}],"predecessor-version":[{"id":58750,"href":"https:\/\/www.almega.se\/api\/wp\/v2\/posts\/7248\/revisions\/58750"}],"wp:attachment":[{"href":"https:\/\/www.almega.se\/api\/wp\/v2\/media?parent=7248"}],"wp:term":[{"taxonomy":"category","embeddable":true,"href":"https:\/\/www.almega.se\/api\/wp\/v2\/categories?post=7248"},{"taxonomy":"post_tag","embeddable":true,"href":"https:\/\/www.almega.se\/api\/wp\/v2\/tags?post=7248"},{"taxonomy":"type","embeddable":true,"href":"https:\/\/www.almega.se\/api\/wp\/v2\/article_type?post=7248"},{"taxonomy":"agreement","embeddable":true,"href":"https:\/\/www.almega.se\/api\/wp\/v2\/agreement?post=7248"}],"curies":[{"name":"wp","href":"https:\/\/api.w.org\/{rel}","templated":true}]}}