{"id":7237,"date":"2013-06-28T11:00:00","date_gmt":"2013-06-28T09:00:00","guid":{"rendered":"http:\/\/almega-bento\/wp\/blog\/2013\/06\/28\/nytt-avtal-mellan-medieforetagen-och-journalistforbundet-pa-public-service-omradet\/"},"modified":"2013-06-28T11:00:00","modified_gmt":"2013-06-28T09:00:00","slug":"nytt-avtal-mellan-medieforetagen-och-journalistforbundet-pa-public-service-omradet","status":"publish","type":"post","link":"https:\/\/www.almega.se\/2013\/06\/nytt-avtal-mellan-medieforetagen-och-journalistforbundet-pa-public-service-omradet\/","title":{"rendered":"Nytt avtal mellan Medie&shy;f\u00f6retagen och Journalist&shy;f\u00f6rbundet p\u00e5 Public Service omr\u00e5det"},"content":{"rendered":"\n<p class=\"intro\">En sammanfattning av inneh\u00e5llet \u00e4r:  \u2022 L\u00f6ne\u00f6kningar: F\u00f6r 2013 2,0%, f\u00f6r 2014 2,3 % och f\u00f6r 2015 \u00e4r l\u00f6ne\u00f6kningarna 2,5 %  \u2022 Individgaranti: F\u00f6r 2013 320 kr, f\u00f6r 2014 223 kr och f\u00f6r 2015 utg\u00e5r inte n\u00e5gon individgaranti alls.  \u2022 Parterna har enats om att i en rekommendation f\u00f6resl\u00e5 lokala parter att f\u00f6lja en beskrivning av hur en l\u00f6nebildningsprocess skulle kunna se ut.  <\/p>\n<p><a href=\"\/app\/uploads\/imported\/Avta2013SJF-original-A.pdf\" title=\"Avta2013SJF_original_A.pdf\"><u>&Ouml;verenskommelsen med bilagor &aring;terfinns h&auml;r<\/u><\/a><\/p>\n<p><strong>Avtalskonferenser<\/strong><br \/>  Avtalskonferenser kommer att genomf&ouml;ras i augusti\/september 2013 och information om detta kommer i s&auml;rskild ordning.<\/p>\n<p><strong>Bakgrund<\/strong><br \/>  I avtalsr&ouml;relsen 2010 kom parterna &ouml;verens om att analysera f&ouml;ruts&auml;ttningarna f&ouml;r att harmonisera kollektivavtalen f&ouml;r Dagspress, Etermedia, Tidskrift och Public Service. I &aring;rets f&ouml;rhandlingar har parterna pausat detta arbete och f&ouml;rhandlat varje avtal f&ouml;r sig. Medief&ouml;retagens styrelse ska i h&ouml;st ing&aring;ende diskutera och analysera f&ouml;ruts&auml;ttningarna f&ouml;r en harmonisering av journalistavtalen. Efter detta tas beslut om arbetet ska forts&auml;tta och i s&aring; fall vilken form arbetet ska ha.<\/p>\n<p><strong>ALLM&Auml;NNA VILLKOR<\/strong><br \/>  <strong>&sect; 10 Semester<\/strong><br \/>  Eftersom avtalsomr&aring;det sedan tidigare reglerar semester genom att intj&auml;nande och semester&aring;ret sammanfaller med kalender&aring;ret har det i avtalet nu inf&ouml;rts en r&auml;tt f&ouml;r arbetsgivaren att under alla f&ouml;rh&aring;llanden, utom vid upps&auml;gning p&aring; grund av arbetsbrist, upps&auml;gning p&aring; grund av sjukdom och n&auml;r anst&auml;llning avslutas genom att medarbetaren avlider, att dra av, fr&aring;n innest&aring;ende l&ouml;n, om f&ouml;r mycket semesterl&ouml;n utgivits mot innest&aring;ende l&ouml;n.<\/p>\n<p><strong>&sect; 13 F&ouml;r&auml;ldral&ouml;n<\/strong><br \/>  F&ouml;r&auml;ldral&ouml;nen f&ouml;rl&auml;ngs med ytterligare en m&aring;nad fr&aring;n fyra till fem m&aring;nader. I &ouml;vrigt &auml;r reglerna i detta avseende of&ouml;r&auml;ndrade.<\/p>\n<p><strong>&sect; 14 Kompetensutveckling <\/strong><br \/>  Kompetensutveckling har varit en aktuell fr&aring;ga som diskuterats mellan parterna. Till f&ouml;ljd av detta har &sect; 14.2 &auml;ndrats och f&ouml;rtydligat syftet med r&aring;det och del lokala arbetet.<\/p>\n<p><strong>L&Ouml;NEAVTAL<\/strong><br \/>  L&ouml;neavtalet beh&aring;ller sin lydelse under avtalsperioden, utom avseende fr&aring;gan om retroaktiv omr&auml;kning d&aring; l&ouml;nerevisionen senarelagts fr&aring;n avtalets lydelse om revisionsdatum. &Auml;ndringen inneb&auml;r att den tidigare utt&ouml;mmande uppr&auml;kningen f&ouml;r i vilka fall en retroaktiv omr&auml;kning ska ske g&auml;ller alla ers&auml;ttningar. &Auml;ndringen g&auml;ller fr&aring;n och med avtals&aring;ret 2013.<\/p>\n<p>Notera dessutom att individgarantin helt utg&aring;r ur avtalet 2015. Till f&ouml;ljd av att utrymmet kommer att kunna disponeras av lokala parter i &ouml;kad omfattning &aring;r 2 och 3 har parterna diskuterat v&auml;rdet av att arbeta med l&ouml;nen som ett verktyg f&ouml;r att uppm&auml;rksamma och bel&ouml;na medarbetare som bidrar till verksamheten. Som ett f&ouml;rsta steg i denna utveckling har parterna enats om att rekommendera f&ouml;retag och lokala klubbar att helt eller delvis anv&auml;nda den av parterna f&ouml;reslagna l&ouml;neprocessen som framg&aring;r av bilaga A till l&ouml;neavtalet.<\/p>\n<p><strong>ARBETSGRUPPER<\/strong><br \/>  Medief&ouml;retagen har med b&aring;de Unionen och Akademikerf&ouml;rbunden &ouml;verenskommit om att tills&auml;tta ett antal arbetsgrupper. &Auml;ven med Journalistf&ouml;rbundet har s&aring;dana &ouml;verenskommelser skett, &auml;ven om inneh&aring;llet i de skrivningar som styr arbetsgruppernas arbete ser annorlunda ut &auml;n med Unionen och Akademikerf&ouml;rbunden.<\/p>\n<p>Arbetsgrupperna ska bl.a. arbeta med Utrikesers&auml;ttningen\/Utrikestill&auml;gget, kollektivavtalens spridning och omfattning samt reglerna om arbetstider p&aring; avtalsomr&aring;det.<\/p>\n<p>Fr&aring;gor om avtalet besvaras av<\/p>\n<p>Sten Lycke<br \/>  Medief&ouml;retagen<\/p>\n<\/p>\n","protected":false},"excerpt":{"rendered":"<p>En sammanfattning av inneh\u00e5llet \u00e4r:  \u2022 L\u00f6ne\u00f6kningar: F\u00f6r 2013 2,0%, f\u00f6r 2014 2,3 % och f\u00f6r 2015 \u00e4r l\u00f6ne\u00f6kningarna 2,5 %  \u2022 Individgaranti: F\u00f6r 2013 320 kr, f\u00f6r 2014 223 kr och f\u00f6r 2015 utg\u00e5r inte n\u00e5gon individgaranti alls.  \u2022 Parterna har enats om att i en rekommendation f\u00f6resl\u00e5 lokala parter att f\u00f6lja en beskrivning av hur en l\u00f6nebildningsprocess skulle kunna se ut.  <\/p>\n","protected":false},"author":1,"featured_media":0,"comment_status":"closed","ping_status":"open","sticky":false,"template":"","format":"standard","meta":{"_acf_changed":false,"footnotes":""},"categories":[1],"tags":[],"article_type":[313],"agreement":[193],"class_list":["post-7237","post","type-post","status-publish","format-standard","hentry","category-okategoriserade","type-arbetsgivarnytt","agreement-2b2479db-06a2-de11-b057-02bf9e69ca65"],"acf":[],"yoast_head":"<!-- This site is optimized with the Yoast SEO Premium plugin v26.8 (Yoast SEO v26.8) - https:\/\/yoast.com\/product\/yoast-seo-premium-wordpress\/ -->\n<title>Nytt avtal mellan Medief\u00f6retagen och Journalistf\u00f6rbundet p\u00e5 Public Service omr\u00e5det | Almega<\/title>\n<meta name=\"robots\" content=\"index, follow, max-snippet:-1, max-image-preview:large, max-video-preview:-1\" \/>\n<link rel=\"canonical\" href=\"https:\/\/www.almega.se\/2013\/06\/nytt-avtal-mellan-medieforetagen-och-journalistforbundet-pa-public-service-omradet\/\" \/>\n<meta property=\"og:locale\" content=\"sv_SE\" \/>\n<meta property=\"og:type\" content=\"article\" \/>\n<meta property=\"og:title\" content=\"Nytt avtal mellan Medief\u00f6retagen och Journalistf\u00f6rbundet p\u00e5 Public Service omr\u00e5det\" \/>\n<meta property=\"og:description\" content=\"En sammanfattning av inneh\u00e5llet \u00e4r: \u2022 L\u00f6ne\u00f6kningar: F\u00f6r 2013 2,0%, f\u00f6r 2014 2,3 % och f\u00f6r 2015 \u00e4r l\u00f6ne\u00f6kningarna 2,5 % \u2022 Individgaranti: F\u00f6r 2013 320 kr, f\u00f6r 2014 223 kr och f\u00f6r 2015 utg\u00e5r inte n\u00e5gon individgaranti alls. \u2022 Parterna har enats om att i en rekommendation f\u00f6resl\u00e5 lokala parter att f\u00f6lja en beskrivning av hur en l\u00f6nebildningsprocess skulle kunna se ut.\" \/>\n<meta property=\"og:url\" content=\"https:\/\/www.almega.se\/2013\/06\/nytt-avtal-mellan-medieforetagen-och-journalistforbundet-pa-public-service-omradet\/\" \/>\n<meta property=\"og:site_name\" content=\"Almega\" \/>\n<meta property=\"article:published_time\" content=\"2013-06-28T09:00:00+00:00\" \/>\n<meta property=\"og:image\" content=\"https:\/\/www.almega.se\/app\/uploads\/2020\/12\/almega-share-logo.png\" \/>\n\t<meta property=\"og:image:width\" content=\"1200\" \/>\n\t<meta property=\"og:image:height\" content=\"630\" \/>\n\t<meta property=\"og:image:type\" content=\"image\/png\" \/>\n<meta name=\"author\" content=\"admin\" \/>\n<meta name=\"twitter:card\" content=\"summary_large_image\" \/>\n<meta name=\"twitter:label1\" content=\"Skriven av\" \/>\n\t<meta name=\"twitter:data1\" content=\"admin\" \/>\n\t<meta name=\"twitter:label2\" content=\"Ber\u00e4knad l\u00e4stid\" \/>\n\t<meta name=\"twitter:data2\" content=\"3 minuter\" \/>\n<!-- \/ Yoast SEO Premium plugin. -->","yoast_head_json":{"title":"Nytt avtal mellan Medief\u00f6retagen och Journalistf\u00f6rbundet p\u00e5 Public Service omr\u00e5det | Almega","robots":{"index":"index","follow":"follow","max-snippet":"max-snippet:-1","max-image-preview":"max-image-preview:large","max-video-preview":"max-video-preview:-1"},"canonical":"https:\/\/www.almega.se\/2013\/06\/nytt-avtal-mellan-medieforetagen-och-journalistforbundet-pa-public-service-omradet\/","og_locale":"sv_SE","og_type":"article","og_title":"Nytt avtal mellan Medief\u00f6retagen och Journalistf\u00f6rbundet p\u00e5 Public Service omr\u00e5det","og_description":"En sammanfattning av inneh\u00e5llet \u00e4r: \u2022 L\u00f6ne\u00f6kningar: F\u00f6r 2013 2,0%, f\u00f6r 2014 2,3 % och f\u00f6r 2015 \u00e4r l\u00f6ne\u00f6kningarna 2,5 % \u2022 Individgaranti: F\u00f6r 2013 320 kr, f\u00f6r 2014 223 kr och f\u00f6r 2015 utg\u00e5r inte n\u00e5gon individgaranti alls. \u2022 Parterna har enats om att i en rekommendation f\u00f6resl\u00e5 lokala parter att f\u00f6lja en beskrivning av hur en l\u00f6nebildningsprocess skulle kunna se ut.","og_url":"https:\/\/www.almega.se\/2013\/06\/nytt-avtal-mellan-medieforetagen-och-journalistforbundet-pa-public-service-omradet\/","og_site_name":"Almega","article_published_time":"2013-06-28T09:00:00+00:00","og_image":[{"width":1200,"height":630,"url":"https:\/\/www.almega.se\/app\/uploads\/2020\/12\/almega-share-logo.png","type":"image\/png"}],"author":"admin","twitter_card":"summary_large_image","twitter_misc":{"Skriven av":"admin","Ber\u00e4knad l\u00e4stid":"3 minuter"},"schema":{"@context":"https:\/\/schema.org","@graph":[{"@type":"NewsArticle","@id":"https:\/\/www.almega.se\/2013\/06\/nytt-avtal-mellan-medieforetagen-och-journalistforbundet-pa-public-service-omradet\/#article","isPartOf":{"@id":"https:\/\/www.almega.se\/2013\/06\/nytt-avtal-mellan-medieforetagen-och-journalistforbundet-pa-public-service-omradet\/"},"author":{"name":"admin","@id":"https:\/\/www.almega.se\/#\/schema\/person\/9c3674d192fb8b2d1d8b7a3f31c5151d"},"headline":"Nytt avtal mellan Medie&shy;f\u00f6retagen och Journalist&shy;f\u00f6rbundet p\u00e5 Public Service omr\u00e5det","datePublished":"2013-06-28T09:00:00+00:00","mainEntityOfPage":{"@id":"https:\/\/www.almega.se\/2013\/06\/nytt-avtal-mellan-medieforetagen-och-journalistforbundet-pa-public-service-omradet\/"},"wordCount":693,"inLanguage":"sv-SE"},{"@type":"WebPage","@id":"https:\/\/www.almega.se\/2013\/06\/nytt-avtal-mellan-medieforetagen-och-journalistforbundet-pa-public-service-omradet\/","url":"https:\/\/www.almega.se\/2013\/06\/nytt-avtal-mellan-medieforetagen-och-journalistforbundet-pa-public-service-omradet\/","name":"Nytt avtal mellan Medief\u00f6retagen och Journalistf\u00f6rbundet p\u00e5 Public Service omr\u00e5det | Almega","isPartOf":{"@id":"https:\/\/www.almega.se\/#website"},"datePublished":"2013-06-28T09:00:00+00:00","author":{"@id":"https:\/\/www.almega.se\/#\/schema\/person\/9c3674d192fb8b2d1d8b7a3f31c5151d"},"breadcrumb":{"@id":"https:\/\/www.almega.se\/2013\/06\/nytt-avtal-mellan-medieforetagen-och-journalistforbundet-pa-public-service-omradet\/#breadcrumb"},"inLanguage":"sv-SE","potentialAction":[{"@type":"ReadAction","target":["https:\/\/www.almega.se\/2013\/06\/nytt-avtal-mellan-medieforetagen-och-journalistforbundet-pa-public-service-omradet\/"]}]},{"@type":"BreadcrumbList","@id":"https:\/\/www.almega.se\/2013\/06\/nytt-avtal-mellan-medieforetagen-och-journalistforbundet-pa-public-service-omradet\/#breadcrumb","itemListElement":[{"@type":"ListItem","position":1,"name":"Home","item":"https:\/\/www.almega.se\/"},{"@type":"ListItem","position":2,"name":"Nytt avtal mellan Medie&shy;f\u00f6retagen och Journalist&shy;f\u00f6rbundet p\u00e5 Public Service omr\u00e5det"}]},{"@type":"WebSite","@id":"https:\/\/www.almega.se\/#website","url":"https:\/\/www.almega.se\/","name":"Almega","description":"","potentialAction":[{"@type":"SearchAction","target":{"@type":"EntryPoint","urlTemplate":"https:\/\/www.almega.se\/?s={search_term_string}"},"query-input":{"@type":"PropertyValueSpecification","valueRequired":true,"valueName":"search_term_string"}}],"inLanguage":"sv-SE"},{"@type":"Person","@id":"https:\/\/www.almega.se\/#\/schema\/person\/9c3674d192fb8b2d1d8b7a3f31c5151d","name":"admin","image":{"@type":"ImageObject","inLanguage":"sv-SE","@id":"https:\/\/www.almega.se\/#\/schema\/person\/image\/","url":"https:\/\/secure.gravatar.com\/avatar\/13aac7e7a7582f599e3ba7706cec051e12eac4ad6c2ffe6f9d24800e63294187?s=96&d=mm&r=g","contentUrl":"https:\/\/secure.gravatar.com\/avatar\/13aac7e7a7582f599e3ba7706cec051e12eac4ad6c2ffe6f9d24800e63294187?s=96&d=mm&r=g","caption":"admin"},"url":"https:\/\/www.almega.se\/person\/admin\/"}]}},"_links":{"self":[{"href":"https:\/\/www.almega.se\/api\/wp\/v2\/posts\/7237","targetHints":{"allow":["GET"]}}],"collection":[{"href":"https:\/\/www.almega.se\/api\/wp\/v2\/posts"}],"about":[{"href":"https:\/\/www.almega.se\/api\/wp\/v2\/types\/post"}],"author":[{"embeddable":true,"href":"https:\/\/www.almega.se\/api\/wp\/v2\/users\/1"}],"replies":[{"embeddable":true,"href":"https:\/\/www.almega.se\/api\/wp\/v2\/comments?post=7237"}],"version-history":[{"count":1,"href":"https:\/\/www.almega.se\/api\/wp\/v2\/posts\/7237\/revisions"}],"predecessor-version":[{"id":58734,"href":"https:\/\/www.almega.se\/api\/wp\/v2\/posts\/7237\/revisions\/58734"}],"wp:attachment":[{"href":"https:\/\/www.almega.se\/api\/wp\/v2\/media?parent=7237"}],"wp:term":[{"taxonomy":"category","embeddable":true,"href":"https:\/\/www.almega.se\/api\/wp\/v2\/categories?post=7237"},{"taxonomy":"post_tag","embeddable":true,"href":"https:\/\/www.almega.se\/api\/wp\/v2\/tags?post=7237"},{"taxonomy":"type","embeddable":true,"href":"https:\/\/www.almega.se\/api\/wp\/v2\/article_type?post=7237"},{"taxonomy":"agreement","embeddable":true,"href":"https:\/\/www.almega.se\/api\/wp\/v2\/agreement?post=7237"}],"curies":[{"name":"wp","href":"https:\/\/api.w.org\/{rel}","templated":true}]}}