{"id":72366,"date":"2024-03-19T06:00:00","date_gmt":"2024-03-19T05:00:00","guid":{"rendered":"https:\/\/www.almega.se\/2024\/03\/tjansteindikatorn-vandpunkten-narmar-sig-for-tjanstesektorn\/"},"modified":"2024-03-20T13:46:26","modified_gmt":"2024-03-20T12:46:26","slug":"tjansteindikatorn-vandpunkten-narmar-sig-for-tjanstesektorn","status":"publish","type":"post","link":"https:\/\/www.almega.se\/2024\/03\/tjansteindikatorn-vandpunkten-narmar-sig-for-tjanstesektorn\/","title":{"rendered":"Tj\u00e4nste&shy;indikatorn: V\u00e4ndpunkten n\u00e4rmar sig f\u00f6r tj\u00e4nstesektorn"},"content":{"rendered":"\n<p class=\"intro\">Efter ett tufft 2023 \u00f6kar optimismen bland tj\u00e4nstef\u00f6retagen. Det visar Almegas senaste Tj\u00e4nsteindikator. \u201dNedg\u00e5ngen planar ut och sannolikt v\u00e4nder det upp\u00e5t redan under det andra kvartalet\u201d, s\u00e4ger Patrick Joyce, chefekonom p\u00e5 Almega. Samtidigt tyder Almegas arbetsmarknadsindikator p\u00e5 att jobben forts\u00e4tter att bli f\u00e4rre.<\/p>\n<p>\u2013 Fjol\u00e5ret var ett dystert \u00e5r f\u00f6r den privata tj\u00e4nstesektorn. Nedg\u00e5ngen i sektorn var st\u00f6rre \u00e4n i \u00f6vriga ekonomin, vilket till stor del f\u00f6rklarades av en minskad konsumtion bland hush\u00e5ll och en tydlig nedg\u00e5ng bland f\u00f6retag inom it och kommunikation samt transporter, s\u00e4ger Patrick Joyce, chefekonom p\u00e5 Almega.<\/p>\n<p>B\u00e4ttre har det g\u00e5tt f\u00f6r konsulter inom juridik, ekonomi, vetenskap och teknik. Under det sista kvartalet i fjol \u00f6kade produktionen med 1,5 procent j\u00e4mf\u00f6rt med \u00e5ret innan. Samtidigt \u00e4r skillnaderna stora mellan olika delbranscher, medan efterfr\u00e5gan p\u00e5 tekniska konsulter och industrikonsulter varit h\u00f6g har arkitekterna drabbats h\u00e5rt av ett minskat byggande.<\/p>\n<p>\u2013 Almegas tj\u00e4nsteindikator visar att nedg\u00e5ngen i tj\u00e4nstesektorn avtar och att sektorn troligen v\u00e4nder upp under kvartal tv\u00e5. Dessutom \u00e4r trenden positiv f\u00f6r konsulttj\u00e4nster, s\u00e4rskilt inom teknik och industri. Detta indikerar en fortsatt efterfr\u00e5gan p\u00e5 specialiserad expertis, s\u00e4ger Patrick Joyce.<\/p>\n<p>Arbetsmarknaden inom tj\u00e4nstesektorn har ocks\u00e5 p\u00e5verkats, med 10 300 f\u00e4rre anst\u00e4llda under fj\u00e4rde kvartalet 2023 j\u00e4mf\u00f6rt med samma period f\u00f6reg\u00e5ende \u00e5r, en trend som dessv\u00e4rre ser ut att kunna h\u00e5lla i sig.<\/p>\n<p>Pris\u00f6kningarna p\u00e5 tj\u00e4nster har avstannat. Under det fj\u00e4rde kvartalet i fjol \u00f6kade priserna med m\u00e5ttliga 2,8 procent h\u00f6gre \u00e4n \u00e5ret innan. Enligt Tj\u00e4nsteindikatorn kommer pris\u00f6kningarna forts\u00e4tta ned\u00e5t.<\/p>\n<p>\u2013 Allt tyder p\u00e5 att pris\u00f6kningarna inom tj\u00e4nstesektorn forts\u00e4tter att bromsa in och vi b\u00f6r kunna se niv\u00e5er p\u00e5 under tv\u00e5 procent inom kort, s\u00e4ger Patrick Joyce.<\/p>\n<p>Hela tj\u00e4nsteindikatorn hittar du <a href=\"https:\/\/www.almega.se\/2024\/03\/almegas-tjansteindikator-for-forsta-kvartalet-2024\/\">h\u00e4r<\/a>.<\/p>\n<h2>Dokument<\/h2>\n\n","protected":false},"excerpt":{"rendered":"<p>\u201dNedg\u00e5ngen planar ut och sannolikt v\u00e4nder det upp\u00e5t redan under det andra kvartalet\u201d, s\u00e4ger Patrick Joyce, chefekonom p\u00e5 Almega.<\/p>\n","protected":false},"author":6058,"featured_media":71164,"comment_status":"closed","ping_status":"closed","sticky":false,"template":"","format":"standard","meta":{"_acf_changed":false,"footnotes":""},"categories":[630],"tags":[],"article_type":[93],"agreement":[],"class_list":["post-72366","post","type-post","status-publish","format-standard","has-post-thumbnail","hentry","category-konjunktur","type-pressmeddelanden"],"acf":[],"yoast_head":"<!-- This site is optimized with the Yoast SEO Premium plugin v26.8 (Yoast SEO v26.8) - https:\/\/yoast.com\/product\/yoast-seo-premium-wordpress\/ -->\n<title>Tj\u00e4nsteindikatorn: V\u00e4ndpunkten n\u00e4rmar sig f\u00f6r tj\u00e4nstesektorn | Almega<\/title>\n<meta name=\"robots\" content=\"index, follow, max-snippet:-1, max-image-preview:large, max-video-preview:-1\" \/>\n<link rel=\"canonical\" href=\"https:\/\/www.almega.se\/2024\/03\/tjansteindikatorn-vandpunkten-narmar-sig-for-tjanstesektorn\/\" \/>\n<meta property=\"og:locale\" content=\"sv_SE\" \/>\n<meta property=\"og:type\" content=\"article\" \/>\n<meta property=\"og:title\" content=\"Tj\u00e4nsteindikatorn: V\u00e4ndpunkten n\u00e4rmar sig f\u00f6r tj\u00e4nstesektorn\" \/>\n<meta property=\"og:description\" content=\"\u201dNedg\u00e5ngen planar ut och sannolikt v\u00e4nder det upp\u00e5t redan under det andra kvartalet\u201d, s\u00e4ger Patrick Joyce, chefekonom p\u00e5 Almega.\" \/>\n<meta property=\"og:url\" content=\"https:\/\/www.almega.se\/2024\/03\/tjansteindikatorn-vandpunkten-narmar-sig-for-tjanstesektorn\/\" \/>\n<meta property=\"og:site_name\" content=\"Almega\" \/>\n<meta property=\"article:published_time\" content=\"2024-03-19T05:00:00+00:00\" \/>\n<meta property=\"article:modified_time\" content=\"2024-03-20T12:46:26+00:00\" \/>\n<meta property=\"og:image\" content=\"https:\/\/www.almega.se\/app\/uploads\/2024\/02\/3a30de9e-4880-4051-a509-5e9a7f64b65c-1180x787.jpg\" \/>\n\t<meta property=\"og:image:width\" content=\"1180\" \/>\n\t<meta property=\"og:image:height\" content=\"787\" \/>\n\t<meta property=\"og:image:type\" content=\"image\/jpeg\" \/>\n<meta name=\"author\" content=\"Shashika Sellgren\" \/>\n<meta name=\"twitter:card\" content=\"summary_large_image\" \/>\n<meta name=\"twitter:label1\" content=\"Skriven av\" \/>\n\t<meta name=\"twitter:data1\" content=\"Shashika Sellgren\" \/>\n\t<meta name=\"twitter:label2\" content=\"Ber\u00e4knad l\u00e4stid\" \/>\n\t<meta name=\"twitter:data2\" content=\"2 minuter\" \/>\n<!-- \/ Yoast SEO Premium plugin. -->","yoast_head_json":{"title":"Tj\u00e4nsteindikatorn: V\u00e4ndpunkten n\u00e4rmar sig f\u00f6r tj\u00e4nstesektorn | Almega","robots":{"index":"index","follow":"follow","max-snippet":"max-snippet:-1","max-image-preview":"max-image-preview:large","max-video-preview":"max-video-preview:-1"},"canonical":"https:\/\/www.almega.se\/2024\/03\/tjansteindikatorn-vandpunkten-narmar-sig-for-tjanstesektorn\/","og_locale":"sv_SE","og_type":"article","og_title":"Tj\u00e4nsteindikatorn: V\u00e4ndpunkten n\u00e4rmar sig f\u00f6r tj\u00e4nstesektorn","og_description":"\u201dNedg\u00e5ngen planar ut och sannolikt v\u00e4nder det upp\u00e5t redan under det andra kvartalet\u201d, s\u00e4ger Patrick Joyce, chefekonom p\u00e5 Almega.","og_url":"https:\/\/www.almega.se\/2024\/03\/tjansteindikatorn-vandpunkten-narmar-sig-for-tjanstesektorn\/","og_site_name":"Almega","article_published_time":"2024-03-19T05:00:00+00:00","article_modified_time":"2024-03-20T12:46:26+00:00","og_image":[{"width":1180,"height":787,"url":"https:\/\/www.almega.se\/app\/uploads\/2024\/02\/3a30de9e-4880-4051-a509-5e9a7f64b65c-1180x787.jpg","type":"image\/jpeg"}],"author":"Shashika Sellgren","twitter_card":"summary_large_image","twitter_misc":{"Skriven av":"Shashika Sellgren","Ber\u00e4knad l\u00e4stid":"2 minuter"},"schema":{"@context":"https:\/\/schema.org","@graph":[{"@type":"NewsArticle","@id":"https:\/\/www.almega.se\/2024\/03\/tjansteindikatorn-vandpunkten-narmar-sig-for-tjanstesektorn\/#article","isPartOf":{"@id":"https:\/\/www.almega.se\/2024\/03\/tjansteindikatorn-vandpunkten-narmar-sig-for-tjanstesektorn\/"},"author":{"name":"Shashika Sellgren","@id":"https:\/\/www.almega.se\/#\/schema\/person\/38c6b37b81c530c93246c3d1993d5662"},"headline":"Tj\u00e4nste&shy;indikatorn: V\u00e4ndpunkten n\u00e4rmar sig f\u00f6r tj\u00e4nstesektorn","datePublished":"2024-03-19T05:00:00+00:00","dateModified":"2024-03-20T12:46:26+00:00","mainEntityOfPage":{"@id":"https:\/\/www.almega.se\/2024\/03\/tjansteindikatorn-vandpunkten-narmar-sig-for-tjanstesektorn\/"},"wordCount":340,"image":{"@id":"https:\/\/www.almega.se\/2024\/03\/tjansteindikatorn-vandpunkten-narmar-sig-for-tjanstesektorn\/#primaryimage"},"thumbnailUrl":"https:\/\/www.almega.se\/app\/uploads\/2024\/02\/3a30de9e-4880-4051-a509-5e9a7f64b65c.jpg","articleSection":["Konjunktur"],"inLanguage":"sv-SE"},{"@type":"WebPage","@id":"https:\/\/www.almega.se\/2024\/03\/tjansteindikatorn-vandpunkten-narmar-sig-for-tjanstesektorn\/","url":"https:\/\/www.almega.se\/2024\/03\/tjansteindikatorn-vandpunkten-narmar-sig-for-tjanstesektorn\/","name":"Tj\u00e4nsteindikatorn: V\u00e4ndpunkten n\u00e4rmar sig f\u00f6r tj\u00e4nstesektorn | Almega","isPartOf":{"@id":"https:\/\/www.almega.se\/#website"},"primaryImageOfPage":{"@id":"https:\/\/www.almega.se\/2024\/03\/tjansteindikatorn-vandpunkten-narmar-sig-for-tjanstesektorn\/#primaryimage"},"image":{"@id":"https:\/\/www.almega.se\/2024\/03\/tjansteindikatorn-vandpunkten-narmar-sig-for-tjanstesektorn\/#primaryimage"},"thumbnailUrl":"https:\/\/www.almega.se\/app\/uploads\/2024\/02\/3a30de9e-4880-4051-a509-5e9a7f64b65c.jpg","datePublished":"2024-03-19T05:00:00+00:00","dateModified":"2024-03-20T12:46:26+00:00","author":{"@id":"https:\/\/www.almega.se\/#\/schema\/person\/38c6b37b81c530c93246c3d1993d5662"},"breadcrumb":{"@id":"https:\/\/www.almega.se\/2024\/03\/tjansteindikatorn-vandpunkten-narmar-sig-for-tjanstesektorn\/#breadcrumb"},"inLanguage":"sv-SE","potentialAction":[{"@type":"ReadAction","target":["https:\/\/www.almega.se\/2024\/03\/tjansteindikatorn-vandpunkten-narmar-sig-for-tjanstesektorn\/"]}]},{"@type":"ImageObject","inLanguage":"sv-SE","@id":"https:\/\/www.almega.se\/2024\/03\/tjansteindikatorn-vandpunkten-narmar-sig-for-tjanstesektorn\/#primaryimage","url":"https:\/\/www.almega.se\/app\/uploads\/2024\/02\/3a30de9e-4880-4051-a509-5e9a7f64b65c.jpg","contentUrl":"https:\/\/www.almega.se\/app\/uploads\/2024\/02\/3a30de9e-4880-4051-a509-5e9a7f64b65c.jpg","width":8256,"height":5504,"caption":"Patrick Joyce, chefekonom p\u00e5 Almega."},{"@type":"BreadcrumbList","@id":"https:\/\/www.almega.se\/2024\/03\/tjansteindikatorn-vandpunkten-narmar-sig-for-tjanstesektorn\/#breadcrumb","itemListElement":[{"@type":"ListItem","position":1,"name":"Home","item":"https:\/\/www.almega.se\/"},{"@type":"ListItem","position":2,"name":"Tj\u00e4nste&shy;indikatorn: V\u00e4ndpunkten n\u00e4rmar sig f\u00f6r tj\u00e4nstesektorn"}]},{"@type":"WebSite","@id":"https:\/\/www.almega.se\/#website","url":"https:\/\/www.almega.se\/","name":"Almega","description":"","potentialAction":[{"@type":"SearchAction","target":{"@type":"EntryPoint","urlTemplate":"https:\/\/www.almega.se\/?s={search_term_string}"},"query-input":{"@type":"PropertyValueSpecification","valueRequired":true,"valueName":"search_term_string"}}],"inLanguage":"sv-SE"},{"@type":"Person","@id":"https:\/\/www.almega.se\/#\/schema\/person\/38c6b37b81c530c93246c3d1993d5662","name":"Shashika Sellgren","image":{"@type":"ImageObject","inLanguage":"sv-SE","@id":"https:\/\/www.almega.se\/#\/schema\/person\/image\/","url":"https:\/\/secure.gravatar.com\/avatar\/b225c479880df9eb82d1501dd105dd8040f27c8563f3d4bf5dd62ce0a1630abd?s=96&d=mm&r=g","contentUrl":"https:\/\/secure.gravatar.com\/avatar\/b225c479880df9eb82d1501dd105dd8040f27c8563f3d4bf5dd62ce0a1630abd?s=96&d=mm&r=g","caption":"Shashika Sellgren"},"url":"https:\/\/www.almega.se\/person\/shashikasellgren\/"}]}},"_links":{"self":[{"href":"https:\/\/www.almega.se\/api\/wp\/v2\/posts\/72366","targetHints":{"allow":["GET"]}}],"collection":[{"href":"https:\/\/www.almega.se\/api\/wp\/v2\/posts"}],"about":[{"href":"https:\/\/www.almega.se\/api\/wp\/v2\/types\/post"}],"author":[{"embeddable":true,"href":"https:\/\/www.almega.se\/api\/wp\/v2\/users\/6058"}],"replies":[{"embeddable":true,"href":"https:\/\/www.almega.se\/api\/wp\/v2\/comments?post=72366"}],"version-history":[{"count":2,"href":"https:\/\/www.almega.se\/api\/wp\/v2\/posts\/72366\/revisions"}],"predecessor-version":[{"id":72438,"href":"https:\/\/www.almega.se\/api\/wp\/v2\/posts\/72366\/revisions\/72438"}],"wp:featuredmedia":[{"embeddable":true,"href":"https:\/\/www.almega.se\/api\/wp\/v2\/media\/71164"}],"wp:attachment":[{"href":"https:\/\/www.almega.se\/api\/wp\/v2\/media?parent=72366"}],"wp:term":[{"taxonomy":"category","embeddable":true,"href":"https:\/\/www.almega.se\/api\/wp\/v2\/categories?post=72366"},{"taxonomy":"post_tag","embeddable":true,"href":"https:\/\/www.almega.se\/api\/wp\/v2\/tags?post=72366"},{"taxonomy":"type","embeddable":true,"href":"https:\/\/www.almega.se\/api\/wp\/v2\/article_type?post=72366"},{"taxonomy":"agreement","embeddable":true,"href":"https:\/\/www.almega.se\/api\/wp\/v2\/agreement?post=72366"}],"curies":[{"name":"wp","href":"https:\/\/api.w.org\/{rel}","templated":true}]}}