{"id":72320,"date":"2024-03-19T06:00:00","date_gmt":"2024-03-19T05:00:00","guid":{"rendered":"https:\/\/www.almega.se\/?p=72320"},"modified":"2024-03-27T12:20:44","modified_gmt":"2024-03-27T11:20:44","slug":"almegas-tjansteindikator-for-forsta-kvartalet-2024","status":"publish","type":"post","link":"https:\/\/www.almega.se\/2024\/03\/almegas-tjansteindikator-for-forsta-kvartalet-2024\/","title":{"rendered":"Almegas tj\u00e4nsteindikator f\u00f6r f\u00f6rsta kvartalet 2024"},"content":{"rendered":"<p class=\"intro\">Tj\u00e4nstesektorn blir kallare<\/p>\n<a class='Share__link Share__link--url copy-text' href='#' rel='nofollow' data-text='ladda-ner-rapporten' title='Dela url' data-confirmation='L\u00e4nken kopierades till urklipp'><svg class='icon icon--link'  width='18' height='18' viewBox='0 0 18 18' fill='none' xmlns='http:\/\/www.w3.org\/2000\/svg'>\n            <path d='M10.4142 0.514721L6.87868 4.05025L8.29289 5.46447L11.1213 2.63604L15.364 6.87868L12.5355 9.70711L13.9497 11.1213L17.4853 7.58579C17.8763 7.19476 17.8763 6.5626 17.4853 6.17158L11.8284 0.514721C11.4374 0.123691 10.8052 0.123691 10.4142 0.514721Z' fill='black'\/>\n            <path d='M9.7071 12.5355L6.87868 15.364L2.63604 11.1213L5.46446 8.2929L4.05025 6.87868L0.514716 10.4142C0.123686 10.8052 0.123686 11.4374 0.514716 11.8284L6.17157 17.4853C6.5626 17.8763 7.19475 17.8763 7.58578 17.4853L11.1213 13.9497L9.7071 12.5355Z' fill='black'\/>\n            <path d='M6.17157 11.8284C6.5626 12.2195 7.19475 12.2195 7.58578 11.8284L11.8284 7.58579C12.2195 7.19476 12.2195 6.56261 11.8284 6.17158C11.4374 5.78055 10.8052 5.78055 10.4142 6.17158L6.17157 10.4142C5.78054 10.8052 5.78054 11.4374 6.17157 11.8284Z' fill='black'\/>\n            <\/svg> <\/a>\n<h2 class=\"wp-block-heading\">Ladda ner rapporten<\/h2>\n\n\n\n<p>Rapporten finns i sin helhet p\u00e5 denna sida men kan ocks\u00e5 h\u00e4mtas som pdf-fil.<\/p>\n\n\n\n      <a href=\"https:\/\/www.almega.se\/app\/uploads\/2024\/03\/Tjansteindikatorn-kvartal-Ett-2024.pdf\" target=\"_blank\" class=\"Button is-button is-style-fill has-black-background-color has-black-border-color has-white-color Button--arrow-tip\">\n      \n        Ladda ner rapporten h\u00e4r (pdf)\n      \n      \n                \n                <svg class='icon icon--arrow-tip'  width=\"11\" height=\"16\" viewBox=\"0 0 11 16\" fill=\"none\" xmlns=\"http:\/\/www.w3.org\/2000\/svg\">\n<path d=\"M0.858398 15L9.2304 7.99664L0.967732 1.00001\" stroke=\"black\" stroke-width=\"2\" stroke-miterlimit=\"10\"\/>\n<\/svg>\n\n        \n    <\/a>\n  \n\n\n<a class='Share__link Share__link--url copy-text' href='#' rel='nofollow' data-text='vandpunkt-i-sikte' title='Dela url' data-confirmation='L\u00e4nken kopierades till urklipp'><svg class='icon icon--link'  width='18' height='18' viewBox='0 0 18 18' fill='none' xmlns='http:\/\/www.w3.org\/2000\/svg'>\n            <path d='M10.4142 0.514721L6.87868 4.05025L8.29289 5.46447L11.1213 2.63604L15.364 6.87868L12.5355 9.70711L13.9497 11.1213L17.4853 7.58579C17.8763 7.19476 17.8763 6.5626 17.4853 6.17158L11.8284 0.514721C11.4374 0.123691 10.8052 0.123691 10.4142 0.514721Z' fill='black'\/>\n            <path d='M9.7071 12.5355L6.87868 15.364L2.63604 11.1213L5.46446 8.2929L4.05025 6.87868L0.514716 10.4142C0.123686 10.8052 0.123686 11.4374 0.514716 11.8284L6.17157 17.4853C6.5626 17.8763 7.19475 17.8763 7.58578 17.4853L11.1213 13.9497L9.7071 12.5355Z' fill='black'\/>\n            <path d='M6.17157 11.8284C6.5626 12.2195 7.19475 12.2195 7.58578 11.8284L11.8284 7.58579C12.2195 7.19476 12.2195 6.56261 11.8284 6.17158C11.4374 5.78055 10.8052 5.78055 10.4142 6.17158L6.17157 10.4142C5.78054 10.8052 5.78054 11.4374 6.17157 11.8284Z' fill='black'\/>\n            <\/svg> <\/a>\n<h2 class=\"wp-block-heading\">V\u00e4ndpunkt i sikte<\/h2>\n\n\n\n<p>Almegas tj\u00e4nsteindikator \u00e4r en kvartalsbaserad konjunkturindikator som belyser utvecklingen i den privata tj\u00e4nstesektorn. Den ligger tv\u00e5 m\u00e5nader f\u00f6re SCB:s publicering av den faktiska tj\u00e4nsteproduktionen och \u00e4r en aktuell spegel av konjunkturl\u00e4get i den privata tj\u00e4nstesektorn som svarar f\u00f6r 52 procent av Sveriges BNP och 48 procent av syssels\u00e4ttningen. Almega har publicerat tj\u00e4nsteindikatorn varje kvartal sedan 2001.<\/p>\n\n\n\n<p>Denna upplaga av tj\u00e4nsteindikatorn har arbetats fram p\u00e5 Almega av <strong>Patrick Joyce<\/strong> och <strong>Staffan Johansson<\/strong>. Insamlingen av data avslutades den 15 mars 2024.<\/p>\n\n\n\n<p> F\u00f6r ytterligare upplysningar om det ekonomiska l\u00e4get i den privata tj\u00e4nstesektorn kontakta:<\/p>\n\n\n\n      \n      \n    \n    \n              \n          \n          \n      <h2 class=\"Contact-card__title\">Patrick Joyce<\/h2>\n      <p class=\"mb-0\">Chefekonom<\/p>\n      \n              <p class=\"mb-2\">Stockholm<\/p>\n                    <p>\n                      <a href=\"tel:+46 8 762 6967\">+46 8 762 6967<\/a>\n                                <a href=\"tel:+46 76 018 70 34\">+46 76 018 70 34<\/a>\n                                <a href=\"mailto:patrick.joyce@almega.se\">E-post<\/a>\n                  <\/p>\n            <a href=\"https:\/\/www.almega.se\/person\/patrickjoyce\/\" class=\"Contact-card__link\">\n        \n          <p class=\"Contact-card__arrow__text\">L\u00e4s mer<\/p>\n          \n          <svg class='icon icon--arrow-tip'  width=\"11\" height=\"16\" viewBox=\"0 0 11 16\" fill=\"none\" xmlns=\"http:\/\/www.w3.org\/2000\/svg\">\n<path d=\"M0.858398 15L9.2304 7.99664L0.967732 1.00001\" stroke=\"black\" stroke-width=\"2\" stroke-miterlimit=\"10\"\/>\n<\/svg>\n\n          \n      <\/a>\n\n      \n    \n  \n        \n              \n          \n          \n      <h2 class=\"Contact-card__title\">Staffan Johansson<\/h2>\n      <p class=\"mb-0\">Statistikexpert<\/p>\n      \n              <p class=\"mb-2\">Stockholm<\/p>\n                    <p>\n                      <a href=\"tel:+46 8 762 70 44\">+46 8 762 70 44<\/a>\n                                <a href=\"tel:+46 70 799 12 26\">+46 70 799 12 26<\/a>\n                                <a href=\"mailto:staffan.johansson@almega.se\">E-post<\/a>\n                  <\/p>\n            <a href=\"https:\/\/www.almega.se\/person\/staffanjohansson\/\" class=\"Contact-card__link\">\n        \n          <p class=\"Contact-card__arrow__text\">L\u00e4s mer<\/p>\n          \n          <svg class='icon icon--arrow-tip'  width=\"11\" height=\"16\" viewBox=\"0 0 11 16\" fill=\"none\" xmlns=\"http:\/\/www.w3.org\/2000\/svg\">\n<path d=\"M0.858398 15L9.2304 7.99664L0.967732 1.00001\" stroke=\"black\" stroke-width=\"2\" stroke-miterlimit=\"10\"\/>\n<\/svg>\n\n          \n      <\/a>\n\n      \n    \n  \n        \n          \n    \n\n\n<a class='Share__link Share__link--url copy-text' href='#' rel='nofollow' data-text='1.-sammanfattning' title='Dela url' data-confirmation='L\u00e4nken kopierades till urklipp'><svg class='icon icon--link'  width='18' height='18' viewBox='0 0 18 18' fill='none' xmlns='http:\/\/www.w3.org\/2000\/svg'>\n            <path d='M10.4142 0.514721L6.87868 4.05025L8.29289 5.46447L11.1213 2.63604L15.364 6.87868L12.5355 9.70711L13.9497 11.1213L17.4853 7.58579C17.8763 7.19476 17.8763 6.5626 17.4853 6.17158L11.8284 0.514721C11.4374 0.123691 10.8052 0.123691 10.4142 0.514721Z' fill='black'\/>\n            <path d='M9.7071 12.5355L6.87868 15.364L2.63604 11.1213L5.46446 8.2929L4.05025 6.87868L0.514716 10.4142C0.123686 10.8052 0.123686 11.4374 0.514716 11.8284L6.17157 17.4853C6.5626 17.8763 7.19475 17.8763 7.58578 17.4853L11.1213 13.9497L9.7071 12.5355Z' fill='black'\/>\n            <path d='M6.17157 11.8284C6.5626 12.2195 7.19475 12.2195 7.58578 11.8284L11.8284 7.58579C12.2195 7.19476 12.2195 6.56261 11.8284 6.17158C11.4374 5.78055 10.8052 5.78055 10.4142 6.17158L6.17157 10.4142C5.78054 10.8052 5.78054 11.4374 6.17157 11.8284Z' fill='black'\/>\n            <\/svg> <\/a>\n<h2 class=\"wp-block-heading\">1. <strong>Sammanfattning<\/strong><\/h2>\n\n\n\n<h3 class=\"wp-block-heading\">En v\u00e4ndpunkt \u00e4r i sikte<\/h3>\n\n\n\n<p>Den privata tj\u00e4nstesektorn har tappat fart sedan sommaren 2022 och produktionen minskade under 2023. Det fj\u00e4rde kvartalet f\u00f6rra \u00e5ret var produktionen 2,1 procent l\u00e4gre \u00e4n samma kvartal \u00e5ret innan.<\/p>\n\n\n\n<p>F\u00f6rv\u00e4ntningarna bland tj\u00e4nstef\u00f6retagen blev dock ljusare efter \u00e5rsskiftet och Almegas tj\u00e4nsteindikator f\u00f6rutsp\u00e5r att nedg\u00e5ngen kommer att plana ut det f\u00f6rsta kvartalet i \u00e5r och kan komma att v\u00e4nda upp lite senare.<\/p>\n\n\n\n<p>Konsulttj\u00e4nster inom juridik, ekonomi, vetenskap och teknik fortsatte att v\u00e4xa och det fj\u00e4rde kvartalet var produk\u00adtionen med 1,5 procent h\u00f6gre \u00e4n ett \u00e5r tidigare. Genomsnittet d\u00f6ljer dock stora skillnader mellan olika delbranscher. Stora industriinvesteringar och h\u00f6gt anl\u00e4ggningsbyggande har h\u00e5llit uppe efterfr\u00e5gan p\u00e5 tekniska konsulter och industrikonsulter. D\u00e4remot har halveringen av bostadsbyggandet drabbat arkitektbranschen h\u00e5rt.<\/p>\n\n\n\n<p>Information och kommunikation hade ett svagt \u00e5r 2023. Det fj\u00e4rde kvartalet var produk\u00adtionen inom branschen 4,2 procent l\u00e4gre \u00e4n ett \u00e5r tidigare. Nedg\u00e5ngen m\u00e5ste dock ses i ljuset av att branschen dessf\u00f6rinnan hade n\u00e4stan tio \u00e5r av obruten tillv\u00e4xt.<\/p>\n\n\n\n<p>Trots den vacklande konjunkturen v\u00e4xte bemanningsbranschen v\u00e4xte starkt en bit in i 2023 men d\u00e4refter har branschen bromsat in snabbt. Oms\u00e4ttningen inom bemanningsbranschen var det fj\u00e4rde kvartalet f\u00f6rra \u00e5ret tio procent l\u00e4gre i fasta priser \u00e4n \u00e5ret innan.<\/p>\n\n\n\n<p>Ett orosmoln \u00e4r att konkurserna i tj\u00e4nstesektorn forts\u00e4tter att \u00f6ka. Under januari och februari i \u00e5r var konkurserna inom tj\u00e4nstesektorn 44 procent fler \u00e4n samma period f\u00f6rra \u00e5ret. I de allra flesta fall handlar det dock om sm\u00e5 f\u00f6retag. I genomsnitt ber\u00f6r en konkurs inom tj\u00e4nstesektorn tv\u00e5 anst\u00e4llda.<\/p>\n\n\n\n<h3 class=\"wp-block-heading\">F\u00e4rre jobb i tj\u00e4nstesektorn<\/h3>\n\n\n\n<p>Avmattningen i tj\u00e4nstekonjunkturen har slagit igenom p\u00e5 syssels\u00e4ttningen. Det fj\u00e4rde kvartalet 2023 var antalet anst\u00e4llda i tj\u00e4nstesektorn, exklusive finanssektorn, 10 300 personer f\u00e4rre \u00e4n samma kvartal f\u00f6rra \u00e5ret vilket inneb\u00e4r en nedg\u00e5ng med 0,4 procent. En relativt blygsam nedg\u00e5ng.<\/p>\n\n\n\n<p>Sannolikt kommer dock nedg\u00e5ngen att forts\u00e4tta. Almegas arbets\u00admarknads\u00adindikator f\u00f6rutsp\u00e5r att jobben i tj\u00e4nstesektorn forts\u00e4tter att bli f\u00e4rre \u00e4ven det f\u00f6rsta kvartalet i \u00e5r.<\/p>\n\n\n\n<p>Bilden \u00e4r dock blandad. Antalet anst\u00e4llda i konsulttj\u00e4nster inom juridik, ekonomi, vetenskap och teknik har \u00f6kat med 8&nbsp;300 personer under det senaste \u00e5ret. \u00d6kningen \u00e4r st\u00f6rst bland tekniska konsulter medan arkitektbyr\u00e5er inte nyanst\u00e4ller alls.<\/p>\n\n\n\n<p>Antalet anst\u00e4llda inom personaluthyrning, fastighetsservice och andra st\u00f6dtj\u00e4nster till f\u00f6retag har minskat med 4&nbsp;400 personer p\u00e5 ett \u00e5r. Inom personaluthyrning har antalet anst\u00e4llda minskat med 1&nbsp;800 personer vilket \u00e4r mindre \u00e4n v\u00e4ntat med tanke p\u00e5 den fallande oms\u00e4ttningen i branschen.<\/p>\n\n\n\n<p>Inom datakonsulter och programmering har antalet anst\u00e4llda varit of\u00f6r\u00e4ndrat det senaste \u00e5ret. Det \u00e4r f\u00f6rsta g\u00e5ngen p\u00e5 \u00e5tta \u00e5r som syssels\u00e4ttningen inte \u00f6kar inom branschen.<\/p>\n\n\n\n<p>Varslen om upps\u00e4gning blir fler i tj\u00e4nstesektorn. Under de senaste tolv m\u00e5naderna har n\u00e4rmare 40&nbsp;000 personer varslats om upps\u00e4gning, vilket \u00e4r n\u00e4stan 13&nbsp;000 fler \u00e4n samma period dessf\u00f6rinnan. &nbsp;<\/p>\n\n\n\n<h3 class=\"wp-block-heading\"><strong>Pris\u00f6kningarna p\u00e5 tj\u00e4nster bromsar in<\/strong><\/h3>\n\n\n\n<p>Tj\u00e4nstef\u00f6retagens f\u00f6rs\u00e4ljningspriser &#8211; b\u00e5de tj\u00e4nster till f\u00f6retag och konsumenter \u2013 bromsade in under 2023. Det fj\u00e4rde kvartalet \u00f6kade tj\u00e4nstepriserna med 2,8 procent i \u00e5rstakt men j\u00e4mf\u00f6rt med f\u00f6reg\u00e5ende kvartal f\u00f6ll priserna med 0,1 procent.<\/p>\n\n\n\n<p>L\u00e4gre kostnads\u00f6kningar p\u00e5 insatsvaror samt en d\u00e4mpad efterfr\u00e5gan fr\u00e5n b\u00e5de hush\u00e5ll och f\u00f6retag h\u00e5ller nere f\u00f6rs\u00e4ljningspriserna p\u00e5 tj\u00e4nster. Allt f\u00e4rre tj\u00e4nstef\u00f6retag r\u00e4knar med att h\u00f6ja sina priser fram\u00f6ver.<\/p>\n\n\n\n<p>Almegas prisindikator f\u00f6r tj\u00e4nstesektorn visar att nedg\u00e5ngen i pris\u00f6kningstakten forts\u00e4tter under det f\u00f6rsta kvartalet i \u00e5r. Pris\u00f6kningarna b\u00f6r vara nere under tv\u00e5 procent i \u00e5rstakt under v\u00e5ren.&nbsp;&nbsp;<\/p>\n\n\n\n<p>Priserna p\u00e5 de tj\u00e4nster som s\u00e4ljs direkt till konsumenter \u00f6kar dock fortfarande mer. I februari steg priserna p\u00e5 de tj\u00e4nster som ing\u00e5r i KPI med 5,5 procent p\u00e5 \u00e5rsbasis vilket var of\u00f6r\u00e4ndrat j\u00e4mf\u00f6rt med januari. En tredjdedel av pris\u00f6kningen beror dock p\u00e5 \u00f6kade boendekostnader som i sin tur beror p\u00e5 de h\u00f6jda r\u00e4ntorna.<\/p>\n\n\n<a class='Share__link Share__link--url copy-text' href='#' rel='nofollow' data-text='2.-fallet-i-tjansteproduktionen-planar-ut' title='Dela url' data-confirmation='L\u00e4nken kopierades till urklipp'><svg class='icon icon--link'  width='18' height='18' viewBox='0 0 18 18' fill='none' xmlns='http:\/\/www.w3.org\/2000\/svg'>\n            <path d='M10.4142 0.514721L6.87868 4.05025L8.29289 5.46447L11.1213 2.63604L15.364 6.87868L12.5355 9.70711L13.9497 11.1213L17.4853 7.58579C17.8763 7.19476 17.8763 6.5626 17.4853 6.17158L11.8284 0.514721C11.4374 0.123691 10.8052 0.123691 10.4142 0.514721Z' fill='black'\/>\n            <path d='M9.7071 12.5355L6.87868 15.364L2.63604 11.1213L5.46446 8.2929L4.05025 6.87868L0.514716 10.4142C0.123686 10.8052 0.123686 11.4374 0.514716 11.8284L6.17157 17.4853C6.5626 17.8763 7.19475 17.8763 7.58578 17.4853L11.1213 13.9497L9.7071 12.5355Z' fill='black'\/>\n            <path d='M6.17157 11.8284C6.5626 12.2195 7.19475 12.2195 7.58578 11.8284L11.8284 7.58579C12.2195 7.19476 12.2195 6.56261 11.8284 6.17158C11.4374 5.78055 10.8052 5.78055 10.4142 6.17158L6.17157 10.4142C5.78054 10.8052 5.78054 11.4374 6.17157 11.8284Z' fill='black'\/>\n            <\/svg> <\/a>\n<h2 class=\"wp-block-heading\">2. <a>Fallet i tj\u00e4nsteproduktionen planar ut<\/a><\/h2>\n\n\n\n<h3 class=\"wp-block-heading\">2.1 <strong>En v\u00e4ndpunkt i sikte<\/strong><\/h3>\n\n\n\n<p>Den privata tj\u00e4nstesektorn har tappat fart \u00e4nda sedan sommaren 2022 och produktionen minskade under f\u00f6rra \u00e5ret. Det fj\u00e4rde kvartalet 2023 var produktionen 2,1 procent l\u00e4gre \u00e4n samma kvartal \u00e5ret innan.<span class=\"Footnote\"><sup>1<\/sup><\/span> <\/p>\n\n\n\n<p>Nedg\u00e5ngen i inflationen och en l\u00e5ngsammare nedg\u00e5ng av konsumtionen har gjort att tj\u00e4nstef\u00f6retag ser lite mer positivt p\u00e5 framtiden. Almegas tj\u00e4nsteindikator f\u00f6rutsp\u00e5r att nedg\u00e5ngen i tj\u00e4nsteproduktionen kommer att plana ut det f\u00f6rsta kvartalet i \u00e5r och kan komma att v\u00e4nda upp lite senare. <\/p>\n\n\n\n<p><strong><mark class=\"has-inline-color has-primary-color\">Diagram 1: <\/mark><strong>Almegas tj\u00e4nsteindikator f\u00f6r produktionstillv\u00e4xten i den privata tj\u00e4nstesektorn samt \u00e5rlig produktionstillv\u00e4xt<\/strong><\/strong><\/p>\n\n\n\n<figure class=\"wp-block-image size-large\"><img loading=\"lazy\" decoding=\"async\" width=\"1180\" height=\"706\" src=\"https:\/\/www.almega.se\/app\/uploads\/2024\/03\/Skarmavbild-2024-03-18-kl.-13.22.53-1180x706.png\" alt=\"\" class=\"wp-image-72323\" srcset=\"https:\/\/www.almega.se\/app\/uploads\/2024\/03\/Skarmavbild-2024-03-18-kl.-13.22.53-1180x706.png 1180w, https:\/\/www.almega.se\/app\/uploads\/2024\/03\/Skarmavbild-2024-03-18-kl.-13.22.53-580x347.png 580w, https:\/\/www.almega.se\/app\/uploads\/2024\/03\/Skarmavbild-2024-03-18-kl.-13.22.53-380x228.png 380w, https:\/\/www.almega.se\/app\/uploads\/2024\/03\/Skarmavbild-2024-03-18-kl.-13.22.53-768x460.png 768w, https:\/\/www.almega.se\/app\/uploads\/2024\/03\/Skarmavbild-2024-03-18-kl.-13.22.53-1536x920.png 1536w, https:\/\/www.almega.se\/app\/uploads\/2024\/03\/Skarmavbild-2024-03-18-kl.-13.22.53.png 1540w\" sizes=\"auto, (max-width: 1180px) 100vw, 1180px\" \/><\/figure>\n\n\n\n<p>B\u00e5de industrin och tj\u00e4nstesektorn hade ett svagt fjol\u00e5r. Medan industriproduktionen steg med 0,5 procent p\u00e5 hel\u00e5rsbasis sj\u00f6nk i produktionen i tj\u00e4nstesektorn.<span class=\"Footnote\"><sup>2<\/sup><\/span> Sjunkande konsumtion, minskat bostadsbyggande och mindre efterfr\u00e5gan p\u00e5 vissa tj\u00e4nster fr\u00e5n industrin tynger tj\u00e4nstesektorn.<\/p>\n\n\n\n<p><strong><mark class=\"has-inline-color has-primary-color\">Diagram 2:<\/mark> Produktionen i privat tj\u00e4nstesektor och industri, januari 2021 till januari 2024<\/strong><\/p>\n\n\n\n<figure class=\"wp-block-image size-large\"><img loading=\"lazy\" decoding=\"async\" width=\"1180\" height=\"660\" src=\"https:\/\/www.almega.se\/app\/uploads\/2024\/03\/Skarmavbild-2024-03-18-kl.-13.24.50-1180x660.png\" alt=\"\" class=\"wp-image-72324\" srcset=\"https:\/\/www.almega.se\/app\/uploads\/2024\/03\/Skarmavbild-2024-03-18-kl.-13.24.50-1180x660.png 1180w, https:\/\/www.almega.se\/app\/uploads\/2024\/03\/Skarmavbild-2024-03-18-kl.-13.24.50-580x325.png 580w, https:\/\/www.almega.se\/app\/uploads\/2024\/03\/Skarmavbild-2024-03-18-kl.-13.24.50-380x213.png 380w, https:\/\/www.almega.se\/app\/uploads\/2024\/03\/Skarmavbild-2024-03-18-kl.-13.24.50-768x430.png 768w, https:\/\/www.almega.se\/app\/uploads\/2024\/03\/Skarmavbild-2024-03-18-kl.-13.24.50-1536x860.png 1536w, https:\/\/www.almega.se\/app\/uploads\/2024\/03\/Skarmavbild-2024-03-18-kl.-13.24.50.png 1626w\" sizes=\"auto, (max-width: 1180px) 100vw, 1180px\" \/><\/figure>\n\n\n\n<p>Tj\u00e4nstef\u00f6retagens f\u00f6rv\u00e4ntningar p\u00e5 den n\u00e4rmaste framtiden f\u00f6rb\u00e4ttras dock sakta. Ink\u00f6pschefsindex (PMI) f\u00f6r privata tj\u00e4nster b\u00f6rjade runt \u00e5rsskiftet indikera stigande aktivitet fram\u00f6ver. Ordering\u00e5ngen sj\u00f6nk l\u00e5ngsammare \u00e4n f\u00f6rut och produktionen b\u00f6rjade \u00e5terh\u00e4mta sig.<span class=\"Footnote\"><sup>3<\/sup><\/span><\/p>\n\n\n\n<p><strong><mark class=\"has-inline-color has-primary-color\">Diagram 3:<\/mark> Ink\u00f6pschefsindex f\u00f6r privata tj\u00e4nster och industri, januari 2021 till februari 2024 <\/strong><\/p>\n\n\n\n<figure class=\"wp-block-image size-large\"><img loading=\"lazy\" decoding=\"async\" width=\"1180\" height=\"775\" src=\"https:\/\/www.almega.se\/app\/uploads\/2024\/03\/Skarmavbild-2024-03-18-kl.-13.25.54-1180x775.png\" alt=\"\" class=\"wp-image-72325\" srcset=\"https:\/\/www.almega.se\/app\/uploads\/2024\/03\/Skarmavbild-2024-03-18-kl.-13.25.54-1180x775.png 1180w, https:\/\/www.almega.se\/app\/uploads\/2024\/03\/Skarmavbild-2024-03-18-kl.-13.25.54-580x381.png 580w, https:\/\/www.almega.se\/app\/uploads\/2024\/03\/Skarmavbild-2024-03-18-kl.-13.25.54-380x249.png 380w, https:\/\/www.almega.se\/app\/uploads\/2024\/03\/Skarmavbild-2024-03-18-kl.-13.25.54-768x504.png 768w, https:\/\/www.almega.se\/app\/uploads\/2024\/03\/Skarmavbild-2024-03-18-kl.-13.25.54.png 1368w\" sizes=\"auto, (max-width: 1180px) 100vw, 1180px\" \/><\/figure>\n\n\n\n<h4 class=\"wp-block-heading\">2.2 God efterfr\u00e5gan p\u00e5 vissa f\u00f6retagstj\u00e4nster<\/h4>\n\n\n\n<p>Efterfr\u00e5gan p\u00e5 f\u00f6retagstj\u00e4nster har p\u00e5verkats negativt av nedg\u00e5ngen i konjunkturen som b\u00f6rjade under 2022 men bilden \u00e4r splittrad mellan olika branscher.<\/p>\n\n\n\n<p>Tillv\u00e4xten av f\u00f6retagstj\u00e4nster inom juridik, ekonomi, vetenskap och teknik d\u00e4mpades under 2023 men f\u00f6rblev positiv. Det fj\u00e4rde kvartalet \u00f6kade produktionen med 1,5 procent j\u00e4mf\u00f6rt med samma kvartal f\u00f6rra \u00e5ret. Genomsnittet d\u00f6ljer dock stora skillnader mellan olika delbranscher. Den kraftiga nedg\u00e5ngen av bostadsbyggandet har drabbat arkitektbranschen h\u00e5rt. D\u00e4remot har efterfr\u00e5gan f\u00f6r tekniska konsulter och industrikonsulter fortsatt att \u00f6ka vilket delvis f\u00f6rklaras av fortsatt stora industriinvesteringar och h\u00f6gt anl\u00e4ggningsbyggande.<\/p>\n\n\n\n<p><strong><mark class=\"has-inline-color has-primary-color\">Diagram 4: <\/mark>Produktion bland konsulter inom juridik, ekonomi, teknik m.m. (69-75), kvartal ett 2021 till kvartal fyra 2023<\/strong><\/p>\n\n\n\n<figure class=\"wp-block-image size-large is-resized\"><img loading=\"lazy\" decoding=\"async\" src=\"https:\/\/www.almega.se\/app\/uploads\/2024\/03\/Skarmavbild-2024-03-18-kl.-13.27.43-1180x549.png\" alt=\"\" class=\"wp-image-72326\" width=\"1116\" height=\"519\" srcset=\"https:\/\/www.almega.se\/app\/uploads\/2024\/03\/Skarmavbild-2024-03-18-kl.-13.27.43-1180x549.png 1180w, https:\/\/www.almega.se\/app\/uploads\/2024\/03\/Skarmavbild-2024-03-18-kl.-13.27.43-580x270.png 580w, https:\/\/www.almega.se\/app\/uploads\/2024\/03\/Skarmavbild-2024-03-18-kl.-13.27.43-380x177.png 380w, https:\/\/www.almega.se\/app\/uploads\/2024\/03\/Skarmavbild-2024-03-18-kl.-13.27.43-768x357.png 768w, https:\/\/www.almega.se\/app\/uploads\/2024\/03\/Skarmavbild-2024-03-18-kl.-13.27.43-1536x714.png 1536w, https:\/\/www.almega.se\/app\/uploads\/2024\/03\/Skarmavbild-2024-03-18-kl.-13.27.43.png 1600w\" sizes=\"auto, (max-width: 1116px) 100vw, 1116px\" \/><figcaption class=\"wp-element-caption\">K\u00e4lla: SCB, Tj\u00e4nsteproduktionsindex<\/figcaption><\/figure>\n\n\n\n<p>En unders\u00f6kning av Innovationsf\u00f6retagen \u2013 som organiserar industrikonsulter, tekniska konsulter och arkitekter \u2013 visar att f\u00f6rv\u00e4ntningarna p\u00e5 framtiden f\u00f6rb\u00e4ttrats inom dessa branscher. 41 procent av f\u00f6retagen inom branschen r\u00e4knar med en \u00f6kad ordering\u00e5ng det n\u00e4rmaste halv\u00e5ret medan 21 procent r\u00e4knar med f\u00e4rre order vilket \u00e4r en kraftig f\u00f6rb\u00e4ttring j\u00e4mf\u00f6rt med i oktober f\u00f6rra \u00e5ret. Bilden \u00e4r dock splittrad. Medan en kraftig majoritet av industrikonsulterna r\u00e4knar med en \u00f6kad ordering\u00e5ng fram\u00f6ver v\u00e4ger det mer j\u00e4mnt bland tekniska konsulter och arkitekter. St\u00e4mningsl\u00e4get bland arkitekterna har dock blivit betydligt ljusare sedan den f\u00f6rra unders\u00f6kningen i oktober och \u00e4ven om ordering\u00e5ngen fortfarande \u00e4r svag r\u00e4knar fler arkitektf\u00f6retag \u00e4n tidigare med att l\u00e4get kommer att bli b\u00e4ttre.<span class=\"Footnote\"><sup>4<\/sup><\/span><\/p>\n\n\n\n<p>Exporten av aff\u00e4rstj\u00e4nster forts\u00e4tter att \u00f6ka men tillv\u00e4xttakten \u00e4r inte lika h\u00f6g som tidigare. Under det fj\u00e4rde kvartalet 2023 var exporten av aff\u00e4rstj\u00e4nster, i l\u00f6pande priser, 9,3 procent  h\u00f6gre \u00e4n samma kvartal f\u00f6rra \u00e5ret.<span class=\"Footnote\"><sup>5<\/sup><\/span> I fasta priser har exporten av aff\u00e4rstj\u00e4nster \u00f6kat med sex procent det senaste \u00e5ret.<span class=\"Footnote\"><sup>6<\/sup><\/span><\/p>\n\n\n\n<p>Produktionen inom personaluthyrning och andra st\u00f6dtj\u00e4nster till f\u00f6retag v\u00e4xte trots den vacklande konjunkturen snabbt fram till b\u00f6rjan av f\u00f6rra \u00e5ret men har d\u00e4refter tv\u00e4rbromsat. Det fj\u00e4rde kvartalet 2023 var produktionen i branschen 0,8 procent procent l\u00e4gre \u00e4n ett \u00e5r tidigare.<\/p>\n\n\n\n<p>Inbromsningen beror p\u00e5 en kraftig nedg\u00e5ng f\u00f6r bemanningsbranschen. Siffror fr\u00e5n Kompetensf\u00f6retagen \u2013 d\u00e4r framf\u00f6r allt bemanningsf\u00f6retag ing\u00e5r \u2013 visar att oms\u00e4ttningen inom bemanning, i l\u00f6pande priser, det fj\u00e4rde kvartalet 2023 var 6,1 procent l\u00e4gre \u00e4n samma kvartal \u00e5ret innan. Tar man h\u00e4nsyn till prish\u00f6jningarna blir nedg\u00e5ngen cirka tio procent i fasta priser.<span class=\"Footnote\"><sup>7<\/sup><\/span><\/p>\n\n\n\n<p><strong><mark class=\"has-inline-color has-primary-color\">Diagram 5: <\/mark>Produktion inom uthyrning och andra st\u00f6dtj\u00e4nster till f\u00f6retag (77-82), kvartal ett 2021 till kvartal fyra 2023<\/strong><\/p>\n\n\n\n<figure class=\"wp-block-image size-full\"><img loading=\"lazy\" decoding=\"async\" width=\"1116\" height=\"762\" src=\"https:\/\/www.almega.se\/app\/uploads\/2024\/03\/Skarmavbild-2024-03-18-kl.-13.29.45.png\" alt=\"\" class=\"wp-image-72327\" srcset=\"https:\/\/www.almega.se\/app\/uploads\/2024\/03\/Skarmavbild-2024-03-18-kl.-13.29.45.png 1116w, https:\/\/www.almega.se\/app\/uploads\/2024\/03\/Skarmavbild-2024-03-18-kl.-13.29.45-580x396.png 580w, https:\/\/www.almega.se\/app\/uploads\/2024\/03\/Skarmavbild-2024-03-18-kl.-13.29.45-380x259.png 380w, https:\/\/www.almega.se\/app\/uploads\/2024\/03\/Skarmavbild-2024-03-18-kl.-13.29.45-768x524.png 768w\" sizes=\"auto, (max-width: 1116px) 100vw, 1116px\" \/><figcaption class=\"wp-element-caption\">K\u00e4lla: SCB, tj\u00e4nsteproduktionsindex<\/figcaption><\/figure>\n\n\n\n<p>Uthyrningen av personal till branschens st\u00f6rsta yrkesomr\u00e5de industrin var det fj\u00e4rde kvartalet 2023 tre procent h\u00f6gre i l\u00f6pande priser \u00e4n samma kvartal \u00e5ret innan, vilket inneb\u00e4r en liten minskning i volym efter justering f\u00f6r \u00f6kade priser. D\u00e4remot f\u00f6ll uthyrningen till branschens n\u00e4st st\u00f6rsta yrkesomr\u00e5de, lager och logistik, med 14 procent i l\u00f6pande priser, under samma period vilket inneb\u00e4r en nedg\u00e5ng med n\u00e4rmare 17 procent i fasta priser.<\/p>\n\n\n\n<p>Uthyrningen till v\u00e5rd och omsorg minskade med 29 procent i l\u00f6pande priser det senaste \u00e5ret vilket beror p\u00e5 politiska beslut att minska inhyrningen av personal till regionerna.<sup><span class=\"Footnote\">8<\/span><\/sup><br><\/p>\n\n\n\n<p>Bemanningsf\u00f6retagen \u00e4r pessimistiska p\u00e5 kort sikt. 63 procent av f\u00f6retagen tror att l\u00e4get kommer kommer att vara of\u00f6r\u00e4ndrat eller s\u00e4mre det n\u00e4rmaste kvartalet, vilket speglar f\u00f6rs\u00e4mringen p\u00e5 arbetsmarknaden i stort. P\u00e5 l\u00e4ngre sikt \u00e4r f\u00f6retagen mer optimistiska. 78 procent av f\u00f6retagen tror att l\u00e4get kommer att vara of\u00f6r\u00e4ndrat eller b\u00e4ttre inom ett \u00e5r.<span class=\"Footnote\"><sup>9<\/sup><\/span><\/p>\n\n\n\n<p><strong><mark class=\"has-inline-color has-primary-color\">Diagram 6: <\/mark>Produktionen inom transporter och magasinering (49-53), kvartal ett 2021 till kvartal fyra 2023<\/strong><\/p>\n\n\n\n<figure class=\"wp-block-image size-full\"><img loading=\"lazy\" decoding=\"async\" width=\"1140\" height=\"754\" src=\"https:\/\/www.almega.se\/app\/uploads\/2024\/03\/Skarmavbild-2024-03-18-kl.-13.32.32.png\" alt=\"\" class=\"wp-image-72328\" srcset=\"https:\/\/www.almega.se\/app\/uploads\/2024\/03\/Skarmavbild-2024-03-18-kl.-13.32.32.png 1140w, https:\/\/www.almega.se\/app\/uploads\/2024\/03\/Skarmavbild-2024-03-18-kl.-13.32.32-580x384.png 580w, https:\/\/www.almega.se\/app\/uploads\/2024\/03\/Skarmavbild-2024-03-18-kl.-13.32.32-380x251.png 380w, https:\/\/www.almega.se\/app\/uploads\/2024\/03\/Skarmavbild-2024-03-18-kl.-13.32.32-768x508.png 768w\" sizes=\"auto, (max-width: 1140px) 100vw, 1140px\" \/><figcaption class=\"wp-element-caption\">K\u00e4lla: SCB, tj\u00e4nsteproduktionsindex<\/figcaption><\/figure>\n\n\n\n<p>Tillv\u00e4xten inom transportbranschen f\u00f6ll under 2022 n\u00e4r h\u00f6jda br\u00e4nslepriserna i b\u00f6rjan av \u00e5ret som tvingade fram stora prish\u00f6jningar p\u00e5 transporter. Efterfr\u00e5gan p\u00e5 transporter har fortsatt att minska trots sjunkande br\u00e4nslepriser. Produktionen inom branschen har fallit fem kvartal i rad. Det fj\u00e4rde kvartalet 2023 var produktionen 4,1 procent l\u00e4gre \u00e4n ett \u00e5r tidigare.<span class=\"Footnote\"><sup>10<\/sup><\/span> L\u00e4get b\u00f6rjar dock ljusna lite och f\u00f6retagen inom landtransporter tror p\u00e5 \u00f6kad efterfr\u00e5gan det n\u00e4rmaste kvartalet.<\/p>\n\n\n\n<p>Inom information och kommunikation f\u00f6ll tillv\u00e4xten kraftigt i b\u00f6rjan av 2023 och nedg\u00e5ngen f\u00f6rdjupades under \u00e5ret. Det fj\u00e4rde kvartalet var produktionen inom branschen 4,2 procent l\u00e4gre \u00e4n samma kvartal 2022. Nedg\u00e5ngen m\u00e5ste dock ses i ljuset av att branschen haft n\u00e4stan tio \u00e5r av obruten tillv\u00e4xt och att en konsolidering var v\u00e4ntad.<\/p>\n\n\n\n<p>Exporten av informations- och kommunikationstj\u00e4nster utvecklades bra under 2023 men bromsade in mot slutet av \u00e5ret. Det fj\u00e4rde kvartalet var exporten, i l\u00f6pande priser, 1,7  procent l\u00e4gre \u00e4n samma kvartal 2022.<span class=\"Footnote\"><sup>11<\/sup><\/span> Information- och kommunikationstj\u00e4nster har \u00f6kat med 0,6 procent i pris det senaste \u00e5ret.<br><\/p>\n\n\n\n<p>Framtidsf\u00f6rv\u00e4ntningarna inom branschen \u00e4r fortsatt starka. I februari r\u00e4knade 29 procent av datakonsulterna med att efterfr\u00e5gan skulle \u00f6ka den n\u00e4rmaste framtiden.<\/p>\n\n\n\n<p><strong><mark class=\"has-inline-color has-primary-color\">Diagram 7:<\/mark> Produktionen inom information och kommunikation (58-63), kvartal ett 2021 till kvartal fyra 2023<\/strong><\/p>\n\n\n\n<figure class=\"wp-block-image size-full\"><img loading=\"lazy\" decoding=\"async\" width=\"1158\" height=\"774\" src=\"https:\/\/www.almega.se\/app\/uploads\/2024\/03\/Skarmavbild-2024-03-18-kl.-13.35.23.png\" alt=\"\" class=\"wp-image-72329\" srcset=\"https:\/\/www.almega.se\/app\/uploads\/2024\/03\/Skarmavbild-2024-03-18-kl.-13.35.23.png 1158w, https:\/\/www.almega.se\/app\/uploads\/2024\/03\/Skarmavbild-2024-03-18-kl.-13.35.23-580x388.png 580w, https:\/\/www.almega.se\/app\/uploads\/2024\/03\/Skarmavbild-2024-03-18-kl.-13.35.23-380x254.png 380w, https:\/\/www.almega.se\/app\/uploads\/2024\/03\/Skarmavbild-2024-03-18-kl.-13.35.23-768x513.png 768w\" sizes=\"auto, (max-width: 1158px) 100vw, 1158px\" \/><figcaption class=\"wp-element-caption\">K\u00e4lla:  SCB, tj\u00e4nsteproduktionsindex<\/figcaption><\/figure>\n\n\n\n<p><strong><mark class=\"has-inline-color has-primary-color\">Tabell 1: <\/mark>Efterfr\u00e5gan i tj\u00e4nstebranscher som fr\u00e4mst s\u00e4ljer till f\u00f6retag. Utfall tre m\u00e5nader bak\u00e5t och f\u00f6rv\u00e4ntningar tre m\u00e5nader fram\u00e5t, november 2023 och februari 2024<\/strong><\/p>\n\n\n\n<figure class=\"wp-block-image size-large\"><img loading=\"lazy\" decoding=\"async\" width=\"1180\" height=\"562\" src=\"https:\/\/www.almega.se\/app\/uploads\/2024\/03\/Skarmavbild-2024-03-18-kl.-13.36.22-1180x562.png\" alt=\"\" class=\"wp-image-72330\" srcset=\"https:\/\/www.almega.se\/app\/uploads\/2024\/03\/Skarmavbild-2024-03-18-kl.-13.36.22-1180x562.png 1180w, https:\/\/www.almega.se\/app\/uploads\/2024\/03\/Skarmavbild-2024-03-18-kl.-13.36.22-580x276.png 580w, https:\/\/www.almega.se\/app\/uploads\/2024\/03\/Skarmavbild-2024-03-18-kl.-13.36.22-380x181.png 380w, https:\/\/www.almega.se\/app\/uploads\/2024\/03\/Skarmavbild-2024-03-18-kl.-13.36.22-768x366.png 768w, https:\/\/www.almega.se\/app\/uploads\/2024\/03\/Skarmavbild-2024-03-18-kl.-13.36.22-1536x731.png 1536w, https:\/\/www.almega.se\/app\/uploads\/2024\/03\/Skarmavbild-2024-03-18-kl.-13.36.22.png 1638w\" sizes=\"auto, (max-width: 1180px) 100vw, 1180px\" \/><figcaption class=\"wp-element-caption\">K\u00e4lla: Konjunkturinstitutet <br>Anm: Nettotal \u00e4r andelen f\u00f6retag som rapporterar att efterfr\u00e5gan \u00f6kar minus andelen som rapporterar att den minskar. \u00d6vriga f\u00f6retagstj\u00e4nster (SNI 82) omfattar kontorstj\u00e4nster, callcenter samt arrang\u00f6rer av kongresser och m\u00e4ssor.<\/figcaption><\/figure>\n\n\n\n<h3 class=\"wp-block-heading\">2.3 Minskad efterfr\u00e5gan p\u00e5 tj\u00e4nster till konsumenter<\/h3>\n\n\n\n<p>Tv\u00e5 \u00e5r av h\u00f6g inflation och stigande r\u00e4ntor har urholkat hush\u00e5llens k\u00f6pkraft och reall\u00f6nerna har fallit med tio procent sedan slutet av 2021.<sup><span class=\"Footnote\">12<\/span><\/sup> Detta har tvingat hush\u00e5llen att dra ner sin konsumtion. Hush\u00e5llens konsumtion har fallit fem kvartal i rad vilket inte h\u00e4nt sedan b\u00f6rjan av 1990-talet. Nedg\u00e5ngen b\u00f6rjade dock plana ut i slutet av f\u00f6rra \u00e5ret. Det fj\u00e4rde kvartalet 2023 var hush\u00e5llens konsumtion 1,1 procent l\u00e4gre \u00e4n samma kvartal f\u00f6rra \u00e5ret.<sup><span class=\"Footnote\">13<\/span><\/sup><\/p>\n\n\n\n<p>H\u00f6jda boendekostnader inklusive el och uppv\u00e4rmning har ocks\u00e5 tvingat hush\u00e5llen att omf\u00f6rdela sin konsumtion fr\u00e5n varor och tj\u00e4nster till boende. R\u00e4knar man bort kostnader f\u00f6r boende var hush\u00e5llens konsumtion 2,6 procent l\u00e4gre \u00e4n ett \u00e5r tidigare.<span class=\"Footnote\"><sup>1<\/sup><\/span><span class=\"Footnote\"><sup>4<\/sup><\/span> Hush\u00e5llen valde tidigare att l\u00e4gga sin krympande budget p\u00e5 tj\u00e4nster som hotell och restaurang, kultur, n\u00f6je och fritid och dra ner p\u00e5 varuink\u00f6p. Under 2023 minskade dock \u00e4ven konsumtionen av hotell och restaurangtj\u00e4nster.<\/p>\n\n\n\n<p><strong><mark class=\"has-inline-color has-primary-color\">Diagram 8: <\/mark><mark class=\"has-inline-color has-black-color\">Produktionen inom handel (45-47), kvartal ett 2021 till kvartal fyra 2023<\/mark><\/strong><\/p>\n\n\n\n<figure class=\"wp-block-image size-full\"><img loading=\"lazy\" decoding=\"async\" width=\"1094\" height=\"746\" src=\"https:\/\/www.almega.se\/app\/uploads\/2024\/03\/Skarmavbild-2024-03-18-kl.-13.43.03.png\" alt=\"\" class=\"wp-image-72331\" srcset=\"https:\/\/www.almega.se\/app\/uploads\/2024\/03\/Skarmavbild-2024-03-18-kl.-13.43.03.png 1094w, https:\/\/www.almega.se\/app\/uploads\/2024\/03\/Skarmavbild-2024-03-18-kl.-13.43.03-580x396.png 580w, https:\/\/www.almega.se\/app\/uploads\/2024\/03\/Skarmavbild-2024-03-18-kl.-13.43.03-380x259.png 380w, https:\/\/www.almega.se\/app\/uploads\/2024\/03\/Skarmavbild-2024-03-18-kl.-13.43.03-768x524.png 768w\" sizes=\"auto, (max-width: 1094px) 100vw, 1094px\" \/><figcaption class=\"wp-element-caption\">K\u00e4lla: SCB, tj\u00e4nsteproduktionsindex. <br>Anm: Handel s\u00e4ljer tj\u00e4nster b\u00e5de till hush\u00e5ll och f\u00f6retag.<\/figcaption><\/figure>\n\n\n\n<p>Den bransch som drabbats mest av den minskadekonsumtionen \u00e4r handeln d\u00e4r produktionen fallit sju kvartal i rad. Det fj\u00e4rde kvartalet var produktionen i fasta priser 5,4 procent l\u00e4gre \u00e4n samma kvartal 2022.<br><\/p>\n\n\n\n<p>Inom detaljhandeln var oms\u00e4ttningen 3,0 procent l\u00e4gre det fj\u00e4rde kvartalet 2023 \u00e4n under samma kvartal f\u00f6rra \u00e5ret. Nedg\u00e5ngen var st\u00f6rre f\u00f6r s\u00e4llank\u00f6pshandeln \u00e4n f\u00f6r dagligvaruhandeln.<span class=\"Footnote\"><sup>15 <\/sup><\/span>Inom e-handeln har f\u00f6rs\u00e4ljningen fallit tv\u00e5 \u00e5r i rad och 2023 var oms\u00e4ttningen \u00e5tta procent l\u00e4gre \u00e4n \u00e5ret innan.<span class=\"Footnote\"><sup>16<\/sup><\/span> Nedg\u00e5ngen f\u00f6r detaljhandeln \u00e4r dock p\u00e5 v\u00e4g att plana ut och f\u00f6retagen f\u00f6rv\u00e4ntar sig \u00f6kad efterfr\u00e5gan fram\u00f6ver.<br><\/p>\n\n\n\n<p>Motorhandelns tillv\u00e4xt h\u00f6lls l\u00e4nge uppe av leveranser av fordon som best\u00e4llts tidigare men mot slutet av f\u00f6rra \u00e5ret f\u00f6ll oms\u00e4ttningen. Det fj\u00e4rde kvartalet 2023 var oms\u00e4ttningen i motorhandeln 4,3 procent l\u00e4gre \u00e4n samma kvartal ett \u00e5r tidigare. Under samma kvartal nyregistrerades ocks\u00e5 4,3 procent f\u00e4rre personbilar \u00e4n samma kvartal \u00e5ret innan.<span class=\"Footnote\"><sup>17<\/sup><\/span><br><\/p>\n\n\n\n<p>Inom partihandeln, som s\u00e4ljer till f\u00f6retag, f\u00f6ll oms\u00e4ttningen markant under 2023. Det fj\u00e4rde kvartalet 2023 var oms\u00e4ttningen i fasta priser 8,9 procent l\u00e4gre \u00e4n samma kvartal 2022.<\/p>\n\n\n\n<p><strong><mark class=\"has-inline-color has-primary-color\">Diagram 9: <\/mark><mark class=\"has-inline-color has-black-color\">Produktionen inom hotell och restaurang (55-56), kvartal ett 2021 till kvartal fyra 2023<\/mark><\/strong><\/p>\n\n\n\n<figure class=\"wp-block-image size-large\"><img loading=\"lazy\" decoding=\"async\" width=\"1180\" height=\"556\" src=\"https:\/\/www.almega.se\/app\/uploads\/2024\/03\/Skarmavbild-2024-03-18-kl.-13.45.37-1180x556.png\" alt=\"\" class=\"wp-image-72333\" srcset=\"https:\/\/www.almega.se\/app\/uploads\/2024\/03\/Skarmavbild-2024-03-18-kl.-13.45.37-1180x556.png 1180w, https:\/\/www.almega.se\/app\/uploads\/2024\/03\/Skarmavbild-2024-03-18-kl.-13.45.37-580x274.png 580w, https:\/\/www.almega.se\/app\/uploads\/2024\/03\/Skarmavbild-2024-03-18-kl.-13.45.37-380x179.png 380w, https:\/\/www.almega.se\/app\/uploads\/2024\/03\/Skarmavbild-2024-03-18-kl.-13.45.37-768x362.png 768w, https:\/\/www.almega.se\/app\/uploads\/2024\/03\/Skarmavbild-2024-03-18-kl.-13.45.37-1536x724.png 1536w, https:\/\/www.almega.se\/app\/uploads\/2024\/03\/Skarmavbild-2024-03-18-kl.-13.45.37.png 1582w\" sizes=\"auto, (max-width: 1180px) 100vw, 1180px\" \/><\/figure>\n\n\n\n<p>Hotell och restaurangbranschen \u00e5terh\u00e4mtade sig starkt fr\u00e5n pandemin och tillv\u00e4xten h\u00f6ll i sig till b\u00f6rjan av 2023. D\u00e4refter v\u00e4nde dock utvecklingen. Det fj\u00e4rde kvartalet var produktionen inom hotell och restaurangbranschen 2,5 procent l\u00e4gre \u00e4n under samma kvartal f\u00f6rra \u00e5ret. F\u00f6retagen i branschen v\u00e4ntar sig fallande efterfr\u00e5gan fram\u00f6ver.<\/p>\n\n\n\n<p><strong><span class=\"Footnote\"><mark class=\"has-inline-color has-primary-color\">Diagram 10: <\/mark><\/span>Produktionen inom personliga och kulturella tj\u00e4nster (90-98), kvartal ett 2021 till kvartal fyra 2023<\/strong><\/p>\n\n\n\n<figure class=\"wp-block-image size-large\"><img loading=\"lazy\" decoding=\"async\" width=\"1180\" height=\"628\" src=\"https:\/\/www.almega.se\/app\/uploads\/2024\/03\/Skarmavbild-2024-03-18-kl.-13.46.48-1180x628.png\" alt=\"\" class=\"wp-image-72334\" srcset=\"https:\/\/www.almega.se\/app\/uploads\/2024\/03\/Skarmavbild-2024-03-18-kl.-13.46.48-1180x628.png 1180w, https:\/\/www.almega.se\/app\/uploads\/2024\/03\/Skarmavbild-2024-03-18-kl.-13.46.48-580x309.png 580w, https:\/\/www.almega.se\/app\/uploads\/2024\/03\/Skarmavbild-2024-03-18-kl.-13.46.48-380x202.png 380w, https:\/\/www.almega.se\/app\/uploads\/2024\/03\/Skarmavbild-2024-03-18-kl.-13.46.48-768x409.png 768w, https:\/\/www.almega.se\/app\/uploads\/2024\/03\/Skarmavbild-2024-03-18-kl.-13.46.48.png 1502w\" sizes=\"auto, (max-width: 1180px) 100vw, 1180px\" \/><\/figure>\n\n\n\n<p>Trots stigande priser och krympande budgetar forts\u00e4tter hush\u00e5llen att prioritera olika personliga tj\u00e4nster samt kultur och n\u00f6jen.<span class=\"Footnote\"><sup>18<\/sup><\/span> Det fj\u00e4rde kvartalet i \u00e5r var produktionen i branschen 13,5 procent h\u00f6gre \u00e4n samma kvartal f\u00f6rra \u00e5ret. Branschen \u00e4r dock liten i f\u00f6rh\u00e5llande till \u00f6vriga tj\u00e4nstebranscher.<\/p>\n\n\n\n<p><strong><mark class=\"has-inline-color has-primary-color\">Diagram 11:<\/mark> Produktionen inom fastighetsf\u00f6rvaltning (68), kvartal ett 2021 till kvartal fyra 2023<\/strong><\/p>\n\n\n\n<figure class=\"wp-block-image size-full is-resized\"><img loading=\"lazy\" decoding=\"async\" src=\"https:\/\/www.almega.se\/app\/uploads\/2024\/03\/Skarmavbild-2024-03-18-kl.-13.48.03.png\" alt=\"\" class=\"wp-image-72335\" width=\"1102\" height=\"730\" srcset=\"https:\/\/www.almega.se\/app\/uploads\/2024\/03\/Skarmavbild-2024-03-18-kl.-13.48.03.png 1102w, https:\/\/www.almega.se\/app\/uploads\/2024\/03\/Skarmavbild-2024-03-18-kl.-13.48.03-580x384.png 580w, https:\/\/www.almega.se\/app\/uploads\/2024\/03\/Skarmavbild-2024-03-18-kl.-13.48.03-380x252.png 380w, https:\/\/www.almega.se\/app\/uploads\/2024\/03\/Skarmavbild-2024-03-18-kl.-13.48.03-768x509.png 768w\" sizes=\"auto, (max-width: 1102px) 100vw, 1102px\" \/><figcaption class=\"wp-element-caption\">K\u00e4lla: SCB, tj\u00e4nste produktionsindex.<br>Anm: Fastighetsbolag s\u00e4ljer tj\u00e4nster till hush\u00e5ll och f\u00f6retag.<\/figcaption><\/figure>\n\n\n\n<p>Produktionen av tj\u00e4nster inom fastighetsbolag och fastighetsf\u00f6rvaltare \u00f6kar \u00e4nnu stadigt. Det fj\u00e4rde kvartalet i \u00e5r var produktionen, i fasta priser, 1,5 procent h\u00f6gre \u00e4n under samma kvartal f\u00f6rra \u00e5ret.<\/p>\n\n\n\n<p><strong><mark class=\"has-inline-color has-primary-color\">Tabell 2: <\/mark>Efterfr\u00e5gan i tj\u00e4nstebranscher som fr\u00e4mst s\u00e4ljer till hush\u00e5ll. Utfall tre m\u00e5nader bak\u00e5t och f\u00f6rv\u00e4ntningar tre m\u00e5nader fram\u00e5t, november 2023 och februari 2024<\/strong><\/p>\n\n\n\n<figure class=\"wp-block-image size-large\"><img loading=\"lazy\" decoding=\"async\" width=\"1180\" height=\"310\" src=\"https:\/\/www.almega.se\/app\/uploads\/2024\/03\/Skarmavbild-2024-03-18-kl.-13.49.30-1180x310.png\" alt=\"\" class=\"wp-image-72336\" srcset=\"https:\/\/www.almega.se\/app\/uploads\/2024\/03\/Skarmavbild-2024-03-18-kl.-13.49.30-1180x310.png 1180w, https:\/\/www.almega.se\/app\/uploads\/2024\/03\/Skarmavbild-2024-03-18-kl.-13.49.30-580x152.png 580w, https:\/\/www.almega.se\/app\/uploads\/2024\/03\/Skarmavbild-2024-03-18-kl.-13.49.30-380x100.png 380w, https:\/\/www.almega.se\/app\/uploads\/2024\/03\/Skarmavbild-2024-03-18-kl.-13.49.30-768x202.png 768w, https:\/\/www.almega.se\/app\/uploads\/2024\/03\/Skarmavbild-2024-03-18-kl.-13.49.30-1536x403.png 1536w, https:\/\/www.almega.se\/app\/uploads\/2024\/03\/Skarmavbild-2024-03-18-kl.-13.49.30.png 1616w\" sizes=\"auto, (max-width: 1180px) 100vw, 1180px\" \/><figcaption class=\"wp-element-caption\">K\u00e4lla: Konjunkturinstitutet <br>Anm: Fastighetsf\u00f6rvaltning (SNI 68.2) s\u00e4ljer tj\u00e4nster b\u00e5de till hush\u00e5ll och f\u00f6retag.<\/figcaption><\/figure>\n\n\n\n<h3 class=\"wp-block-heading\">2.4 V\u00e4lf\u00e4rdsproducenter pressas av l\u00e5ga ers\u00e4ttningar<\/h3>\n\n\n\n<p>Produktionen av privat utf\u00f6rda, men offentligt finansierade, v\u00e4lf\u00e4rdstj\u00e4nster inom utbildning, v\u00e5rd och omsorg utvecklades svagt under 2023. En viktig f\u00f6rklaring till detta var att stora kostnads\u00f6kningar urholkade ers\u00e4ttningen till utf\u00f6rarna.<br><\/p>\n\n\n\n<p>Produktionen inom privat utf\u00f6rd utbildning \u00f6kade under 2023 efter en svag utveckling \u00e5ret innan d\u00e4r i princip hela \u00f6kningen av oms\u00e4ttningen \u00e5ts upp av h\u00f6gre kostnader. <sup><span class=\"Footnote\">19<\/span><\/sup> Det fj\u00e4rde kvartalet 2023 var produktionen i fasta priser 5,7 procent h\u00f6gre \u00e4n samma kvartal 2022.<br><\/p>\n\n\n\n<p>Produktionen inom privat utf\u00f6rd h\u00e4lso- och sjukv\u00e5rd \u00f6kade i l\u00f6pande priser under 2023 och \u00e4ven antalet arbetade timmar blev n\u00e5got fler. Den \u00f6kade oms\u00e4ttningen \u00e5ts dock upp av stigande kostnader och produktionen f\u00f6ll under hel\u00e5ret m\u00e4tt i fasta priser p\u00e5 samma s\u00e4tt som 2022.<span class=\"Footnote\"><sup>20<\/sup><\/span> Det fj\u00e4rde kvartalet 2023 var produktionen i fasta priser 5,9 procent l\u00e4gre \u00e4n samma kvartal 2022 och 15,3 procent l\u00e4gre \u00e4n samma kvartal 2021.<br><\/p>\n\n\n\n<p>Inom v\u00e5rd- och omsorgsboenden till fr\u00e4mst \u00e4ldre \u00e5terh\u00e4mtade sig produktionen n\u00e5got under 2023 efter ett svagt 2022 d\u00e4r hela den \u00f6kade oms\u00e4ttningen \u00e5ts upp av h\u00f6gre kostnader.<span class=\"Footnote\"><sup>21<\/sup><\/span> Det fj\u00e4rde kvartalet 2023 var produktionen m\u00e4tt i fasta priser 1,3 procent h\u00f6gre \u00e4n samma kvartal 2022 och 0,4 procent h\u00f6gre \u00e4n samma kvartal 2021.<br><\/p>\n\n\n\n<p>Det \u00e4r tydligt att framf\u00f6r allt de privata producenterna inom h\u00e4lso- och sjukv\u00e5rd inte har f\u00e5tt uppr\u00e4kningar av ers\u00e4ttningarna fr\u00e5n kommuner och regioner som motsvarar deras kostnads\u00f6kningar de tv\u00e5 senaste \u00e5ren, vilket kan skapa problem f\u00f6r l\u00e5ngsiktiga b\u00e4rkraften i branschen.<\/p>\n\n\n\n<p><strong><mark class=\"has-inline-color has-primary-color\">Diagram 12:<\/mark> Produktionen inom privat utf\u00f6rd utbildning, sjukv\u00e5rd samt v\u00e5rd och omsorg, kvartal ett 2021 till kvartal tre 2023<\/strong><\/p>\n\n\n\n<figure class=\"wp-block-image size-large\"><img loading=\"lazy\" decoding=\"async\" width=\"1180\" height=\"886\" src=\"https:\/\/www.almega.se\/app\/uploads\/2024\/03\/Skarmavbild-2024-03-18-kl.-13.51.47-1180x886.png\" alt=\"\" class=\"wp-image-72337\" srcset=\"https:\/\/www.almega.se\/app\/uploads\/2024\/03\/Skarmavbild-2024-03-18-kl.-13.51.47-1180x886.png 1180w, https:\/\/www.almega.se\/app\/uploads\/2024\/03\/Skarmavbild-2024-03-18-kl.-13.51.47-580x435.png 580w, https:\/\/www.almega.se\/app\/uploads\/2024\/03\/Skarmavbild-2024-03-18-kl.-13.51.47-380x285.png 380w, https:\/\/www.almega.se\/app\/uploads\/2024\/03\/Skarmavbild-2024-03-18-kl.-13.51.47-768x577.png 768w, https:\/\/www.almega.se\/app\/uploads\/2024\/03\/Skarmavbild-2024-03-18-kl.-13.51.47.png 1212w\" sizes=\"auto, (max-width: 1180px) 100vw, 1180px\" \/><figcaption class=\"wp-element-caption\">K\u00e4lla: SCB, nationalr\u00e4kenskaperna <\/figcaption><\/figure>\n\n\n\n<h3 class=\"wp-block-heading\">2.5 Allt fler konkurser<\/h3>\n\n\n\n<p>Antalet konkurser i tj\u00e4nstesektorn forts\u00e4tter att \u00f6ka. Under 2023 gick 6 040 f\u00f6retag inom tj\u00e4nstesektorn i konkurs vilket var 1 340, eller 28 procent, fler \u00e4n under 2022. Konkurserna har fortsatt att \u00f6ka under b\u00f6rjan av 2024. Under januari och februari i \u00e5r var konkurserna inom tj\u00e4nstesektorn 44 procent fler \u00e4n under samma period f\u00f6rra \u00e5ret. I de allra flesta fall handlar det dock om sm\u00e5 f\u00f6retag. Under 2023 ber\u00f6rde i genomsnitt varje konkurs inom tj\u00e4nstesektorn tv\u00e5 anst\u00e4llda.<span class=\"Footnote\"><sup>22<\/sup><\/span><\/p>\n\n\n\n<p>Konkurserna \u00f6kade mest bland konsulter inom juridik, ekonomi, vetenskap och teknik, hotell och restaurangbranschen och inom detaljhandeln.<\/p>\n\n\n\n<p>Strax efter pandemin var konkurserna l\u00e4gre \u00e4n under \u00e5ren innan pandemin. Mycket talar f\u00f6r att de offentliga st\u00f6d \u2013 bland annat stora skatteanst\u00e5nd \u2013 som beviljades under pandemin och perioden med h\u00f6ga elpriser h\u00f6ll liv i f\u00f6retag som inte skulle ha \u00f6verlevt annars. Under och strax efter pandemin beviljades stora skatteanst\u00e5nd till f\u00f6retag.<\/p>\n\n\n\n<p>N\u00e4ringslivets samlade skatteanst\u00e5nd uppgick i september f\u00f6rra \u00e5ret till 46 miljarder kronor och att \u00e5terbetalningstakten f\u00f6r anst\u00e5nden \u00e4r orv\u00e4ckande l\u00e5g. St\u00f6rst andel f\u00f6retag med stora skatteanst\u00e5nd finns inom bes\u00f6ksn\u00e4ringen och handeln. R\u00e4ntan p\u00e5 skatteanst\u00e5nden har stigit kraftigt samtidigt som tidsfristen f\u00f6r \u00e5terbetalning rycker n\u00e4rmare. Detta \u00f6kar risken f\u00f6r fler konkurser inom tj\u00e4nstesektorn fram\u00f6ver.<sup><span class=\"Footnote\">23<\/span><\/sup><\/p>\n\n\n\n<p><strong><mark class=\"has-inline-color has-primary-color\">Diagram 13:<\/mark> Konkurser i tj\u00e4nstebranscher, januari 2021 till februari 2024<\/strong><\/p>\n\n\n\n<figure class=\"wp-block-image size-full\"><img loading=\"lazy\" decoding=\"async\" width=\"1170\" height=\"910\" src=\"https:\/\/www.almega.se\/app\/uploads\/2024\/03\/Skarmavbild-2024-03-18-kl.-13.53.41.png\" alt=\"\" class=\"wp-image-72338\" srcset=\"https:\/\/www.almega.se\/app\/uploads\/2024\/03\/Skarmavbild-2024-03-18-kl.-13.53.41.png 1170w, https:\/\/www.almega.se\/app\/uploads\/2024\/03\/Skarmavbild-2024-03-18-kl.-13.53.41-580x451.png 580w, https:\/\/www.almega.se\/app\/uploads\/2024\/03\/Skarmavbild-2024-03-18-kl.-13.53.41-380x296.png 380w, https:\/\/www.almega.se\/app\/uploads\/2024\/03\/Skarmavbild-2024-03-18-kl.-13.53.41-768x597.png 768w\" sizes=\"auto, (max-width: 1170px) 100vw, 1170px\" \/><figcaption class=\"wp-element-caption\">K\u00e4lla: UC via Macrobond<\/figcaption><\/figure>\n\n\n<a class='Share__link Share__link--url copy-text' href='#' rel='nofollow' data-text='3.-arbetsmarknaden-har-vant-nedat' title='Dela url' data-confirmation='L\u00e4nken kopierades till urklipp'><svg class='icon icon--link'  width='18' height='18' viewBox='0 0 18 18' fill='none' xmlns='http:\/\/www.w3.org\/2000\/svg'>\n            <path d='M10.4142 0.514721L6.87868 4.05025L8.29289 5.46447L11.1213 2.63604L15.364 6.87868L12.5355 9.70711L13.9497 11.1213L17.4853 7.58579C17.8763 7.19476 17.8763 6.5626 17.4853 6.17158L11.8284 0.514721C11.4374 0.123691 10.8052 0.123691 10.4142 0.514721Z' fill='black'\/>\n            <path d='M9.7071 12.5355L6.87868 15.364L2.63604 11.1213L5.46446 8.2929L4.05025 6.87868L0.514716 10.4142C0.123686 10.8052 0.123686 11.4374 0.514716 11.8284L6.17157 17.4853C6.5626 17.8763 7.19475 17.8763 7.58578 17.4853L11.1213 13.9497L9.7071 12.5355Z' fill='black'\/>\n            <path d='M6.17157 11.8284C6.5626 12.2195 7.19475 12.2195 7.58578 11.8284L11.8284 7.58579C12.2195 7.19476 12.2195 6.56261 11.8284 6.17158C11.4374 5.78055 10.8052 5.78055 10.4142 6.17158L6.17157 10.4142C5.78054 10.8052 5.78054 11.4374 6.17157 11.8284Z' fill='black'\/>\n            <\/svg> <\/a>\n<h2 class=\"wp-block-heading\">3. Arbetsmarknaden har v\u00e4nt ned\u00e5t<\/h2>\n\n\n\n<h3 class=\"wp-block-heading\">3.1 F\u00e4rre jobb i tj\u00e4nstesektorn<\/h3>\n\n\n\n<p>Avmattningen i tj\u00e4nstekonjunkturen har nu slagit igenom p\u00e5 syssels\u00e4ttningen som forts\u00e4tter att minska. Det fj\u00e4rde kvartalet 2023 var antalet anst\u00e4llda i tj\u00e4nstesektorn 7 600 personer f\u00e4rre \u00e4n samma kvartal f\u00f6rra \u00e5ret. Om man r\u00e4knar bort finanssektorn har antalet anst\u00e4llda i tj\u00e4nstesektorn minskat med 10 300 personer p\u00e5 ett \u00e5r. Nedg\u00e5ngen \u00e4r \u00e4n s\u00e5 l\u00e4nge blygsam. Antalet anst\u00e4llda i tj\u00e4nstesektorn, minus finanssektorn, har minskat med 0,4 procent p\u00e5 ett \u00e5r.<span class=\"Footnote\"><sup>24<\/sup><\/span><br><\/p>\n\n\n\n<p>Sannolikt kommer nedg\u00e5ngen att forts\u00e4tta. Almegas arbetsmarknadsindikator f\u00f6rutsp\u00e5r att jobben i tj\u00e4nstesektorn kommer att bli f\u00e4rre \u00e4ven under det f\u00f6rsta kvartalet i \u00e5r.<\/p>\n\n\n\n<p><strong><mark class=\"has-inline-color has-primary-color\">Diagram 14: <\/mark>Almegas indikator f\u00f6r syssels\u00e4ttningstillv\u00e4xten i privat tj\u00e4nstesektor<\/strong><\/p>\n\n\n\n<figure class=\"wp-block-image size-full\"><img loading=\"lazy\" decoding=\"async\" width=\"1170\" height=\"832\" src=\"https:\/\/www.almega.se\/app\/uploads\/2024\/03\/Skarmavbild-2024-03-18-kl.-13.56.06.png\" alt=\"\" class=\"wp-image-72339\" srcset=\"https:\/\/www.almega.se\/app\/uploads\/2024\/03\/Skarmavbild-2024-03-18-kl.-13.56.06.png 1170w, https:\/\/www.almega.se\/app\/uploads\/2024\/03\/Skarmavbild-2024-03-18-kl.-13.56.06-580x412.png 580w, https:\/\/www.almega.se\/app\/uploads\/2024\/03\/Skarmavbild-2024-03-18-kl.-13.56.06-380x270.png 380w, https:\/\/www.almega.se\/app\/uploads\/2024\/03\/Skarmavbild-2024-03-18-kl.-13.56.06-768x546.png 768w\" sizes=\"auto, (max-width: 1170px) 100vw, 1170px\" \/><figcaption class=\"wp-element-caption\">K\u00e4lla: Almega, SCB, Macrobond<\/figcaption><\/figure>\n\n\n\n<p>Utvecklingen skiljer sig kraftigt mellan tj\u00e4nstesektorns olika branscher.<\/p>\n\n\n\n<p><br>Bland de kunskapsintensiva konsulttj\u00e4nsterna inom juridik, ekonomi, vetenskap och teknik har antalet anst\u00e4llda \u00f6kat med 8 300 personer, eller 2,6 procent, under det senaste \u00e5ret. 5 000 nya jobb har skapats inom gruppen tekniska konsulter och arkitekter. Samtliga dessa jobb har sannolikt tillkommit bland tekniska konsulter eftersom arkitektf\u00f6retagen inte nyanst\u00e4ller f\u00f6r tillf\u00e4llet utan minskar sin personalstyrka.<span class=\"Footnote\"><sup>25<\/sup><\/span> Bland juridiska och ekonomiska konsulter har anst\u00e4llda \u00f6kat med 3 200 personer, eller 6,1 procent, p\u00e5 ett \u00e5r.<\/p>\n\n\n\n<p>Antalet anst\u00e4llda inom andra viktiga st\u00f6dtj\u00e4nster till f\u00f6retag som personaluthyrning, fastighetsservice och resetj\u00e4nster har minskat med 4 400 personer p\u00e5 ett \u00e5r. Den kraftiga minskningen av antalet anst\u00e4llda inom personaluthyrning och rekrytering under f\u00f6reg\u00e5ende kvartal har avtagit. Antalet anst\u00e4llda i branschen har trots det minskat med 1 800 personer, eller 1,9 procent, det senaste \u00e5ret. Nedg\u00e5ngen i syssels\u00e4ttningen \u00e4r ov\u00e4ntat liten med tanke p\u00e5 att oms\u00e4ttningen inom bemanningsbranschen minskat betydligt mer (se avsnitt 2.2).<\/p>\n\n\n\n<p><strong><mark class=\"has-inline-color has-primary-color\">Tabell 3:<\/mark> Anst\u00e4llda inom den privata tj\u00e4nstesektorn fj\u00e4rde kvartalet 2023 j\u00e4mf\u00f6rt med fj\u00e4rde kvartalet 2022<\/strong><\/p>\n\n\n\n<figure class=\"wp-block-image size-large\"><img loading=\"lazy\" decoding=\"async\" width=\"1180\" height=\"915\" src=\"https:\/\/www.almega.se\/app\/uploads\/2024\/03\/Skarmavbild-2024-03-18-kl.-13.57.44-1180x915.png\" alt=\"\" class=\"wp-image-72340\" srcset=\"https:\/\/www.almega.se\/app\/uploads\/2024\/03\/Skarmavbild-2024-03-18-kl.-13.57.44-1180x915.png 1180w, https:\/\/www.almega.se\/app\/uploads\/2024\/03\/Skarmavbild-2024-03-18-kl.-13.57.44-580x450.png 580w, https:\/\/www.almega.se\/app\/uploads\/2024\/03\/Skarmavbild-2024-03-18-kl.-13.57.44-380x295.png 380w, https:\/\/www.almega.se\/app\/uploads\/2024\/03\/Skarmavbild-2024-03-18-kl.-13.57.44-768x595.png 768w, https:\/\/www.almega.se\/app\/uploads\/2024\/03\/Skarmavbild-2024-03-18-kl.-13.57.44.png 1478w\" sizes=\"auto, (max-width: 1180px) 100vw, 1180px\" \/><figcaption class=\"wp-element-caption\">K\u00e4lla: SCB kortperiodisk syssels\u00e4ttningsstatistik<\/figcaption><\/figure>\n\n\n\n<p>Syssels\u00e4ttningen minskar inom information- och kommunikationsbranschen. Det fj\u00e4rde kvartalet 2023 var antalet anst\u00e4llda 1 400 personer, eller 0,6 procent, f\u00e4rre \u00e4n ett \u00e5r tidigare. Huvuddelen av nedg\u00e5ngen ligger bland medief\u00f6retagen. Bland datakonsulter och programmeringsf\u00f6retag har antalet anst\u00e4llda i princip varit of\u00f6r\u00e4ndrat det senaste \u00e5ret. Brist p\u00e5 arbetskraft och ett l\u00e5ngsiktigt rekryteringsbehov inneb\u00e4r att f\u00f6retagen i branschen v\u00e4ntas beh\u00e5lla sina medarbetare trots minskad produktion.<span class=\"Footnote\"><sup>26<\/sup><\/span><\/p>\n\n\n\n<p><br>Inom privat utbildning \u00e4r syssels\u00e4ttningen relativt konstant. Antalet anst\u00e4llda har \u00f6kat med 800 personer, eller 0,9 procent, p\u00e5 ett \u00e5r.<\/p>\n\n\n\n<p>Inom privat v\u00e5rd och omsorg forts\u00e4tter jobben att bli f\u00e4rre. Det fj\u00e4rde kvartalet 2023 var antalet anst\u00e4llda 9 300 f\u00e4rre \u00e4n samma kvartal 2022. Minskningen beror helt och h\u00e5llet p\u00e5 att antalet anst\u00e4llda inom v\u00e5rdhem och omsorgsboende, f\u00f6r fr\u00e4mst \u00e4ldre, har minskat.<br><\/p>\n\n\n\n<p>Efter pandemin v\u00e4xte antalet anst\u00e4llda kraftigt inom hotell och restaurang men nu blir jobben f\u00e4rre i branschen f\u00f6r tredje kvartalet i rad. Det fj\u00e4rde kvartalet 2023 var antalet anst\u00e4llda 21 900 personer, eller 11,7 procent, f\u00e4rre \u00e4n f\u00f6r ett \u00e5r sedan.<br><\/p>\n\n\n\n<p>\u00c4ven bland transportf\u00f6retagen forts\u00e4tter jobben att bli f\u00e4rre. Det fj\u00e4rde kvartalet 2023 var antalet anst\u00e4llda 7 600 personer, eller 3,2 procent, f\u00e4rre \u00e4n ett \u00e5r tidigare. Nedg\u00e5ngen har skett bland landtransportf\u00f6retag samt bland post- och kurirf\u00f6retag. I den senare branschen har antalet anst\u00e4llda minskat med 11,0 procent p\u00e5 ett \u00e5r vilket beror p\u00e5 att oms\u00e4ttningen inom e-handeln fallit tv\u00e5 \u00e5r i rad (se avsnitt 2.3).<br><\/p>\n\n\n\n<p>Antalet anst\u00e4llda i handeln forts\u00e4tter att \u00f6ka trots fallande oms\u00e4ttning (se avsnitt 2.3) och har blivit 21 400 personer, eller 3,6 procent, fler p\u00e5 ett \u00e5r. \u00d6kningen har skett inom s\u00e5v\u00e4l detaljhandeln, partihandeln som motorhandeln.<\/p>\n\n\n\n<h3 class=\"wp-block-heading\">3.2 Anst\u00e4llningsplanerna lite b\u00e4ttre<\/h3>\n\n\n\n<p>Tj\u00e4nstef\u00f6retagens anst\u00e4llningsplaner f\u00f6ll kraftigt under 2022 och 2023 men ser nu ut att ha stabiliserat sig. Efter \u00e5rsskiftet \u00e4r det \u00e5ter fler tj\u00e4nstef\u00f6retag som r\u00e4knar med att \u00f6ka sin personalstyrka \u00e4n som r\u00e4knar med att minska den. Andelen tj\u00e4nstef\u00f6retag som uppger att de beh\u00e5ller mer arbetskraft \u00e4n de beh\u00f6ver har minskat de senaste m\u00e5naderna. <span class=\"Footnote\"><sup>27<\/sup><\/span><\/p>\n\n\n\n<p><strong><mark class=\"has-inline-color has-primary-color\">Diagram 15:<\/mark> Tj\u00e4nstef\u00f6retagens anst\u00e4llningsplaner tre m\u00e5nader fram\u00e5t, januari 2021 till februari 2024<\/strong><\/p>\n\n\n\n<figure class=\"wp-block-image size-full\"><img loading=\"lazy\" decoding=\"async\" width=\"1106\" height=\"774\" src=\"https:\/\/www.almega.se\/app\/uploads\/2024\/03\/Skarmavbild-2024-03-18-kl.-14.00.32.png\" alt=\"\" class=\"wp-image-72341\" srcset=\"https:\/\/www.almega.se\/app\/uploads\/2024\/03\/Skarmavbild-2024-03-18-kl.-14.00.32.png 1106w, https:\/\/www.almega.se\/app\/uploads\/2024\/03\/Skarmavbild-2024-03-18-kl.-14.00.32-580x406.png 580w, https:\/\/www.almega.se\/app\/uploads\/2024\/03\/Skarmavbild-2024-03-18-kl.-14.00.32-380x266.png 380w, https:\/\/www.almega.se\/app\/uploads\/2024\/03\/Skarmavbild-2024-03-18-kl.-14.00.32-768x537.png 768w\" sizes=\"auto, (max-width: 1106px) 100vw, 1106px\" \/><figcaption class=\"wp-element-caption\">K\u00e4lla: Konjukturinstitutet, Macrobond<br>Anm: Nettotal \u00e4r andelen f\u00f6retag som planerar \u00f6ka sin personalstyrka minus andelen som planerar att minska den.<\/figcaption><\/figure>\n\n\n\n<p>Anst\u00e4llningsplanerna \u00e4r mest optimistiska bland tekniska konsulter, datakonsulter och researrang\u00f6rer. I dessa branscher har ocks\u00e5 f\u00f6retagens anst\u00e4llningsplaner \u00f6kat det senaste kvartalet. D\u00e4remot \u00e4r arkitekterna fortsatt mycket pessimistiska. Det fj\u00e4rde kvartalet 2023 planerade n\u00e4stan tre av tio f\u00f6retag att minska personalstyrka och bara fem procent att \u00f6ka den. \u00c4ven inom bemanningbranschen r\u00e4knar fler f\u00f6retag med att minska sin personalstyrka \u00e4n att \u00f6ka den. Samma sak g\u00e4ller fastighetsf\u00f6rvaltning.<\/p>\n\n\n\n<p><strong><mark class=\"has-inline-color has-primary-color\">Tabell 4:<\/mark> Antalet anst\u00e4llda i olika tj\u00e4nstebranscher. F\u00f6rv\u00e4ntningar tre m\u00e5nader fram\u00e5t, kvartal tre och fyra 2023<\/strong><\/p>\n\n\n\n<figure class=\"wp-block-image size-large\"><img loading=\"lazy\" decoding=\"async\" width=\"1180\" height=\"753\" src=\"https:\/\/www.almega.se\/app\/uploads\/2024\/03\/Skarmavbild-2024-03-18-kl.-14.02.01-1180x753.png\" alt=\"\" class=\"wp-image-72342\" srcset=\"https:\/\/www.almega.se\/app\/uploads\/2024\/03\/Skarmavbild-2024-03-18-kl.-14.02.01-1180x753.png 1180w, https:\/\/www.almega.se\/app\/uploads\/2024\/03\/Skarmavbild-2024-03-18-kl.-14.02.01-580x370.png 580w, https:\/\/www.almega.se\/app\/uploads\/2024\/03\/Skarmavbild-2024-03-18-kl.-14.02.01-380x242.png 380w, https:\/\/www.almega.se\/app\/uploads\/2024\/03\/Skarmavbild-2024-03-18-kl.-14.02.01-768x490.png 768w, https:\/\/www.almega.se\/app\/uploads\/2024\/03\/Skarmavbild-2024-03-18-kl.-14.02.01.png 1376w\" sizes=\"auto, (max-width: 1180px) 100vw, 1180px\" \/><figcaption class=\"wp-element-caption\">K\u00e4lla: Konjunkturinstitutet<br>Anm: Nettotalet \u00e4r andelen f\u00f6retag som planerar att \u00f6ka sin personalstyrka minus andelen som planerar att minska den. <\/figcaption><\/figure>\n\n\n\n<h3 class=\"wp-block-heading\">3.3 Bristen p\u00e5 arbetskraft minskar<\/h3>\n\n\n\n<p>Konjunkturavmattningen har minskat efterfr\u00e5gan p\u00e5 arbetskraft och bristen p\u00e5 arbetskraft halverades p\u00e5 ett \u00e5r. Nu har siffrorna stabiliserats. Det fj\u00e4rde kvartalet 2023 hade 27 procent av tj\u00e4nstef\u00f6retagen brist p\u00e5 personal, vilket var en liten \u00f6kning j\u00e4mf\u00f6rt med f\u00f6reg\u00e5ende kvartal. Bristen p\u00e5 arbetskraft \u00e4r st\u00f6rst bland tekniska konsulter och inom landtransporter.<\/p>\n\n\n\n<p><strong><mark class=\"has-inline-color has-primary-color\">Tabell 5:<\/mark> Andel f\u00f6retag med brist p\u00e5 personal, kvartal tre och fyra 2023<\/strong><\/p>\n\n\n\n<figure class=\"wp-block-image size-large\"><img loading=\"lazy\" decoding=\"async\" width=\"1180\" height=\"712\" src=\"https:\/\/www.almega.se\/app\/uploads\/2024\/03\/Skarmavbild-2024-03-18-kl.-14.03.09-1180x712.png\" alt=\"\" class=\"wp-image-72343\" srcset=\"https:\/\/www.almega.se\/app\/uploads\/2024\/03\/Skarmavbild-2024-03-18-kl.-14.03.09-1180x712.png 1180w, https:\/\/www.almega.se\/app\/uploads\/2024\/03\/Skarmavbild-2024-03-18-kl.-14.03.09-580x350.png 580w, https:\/\/www.almega.se\/app\/uploads\/2024\/03\/Skarmavbild-2024-03-18-kl.-14.03.09-380x229.png 380w, https:\/\/www.almega.se\/app\/uploads\/2024\/03\/Skarmavbild-2024-03-18-kl.-14.03.09-768x464.png 768w, https:\/\/www.almega.se\/app\/uploads\/2024\/03\/Skarmavbild-2024-03-18-kl.-14.03.09.png 1342w\" sizes=\"auto, (max-width: 1180px) 100vw, 1180px\" \/><figcaption class=\"wp-element-caption\">K\u00e4lla: Konjunkturinstitutet<\/figcaption><\/figure>\n\n\n\n<p>Att arbetsmarknaden har tappat fart m\u00e4rks \u00e4ven genom att vakanserna blir f\u00e4rre.<span class=\"Footnote\"><sup>28<\/sup><\/span> Det fj\u00e4rde kvartalet 2023 fanns 26 100 vakanser i den privata tj\u00e4nstesektorn, vilket var 7 400 f\u00e4rre \u00e4n f\u00f6r ett \u00e5r sedan. Vakanserna har minskat mest inom information och kommunikation samt inom utbildning, v\u00e5rd och omsorg. D\u00e4remot har vakanserna blivit fler inom handel och transportf\u00f6retag.<\/p>\n\n\n\n<p><strong><mark class=\"has-inline-color has-primary-color\">Tabell 6: <\/mark>Antal vakanser i tj\u00e4nstesektorn kvartal fyra 2023 samt skillnad mot samma kvartal 2022<\/strong><\/p>\n\n\n\n<figure class=\"wp-block-image size-large\"><img loading=\"lazy\" decoding=\"async\" width=\"1180\" height=\"521\" src=\"https:\/\/www.almega.se\/app\/uploads\/2024\/03\/Skarmavbild-2024-03-18-kl.-14.04.08-1180x521.png\" alt=\"\" class=\"wp-image-72344\" srcset=\"https:\/\/www.almega.se\/app\/uploads\/2024\/03\/Skarmavbild-2024-03-18-kl.-14.04.08-1180x521.png 1180w, https:\/\/www.almega.se\/app\/uploads\/2024\/03\/Skarmavbild-2024-03-18-kl.-14.04.08-580x256.png 580w, https:\/\/www.almega.se\/app\/uploads\/2024\/03\/Skarmavbild-2024-03-18-kl.-14.04.08-380x168.png 380w, https:\/\/www.almega.se\/app\/uploads\/2024\/03\/Skarmavbild-2024-03-18-kl.-14.04.08-768x339.png 768w, https:\/\/www.almega.se\/app\/uploads\/2024\/03\/Skarmavbild-2024-03-18-kl.-14.04.08-1536x679.png 1536w, https:\/\/www.almega.se\/app\/uploads\/2024\/03\/Skarmavbild-2024-03-18-kl.-14.04.08.png 1566w\" sizes=\"auto, (max-width: 1180px) 100vw, 1180px\" \/><figcaption class=\"wp-element-caption\">K\u00e4lla: SCB, AKU<\/figcaption><\/figure>\n\n\n\n<p>Antalet lediga platser minskar ocks\u00e5. I februari i \u00e5r fanns 194 400 lediga jobb registrerade p\u00e5 Arbetsf\u00f6rmedlingen. Det var 3 400 f\u00e4rre \u00e4n ett \u00e5r tidigare.<span class=\"Footnote\"><sup>29<\/sup><\/span><\/p>\n\n\n\n<h3 class=\"wp-block-heading\">3.4 Betydligt fler varsel<\/h3>\n\n\n\n<p>Konjunkturavmattningen leder till h\u00f6gre arbetsl\u00f6shet. I februari i \u00e5r var 480 000 personer arbetsl\u00f6sa. Den s\u00e4songrensade arbetsl\u00f6sheten uppgick till 8,1 procent, vilket var en \u00f6kning med 0,1 procentenheter j\u00e4mf\u00f6rt med oktober. <sup><span class=\"Footnote\">30<\/span><\/sup><\/p>\n\n\n\n<p><br>\u00c4ven antalet l\u00e5ngtidsarbetsl\u00f6sa har b\u00f6rjat \u00f6ka. I februari hade 204 500 personer varit arbetsl\u00f6sa i minst sex m\u00e5nader, enligt Arbetsf\u00f6rmedlingen, vilket var  3 000 fler \u00e4n ett \u00e5r tidigare.<span class=\"Footnote\"><sup>31<\/sup><\/span><\/p>\n\n\n\n<p><strong><mark class=\"has-inline-color has-primary-color\">Diagram 16:<\/mark> Arbetsl\u00f6sheten bland ungdomar, utrikes f\u00f6dda och totalt januari 2021 till februari 2024<\/strong><\/p>\n\n\n\n<figure class=\"wp-block-image size-large\"><img loading=\"lazy\" decoding=\"async\" width=\"1180\" height=\"860\" src=\"https:\/\/www.almega.se\/app\/uploads\/2024\/03\/Skarmavbild-2024-03-18-kl.-14.05.54-1180x860.png\" alt=\"\" class=\"wp-image-72345\" srcset=\"https:\/\/www.almega.se\/app\/uploads\/2024\/03\/Skarmavbild-2024-03-18-kl.-14.05.54-1180x860.png 1180w, https:\/\/www.almega.se\/app\/uploads\/2024\/03\/Skarmavbild-2024-03-18-kl.-14.05.54-580x423.png 580w, https:\/\/www.almega.se\/app\/uploads\/2024\/03\/Skarmavbild-2024-03-18-kl.-14.05.54-380x277.png 380w, https:\/\/www.almega.se\/app\/uploads\/2024\/03\/Skarmavbild-2024-03-18-kl.-14.05.54-768x560.png 768w, https:\/\/www.almega.se\/app\/uploads\/2024\/03\/Skarmavbild-2024-03-18-kl.-14.05.54.png 1224w\" sizes=\"auto, (max-width: 1180px) 100vw, 1180px\" \/><figcaption class=\"wp-element-caption\">K\u00e4lla: SCB, AKU och Macrobond<\/figcaption><\/figure>\n\n\n\n<p>Under 2021 och stora delar av 2022 varslades f\u00e5 personer om upps\u00e4gning vilket berodde p\u00e5 en stark arbetsmarknad. Nu har dock antalet varsel \u00f6kat under en tid. Under de senaste tolv m\u00e5naderna varslades 39 500 personer om upps\u00e4gning i den privata tj\u00e4nstesektorn vilket var 12 600 fler \u00e4n under de f\u00f6reg\u00e5ende tolv m\u00e5naderna. Varslen \u00f6kar mest inom personaluthyrning och andra st\u00f6dtj\u00e4nster till f\u00f6retag.<span class=\"Footnote\"><sup>32<\/sup><\/span><br><\/p>\n\n\n\n<p>Almegajouren hj\u00e4lper medlemmar med en rad \u00e4renden inom arbetsgivarfr\u00e5gor. Under de senaste tolv m\u00e5naderna har 14 procent av samtalen handlat om arbetsbrist.<span class=\"Footnote\"><sup>33<\/sup><\/span> Under 2023 har dessa samtal \u00f6kat i frekvens. Under v\u00e5ren 2023 fick Almega i genomsnitt 360 s\u00e5dana \u00e4renden per m\u00e5nad. Under h\u00f6sten \u00f6kade antalet till 450 \u00e4renden per m\u00e5nad. I b\u00f6rjan p\u00e5 2024 har antalet \u00e4renden g\u00e5tt ner till 350 i genomsnitt per m\u00e5nad. \u00c4nnu \u00e4r det dock f\u00f6r<br>tidigt f\u00f6r att avg\u00f6ra om det \u00e4r en faktisk nedg\u00e5ng eller bara en s\u00e4songsvariation.<\/p>\n\n\n\n<figure class=\"wp-block-image size-large\"><img loading=\"lazy\" decoding=\"async\" width=\"1180\" height=\"606\" src=\"https:\/\/www.almega.se\/app\/uploads\/2024\/03\/Skarmavbild-2024-03-18-kl.-14.07.03-1180x606.png\" alt=\"\" class=\"wp-image-72346\" srcset=\"https:\/\/www.almega.se\/app\/uploads\/2024\/03\/Skarmavbild-2024-03-18-kl.-14.07.03-1180x606.png 1180w, https:\/\/www.almega.se\/app\/uploads\/2024\/03\/Skarmavbild-2024-03-18-kl.-14.07.03-580x298.png 580w, https:\/\/www.almega.se\/app\/uploads\/2024\/03\/Skarmavbild-2024-03-18-kl.-14.07.03-380x195.png 380w, https:\/\/www.almega.se\/app\/uploads\/2024\/03\/Skarmavbild-2024-03-18-kl.-14.07.03-768x395.png 768w, https:\/\/www.almega.se\/app\/uploads\/2024\/03\/Skarmavbild-2024-03-18-kl.-14.07.03-1536x789.png 1536w, https:\/\/www.almega.se\/app\/uploads\/2024\/03\/Skarmavbild-2024-03-18-kl.-14.07.03.png 1604w\" sizes=\"auto, (max-width: 1180px) 100vw, 1180px\" \/><figcaption class=\"wp-element-caption\">K\u00e4lla: Arbetsf\u00f6rmedlingen <br>Anm: De 11 000 personer som tillf\u00e4lligt varslades om upps\u00e4gning av Humana i februari 2023 ing\u00e5r ej.<\/figcaption><\/figure>\n\n\n<a class='Share__link Share__link--url copy-text' href='#' rel='nofollow' data-text='4.-prisokningarna-stannar-av' title='Dela url' data-confirmation='L\u00e4nken kopierades till urklipp'><svg class='icon icon--link'  width='18' height='18' viewBox='0 0 18 18' fill='none' xmlns='http:\/\/www.w3.org\/2000\/svg'>\n            <path d='M10.4142 0.514721L6.87868 4.05025L8.29289 5.46447L11.1213 2.63604L15.364 6.87868L12.5355 9.70711L13.9497 11.1213L17.4853 7.58579C17.8763 7.19476 17.8763 6.5626 17.4853 6.17158L11.8284 0.514721C11.4374 0.123691 10.8052 0.123691 10.4142 0.514721Z' fill='black'\/>\n            <path d='M9.7071 12.5355L6.87868 15.364L2.63604 11.1213L5.46446 8.2929L4.05025 6.87868L0.514716 10.4142C0.123686 10.8052 0.123686 11.4374 0.514716 11.8284L6.17157 17.4853C6.5626 17.8763 7.19475 17.8763 7.58578 17.4853L11.1213 13.9497L9.7071 12.5355Z' fill='black'\/>\n            <path d='M6.17157 11.8284C6.5626 12.2195 7.19475 12.2195 7.58578 11.8284L11.8284 7.58579C12.2195 7.19476 12.2195 6.56261 11.8284 6.17158C11.4374 5.78055 10.8052 5.78055 10.4142 6.17158L6.17157 10.4142C5.78054 10.8052 5.78054 11.4374 6.17157 11.8284Z' fill='black'\/>\n            <\/svg> <\/a>\n<h2 class=\"wp-block-heading\">4. Pris\u00f6kningarna stannar av<\/h2>\n\n\n\n<h3 class=\"wp-block-heading\">4.1 Of\u00f6r\u00e4ndrade f\u00f6rs\u00e4ljningspriser fj\u00e4rde kvartalet<\/h3>\n\n\n\n<p>Tj\u00e4nstef\u00f6retagens f\u00f6rs\u00e4ljningspriser (TPI) \u2013 som omfattar b\u00e5de tj\u00e4nster till f\u00f6retag och konsumenter &#8211; \u00f6kade med n\u00e4rmare \u00e5tta procent under 2022 fr\u00e4mst p\u00e5 grund av att h\u00f6jda energipriser ledde till kraftiga pris\u00f6kningar p\u00e5 transporter. Pris\u00f6kningarna spred sig sedan vidare till andra tj\u00e4nstebranscher genom h\u00f6jda priser p\u00e5 insatsvaror, h\u00f6jda lokalhyror och till sist genom h\u00f6jda l\u00f6ner. Under 2023 bromsade pris\u00f6kningarna in. Det fj\u00e4rde kvartalet \u00f6kade tj\u00e4nstepriserna med 2,8 procent i \u00e5rstakt men j\u00e4mf\u00f6rt med f\u00f6reg\u00e5ende kvartal f\u00f6ll priserna med 0,1 procent.<span class=\"Footnote\"><sup>34<\/sup><\/span><\/p>\n\n\n\n<p><strong><mark class=\"has-inline-color has-primary-color\">Diagram 17:<\/mark> Almegas prisindikator f\u00f6r kommande f\u00f6r\u00e4ndring av tj\u00e4nstepriser samt \u00e5rlig f\u00f6r\u00e4ndring av tj\u00e4nstepriserna<\/strong><\/p>\n\n\n\n<figure class=\"wp-block-image size-large\"><img loading=\"lazy\" decoding=\"async\" width=\"1180\" height=\"868\" src=\"https:\/\/www.almega.se\/app\/uploads\/2024\/03\/Skarmavbild-2024-03-18-kl.-14.08.39-1180x868.png\" alt=\"\" class=\"wp-image-72347\" srcset=\"https:\/\/www.almega.se\/app\/uploads\/2024\/03\/Skarmavbild-2024-03-18-kl.-14.08.39-1180x868.png 1180w, https:\/\/www.almega.se\/app\/uploads\/2024\/03\/Skarmavbild-2024-03-18-kl.-14.08.39-580x426.png 580w, https:\/\/www.almega.se\/app\/uploads\/2024\/03\/Skarmavbild-2024-03-18-kl.-14.08.39-380x279.png 380w, https:\/\/www.almega.se\/app\/uploads\/2024\/03\/Skarmavbild-2024-03-18-kl.-14.08.39-768x565.png 768w, https:\/\/www.almega.se\/app\/uploads\/2024\/03\/Skarmavbild-2024-03-18-kl.-14.08.39.png 1186w\" sizes=\"auto, (max-width: 1180px) 100vw, 1180px\" \/><figcaption class=\"wp-element-caption\">K\u00e4lla: Almega, Konjunktur- institutet och SCB<\/figcaption><\/figure>\n\n\n\n<p>Almegas prisindikator f\u00f6r tj\u00e4nstesektorn visar att nedg\u00e5ngen i pris\u00f6kningstakten forts\u00e4tter under det f\u00f6rsta kvartalet i \u00e5r.<br><\/p>\n\n\n\n<p>L\u00e4gre kostnads\u00f6kningar p\u00e5 insatsvaror f\u00f6r tj\u00e4nstef\u00f6retagen samt en d\u00e4mpad efterfr\u00e5gan fr\u00e5n b\u00e5de hush\u00e5ll och f\u00f6retag h\u00e5ller nere f\u00f6rs\u00e4ljningspriserna p\u00e5 tj\u00e4nster. Pris\u00f6kningarna b\u00f6r kunna vara nere under tv\u00e5 procent i \u00e5rstakt inom kort.<\/p>\n\n\n\n<p><strong><mark class=\"has-inline-color has-primary-color\">Diagram 18: <\/mark>Tj\u00e4nstebranschernas bidrag till \u00e5rsf\u00f6r\u00e4ndringen i tj\u00e4nsteprisindex<\/strong><\/p>\n\n\n\n<figure class=\"wp-block-image size-large\"><img loading=\"lazy\" decoding=\"async\" width=\"1180\" height=\"812\" src=\"https:\/\/www.almega.se\/app\/uploads\/2024\/03\/Skarmavbild-2024-03-18-kl.-14.09.46-1180x812.png\" alt=\"\" class=\"wp-image-72348\" srcset=\"https:\/\/www.almega.se\/app\/uploads\/2024\/03\/Skarmavbild-2024-03-18-kl.-14.09.46-1180x812.png 1180w, https:\/\/www.almega.se\/app\/uploads\/2024\/03\/Skarmavbild-2024-03-18-kl.-14.09.46-580x399.png 580w, https:\/\/www.almega.se\/app\/uploads\/2024\/03\/Skarmavbild-2024-03-18-kl.-14.09.46-380x261.png 380w, https:\/\/www.almega.se\/app\/uploads\/2024\/03\/Skarmavbild-2024-03-18-kl.-14.09.46-768x528.png 768w, https:\/\/www.almega.se\/app\/uploads\/2024\/03\/Skarmavbild-2024-03-18-kl.-14.09.46.png 1186w\" sizes=\"auto, (max-width: 1180px) 100vw, 1180px\" \/><figcaption class=\"wp-element-caption\">K\u00e4lla: SCB<\/figcaption><\/figure>\n\n\n\n<p>Transportpriserna \u00f6kade mycket kraftigt under 2022 men pris\u00f6knings\u00f6kningstakten avtog rej\u00e4lt under f\u00f6rra \u00e5ret . Under det fj\u00e4rde kvartalet f\u00f6ll priserna med 0,2 procent j\u00e4mf\u00f6rt med f\u00f6retg\u00e5ende kvartal och i \u00e5rstakt \u00f6kade priserna med 1,4 procent vilket var betydligt l\u00e5ngsammare \u00e4n f\u00f6r tj\u00e4nstesektorn som helhet.<br><\/p>\n\n\n\n<p>Priserna p\u00e5 hotell och restaurangtj\u00e4nster har halverats p\u00e5 ett \u00e5r. Det fj\u00e4rde kvartalet f\u00f6rra \u00e5ret \u00f6kade priserna med 5,4 procent i \u00e5rstakt men det mesta av den pris\u00f6kningen skedde i b\u00f6rjan av \u00e5ret. Under det fj\u00e4rde kvartalet var f\u00f6rs\u00e4ljningspriserna p\u00e5 hotell- och restaurangtj\u00e4nster 0,2 procent l\u00e4gre \u00e4n kvartalet innan.<br><\/p>\n\n\n\n<p>Priserna p\u00e5 informations- och kommunikationstj\u00e4nster har d\u00e4mpats markant det senaste \u00e5ret. Under det fj\u00e4rde kvartalet 2022 steg priserna med nio procent i \u00e5rstakt. Under det fj\u00e4rde kvartalet f\u00f6rra \u00e5ret \u00f6kade bara priserna med 0,6 procent i \u00e5rstakt och j\u00e4mf\u00f6rt med f\u00f6reg\u00e5ende kvartal f\u00f6ll till och med priserna med 0,5 procent. IKT-sektorns storlek inneb\u00e4r att fallade priser f\u00e5r ett stort genomslag p\u00e5 det totala tj\u00e4nstepriserna.<br><\/p>\n\n\n\n<p>Priserna p\u00e5 fastighetstj\u00e4nster forts\u00e4tter d\u00e4remot att \u00f6ka. Det fj\u00e4rde kvartalet f\u00f6rra \u00e5ret \u00f6kade priserna med 6,4 procent i \u00e5rstakt. Pris\u00f6kningen beror fr\u00e4mst p\u00e5 en stor uppr\u00e4kning av priserna i b\u00f6rjan av f\u00f6rra \u00e5ret. J\u00e4mf\u00f6rt med kvartalet innan \u00f6kade bara priserna med 0,1<br>procent.<br><\/p>\n\n\n\n<p>Pris\u00f6kningarna p\u00e5 konsulttj\u00e4nster inom juridik, ekonomi, vetenskap och teknik d\u00e4mpas ocks\u00e5 men i l\u00e5ngsam takt. Under det fj\u00e4rde kvartalet f\u00f6rra \u00e5ret \u00f6kade priserna med 2,9 procent i \u00e5rstakt och med 0,3 procent j\u00e4mf\u00f6rt med kvartalet innan.<\/p>\n\n\n\n<p><strong><mark class=\"has-inline-color has-primary-color\">Tabell 8:<\/mark> Pris\u00f6kningstakten inom tj\u00e4nstebranscherna samt deras bidrag till den \u00e5rliga f\u00f6r\u00e4ndringen i tj\u00e4nsteprisindex (TPI), kvartal fyra 2023<\/strong><\/p>\n\n\n\n<figure class=\"wp-block-image size-large\"><img loading=\"lazy\" decoding=\"async\" width=\"1180\" height=\"629\" src=\"https:\/\/www.almega.se\/app\/uploads\/2024\/03\/Skarmavbild-2024-03-18-kl.-14.11.32-1180x629.png\" alt=\"\" class=\"wp-image-72349\" srcset=\"https:\/\/www.almega.se\/app\/uploads\/2024\/03\/Skarmavbild-2024-03-18-kl.-14.11.32-1180x629.png 1180w, https:\/\/www.almega.se\/app\/uploads\/2024\/03\/Skarmavbild-2024-03-18-kl.-14.11.32-580x309.png 580w, https:\/\/www.almega.se\/app\/uploads\/2024\/03\/Skarmavbild-2024-03-18-kl.-14.11.32-380x202.png 380w, https:\/\/www.almega.se\/app\/uploads\/2024\/03\/Skarmavbild-2024-03-18-kl.-14.11.32-768x409.png 768w, https:\/\/www.almega.se\/app\/uploads\/2024\/03\/Skarmavbild-2024-03-18-kl.-14.11.32.png 1498w\" sizes=\"auto, (max-width: 1180px) 100vw, 1180px\" \/><figcaption class=\"wp-element-caption\">K\u00e4lla: Almega, SCB <\/figcaption><\/figure>\n\n\n\n<p>Priserna inom personaluthyrning och andra st\u00f6dtj\u00e4nster till f\u00f6retag \u00f6kade med 4,8 procent i \u00e5rstakt under det fj\u00e4rde kvartalet f\u00f6rra \u00e5ret j\u00e4mf\u00f6rt med 5,9 procent ett \u00e5r tidigare. Under fj\u00e4rde kvartalet var dock priserna of\u00f6r\u00e4ndrade j\u00e4mf\u00f6rt med kvartalet innan.<\/p>\n\n\n\n<p><strong><mark class=\"has-inline-color has-primary-color\">Diagram 19:<\/mark> Prisf\u00f6rv\u00e4ntningar i tj\u00e4nstesektorn januari 2010 till februari 2024<\/strong><\/p>\n\n\n\n<figure class=\"wp-block-image size-large\"><img loading=\"lazy\" decoding=\"async\" width=\"1180\" height=\"781\" src=\"https:\/\/www.almega.se\/app\/uploads\/2024\/03\/Skarmavbild-2024-03-18-kl.-14.12.41-1180x781.png\" alt=\"\" class=\"wp-image-72350\" srcset=\"https:\/\/www.almega.se\/app\/uploads\/2024\/03\/Skarmavbild-2024-03-18-kl.-14.12.41-1180x781.png 1180w, https:\/\/www.almega.se\/app\/uploads\/2024\/03\/Skarmavbild-2024-03-18-kl.-14.12.41-580x384.png 580w, https:\/\/www.almega.se\/app\/uploads\/2024\/03\/Skarmavbild-2024-03-18-kl.-14.12.41-380x251.png 380w, https:\/\/www.almega.se\/app\/uploads\/2024\/03\/Skarmavbild-2024-03-18-kl.-14.12.41-768x508.png 768w, https:\/\/www.almega.se\/app\/uploads\/2024\/03\/Skarmavbild-2024-03-18-kl.-14.12.41.png 1206w\" sizes=\"auto, (max-width: 1180px) 100vw, 1180px\" \/><figcaption class=\"wp-element-caption\">K\u00e4lla: Konjunkturinstitutet<\/figcaption><\/figure>\n\n\n\n<p>Tj\u00e4nstef\u00f6retagens prisf\u00f6rv\u00e4ntningar har fallit kraftigt det senaste \u00e5ret. I b\u00f6rjan av f\u00f6rra \u00e5ret r\u00e4knade n\u00e4stan h\u00e4lften av tj\u00e4nstef\u00f6retagen med att h\u00f6ja sina f\u00f6rs\u00e4ljningspriser i n\u00e4rtid. I b\u00f6rjan av detta \u00e5r hade andelen minskat till drygt tio procent. F\u00f6retagen prisf\u00f6rv\u00e4ntningar \u00e4r tillbaka p\u00e5 samma niv\u00e5 som de legat p\u00e5 de senaste 14 \u00e5ren.<\/p>\n\n\n\n<p>Prisf\u00f6rv\u00e4ntningarna bland tj\u00e4nstef\u00f6retagen har \u00e4ven minskat markant de senaste tre m\u00e5naderna. I februari r\u00e4knade bara h\u00e4lften s\u00e5 m\u00e5nga tj\u00e4nstef\u00f6retag med att h\u00f6ja sina priser som i november. Nedg\u00e5ngen var tydligast bland tekniska konsulter, datakonsulter och inom hotell och restaurang. Bland arkitekterna r\u00e4knade fortsatt en stor andel av f\u00f6retagen med att beh\u00f6va s\u00e4nka sina priser.<\/p>\n\n\n\n<p><strong><mark class=\"has-inline-color has-primary-color\">Tabell 9:<\/mark> F\u00f6retagens prisf\u00f6rv\u00e4ntningar november 2023 och februari 2024<\/strong><\/p>\n\n\n\n<figure class=\"wp-block-image size-large\"><img loading=\"lazy\" decoding=\"async\" width=\"1180\" height=\"689\" src=\"https:\/\/www.almega.se\/app\/uploads\/2024\/03\/Skarmavbild-2024-03-18-kl.-14.14.02-1180x689.png\" alt=\"\" class=\"wp-image-72351\" srcset=\"https:\/\/www.almega.se\/app\/uploads\/2024\/03\/Skarmavbild-2024-03-18-kl.-14.14.02-1180x689.png 1180w, https:\/\/www.almega.se\/app\/uploads\/2024\/03\/Skarmavbild-2024-03-18-kl.-14.14.02-580x339.png 580w, https:\/\/www.almega.se\/app\/uploads\/2024\/03\/Skarmavbild-2024-03-18-kl.-14.14.02-380x222.png 380w, https:\/\/www.almega.se\/app\/uploads\/2024\/03\/Skarmavbild-2024-03-18-kl.-14.14.02-768x449.png 768w, https:\/\/www.almega.se\/app\/uploads\/2024\/03\/Skarmavbild-2024-03-18-kl.-14.14.02.png 1366w\" sizes=\"auto, (max-width: 1180px) 100vw, 1180px\" \/><figcaption class=\"wp-element-caption\">K\u00e4lla: Konjunkturinstitutet<br>Anm: Nettotal \u00e4r andelen f\u00f6retag som planerar att h\u00f6ja sina priser minus andelen som planerar att s\u00e4nka dem.<\/figcaption><\/figure>\n\n\n\n<h3 class=\"wp-block-heading\">4.2 Tj\u00e4nster till konsumenter \u00f6kar fortfarande i pris<\/h3>\n\n\n\n<p>Pris\u00f6kningarna p\u00e5 de tj\u00e4nster som s\u00e4ljs direkt till konsumenter i Sverige bromsar dock inte in lika snabbt. En viktig f\u00f6rklaring till detta att kostnaderna f\u00f6r boende utg\u00f6r en stor del av de tj\u00e4nster som ing\u00e5r i Konsumentprisindex (KPI) och boendekostnaderna har \u00f6kat markant p\u00e5 grund av de stigande r\u00e4ntorna.<\/p>\n\n\n\n<p><br>I februari i \u00e5r steg priserna p\u00e5 de tj\u00e4nster som ing\u00e5r i KPI med 5,5 procent p\u00e5 \u00e5rsbasis vilket var of\u00f6r\u00e4ndrat j\u00e4mf\u00f6rt med januari. \u00d6kningen av konsumentpriserna p\u00e5 tj\u00e4nster best\u00e5r till en tredjedel p\u00e5 stigande priser p\u00e5 boende &#8211; exklusive. Just nu \u00f6kar konsumentpriserna p\u00e5 tj\u00e4nster snabbare \u00e4n \u00f6vriga delar av KPI. Nedg\u00e5ngen i tj\u00e4nstef\u00f6retagens f\u00f6rs\u00e4ljningspriser under slutet av f\u00f6rra \u00e5ret b\u00f6r dock sl\u00e5 igenom \u00e4ven i de tj\u00e4nster som ing\u00e5r i KPI under v\u00e5ren.<\/p>\n\n\n\n<p><strong><mark class=\"has-inline-color has-primary-color\">Tabell 10:<\/mark> Tj\u00e4nstepriserna i KPI december 2023 till februari 2024, \u00e5rsf\u00f6r\u00e4ndring totalt och olika tj\u00e4nsters bidrag<\/strong><\/p>\n\n\n\n<figure class=\"wp-block-image size-large\"><img loading=\"lazy\" decoding=\"async\" width=\"1180\" height=\"491\" src=\"https:\/\/www.almega.se\/app\/uploads\/2024\/03\/Skarmavbild-2024-03-18-kl.-14.15.36-1180x491.png\" alt=\"\" class=\"wp-image-72352\" srcset=\"https:\/\/www.almega.se\/app\/uploads\/2024\/03\/Skarmavbild-2024-03-18-kl.-14.15.36-1180x491.png 1180w, https:\/\/www.almega.se\/app\/uploads\/2024\/03\/Skarmavbild-2024-03-18-kl.-14.15.36-580x241.png 580w, https:\/\/www.almega.se\/app\/uploads\/2024\/03\/Skarmavbild-2024-03-18-kl.-14.15.36-380x158.png 380w, https:\/\/www.almega.se\/app\/uploads\/2024\/03\/Skarmavbild-2024-03-18-kl.-14.15.36-768x319.png 768w, https:\/\/www.almega.se\/app\/uploads\/2024\/03\/Skarmavbild-2024-03-18-kl.-14.15.36-1536x639.png 1536w, https:\/\/www.almega.se\/app\/uploads\/2024\/03\/Skarmavbild-2024-03-18-kl.-14.15.36.png 1544w\" sizes=\"auto, (max-width: 1180px) 100vw, 1180px\" \/><figcaption class=\"wp-element-caption\"><br>K\u00e4lla: Almega, SCB<br>Anm: Bland \u00f6vriga tj\u00e4nster ing\u00e5r; begravning, hemf\u00f6rs\u00e4kring, bank, utbildning, reparation och hush\u00e5llstj\u00e4nster.<\/figcaption><\/figure>\n\n\n\n<p>Den totala inflationen forts\u00e4tter dock att falla snabbt. I februari \u00f6kade konsumentpriserna f\u00f6r b\u00e5de varor och tj\u00e4nster med 4,5 procent i \u00e5rstakt vilket var 0,9 procent l\u00e4gre \u00e4n i december. Nedg\u00e5ngen berodde fr\u00e4mst p\u00e5 s\u00e4nkta elpriser. N\u00e4stan h\u00e4lften av pris\u00f6kningen berodde p\u00e5 h\u00f6jda r\u00e4ntor. Inflationstakten exklusive r\u00e4ntor (KPIF) var 2,5 procent i februari. Det finns gott hopp om att pris\u00f6kningarna exklusive r\u00e4ntor n\u00e5r ner till Riksbankens inflationsm\u00e5l p\u00e5 tv\u00e5 procent under v\u00e5ren.<span class=\"Footnote\"><sup>35<\/sup><\/span><\/p>\n\n\n<a class='Share__link Share__link--url copy-text' href='#' rel='nofollow' data-text='5.-om-tjansteindikatorn' title='Dela url' data-confirmation='L\u00e4nken kopierades till urklipp'><svg class='icon icon--link'  width='18' height='18' viewBox='0 0 18 18' fill='none' xmlns='http:\/\/www.w3.org\/2000\/svg'>\n            <path d='M10.4142 0.514721L6.87868 4.05025L8.29289 5.46447L11.1213 2.63604L15.364 6.87868L12.5355 9.70711L13.9497 11.1213L17.4853 7.58579C17.8763 7.19476 17.8763 6.5626 17.4853 6.17158L11.8284 0.514721C11.4374 0.123691 10.8052 0.123691 10.4142 0.514721Z' fill='black'\/>\n            <path d='M9.7071 12.5355L6.87868 15.364L2.63604 11.1213L5.46446 8.2929L4.05025 6.87868L0.514716 10.4142C0.123686 10.8052 0.123686 11.4374 0.514716 11.8284L6.17157 17.4853C6.5626 17.8763 7.19475 17.8763 7.58578 17.4853L11.1213 13.9497L9.7071 12.5355Z' fill='black'\/>\n            <path d='M6.17157 11.8284C6.5626 12.2195 7.19475 12.2195 7.58578 11.8284L11.8284 7.58579C12.2195 7.19476 12.2195 6.56261 11.8284 6.17158C11.4374 5.78055 10.8052 5.78055 10.4142 6.17158L6.17157 10.4142C5.78054 10.8052 5.78054 11.4374 6.17157 11.8284Z' fill='black'\/>\n            <\/svg> <\/a>\n<h2 class=\"wp-block-heading\">5. Om tj\u00e4nsteindikatorn<\/h2>\n\n\n\n<p>Almegas <em>tj\u00e4nsteindikator<\/em> har tagits fram av Almega fr\u00e5n och med \u00e5r 2001 f\u00f6r att ge en indikation om vart konjunkturen i den privata tj\u00e4nstesektorn \u00e4r p\u00e5 v\u00e4g p\u00e5 kort sikt.<span class=\"Footnote\"><sup>36 <\/sup><\/span>Indikatorn ger information f\u00f6r att tidigt kunna f\u00f6rutsp\u00e5 v\u00e4ndpunkter i konjunkturen, inom b\u00e5de tj\u00e4nstesektorn och Sveriges ekonomi, eftersom den privata tj\u00e4nstesektorn svarar f\u00f6r 52 procent av Sveriges BNP.<br><\/p>\n\n\n\n<p>Almegas tj\u00e4nsteindikator t\u00e4cker in cirka 90 procent av den privata tj\u00e4nstesektorns f\u00f6r\u00e4dlingsv\u00e4rde och drygt 80 procent av dess syssels\u00e4ttning.<span class=\"Footnote\"><sup>37<\/sup><\/span> Indikatorn bygger p\u00e5 en skattning av sambandet mellan tj\u00e4nstef\u00f6retagens svar i Konjunkturinstitutets konjunkturbarometer och utfallet f\u00f6r produktionstillv\u00e4xten i den privata tj\u00e4nstesektorn enligt SCB:s tj\u00e4nsteproduktionsindex. Skattningen utg\u00e5r fr\u00e5n sambandet mellan bland annat f\u00f6retagens f\u00f6rv\u00e4ntningar om det kommande kvartalets efterfr\u00e5ge- och produktionsutveckling och den faktiska utvecklingen av tj\u00e4nsteproduktionen per kvartal enligt Statistiska Centralbyr\u00e5ns (SCB) tj\u00e4nsteproduktionsindex.<br><\/p>\n\n\n\n<p>Tj\u00e4nsteindikatorn \u00e4r ber\u00e4knad i indexform d\u00e4r v\u00e4rdet 100 anger genomsnittet f\u00f6r den period som den bygger p\u00e5 (skattningen \u00e4r gjord p\u00e5 data fr\u00e5n och med \u00e5r 2005). Indexv\u00e4rden \u00f6ver 100 anger en h\u00f6gre tillv\u00e4xt \u00e4n det historiska genomsnittet och index under 100 p\u00e5 det motsatta. Indikatorn anger ocks\u00e5 om tillv\u00e4xten kan f\u00f6rv\u00e4ntas \u00f6ka, vara of\u00f6r\u00e4ndrad eller minska under det n\u00e4rmaste kvartalet. Indikatorn \u00e4r ledande och ligger tv\u00e5 till tre m\u00e5nader f\u00f6re publiceringen av det faktiska utfallet fr\u00e5n SCB.<br><\/p>\n\n\n\n<p>Almegas <em>arbetsmarknadsindikator<\/em> bygger p\u00e5 ett skattat samband mellan svar fr\u00e5n tj\u00e4nstef\u00f6retagen i Konjunkturinstitutets konjunkturbarometer och den privata tj\u00e4nstesektorns syssels\u00e4ttningsf\u00f6r\u00e4ndring enligt SCB:s kortperiodiska syssels\u00e4ttningsstatistik. Arbetsmarknadsindikatorn bygger dessutom p\u00e5 uppgifter om vakansgraden i tj\u00e4nstesektorn, som h\u00e4mtas fr\u00e5n SCB och uppdateras kvartalsvis. Indexv\u00e4rdet 100 anger det historiska genomsnittet f\u00f6r indikatorn baserat p\u00e5 det skattade sambandet fr\u00e5n och med \u00e5r 2005.<br><\/p>\n\n\n\n<p><em>Prisindikatorn<\/em> bygger p\u00e5 ett skattat samband mellan svar fr\u00e5n tj\u00e4nstef\u00f6retagen i Konjunkturinstitutets konjunkturbarometer och f\u00f6r\u00e4ndringen av f\u00f6rs\u00e4ljningspriserna i den privata tj\u00e4nstesektorns enligt SCB:s tj\u00e4nsteprisindex. V\u00e4rdet 100 anger den genomsnittliga pris\u00f6kningstakten sedan 2006.<\/p>\n","protected":false},"excerpt":{"rendered":"<p>Almegas tj\u00e4nsteindikator, 2024. <\/p>\n","protected":false},"author":16543,"featured_media":72354,"comment_status":"closed","ping_status":"closed","sticky":false,"template":"","format":"standard","meta":{"_acf_changed":false,"footnotes":""},"categories":[630,581],"tags":[],"article_type":[42],"agreement":[],"class_list":["post-72320","post","type-post","status-publish","format-standard","has-post-thumbnail","hentry","category-konjunktur","category-tjanstesektorns-betydelse","type-rapporter"],"acf":[],"yoast_head":"<!-- This site is optimized with the Yoast SEO Premium plugin v26.8 (Yoast SEO v26.8) - https:\/\/yoast.com\/product\/yoast-seo-premium-wordpress\/ -->\n<title>Almegas tj\u00e4nsteindikator f\u00f6r f\u00f6rsta kvartalet 2024 | Almega<\/title>\n<meta name=\"description\" content=\"Ta del av Almegas tj\u00e4nsteindikator f\u00f6r f\u00f6rsta kvartalet 2024, och l\u00e4s rapporten &quot;V\u00e4ndpunkt i sikte&quot; i sin helhet p\u00e5 almega.se.\" \/>\n<meta name=\"robots\" content=\"index, follow, max-snippet:-1, max-image-preview:large, max-video-preview:-1\" \/>\n<link rel=\"canonical\" href=\"https:\/\/www.almega.se\/2024\/03\/almegas-tjansteindikator-for-forsta-kvartalet-2024\/\" \/>\n<meta property=\"og:locale\" content=\"sv_SE\" \/>\n<meta property=\"og:type\" content=\"article\" \/>\n<meta property=\"og:title\" content=\"Almegas tj\u00e4nsteindikator f\u00f6r f\u00f6rsta kvartalet 2024\" \/>\n<meta property=\"og:description\" content=\"Ta del av Almegas tj\u00e4nsteindikator f\u00f6r f\u00f6rsta kvartalet 2024, och l\u00e4s rapporten &quot;V\u00e4ndpunkt i sikte&quot; i sin helhet p\u00e5 almega.se.\" \/>\n<meta property=\"og:url\" content=\"https:\/\/www.almega.se\/2024\/03\/almegas-tjansteindikator-for-forsta-kvartalet-2024\/\" \/>\n<meta property=\"og:site_name\" content=\"Almega\" \/>\n<meta property=\"article:published_time\" content=\"2024-03-19T05:00:00+00:00\" \/>\n<meta property=\"article:modified_time\" content=\"2024-03-27T11:20:44+00:00\" \/>\n<meta property=\"og:image\" content=\"https:\/\/www.almega.se\/app\/uploads\/2024\/03\/Skarmavbild-2024-03-18-kl.-14.22.08.png\" \/>\n\t<meta property=\"og:image:width\" content=\"1586\" \/>\n\t<meta property=\"og:image:height\" content=\"1202\" \/>\n\t<meta property=\"og:image:type\" content=\"image\/png\" \/>\n<meta name=\"author\" content=\"R\u00e9ka Tolnai\" \/>\n<meta name=\"twitter:card\" content=\"summary_large_image\" \/>\n<meta name=\"twitter:label1\" content=\"Skriven av\" \/>\n\t<meta name=\"twitter:data1\" content=\"R\u00e9ka Tolnai\" \/>\n\t<meta name=\"twitter:label2\" content=\"Ber\u00e4knad l\u00e4stid\" \/>\n\t<meta name=\"twitter:data2\" content=\"32 minuter\" \/>\n<!-- \/ Yoast SEO Premium plugin. -->","yoast_head_json":{"title":"Almegas tj\u00e4nsteindikator f\u00f6r f\u00f6rsta kvartalet 2024 | Almega","description":"Ta del av Almegas tj\u00e4nsteindikator f\u00f6r f\u00f6rsta kvartalet 2024, och l\u00e4s rapporten \"V\u00e4ndpunkt i sikte\" i sin helhet p\u00e5 almega.se.","robots":{"index":"index","follow":"follow","max-snippet":"max-snippet:-1","max-image-preview":"max-image-preview:large","max-video-preview":"max-video-preview:-1"},"canonical":"https:\/\/www.almega.se\/2024\/03\/almegas-tjansteindikator-for-forsta-kvartalet-2024\/","og_locale":"sv_SE","og_type":"article","og_title":"Almegas tj\u00e4nsteindikator f\u00f6r f\u00f6rsta kvartalet 2024","og_description":"Ta del av Almegas tj\u00e4nsteindikator f\u00f6r f\u00f6rsta kvartalet 2024, och l\u00e4s rapporten \"V\u00e4ndpunkt i sikte\" i sin helhet p\u00e5 almega.se.","og_url":"https:\/\/www.almega.se\/2024\/03\/almegas-tjansteindikator-for-forsta-kvartalet-2024\/","og_site_name":"Almega","article_published_time":"2024-03-19T05:00:00+00:00","article_modified_time":"2024-03-27T11:20:44+00:00","og_image":[{"width":1586,"height":1202,"url":"https:\/\/www.almega.se\/app\/uploads\/2024\/03\/Skarmavbild-2024-03-18-kl.-14.22.08.png","type":"image\/png"}],"author":"R\u00e9ka Tolnai","twitter_card":"summary_large_image","twitter_misc":{"Skriven av":"R\u00e9ka Tolnai","Ber\u00e4knad l\u00e4stid":"32 minuter"},"schema":{"@context":"https:\/\/schema.org","@graph":[{"@type":"NewsArticle","@id":"https:\/\/www.almega.se\/2024\/03\/almegas-tjansteindikator-for-forsta-kvartalet-2024\/#article","isPartOf":{"@id":"https:\/\/www.almega.se\/2024\/03\/almegas-tjansteindikator-for-forsta-kvartalet-2024\/"},"author":{"name":"R\u00e9ka Tolnai","@id":"https:\/\/www.almega.se\/#\/schema\/person\/e54aa110880538cf5ceac0ac54bbecf7"},"headline":"Almegas tj\u00e4nsteindikator f\u00f6r f\u00f6rsta kvartalet 2024","datePublished":"2024-03-19T05:00:00+00:00","dateModified":"2024-03-27T11:20:44+00:00","mainEntityOfPage":{"@id":"https:\/\/www.almega.se\/2024\/03\/almegas-tjansteindikator-for-forsta-kvartalet-2024\/"},"wordCount":5943,"image":{"@id":"https:\/\/www.almega.se\/2024\/03\/almegas-tjansteindikator-for-forsta-kvartalet-2024\/#primaryimage"},"thumbnailUrl":"https:\/\/www.almega.se\/app\/uploads\/2024\/03\/Skarmavbild-2024-03-18-kl.-14.22.08.png","articleSection":["Konjunktur","Tj\u00e4nstesektorns betydelse"],"inLanguage":"sv-SE"},{"@type":"WebPage","@id":"https:\/\/www.almega.se\/2024\/03\/almegas-tjansteindikator-for-forsta-kvartalet-2024\/","url":"https:\/\/www.almega.se\/2024\/03\/almegas-tjansteindikator-for-forsta-kvartalet-2024\/","name":"Almegas tj\u00e4nsteindikator f\u00f6r f\u00f6rsta kvartalet 2024 | Almega","isPartOf":{"@id":"https:\/\/www.almega.se\/#website"},"primaryImageOfPage":{"@id":"https:\/\/www.almega.se\/2024\/03\/almegas-tjansteindikator-for-forsta-kvartalet-2024\/#primaryimage"},"image":{"@id":"https:\/\/www.almega.se\/2024\/03\/almegas-tjansteindikator-for-forsta-kvartalet-2024\/#primaryimage"},"thumbnailUrl":"https:\/\/www.almega.se\/app\/uploads\/2024\/03\/Skarmavbild-2024-03-18-kl.-14.22.08.png","datePublished":"2024-03-19T05:00:00+00:00","dateModified":"2024-03-27T11:20:44+00:00","author":{"@id":"https:\/\/www.almega.se\/#\/schema\/person\/e54aa110880538cf5ceac0ac54bbecf7"},"description":"Ta del av Almegas tj\u00e4nsteindikator f\u00f6r f\u00f6rsta kvartalet 2024, och l\u00e4s rapporten \"V\u00e4ndpunkt i sikte\" i sin helhet p\u00e5 almega.se.","breadcrumb":{"@id":"https:\/\/www.almega.se\/2024\/03\/almegas-tjansteindikator-for-forsta-kvartalet-2024\/#breadcrumb"},"inLanguage":"sv-SE","potentialAction":[{"@type":"ReadAction","target":["https:\/\/www.almega.se\/2024\/03\/almegas-tjansteindikator-for-forsta-kvartalet-2024\/"]}]},{"@type":"ImageObject","inLanguage":"sv-SE","@id":"https:\/\/www.almega.se\/2024\/03\/almegas-tjansteindikator-for-forsta-kvartalet-2024\/#primaryimage","url":"https:\/\/www.almega.se\/app\/uploads\/2024\/03\/Skarmavbild-2024-03-18-kl.-14.22.08.png","contentUrl":"https:\/\/www.almega.se\/app\/uploads\/2024\/03\/Skarmavbild-2024-03-18-kl.-14.22.08.png","width":1586,"height":1202},{"@type":"BreadcrumbList","@id":"https:\/\/www.almega.se\/2024\/03\/almegas-tjansteindikator-for-forsta-kvartalet-2024\/#breadcrumb","itemListElement":[{"@type":"ListItem","position":1,"name":"Home","item":"https:\/\/www.almega.se\/"},{"@type":"ListItem","position":2,"name":"Almegas tj\u00e4nsteindikator f\u00f6r f\u00f6rsta kvartalet 2024"}]},{"@type":"WebSite","@id":"https:\/\/www.almega.se\/#website","url":"https:\/\/www.almega.se\/","name":"Almega","description":"","potentialAction":[{"@type":"SearchAction","target":{"@type":"EntryPoint","urlTemplate":"https:\/\/www.almega.se\/?s={search_term_string}"},"query-input":{"@type":"PropertyValueSpecification","valueRequired":true,"valueName":"search_term_string"}}],"inLanguage":"sv-SE"},{"@type":"Person","@id":"https:\/\/www.almega.se\/#\/schema\/person\/e54aa110880538cf5ceac0ac54bbecf7","name":"R\u00e9ka Tolnai","image":{"@type":"ImageObject","inLanguage":"sv-SE","@id":"https:\/\/www.almega.se\/#\/schema\/person\/image\/","url":"https:\/\/secure.gravatar.com\/avatar\/c722d4a4ee787603df9df499a683d681bd2c463bde248da25aabc45883d614d2?s=96&d=mm&r=g","contentUrl":"https:\/\/secure.gravatar.com\/avatar\/c722d4a4ee787603df9df499a683d681bd2c463bde248da25aabc45883d614d2?s=96&d=mm&r=g","caption":"R\u00e9ka Tolnai"},"url":"https:\/\/www.almega.se\/person\/rekatolnai\/"}]}},"_links":{"self":[{"href":"https:\/\/www.almega.se\/api\/wp\/v2\/posts\/72320","targetHints":{"allow":["GET"]}}],"collection":[{"href":"https:\/\/www.almega.se\/api\/wp\/v2\/posts"}],"about":[{"href":"https:\/\/www.almega.se\/api\/wp\/v2\/types\/post"}],"author":[{"embeddable":true,"href":"https:\/\/www.almega.se\/api\/wp\/v2\/users\/16543"}],"replies":[{"embeddable":true,"href":"https:\/\/www.almega.se\/api\/wp\/v2\/comments?post=72320"}],"version-history":[{"count":11,"href":"https:\/\/www.almega.se\/api\/wp\/v2\/posts\/72320\/revisions"}],"predecessor-version":[{"id":72491,"href":"https:\/\/www.almega.se\/api\/wp\/v2\/posts\/72320\/revisions\/72491"}],"wp:featuredmedia":[{"embeddable":true,"href":"https:\/\/www.almega.se\/api\/wp\/v2\/media\/72354"}],"wp:attachment":[{"href":"https:\/\/www.almega.se\/api\/wp\/v2\/media?parent=72320"}],"wp:term":[{"taxonomy":"category","embeddable":true,"href":"https:\/\/www.almega.se\/api\/wp\/v2\/categories?post=72320"},{"taxonomy":"post_tag","embeddable":true,"href":"https:\/\/www.almega.se\/api\/wp\/v2\/tags?post=72320"},{"taxonomy":"type","embeddable":true,"href":"https:\/\/www.almega.se\/api\/wp\/v2\/article_type?post=72320"},{"taxonomy":"agreement","embeddable":true,"href":"https:\/\/www.almega.se\/api\/wp\/v2\/agreement?post=72320"}],"curies":[{"name":"wp","href":"https:\/\/api.w.org\/{rel}","templated":true}]}}