{"id":72308,"date":"2024-03-18T10:29:00","date_gmt":"2024-03-18T09:29:00","guid":{"rendered":"https:\/\/www.almega.se\/?p=72308"},"modified":"2024-04-22T14:57:10","modified_gmt":"2024-04-22T12:57:10","slug":"tjanstesektorn-och-ai-i-fokus-for-samarbete","status":"publish","type":"post","link":"https:\/\/www.almega.se\/2024\/03\/tjanstesektorn-och-ai-i-fokus-for-samarbete\/","title":{"rendered":"Tj\u00e4nstesektorn och AI i fokus f\u00f6r samarbete"},"content":{"rendered":"<p class=\"intro\">Hur p\u00e5verkar AI f\u00f6retagen inom tj\u00e4nstesektorn? Det \u00e4r ett omr\u00e5de som studeras n\u00e4rmare inom AI-Econ Lab, ett forskningssamarbete vid \u00d6rebro universitet som Almega nu st\u00f6ttar.<\/p>\n<p class=\"intro\">&nbsp;<\/p>\n\n<p>Almega st\u00f6djer forskningssamarbetet&nbsp;<a href=\"https:\/\/eur02.safelinks.protection.outlook.com\/?url=https%3A%2F%2Fwww.ai-econlab.com%2F&amp;data=05%7C02%7Cann.hallsenius%40almega.se%7C01972e6984104dab740008dc3ceeea95%7C1d019c94da7b49c2bf935ee1bb4b6882%7C0%7C0%7C638452244026925398%7CUnknown%7CTWFpbGZsb3d8eyJWIjoiMC4wLjAwMDAiLCJQIjoiV2luMzIiLCJBTiI6Ik1haWwiLCJXVCI6Mn0%3D%7C0%7C%7C%7C&amp;sdata=JigoFAF8YXBPsvVoZtwaNYrRo8EE3KbPzYHXjn%2FBvik%3D&amp;reserved=0\" target=\"_blank\" rel=\"noreferrer noopener\">AI-Econ Lab<\/a>&nbsp;som studerar hur snabba framsteg inom artificiell intelligens omformar arbetslivets natur, s\u00e4rskilt f\u00f6r f\u00f6retag och anst\u00e4llda inom tj\u00e4nstesektorn.&nbsp;<\/p>\n\n\n\n<p>\u2013 Almegas medlemmar \u00e4r i grunden positiva till teknisk utveckling. Vi har f\u00e5tt en ny teknologi som kommer att kunna h\u00f6ja produktiviteten inom flera sektorer. Det finns stora f\u00f6rhoppningar kring AI, men det finns ocks\u00e5 en respekt f\u00f6r de utmaningar som AI medf\u00f6r, s\u00e4ger<strong> Ann \u00d6berg<\/strong>, vd p\u00e5 Almega.<\/p>\n\n\n<a class='Share__link Share__link--url copy-text' href='#' rel='nofollow' data-text='kompetensforsorjningen-ar-avgorande' title='Dela url' data-confirmation='L\u00e4nken kopierades till urklipp'><svg class='icon icon--link'  width='18' height='18' viewBox='0 0 18 18' fill='none' xmlns='http:\/\/www.w3.org\/2000\/svg'>\n            <path d='M10.4142 0.514721L6.87868 4.05025L8.29289 5.46447L11.1213 2.63604L15.364 6.87868L12.5355 9.70711L13.9497 11.1213L17.4853 7.58579C17.8763 7.19476 17.8763 6.5626 17.4853 6.17158L11.8284 0.514721C11.4374 0.123691 10.8052 0.123691 10.4142 0.514721Z' fill='black'\/>\n            <path d='M9.7071 12.5355L6.87868 15.364L2.63604 11.1213L5.46446 8.2929L4.05025 6.87868L0.514716 10.4142C0.123686 10.8052 0.123686 11.4374 0.514716 11.8284L6.17157 17.4853C6.5626 17.8763 7.19475 17.8763 7.58578 17.4853L11.1213 13.9497L9.7071 12.5355Z' fill='black'\/>\n            <path d='M6.17157 11.8284C6.5626 12.2195 7.19475 12.2195 7.58578 11.8284L11.8284 7.58579C12.2195 7.19476 12.2195 6.56261 11.8284 6.17158C11.4374 5.78055 10.8052 5.78055 10.4142 6.17158L6.17157 10.4142C5.78054 10.8052 5.78054 11.4374 6.17157 11.8284Z' fill='black'\/>\n            <\/svg> <\/a>\n<h2 class=\"wp-block-heading\">Kompetensf\u00f6rs\u00f6rjningen \u00e4r avg\u00f6rande<\/h2>\n\n\n\n<p>Hon konstaterar att Sverige har en bra position f\u00f6r att kunna klara AI-omst\u00e4llningen.<\/p>\n\n\n\n<p>\u2013 De svenska parterna har en historia av att bejaka teknisk f\u00f6r\u00e4ndring och utveckling. Kompetensf\u00f6rs\u00f6rjningen \u00e4r helt avg\u00f6rande f\u00f6r att vi ska klara omst\u00e4llningen och vi beh\u00f6ver samarbeta med myndigheter och arbetsmarknadens parter f\u00f6r att snabbt kunna m\u00f6ta den stora efterfr\u00e5gan p\u00e5 AI-kompetent personal och utbildningar inom AI som nu finns bland svenska tj\u00e4nstef\u00f6retag, s\u00e4ger Ann \u00d6berg.<\/p>\n\n\n\n<p><strong>Magnus Lodefalk<\/strong>, \u00e4r docent och lektor i nationalekonomi vid AI-Econ Lab vid \u00d6rebro universitet och Ratio. <a href=\"https:\/\/www.tn.se\/arbetsmarknad\/36727\/forskare-sa-forandras-ditt-jobb-med-ai\/\">Till Tidningen N\u00e4ringslivet<\/a> s\u00e4ger han att AI kan j\u00e4mf\u00f6ras med elektriciteten eller \u00e5ngmaskinen, ur ett rent arbetsmarknadsperspektiv.<\/p>\n\n\n\n<p>\u2013 \u00d6ver tid v\u00e4ntas AI leda till \u00f6kad ekonomisk tillv\u00e4xt och produktivitet. Och med \u00f6kad ekonomisk tillv\u00e4xt kommer vi f\u00e5 mer resurser till att adressera klimatutmaningen, f\u00f6rb\u00e4ttra skolan och rusta sjukv\u00e5rden, s\u00e4ger Magnus Lodefalk.<\/p>\n\n\n<a class='Share__link Share__link--url copy-text' href='#' rel='nofollow' data-text='kurs-om-ai-och-arbetsmarknad' title='Dela url' data-confirmation='L\u00e4nken kopierades till urklipp'><svg class='icon icon--link'  width='18' height='18' viewBox='0 0 18 18' fill='none' xmlns='http:\/\/www.w3.org\/2000\/svg'>\n            <path d='M10.4142 0.514721L6.87868 4.05025L8.29289 5.46447L11.1213 2.63604L15.364 6.87868L12.5355 9.70711L13.9497 11.1213L17.4853 7.58579C17.8763 7.19476 17.8763 6.5626 17.4853 6.17158L11.8284 0.514721C11.4374 0.123691 10.8052 0.123691 10.4142 0.514721Z' fill='black'\/>\n            <path d='M9.7071 12.5355L6.87868 15.364L2.63604 11.1213L5.46446 8.2929L4.05025 6.87868L0.514716 10.4142C0.123686 10.8052 0.123686 11.4374 0.514716 11.8284L6.17157 17.4853C6.5626 17.8763 7.19475 17.8763 7.58578 17.4853L11.1213 13.9497L9.7071 12.5355Z' fill='black'\/>\n            <path d='M6.17157 11.8284C6.5626 12.2195 7.19475 12.2195 7.58578 11.8284L11.8284 7.58579C12.2195 7.19476 12.2195 6.56261 11.8284 6.17158C11.4374 5.78055 10.8052 5.78055 10.4142 6.17158L6.17157 10.4142C5.78054 10.8052 5.78054 11.4374 6.17157 11.8284Z' fill='black'\/>\n            <\/svg> <\/a>\n<h2 class=\"wp-block-heading\">Kurs om AI och arbetsmarknad<\/h2>\n\n\n\n<p>Inom ramen f\u00f6r forskningssamarbetet AI-Econ Lab ges nu universitetskurs f\u00f6r yrkesverksamma i hur AI transformerar arbetet och arbetsmarknaden. Kursen inneh\u00e5ller g\u00e4stf\u00f6rel\u00e4sningar med representanter fr\u00e5n olika \u00e4mnen s\u00e5som nationalekonomi, datavetenskap och juridik men \u00e4ven f\u00f6retr\u00e4dare f\u00f6r fackf\u00f6reningar och arbetsgivare inom privat och offentlig sektor.<\/p>\n\n\n\n<p><\/p>\n\n\n\n      <a href=\"https:\/\/www.almega.se\/aktiviteter\/artificiell-intelligens-och-revolutionen-av-arbetslivet\/\" target=\"_blank\" class=\"Button is-button is-style-outline has-black-color is-style-outline Button--external-link\">\n      \n        L\u00e4s mer om kursen h\u00e4r \n      \n      \n                <svg class='icon icon--external-link'  width=\"16\" height=\"16\" viewBox=\"0 0 16 16\" fill=\"none\" xmlns=\"http:\/\/www.w3.org\/2000\/svg\">\n<path d=\"M9 1H15V7\" stroke=\"black\" stroke-width=\"2\" stroke-miterlimit=\"10\"\/>\n<path d=\"M5 2H1V15H14V11\" stroke=\"black\" stroke-width=\"2\" stroke-miterlimit=\"10\"\/>\n<path d=\"M15 1L6 10\" stroke=\"black\" stroke-width=\"2\" stroke-miterlimit=\"10\"\/>\n<\/svg>\n\n        \n    <\/a>\n  \n\n\n\n<p><\/p>\n","protected":false},"excerpt":{"rendered":"<p>Almega st\u00f6djer forskningssamarbetet&nbsp;AI-Econ Lab&nbsp;som studerar hur snabba framsteg inom artificiell intelligens omformar arbetslivets natur, s\u00e4rskilt f\u00f6r f\u00f6retag och anst\u00e4llda inom tj\u00e4nstesektorn.&nbsp; \u2013 Almegas medlemmar \u00e4r i grunden positiva till teknisk utveckling. Vi har f\u00e5tt en &hellip;<\/p>\n","protected":false},"author":6058,"featured_media":72316,"comment_status":"closed","ping_status":"closed","sticky":false,"template":"","format":"standard","meta":{"_acf_changed":false,"footnotes":""},"categories":[692,419],"tags":[50],"article_type":[55],"agreement":[],"class_list":["post-72308","post","type-post","status-publish","format-standard","has-post-thumbnail","hentry","category-ai","category-kompetensforsorjning","tag-tjanstesektorns-utveckling","type-artiklar"],"acf":[],"yoast_head":"<!-- This site is optimized with the Yoast SEO Premium plugin v26.8 (Yoast SEO v26.8) - https:\/\/yoast.com\/product\/yoast-seo-premium-wordpress\/ -->\n<title>Tj\u00e4nstesektorn och AI i fokus f\u00f6r samarbete | Almega<\/title>\n<meta name=\"description\" content=\"Almega st\u00f6ttar forskning kring AI och tj\u00e4nstesektorn i syfte att s\u00e4kra kompetensf\u00f6rs\u00f6rjningen hos tj\u00e4nstef\u00f6retag.\" \/>\n<meta name=\"robots\" content=\"index, follow, max-snippet:-1, max-image-preview:large, max-video-preview:-1\" \/>\n<link rel=\"canonical\" href=\"https:\/\/www.almega.se\/2024\/03\/tjanstesektorn-och-ai-i-fokus-for-samarbete\/\" \/>\n<meta property=\"og:locale\" content=\"sv_SE\" \/>\n<meta property=\"og:type\" content=\"article\" \/>\n<meta property=\"og:title\" content=\"Tj\u00e4nstesektorn och AI i fokus f\u00f6r samarbete\" \/>\n<meta property=\"og:description\" content=\"Almega st\u00f6ttar forskning kring AI och tj\u00e4nstesektorn i syfte att s\u00e4kra kompetensf\u00f6rs\u00f6rjningen hos tj\u00e4nstef\u00f6retag.\" \/>\n<meta property=\"og:url\" content=\"https:\/\/www.almega.se\/2024\/03\/tjanstesektorn-och-ai-i-fokus-for-samarbete\/\" \/>\n<meta property=\"og:site_name\" content=\"Almega\" \/>\n<meta property=\"article:published_time\" content=\"2024-03-18T09:29:00+00:00\" \/>\n<meta property=\"article:modified_time\" content=\"2024-04-22T12:57:10+00:00\" \/>\n<meta property=\"og:image\" content=\"https:\/\/www.almega.se\/app\/uploads\/2024\/03\/masma100578-1180x787.jpg\" \/>\n\t<meta property=\"og:image:width\" content=\"1180\" \/>\n\t<meta property=\"og:image:height\" content=\"787\" \/>\n\t<meta property=\"og:image:type\" content=\"image\/jpeg\" \/>\n<meta name=\"author\" content=\"Shashika Sellgren\" \/>\n<meta name=\"twitter:card\" content=\"summary_large_image\" \/>\n<meta name=\"twitter:label1\" content=\"Skriven av\" \/>\n\t<meta name=\"twitter:data1\" content=\"Shashika Sellgren\" \/>\n\t<meta name=\"twitter:label2\" content=\"Ber\u00e4knad l\u00e4stid\" \/>\n\t<meta name=\"twitter:data2\" content=\"2 minuter\" \/>\n<!-- \/ Yoast SEO Premium plugin. -->","yoast_head_json":{"title":"Tj\u00e4nstesektorn och AI i fokus f\u00f6r samarbete | Almega","description":"Almega st\u00f6ttar forskning kring AI och tj\u00e4nstesektorn i syfte att s\u00e4kra kompetensf\u00f6rs\u00f6rjningen hos tj\u00e4nstef\u00f6retag.","robots":{"index":"index","follow":"follow","max-snippet":"max-snippet:-1","max-image-preview":"max-image-preview:large","max-video-preview":"max-video-preview:-1"},"canonical":"https:\/\/www.almega.se\/2024\/03\/tjanstesektorn-och-ai-i-fokus-for-samarbete\/","og_locale":"sv_SE","og_type":"article","og_title":"Tj\u00e4nstesektorn och AI i fokus f\u00f6r samarbete","og_description":"Almega st\u00f6ttar forskning kring AI och tj\u00e4nstesektorn i syfte att s\u00e4kra kompetensf\u00f6rs\u00f6rjningen hos tj\u00e4nstef\u00f6retag.","og_url":"https:\/\/www.almega.se\/2024\/03\/tjanstesektorn-och-ai-i-fokus-for-samarbete\/","og_site_name":"Almega","article_published_time":"2024-03-18T09:29:00+00:00","article_modified_time":"2024-04-22T12:57:10+00:00","og_image":[{"width":1180,"height":787,"url":"https:\/\/www.almega.se\/app\/uploads\/2024\/03\/masma100578-1180x787.jpg","type":"image\/jpeg"}],"author":"Shashika Sellgren","twitter_card":"summary_large_image","twitter_misc":{"Skriven av":"Shashika Sellgren","Ber\u00e4knad l\u00e4stid":"2 minuter"},"schema":{"@context":"https:\/\/schema.org","@graph":[{"@type":"NewsArticle","@id":"https:\/\/www.almega.se\/2024\/03\/tjanstesektorn-och-ai-i-fokus-for-samarbete\/#article","isPartOf":{"@id":"https:\/\/www.almega.se\/2024\/03\/tjanstesektorn-och-ai-i-fokus-for-samarbete\/"},"author":{"name":"Shashika Sellgren","@id":"https:\/\/www.almega.se\/#\/schema\/person\/38c6b37b81c530c93246c3d1993d5662"},"headline":"Tj\u00e4nstesektorn och AI i fokus f\u00f6r samarbete","datePublished":"2024-03-18T09:29:00+00:00","dateModified":"2024-04-22T12:57:10+00:00","mainEntityOfPage":{"@id":"https:\/\/www.almega.se\/2024\/03\/tjanstesektorn-och-ai-i-fokus-for-samarbete\/"},"wordCount":323,"image":{"@id":"https:\/\/www.almega.se\/2024\/03\/tjanstesektorn-och-ai-i-fokus-for-samarbete\/#primaryimage"},"thumbnailUrl":"https:\/\/www.almega.se\/app\/uploads\/2024\/03\/masma100578.jpg","keywords":["Tj\u00e4nstesektorns utveckling"],"articleSection":["AI","Kompetensf\u00f6rs\u00f6rjning"],"inLanguage":"sv-SE"},{"@type":"WebPage","@id":"https:\/\/www.almega.se\/2024\/03\/tjanstesektorn-och-ai-i-fokus-for-samarbete\/","url":"https:\/\/www.almega.se\/2024\/03\/tjanstesektorn-och-ai-i-fokus-for-samarbete\/","name":"Tj\u00e4nstesektorn och AI i fokus f\u00f6r samarbete | Almega","isPartOf":{"@id":"https:\/\/www.almega.se\/#website"},"primaryImageOfPage":{"@id":"https:\/\/www.almega.se\/2024\/03\/tjanstesektorn-och-ai-i-fokus-for-samarbete\/#primaryimage"},"image":{"@id":"https:\/\/www.almega.se\/2024\/03\/tjanstesektorn-och-ai-i-fokus-for-samarbete\/#primaryimage"},"thumbnailUrl":"https:\/\/www.almega.se\/app\/uploads\/2024\/03\/masma100578.jpg","datePublished":"2024-03-18T09:29:00+00:00","dateModified":"2024-04-22T12:57:10+00:00","author":{"@id":"https:\/\/www.almega.se\/#\/schema\/person\/38c6b37b81c530c93246c3d1993d5662"},"description":"Almega st\u00f6ttar forskning kring AI och tj\u00e4nstesektorn i syfte att s\u00e4kra kompetensf\u00f6rs\u00f6rjningen hos tj\u00e4nstef\u00f6retag.","breadcrumb":{"@id":"https:\/\/www.almega.se\/2024\/03\/tjanstesektorn-och-ai-i-fokus-for-samarbete\/#breadcrumb"},"inLanguage":"sv-SE","potentialAction":[{"@type":"ReadAction","target":["https:\/\/www.almega.se\/2024\/03\/tjanstesektorn-och-ai-i-fokus-for-samarbete\/"]}]},{"@type":"ImageObject","inLanguage":"sv-SE","@id":"https:\/\/www.almega.se\/2024\/03\/tjanstesektorn-och-ai-i-fokus-for-samarbete\/#primaryimage","url":"https:\/\/www.almega.se\/app\/uploads\/2024\/03\/masma100578.jpg","contentUrl":"https:\/\/www.almega.se\/app\/uploads\/2024\/03\/masma100578.jpg","width":2500,"height":1667,"caption":"Kvinnlig professor f\u00f6rklarar f\u00f6r studenter social robot i innovations lab"},{"@type":"BreadcrumbList","@id":"https:\/\/www.almega.se\/2024\/03\/tjanstesektorn-och-ai-i-fokus-for-samarbete\/#breadcrumb","itemListElement":[{"@type":"ListItem","position":1,"name":"Home","item":"https:\/\/www.almega.se\/"},{"@type":"ListItem","position":2,"name":"Tj\u00e4nstesektorn och AI i fokus f\u00f6r samarbete"}]},{"@type":"WebSite","@id":"https:\/\/www.almega.se\/#website","url":"https:\/\/www.almega.se\/","name":"Almega","description":"","potentialAction":[{"@type":"SearchAction","target":{"@type":"EntryPoint","urlTemplate":"https:\/\/www.almega.se\/?s={search_term_string}"},"query-input":{"@type":"PropertyValueSpecification","valueRequired":true,"valueName":"search_term_string"}}],"inLanguage":"sv-SE"},{"@type":"Person","@id":"https:\/\/www.almega.se\/#\/schema\/person\/38c6b37b81c530c93246c3d1993d5662","name":"Shashika Sellgren","image":{"@type":"ImageObject","inLanguage":"sv-SE","@id":"https:\/\/www.almega.se\/#\/schema\/person\/image\/","url":"https:\/\/secure.gravatar.com\/avatar\/b225c479880df9eb82d1501dd105dd8040f27c8563f3d4bf5dd62ce0a1630abd?s=96&d=mm&r=g","contentUrl":"https:\/\/secure.gravatar.com\/avatar\/b225c479880df9eb82d1501dd105dd8040f27c8563f3d4bf5dd62ce0a1630abd?s=96&d=mm&r=g","caption":"Shashika Sellgren"},"url":"https:\/\/www.almega.se\/person\/shashikasellgren\/"}]}},"_links":{"self":[{"href":"https:\/\/www.almega.se\/api\/wp\/v2\/posts\/72308","targetHints":{"allow":["GET"]}}],"collection":[{"href":"https:\/\/www.almega.se\/api\/wp\/v2\/posts"}],"about":[{"href":"https:\/\/www.almega.se\/api\/wp\/v2\/types\/post"}],"author":[{"embeddable":true,"href":"https:\/\/www.almega.se\/api\/wp\/v2\/users\/6058"}],"replies":[{"embeddable":true,"href":"https:\/\/www.almega.se\/api\/wp\/v2\/comments?post=72308"}],"version-history":[{"count":16,"href":"https:\/\/www.almega.se\/api\/wp\/v2\/posts\/72308\/revisions"}],"predecessor-version":[{"id":73150,"href":"https:\/\/www.almega.se\/api\/wp\/v2\/posts\/72308\/revisions\/73150"}],"wp:featuredmedia":[{"embeddable":true,"href":"https:\/\/www.almega.se\/api\/wp\/v2\/media\/72316"}],"wp:attachment":[{"href":"https:\/\/www.almega.se\/api\/wp\/v2\/media?parent=72308"}],"wp:term":[{"taxonomy":"category","embeddable":true,"href":"https:\/\/www.almega.se\/api\/wp\/v2\/categories?post=72308"},{"taxonomy":"post_tag","embeddable":true,"href":"https:\/\/www.almega.se\/api\/wp\/v2\/tags?post=72308"},{"taxonomy":"type","embeddable":true,"href":"https:\/\/www.almega.se\/api\/wp\/v2\/article_type?post=72308"},{"taxonomy":"agreement","embeddable":true,"href":"https:\/\/www.almega.se\/api\/wp\/v2\/agreement?post=72308"}],"curies":[{"name":"wp","href":"https:\/\/api.w.org\/{rel}","templated":true}]}}