{"id":72232,"date":"2024-03-14T14:40:11","date_gmt":"2024-03-14T13:40:11","guid":{"rendered":"https:\/\/www.almega.se\/?p=72232"},"modified":"2024-03-15T13:32:49","modified_gmt":"2024-03-15T12:32:49","slug":"arets-lonerevision-biografavtalet-for-tiden-1-juni-2024-31-maj-2025-och-andring-i-biografavtalet-avseende-skriftligt-anstallningsbevis","status":"publish","type":"post","link":"https:\/\/www.almega.se\/2024\/03\/arets-lonerevision-biografavtalet-for-tiden-1-juni-2024-31-maj-2025-och-andring-i-biografavtalet-avseende-skriftligt-anstallningsbevis\/","title":{"rendered":"\u00c5rets l\u00f6nerevision Biograf\u00adavtalet f\u00f6r tiden 1 juni 2024 \u2013 31 maj 2025 och \u00e4ndring i Biograf&shy;avtalet avseende skriftligt anst\u00e4llningsbevis"},"content":{"rendered":"<a class='Share__link Share__link--url copy-text' href='#' rel='nofollow' data-text='lonerevision' title='Dela url' data-confirmation='L\u00e4nken kopierades till urklipp'><svg class='icon icon--link'  width='18' height='18' viewBox='0 0 18 18' fill='none' xmlns='http:\/\/www.w3.org\/2000\/svg'>\n            <path d='M10.4142 0.514721L6.87868 4.05025L8.29289 5.46447L11.1213 2.63604L15.364 6.87868L12.5355 9.70711L13.9497 11.1213L17.4853 7.58579C17.8763 7.19476 17.8763 6.5626 17.4853 6.17158L11.8284 0.514721C11.4374 0.123691 10.8052 0.123691 10.4142 0.514721Z' fill='black'\/>\n            <path d='M9.7071 12.5355L6.87868 15.364L2.63604 11.1213L5.46446 8.2929L4.05025 6.87868L0.514716 10.4142C0.123686 10.8052 0.123686 11.4374 0.514716 11.8284L6.17157 17.4853C6.5626 17.8763 7.19475 17.8763 7.58578 17.4853L11.1213 13.9497L9.7071 12.5355Z' fill='black'\/>\n            <path d='M6.17157 11.8284C6.5626 12.2195 7.19475 12.2195 7.58578 11.8284L11.8284 7.58579C12.2195 7.19476 12.2195 6.56261 11.8284 6.17158C11.4374 5.78055 10.8052 5.78055 10.4142 6.17158L6.17157 10.4142C5.78054 10.8052 5.78054 11.4374 6.17157 11.8284Z' fill='black'\/>\n            <\/svg> <\/a>\n<h2 class=\"wp-block-heading\"><strong>L\u00f6nerevision<\/strong><\/h2>\n\n\n\n<p>Det \u00e4r dags att f\u00f6rbereda \u00e5rets l\u00f6nerevision och vi vill p\u00e5minna om n\u00e5gra viktiga utg\u00e5ngspunkter i l\u00f6neavtalet.&nbsp;Hela l\u00f6neavtalet&nbsp;och&nbsp;<a href=\"https:\/\/medlem.arbetsgivarguiden.se\/kollektivavtal\/30\/dokument\/24#section-563569\" target=\"_blank\" rel=\"noreferrer noopener\">exempel&nbsp;<\/a>hittar du som inloggad p\u00e5&nbsp;<a href=\"https:\/\/medlem.arbetsgivarguiden.se\/kollektivavtal\/30\/dokument\/24\">www.arbetsgivarguiden.se<\/a> i kommentaren till <a href=\"https:\/\/medlem.arbetsgivarguiden.se\/kollektivavtal\/30\/dokument\/24#section-563569\">Bilaga 1 p 2<\/a>.<\/p>\n\n\n\n<h3 class=\"wp-block-heading\"><strong>L\u00f6ner<\/strong><\/h3>\n\n\n\n<p>L\u00f6ne\u00f6kningarna ber\u00e4knas som ett procenttal p\u00e5 de fasta kontanta l\u00f6nerna. Procentavtalet inf\u00f6rdes 2017 och ersatta det tidigare systemet med krontalsh\u00f6jningar.<\/p>\n\n\n\n<p><strong>L\u00f6nerevisionsdatum<\/strong><\/p>\n\n\n\n<p>L\u00f6nerevisionen sker i \u00e5r per den 1 juni 2024 och omfattar alla som \u00e4r anst\u00e4llda denna dag. L\u00f6ne\u00f6kningen ska betalas retroaktivt fr\u00e5n detta datum.<\/p>\n\n\n\n<p><strong>L\u00f6neutrymmet<\/strong><\/p>\n\n\n\n<p>Det totala l\u00f6neutrymmet 2024 utg\u00f6r 3,3 % av summan av fasta kontanta l\u00f6ner f\u00f6r Fackf\u00f6rbundet Scen &amp; Films (Scens &amp; Films) medlemmar den 31 maj 2024. F\u00f6r de oorganiserade eller de som \u00e4r medlemmar i annan fackf\u00f6rening (om inte annat kollektivavtal g\u00e4ller f\u00f6r dem) \u00e4r l\u00f6neutrymmet ocks\u00e5 3,3 %.<\/p>\n\n\n\n<p>Det totala l\u00f6neutrymmet r\u00e4knas fram genom att r\u00e4kna ihop arbetstagarnas sammanlagda fasta kontanta l\u00f6ner. B\u00e5de tillsvidareanst\u00e4llda och tidsbegr\u00e4nsat anst\u00e4llda r\u00e4knas med, till exempel vikarier. \u00c4ven extraanst\u00e4llda ska medr\u00e4knas om de omfattas av l\u00f6nerevisionen (det vill s\u00e4ga de \u00e4r anst\u00e4llda den 1 juni 2024).<\/p>\n\n\n\n<p>Av detta l\u00f6neutrymme avs\u00e4tts en del f\u00f6r generell f\u00f6rdelning (individgaranti) och en del f\u00f6r individuell f\u00f6rdelning (pott). En pott ber\u00e4knas f\u00f6r Scen &amp; Films medlemmar och en f\u00f6r \u00f6vriga medarbetare. Vill inte arbetsgivaren anv\u00e4nda individuell f\u00f6rdelning kan ist\u00e4llet hela l\u00f6neutrymmet l\u00e4ggas ut generellt, se punkt 6.<\/p>\n\n\n\n<p>H\u00e4r finns exempel p\u00e5 ber\u00e4kning och f\u00f6rdelning av l\u00f6neutrymmet samt ocks\u00e5 exempel p\u00e5 generell f\u00f6rdelning (lika till alla).&nbsp;<a href=\"https:\/\/medlem.arbetsgivarguiden.se\/kollektivavtal\/30\/dokument\/24#section-563569\" target=\"_blank\" rel=\"noreferrer noopener\">Se exempel<\/a>.<\/p>\n\n\n\n<p><strong>F\u00f6rdelning av lokalt l\u00f6neutrymme (potten) och f\u00f6rhandlingar<\/strong><\/p>\n\n\n\n<p>F\u00f6rdelning av potten sker i enlighet med f\u00f6rhandlingsordningen och med till\u00e4mpningen av kriterierna f\u00f6r l\u00f6nes\u00e4ttning. I l\u00f6neavtalets punkt 4 finns kriterier f\u00f6r l\u00f6nes\u00e4ttning och i bilaga 8 finns en rekommendation om lokal och individuell l\u00f6nes\u00e4ttning som kan anv\u00e4ndas som ett hj\u00e4lpmedel i l\u00f6neprocessen.<\/p>\n\n\n\n<p>F\u00f6r f\u00f6retag med flera arbetsplatser f\u00f6rdelas utrymmet per ort, punkt 3 i l\u00f6neavtalet. Arbetsgivaren och Scen &amp; Film centralt kan dock komma \u00f6verens att f\u00f6rdelning ska ske per arbetsplats.<\/p>\n\n\n\n<p>Tr\u00e4ffar de lokala parterna inte lokal \u00f6verenskommelse om f\u00f6rdelningen s\u00e5 g\u00e4ller f\u00f6rhandlingsordningen, se vidare nedan under punkt 4.<\/p>\n\n\n\n<p>De nya l\u00e4gstl\u00f6nerna framg\u00e5r under punkt 6. En arbetstagare f\u00e5r f\u00f6rst en h\u00f6jning med det generella p\u00e5slaget. Efter det l\u00e4ggs den h\u00f6jning medarbetaren f\u00e5r vid f\u00f6rdelning av potten p\u00e5. D\u00e4refter ska kontrolleras att arbetstagaren n\u00e5r upp i den nya l\u00e4gstl\u00f6neniv\u00e5n. Om inte den nya l\u00e4gstl\u00f6nen n\u00e5s efter det generella p\u00e5slaget och f\u00f6rdelning av potten ska l\u00f6nen h\u00f6jas upp till den nya l\u00e4gstl\u00f6neniv\u00e5n.&nbsp;<a href=\"https:\/\/medlem.arbetsgivarguiden.se\/kollektivavtal\/30\/dokument\/24#section-563569\" target=\"_blank\" rel=\"noreferrer noopener\">Se exempel&nbsp;<\/a>.<\/p>\n\n\n\n<p><strong>F\u00f6rhandlingsordning<\/strong><\/p>\n\n\n\n<p>Den lokala fackliga representationen ska meddela arbetsgivaren vilka arbetstagare de kommer att f\u00f6retr\u00e4da i de kommande l\u00f6nef\u00f6rhandlingarna. De lokala f\u00f6rhandlingarna ska d\u00e4refter p\u00e5b\u00f6rjas, om inte parterna enas om annat. Senast i samband med den lokala f\u00f6rhandlingen ska de lokala parterna presentera sina f\u00f6rslag till f\u00f6rdelningen av det lokala l\u00f6neutrymmet utifr\u00e5n kriterierna f\u00f6r l\u00f6nes\u00e4ttning.<\/p>\n\n\n\n<p>Parterna har inte avtalat om n\u00e5gra tidsfrister i f\u00f6rhandlingsordningen, med undantag f\u00f6r att central f\u00f6rhandling ska beg\u00e4ras senast den&nbsp;30 september 2024, om inte de lokala parterna kommer \u00f6verens om annan tidpunkt. Beg\u00e4ran om s\u00e5dan central f\u00f6rhandling skall ske skriftligen och p\u00e5kallas hos Medief\u00f6retagen respektive Scen &amp; Film.<\/p>\n\n\n\n<p>P\u00e5kallas inte centrala f\u00f6rhandling eller om de centrala parterna inte kan enas f\u00f6rdelar arbetsgivaren det individuella l\u00f6neutrymmet enligt ovan. Utfallet av l\u00f6nerevisionen kan d\u00e4rf\u00f6r bli:<\/p>\n\n\n\n<ul class=\"wp-block-list\">\n<li>De lokala parterna kommer \u00f6verens om f\u00f6rdelning av det individuella l\u00f6neutrymmet (potten).<\/li>\n\n\n\n<li>De lokala parterna kommer inte \u00f6verens om f\u00f6rdelningen, men Scen &amp; Film p\u00e5kallar inte central f\u00f6rhandling. Arbetsgivaren f\u00f6rdelar d\u00e5 potten ensidigt.<\/li>\n\n\n\n<li>De lokala parterna kommer inte \u00f6verens om f\u00f6rdelningen och Scen &amp; Film p\u00e5kallar central f\u00f6rhandling. Avslutas \u00e4ven den centrala f\u00f6rhandlingen i oenighet s\u00e5 f\u00f6rdelar arbetsgivaren d\u00e4refter ensidigt potten.<\/li>\n<\/ul>\n\n\n\n<p>Det inneb\u00e4r att det inte l\u00e4ngre finns n\u00e5got krav p\u00e5 att tr\u00e4ffa \u00f6verenskommelse om f\u00f6rdelning av potten. Vid oenighet \u00e4r det arbetsgivaren som s\u00e4tter l\u00f6nen i enlighet med l\u00f6nekriterier. Alla medarbetare \u00e4r dock garanterade det generella p\u00e5slaget.<\/p>\n\n\n\n<p><strong>L\u00f6nesamtal<\/strong><\/p>\n\n\n\n<p>N\u00e4r l\u00f6nerevisionen \u00e4r f\u00e4rdig ska arbetsgivaren meddela medarbetarens nya l\u00f6n. F\u00f6r det fall individuell f\u00f6rdelning har anv\u00e4nts motiverar arbetsgivaren muntligen den nya l\u00f6nen.<\/p>\n\n\n\n<p><strong>Generell utl\u00e4ggning av hela l\u00f6neutrymmet utan individuell f\u00f6rdelning<\/strong><\/p>\n\n\n\n<p>Det finns inget i kollektivavtalet som hindrar att hela l\u00f6neutrymmet l\u00e4ggs ut generellt p\u00e5 samtliga anst\u00e4llda och att ingen individuell f\u00f6rdelning (pott) anv\u00e4nds. Alla anst\u00e4llda kommer d\u00e5 f\u00e5 s\u00e5 mycket i l\u00f6neh\u00f6jning som de bidrar med till det totala l\u00f6neutrymmet.&nbsp;<a href=\"https:\/\/medlem.arbetsgivarguiden.se\/kollektivavtal\/30\/dokument\/24#section-563569\" target=\"_blank\" rel=\"noreferrer noopener\"><strong>Se exempel<\/strong><\/a><\/p>\n\n\n\n<p><strong>L\u00e4gsta l\u00f6ner och OB-ers\u00e4ttning<\/strong><\/p>\n\n\n\n<p>L\u00e4gstal\u00f6nerna och Ob-ers\u00e4ttningen h\u00f6js ocks\u00e5 den 1 juni 2024.<\/p>\n\n\n\n<p><strong>L\u00e4gstl\u00f6n 2024-06-01 &#8211; 2025-05-31<\/strong><\/p>\n\n\n\n<figure class=\"wp-block-table\"><table><tbody><tr><td><strong>L\u00f6negrupp<\/strong><\/td><td><strong>2024-06-01<\/strong><\/td><\/tr><tr><td>Minimil\u00f6n f\u00f6r biografanst\u00e4lld<br>varje \u00e5r (upp till 2000 arbetade timmar)<\/td><td>L\u00e4gst 120,03 kr\/timme<\/td><\/tr><tr><td>Biografanst\u00e4lld<br>(mer \u00e4n 2000 arbetade timmar)<\/td><td>L\u00e4gst 132,33 kr\/timme<\/td><\/tr><\/tbody><\/table><\/figure>\n\n\n\n<p>Alla arbetstagare ska efter det generella p\u00e5slaget och f\u00f6rdelning av potten n\u00e5 upp i minst de nya niv\u00e5erna p\u00e5 l\u00e4gstl\u00f6ner. Om de inte g\u00f6r det m\u00e5ste arbetsgivaren skjuta till pengar ut\u00f6ver potten.<\/p>\n\n\n\n<p><strong>Nya niv\u00e5er p\u00e5 ers\u00e4ttning f\u00f6r sk obekv\u00e4m tj\u00e4nstg\u00f6ring fr\u00e5n den 1 juni 2024<\/strong><\/p>\n\n\n\n<ul class=\"wp-block-list\" type=\"1\">\n<li>Tj\u00e4nstg\u00f6ring mellan kl 18.00-23.30 m\u00e5ndag-torsdag: &nbsp;6,93 kr\/tim fr\u00e5n och med den 1 juni 2024.<\/li>\n\n\n\n<li>Tj\u00e4nstg\u00f6ring mellan kl 18.00-23.30 fredag, kl 08.00-23.30 l\u00f6r-, s\u00f6n- och helgdag samt ny\u00e5rsafton: 22,32 kr\/tim fr\u00e5n och med den 1 juni 2024.<\/li>\n\n\n\n<li>Tj\u00e4nstg\u00f6ring mellan kl 23.30-08.00 samt p\u00e5 julafton, juldagen, l\u00e5ngfredagen, p\u00e5skdagen, midsommarafton och midsommardagen samt den 1 maj f\u00f6re kl 17.00: Of\u00f6r\u00e4ndrad: 100 % av timl\u00f6nen.<\/li>\n\n\n\n<li>Tj\u00e4nstg\u00f6ring mellan kl 03.30 och 06.00: Of\u00f6r\u00e4ndrad 200 % av timl\u00f6nen<\/li>\n\n\n\n<li>F\u00f6r tj\u00e4nstg\u00f6ring p\u00e5 nationaldagen d\u00e5 denna infaller p\u00e5 l\u00f6rdag eller s\u00f6ndag; 29,22 kr\/tim fr\u00e5n och med den 1 juni 2024.<\/li>\n<\/ul>\n\n\n\n<p>Vid tj\u00e4nstg\u00f6ring p\u00e5 julafton, juldag, l\u00e5ngfredag, p\u00e5skdag, midsommarafton och midsommardag samt vid nattf\u00f6rest\u00e4llning utg\u00e5r reseers\u00e4ttning med 150,08&nbsp;kr fr\u00e5n och med den 1 juni 2024.<\/p>\n\n\n<a class='Share__link Share__link--url copy-text' href='#' rel='nofollow' data-text='\u00c4ndring-i-biografavtalet-\u00a7-2-mom-10' title='Dela url' data-confirmation='L\u00e4nken kopierades till urklipp'><svg class='icon icon--link'  width='18' height='18' viewBox='0 0 18 18' fill='none' xmlns='http:\/\/www.w3.org\/2000\/svg'>\n            <path d='M10.4142 0.514721L6.87868 4.05025L8.29289 5.46447L11.1213 2.63604L15.364 6.87868L12.5355 9.70711L13.9497 11.1213L17.4853 7.58579C17.8763 7.19476 17.8763 6.5626 17.4853 6.17158L11.8284 0.514721C11.4374 0.123691 10.8052 0.123691 10.4142 0.514721Z' fill='black'\/>\n            <path d='M9.7071 12.5355L6.87868 15.364L2.63604 11.1213L5.46446 8.2929L4.05025 6.87868L0.514716 10.4142C0.123686 10.8052 0.123686 11.4374 0.514716 11.8284L6.17157 17.4853C6.5626 17.8763 7.19475 17.8763 7.58578 17.4853L11.1213 13.9497L9.7071 12.5355Z' fill='black'\/>\n            <path d='M6.17157 11.8284C6.5626 12.2195 7.19475 12.2195 7.58578 11.8284L11.8284 7.58579C12.2195 7.19476 12.2195 6.56261 11.8284 6.17158C11.4374 5.78055 10.8052 5.78055 10.4142 6.17158L6.17157 10.4142C5.78054 10.8052 5.78054 11.4374 6.17157 11.8284Z' fill='black'\/>\n            <\/svg> <\/a>\n<h2 class=\"wp-block-heading\">\u00c4ndring i Biografavtalet \u00a7 2 mom 10<\/h2>\n\n\n\n<p>Arbetsgivaren har enligt Biografavtalet \u00a7 2 mom 10 tidigare varit skyldig att senast en m\u00e5nad efter anst\u00e4llningens b\u00f6rjan l\u00e4mna ett anst\u00e4llningsbevis till den anst\u00e4llde inneh\u00e5llande de villkor som g\u00e4ller f\u00f6r anst\u00e4llningen. I och med genomf\u00f6randet av Europaparlamentets och r\u00e5dets direktiv (EU) 2019\/1152 av den 20 juni 2019 om tydliga och f\u00f6ruts\u00e4gbara arbetsvillkor i Europeiska unionen (arbetsvillkorsdirektivet) \u00e4r dock arbetsgivaren skyldig att enligt 6 c \u00a7 LAS l\u00e4mna skriftlig information om alla villkor som \u00e4r av v\u00e4sentlig betydelse f\u00f6r anst\u00e4llningsf\u00f6rh\u00e5llandet till den anst\u00e4llde redan efter sju dagar. Det \u00e4r inte till\u00e5tet enligt arbetsvillkorsdirektivet att ha mindre f\u00f6rm\u00e5nliga regler f\u00f6r arbetstagaren. I och med denna f\u00f6r\u00e4ndring har parterna, Medief\u00f6retagen och Fackf\u00f6rbundet Scen &amp; Film, enats om att \u00e4ndra Biografavtalet enligt nedan<\/p>\n\n\n\n<p><\/p>\n\n\n\n<p class=\"has-text-align-left has-lightgray-background-color has-background\">&#8221;<strong>\u00a7 2 mom 10<\/strong><\/p>\n\n\n\n<p class=\"has-text-align-left has-lightgray-background-color has-background\">P\u00e5 beg\u00e4ran av Fackf\u00f6rbundet Scen &amp; Film skall arbetsgivaren l\u00e4mna uppgift om nya anst\u00e4llningar inom avtalsomr\u00e5det avsedda att vara mer \u00e4n en m\u00e5nad.&nbsp;&nbsp;&nbsp;&nbsp;&nbsp;&nbsp;&nbsp;&nbsp;&nbsp;&nbsp;<\/p>\n\n\n\n<p class=\"has-text-align-left has-lightgray-background-color has-background\"><strong><em>Anm\u00e4rkning<\/em><\/strong><em><br>Vad g\u00e4ller arbetsgivarens skyldighet att informera arbetstagaren om villkor som \u00e4r av v\u00e4sentlig betydelse f\u00f6r anst\u00e4llningsf\u00f6rh\u00e5llandet g\u00e4ller 6 c \u00a7 LAS.<\/em>&#8221;<\/p>\n\n\n\n<ul class=\"wp-block-list\">\n<li><em><a href=\"https:\/\/www.almega.se\/app\/uploads\/2024\/03\/Forhandlingsprotokoll-Medieforetagen-Scen-och-Film-240206-paragr-2-mom-10.pdf\">F\u00f6rhandlingsprotokollet 2024-02-06<\/a> (pdf)<\/em><\/li>\n<\/ul>\n\n\n\n<p><\/p>\n\n\n\n<p>Detta inneb\u00e4r att skyldigheten att p\u00e5 beg\u00e4ran av Fackf\u00f6rbundet Scen &amp; Film l\u00e4mna uppgift om nya anst\u00e4llningar inom avtalsomr\u00e5det avsedda att vara mer \u00e4n en m\u00e5nad fortsatt g\u00e4ller, men n\u00e4r det g\u00e4ller skyldigheten att informera arbetstagare om anst\u00e4llningsvillkor av v\u00e4sentlig betydelse f\u00f6r anst\u00e4llningsf\u00f6rh\u00e5llandet g\u00e4ller ist\u00e4llet f\u00f6r kollektivavtalet reglerna i <a href=\"https:\/\/www.riksdagen.se\/sv\/dokument-och-lagar\/dokument\/svensk-forfattningssamling\/lag-198280-om-anstallningsskydd_sfs-1982-80\/\">6 c \u00a7 LAS<\/a>.<\/p>\n\n\n\n<p><a href=\"https:\/\/www.formable.se\/almega\/anstallningsavtal-biografanstallda-1?_gl=1*srsb5v*_ga*MTcyMDkwMDU4LjE2NzY0NzE5NDY.*_ga_R7YY023KGY*MTcxMDMzMjcxMy4yNzAuMS4xNzEwMzMzNDIwLjAuMC4w\">Mallen<\/a> f\u00f6r anst\u00e4llningsavtal som finns p\u00e5 Arbetsgivarguiden \u00e4r uppdaterad s\u00e5 att de uppfyller kraven i 6 c \u00a7 LAS, varf\u00f6r ni med f\u00f6rdel kan anv\u00e4nda dessa.<\/p>\n\n\n\n<p>Vilken information arbetsgivaren \u00e4r skyldig att l\u00e4mna enligt <a href=\"https:\/\/www.almega.se\/app\/uploads\/2024\/03\/Information-arbetsgivaren-ar-skyldig-att-lamna-enligt-6-c-LAS.pdf\" target=\"_blank\" rel=\"noreferrer noopener\">6 c \u00a7 LAS kan du l\u00e4sa h\u00e4r<\/a>.<\/p>\n\n\n\n<p><a href=\"https:\/\/www.riksdagen.se\/sv\/dokument-och-lagar\/dokument\/svensk-forfattningssamling\/lag-198280-om-anstallningsskydd_sfs-1982-80\/\" target=\"_blank\" rel=\"noreferrer noopener\">Lag&nbsp;(2022:835<\/a>). (Sveriges Riksdag, Dokument &amp; lagar)<\/p>\n\n\n\n<p><\/p>\n\n\n<a class='Share__link Share__link--url copy-text' href='#' rel='nofollow' data-text='ytterligare-information' title='Dela url' data-confirmation='L\u00e4nken kopierades till urklipp'><svg class='icon icon--link'  width='18' height='18' viewBox='0 0 18 18' fill='none' xmlns='http:\/\/www.w3.org\/2000\/svg'>\n            <path d='M10.4142 0.514721L6.87868 4.05025L8.29289 5.46447L11.1213 2.63604L15.364 6.87868L12.5355 9.70711L13.9497 11.1213L17.4853 7.58579C17.8763 7.19476 17.8763 6.5626 17.4853 6.17158L11.8284 0.514721C11.4374 0.123691 10.8052 0.123691 10.4142 0.514721Z' fill='black'\/>\n            <path d='M9.7071 12.5355L6.87868 15.364L2.63604 11.1213L5.46446 8.2929L4.05025 6.87868L0.514716 10.4142C0.123686 10.8052 0.123686 11.4374 0.514716 11.8284L6.17157 17.4853C6.5626 17.8763 7.19475 17.8763 7.58578 17.4853L11.1213 13.9497L9.7071 12.5355Z' fill='black'\/>\n            <path d='M6.17157 11.8284C6.5626 12.2195 7.19475 12.2195 7.58578 11.8284L11.8284 7.58579C12.2195 7.19476 12.2195 6.56261 11.8284 6.17158C11.4374 5.78055 10.8052 5.78055 10.4142 6.17158L6.17157 10.4142C5.78054 10.8052 5.78054 11.4374 6.17157 11.8284Z' fill='black'\/>\n            <\/svg> <\/a>\n<h2 class=\"wp-block-heading\">Ytterligare information<\/h2>\n\n\n\n<p>\u00d6nskar du ytterligare information om avtalet \u00e4r du v\u00e4lkommen att kontakta <a href=\"https:\/\/medlem.arbetsgivarguiden.se\/kollektivavtal\/30#kontaktpersoner\">Viktoria Lundqvist<\/a> telefon <a href=\"tel:+46%208%20762%2067%2083\">+46 8 762 67 83<\/a>. Du kan \u00e4ven ringa till Almegas telefonjour p\u00e5 telefon +46 8\u2011762 69 90.<\/p>\n\n\n\n<p><\/p>\n\n\n\n<p><\/p>\n","protected":false},"excerpt":{"rendered":"<p>L\u00f6nerevision Det \u00e4r dags att f\u00f6rbereda \u00e5rets l\u00f6nerevision och vi vill p\u00e5minna om n\u00e5gra viktiga utg\u00e5ngspunkter i l\u00f6neavtalet.&nbsp;Hela l\u00f6neavtalet&nbsp;och&nbsp;exempel&nbsp;hittar du som inloggad p\u00e5&nbsp;www.arbetsgivarguiden.se i kommentaren till Bilaga 1 p 2. L\u00f6ner L\u00f6ne\u00f6kningarna ber\u00e4knas som ett &hellip;<\/p>\n","protected":false},"author":14836,"featured_media":0,"comment_status":"closed","ping_status":"closed","sticky":false,"template":"","format":"standard","meta":{"_acf_changed":false,"footnotes":""},"categories":[451,689],"tags":[],"article_type":[313],"agreement":[132],"class_list":["post-72232","post","type-post","status-publish","format-standard","hentry","category-arbetsgivarfragor","category-lon","type-arbetsgivarnytt","agreement-12ce80f7-ff07-de11-b4e1-02bf9e69ca65"],"acf":[],"yoast_head":"<!-- This site is optimized with the Yoast SEO Premium plugin v26.8 (Yoast SEO v26.8) - https:\/\/yoast.com\/product\/yoast-seo-premium-wordpress\/ -->\n<title>\u00c5rets l\u00f6nerevision Biograf\u00adavtalet f\u00f6r tiden 1 juni 2024 \u2013 31 maj 2025 och \u00e4ndring i Biografavtalet avseende skriftligt anst\u00e4llningsbevis | Almega<\/title>\n<meta name=\"robots\" content=\"index, follow, max-snippet:-1, max-image-preview:large, max-video-preview:-1\" \/>\n<link rel=\"canonical\" href=\"https:\/\/www.almega.se\/2024\/03\/arets-lonerevision-biografavtalet-for-tiden-1-juni-2024-31-maj-2025-och-andring-i-biografavtalet-avseende-skriftligt-anstallningsbevis\/\" \/>\n<meta property=\"og:locale\" content=\"sv_SE\" \/>\n<meta property=\"og:type\" content=\"article\" \/>\n<meta property=\"og:title\" content=\"\u00c5rets l\u00f6nerevision Biograf\u00adavtalet f\u00f6r tiden 1 juni 2024 \u2013 31 maj 2025 och \u00e4ndring i Biografavtalet avseende skriftligt anst\u00e4llningsbevis\" \/>\n<meta property=\"og:description\" content=\"L\u00f6nerevision Det \u00e4r dags att f\u00f6rbereda \u00e5rets l\u00f6nerevision och vi vill p\u00e5minna om n\u00e5gra viktiga utg\u00e5ngspunkter i l\u00f6neavtalet.&nbsp;Hela l\u00f6neavtalet&nbsp;och&nbsp;exempel&nbsp;hittar du som inloggad p\u00e5&nbsp;www.arbetsgivarguiden.se i kommentaren till Bilaga 1 p 2. L\u00f6ner L\u00f6ne\u00f6kningarna ber\u00e4knas som ett &hellip;\" \/>\n<meta property=\"og:url\" content=\"https:\/\/www.almega.se\/2024\/03\/arets-lonerevision-biografavtalet-for-tiden-1-juni-2024-31-maj-2025-och-andring-i-biografavtalet-avseende-skriftligt-anstallningsbevis\/\" \/>\n<meta property=\"og:site_name\" content=\"Almega\" \/>\n<meta property=\"article:published_time\" content=\"2024-03-14T13:40:11+00:00\" \/>\n<meta property=\"article:modified_time\" content=\"2024-03-15T12:32:49+00:00\" \/>\n<meta property=\"og:image\" content=\"https:\/\/www.almega.se\/app\/uploads\/2020\/12\/almega-share-logo.png\" \/>\n\t<meta property=\"og:image:width\" content=\"1200\" \/>\n\t<meta property=\"og:image:height\" content=\"630\" \/>\n\t<meta property=\"og:image:type\" content=\"image\/png\" \/>\n<meta name=\"author\" content=\"Eva Pettersson\" \/>\n<meta name=\"twitter:card\" content=\"summary_large_image\" \/>\n<meta name=\"twitter:label1\" content=\"Skriven av\" \/>\n\t<meta name=\"twitter:data1\" content=\"Eva Pettersson\" \/>\n\t<meta name=\"twitter:label2\" content=\"Ber\u00e4knad l\u00e4stid\" \/>\n\t<meta name=\"twitter:data2\" content=\"7 minuter\" \/>\n<!-- \/ Yoast SEO Premium plugin. -->","yoast_head_json":{"title":"\u00c5rets l\u00f6nerevision Biograf\u00adavtalet f\u00f6r tiden 1 juni 2024 \u2013 31 maj 2025 och \u00e4ndring i Biografavtalet avseende skriftligt anst\u00e4llningsbevis | Almega","robots":{"index":"index","follow":"follow","max-snippet":"max-snippet:-1","max-image-preview":"max-image-preview:large","max-video-preview":"max-video-preview:-1"},"canonical":"https:\/\/www.almega.se\/2024\/03\/arets-lonerevision-biografavtalet-for-tiden-1-juni-2024-31-maj-2025-och-andring-i-biografavtalet-avseende-skriftligt-anstallningsbevis\/","og_locale":"sv_SE","og_type":"article","og_title":"\u00c5rets l\u00f6nerevision Biograf\u00adavtalet f\u00f6r tiden 1 juni 2024 \u2013 31 maj 2025 och \u00e4ndring i Biografavtalet avseende skriftligt anst\u00e4llningsbevis","og_description":"L\u00f6nerevision Det \u00e4r dags att f\u00f6rbereda \u00e5rets l\u00f6nerevision och vi vill p\u00e5minna om n\u00e5gra viktiga utg\u00e5ngspunkter i l\u00f6neavtalet.&nbsp;Hela l\u00f6neavtalet&nbsp;och&nbsp;exempel&nbsp;hittar du som inloggad p\u00e5&nbsp;www.arbetsgivarguiden.se i kommentaren till Bilaga 1 p 2. L\u00f6ner L\u00f6ne\u00f6kningarna ber\u00e4knas som ett &hellip;","og_url":"https:\/\/www.almega.se\/2024\/03\/arets-lonerevision-biografavtalet-for-tiden-1-juni-2024-31-maj-2025-och-andring-i-biografavtalet-avseende-skriftligt-anstallningsbevis\/","og_site_name":"Almega","article_published_time":"2024-03-14T13:40:11+00:00","article_modified_time":"2024-03-15T12:32:49+00:00","og_image":[{"width":1200,"height":630,"url":"https:\/\/www.almega.se\/app\/uploads\/2020\/12\/almega-share-logo.png","type":"image\/png"}],"author":"Eva Pettersson","twitter_card":"summary_large_image","twitter_misc":{"Skriven av":"Eva Pettersson","Ber\u00e4knad l\u00e4stid":"7 minuter"},"schema":{"@context":"https:\/\/schema.org","@graph":[{"@type":"NewsArticle","@id":"https:\/\/www.almega.se\/2024\/03\/arets-lonerevision-biografavtalet-for-tiden-1-juni-2024-31-maj-2025-och-andring-i-biografavtalet-avseende-skriftligt-anstallningsbevis\/#article","isPartOf":{"@id":"https:\/\/www.almega.se\/2024\/03\/arets-lonerevision-biografavtalet-for-tiden-1-juni-2024-31-maj-2025-och-andring-i-biografavtalet-avseende-skriftligt-anstallningsbevis\/"},"author":{"name":"Eva Pettersson","@id":"https:\/\/www.almega.se\/#\/schema\/person\/50d695bb8f918c77bd2be177892f84b1"},"headline":"\u00c5rets l\u00f6nerevision Biograf\u00adavtalet f\u00f6r tiden 1 juni 2024 \u2013 31 maj 2025 och \u00e4ndring i Biograf&shy;avtalet avseende skriftligt anst\u00e4llningsbevis","datePublished":"2024-03-14T13:40:11+00:00","dateModified":"2024-03-15T12:32:49+00:00","mainEntityOfPage":{"@id":"https:\/\/www.almega.se\/2024\/03\/arets-lonerevision-biografavtalet-for-tiden-1-juni-2024-31-maj-2025-och-andring-i-biografavtalet-avseende-skriftligt-anstallningsbevis\/"},"wordCount":1521,"articleSection":["Arbetsgivarfr\u00e5gor","L\u00f6n"],"inLanguage":"sv-SE"},{"@type":"WebPage","@id":"https:\/\/www.almega.se\/2024\/03\/arets-lonerevision-biografavtalet-for-tiden-1-juni-2024-31-maj-2025-och-andring-i-biografavtalet-avseende-skriftligt-anstallningsbevis\/","url":"https:\/\/www.almega.se\/2024\/03\/arets-lonerevision-biografavtalet-for-tiden-1-juni-2024-31-maj-2025-och-andring-i-biografavtalet-avseende-skriftligt-anstallningsbevis\/","name":"\u00c5rets l\u00f6nerevision Biograf\u00adavtalet f\u00f6r tiden 1 juni 2024 \u2013 31 maj 2025 och \u00e4ndring i Biografavtalet avseende skriftligt anst\u00e4llningsbevis | Almega","isPartOf":{"@id":"https:\/\/www.almega.se\/#website"},"datePublished":"2024-03-14T13:40:11+00:00","dateModified":"2024-03-15T12:32:49+00:00","author":{"@id":"https:\/\/www.almega.se\/#\/schema\/person\/50d695bb8f918c77bd2be177892f84b1"},"breadcrumb":{"@id":"https:\/\/www.almega.se\/2024\/03\/arets-lonerevision-biografavtalet-for-tiden-1-juni-2024-31-maj-2025-och-andring-i-biografavtalet-avseende-skriftligt-anstallningsbevis\/#breadcrumb"},"inLanguage":"sv-SE","potentialAction":[{"@type":"ReadAction","target":["https:\/\/www.almega.se\/2024\/03\/arets-lonerevision-biografavtalet-for-tiden-1-juni-2024-31-maj-2025-och-andring-i-biografavtalet-avseende-skriftligt-anstallningsbevis\/"]}]},{"@type":"BreadcrumbList","@id":"https:\/\/www.almega.se\/2024\/03\/arets-lonerevision-biografavtalet-for-tiden-1-juni-2024-31-maj-2025-och-andring-i-biografavtalet-avseende-skriftligt-anstallningsbevis\/#breadcrumb","itemListElement":[{"@type":"ListItem","position":1,"name":"Home","item":"https:\/\/www.almega.se\/"},{"@type":"ListItem","position":2,"name":"\u00c5rets l\u00f6nerevision Biograf\u00adavtalet f\u00f6r tiden 1 juni 2024 \u2013 31 maj 2025 och \u00e4ndring i Biograf&shy;avtalet avseende skriftligt anst\u00e4llningsbevis"}]},{"@type":"WebSite","@id":"https:\/\/www.almega.se\/#website","url":"https:\/\/www.almega.se\/","name":"Almega","description":"","potentialAction":[{"@type":"SearchAction","target":{"@type":"EntryPoint","urlTemplate":"https:\/\/www.almega.se\/?s={search_term_string}"},"query-input":{"@type":"PropertyValueSpecification","valueRequired":true,"valueName":"search_term_string"}}],"inLanguage":"sv-SE"},{"@type":"Person","@id":"https:\/\/www.almega.se\/#\/schema\/person\/50d695bb8f918c77bd2be177892f84b1","name":"Eva Pettersson","image":{"@type":"ImageObject","inLanguage":"sv-SE","@id":"https:\/\/www.almega.se\/#\/schema\/person\/image\/","url":"https:\/\/secure.gravatar.com\/avatar\/c4811d04bd37924073d3b0ce1984d0651f0f37902ffb665f3ca439bb5b3e306f?s=96&d=mm&r=g","contentUrl":"https:\/\/secure.gravatar.com\/avatar\/c4811d04bd37924073d3b0ce1984d0651f0f37902ffb665f3ca439bb5b3e306f?s=96&d=mm&r=g","caption":"Eva Pettersson"},"url":"https:\/\/www.almega.se\/person\/evapettersson-2\/"}]}},"_links":{"self":[{"href":"https:\/\/www.almega.se\/api\/wp\/v2\/posts\/72232","targetHints":{"allow":["GET"]}}],"collection":[{"href":"https:\/\/www.almega.se\/api\/wp\/v2\/posts"}],"about":[{"href":"https:\/\/www.almega.se\/api\/wp\/v2\/types\/post"}],"author":[{"embeddable":true,"href":"https:\/\/www.almega.se\/api\/wp\/v2\/users\/14836"}],"replies":[{"embeddable":true,"href":"https:\/\/www.almega.se\/api\/wp\/v2\/comments?post=72232"}],"version-history":[{"count":24,"href":"https:\/\/www.almega.se\/api\/wp\/v2\/posts\/72232\/revisions"}],"predecessor-version":[{"id":72301,"href":"https:\/\/www.almega.se\/api\/wp\/v2\/posts\/72232\/revisions\/72301"}],"wp:attachment":[{"href":"https:\/\/www.almega.se\/api\/wp\/v2\/media?parent=72232"}],"wp:term":[{"taxonomy":"category","embeddable":true,"href":"https:\/\/www.almega.se\/api\/wp\/v2\/categories?post=72232"},{"taxonomy":"post_tag","embeddable":true,"href":"https:\/\/www.almega.se\/api\/wp\/v2\/tags?post=72232"},{"taxonomy":"type","embeddable":true,"href":"https:\/\/www.almega.se\/api\/wp\/v2\/article_type?post=72232"},{"taxonomy":"agreement","embeddable":true,"href":"https:\/\/www.almega.se\/api\/wp\/v2\/agreement?post=72232"}],"curies":[{"name":"wp","href":"https:\/\/api.w.org\/{rel}","templated":true}]}}