{"id":7222,"date":"2013-06-25T13:00:00","date_gmt":"2013-06-25T13:00:00","guid":{"rendered":"http:\/\/almega-bento\/wp\/blog\/2013\/06\/25\/nya-samlade-regler-om-kameraovervakning-samhall\/"},"modified":"2013-06-25T13:00:00","modified_gmt":"2013-06-25T13:00:00","slug":"nya-samlade-regler-om-kameraovervakning-samhall","status":"publish","type":"post","link":"https:\/\/www.almega.se\/2013\/06\/nya-samlade-regler-om-kameraovervakning-samhall\/","title":{"rendered":"Nya samlade regler om kamera\u00f6vervakning &#8211; Samhall"},"content":{"rendered":"Den 1 juli 2013 tr\u00e4der en ny lag om kamera\u00f6vervakning i kraft. Det \u00e4r inga stora f\u00f6r\u00e4ndringar i sak utan det nya \u00e4r att reglerna nu samlas i en enda lag. Best\u00e4mmelserna i <em>lagen om allm\u00e4n kamera\u00f6vervakning <\/em>och till\u00e4mpliga best\u00e4mmelser i <em>personuppgiftslagen<\/em> f\u00f6rs allts\u00e5 samman i en ny lag om kamera\u00f6vervakning.<\/p>\n<p>L\u00e4s mer nedan om den nya kamera\u00f6vervakningslagen (2013:460):<\/p>\n<ul>\n<li>Bakgrund<\/li>\n<li>Viktigt om nya lagen<\/li>\n<li>Undantag f\u00f6r privat kamera\u00f6vervakning<\/li>\n<li>Tillst\u00e5nd till kamera\u00f6vervakning av plats dit allm\u00e4nheten har tilltr\u00e4de<\/li>\n<li>Kamera\u00f6vervakning som inte kr\u00e4ver tillst\u00e5nd<\/li>\n<li>Kamera\u00f6vervakning av en plats dit allm\u00e4nheten inte har tilltr\u00e4de<\/li>\n<li>Samtycke<\/li>\n<li>Intresseavv\u00e4gning<\/li>\n<li>Dokumentation<\/li>\n<li>Kamera\u00f6vervakning av arbetsplatser<\/li>\n<li>Upplysningsplikt om kamera\u00f6vervakning<\/li>\n<li>Bevarande av material fr\u00e5n kamera\u00f6vervakning<\/li>\n<li>Tillsyn<\/li>\n<li>Skadest\u00e5nd och straff<\/li>\n<\/ul>\n<h4>Bakgrund<\/h4>\n<p>Kamera\u00f6vervakning regleras f\u00f6r n\u00e4rvarande i tv\u00e5 lagar: lagen om allm\u00e4n kamera\u00f6vervakning och personuppgiftslagen. I lagen om allm\u00e4n kamera\u00f6vervakning finns ett f\u00e5tal best\u00e4mmelser som \u00e4r gemensamma f\u00f6r all kamera\u00f6vervakning samt mer utf\u00f6rliga best\u00e4mmelser f\u00f6r \u00f6vervakning av platser dit allm\u00e4nheten har tilltr\u00e4de. N\u00e4r det g\u00e4ller \u00f6vervakning av platser dit allm\u00e4nheten inte har tilltr\u00e4de \u00e4r \u00e4ven personuppgiftslagen till\u00e4mplig.<\/p>\n<p>Att tv\u00e5 lagar \u00e4r till\u00e4mpliga vid kamera\u00f6vervakning g\u00f6r regleringen sv\u00e5rtillg\u00e4nglig, s\u00e4rskilt som det inte alltid \u00e4r sj\u00e4lvklart vilka best\u00e4mmelser som ska till\u00e4mpas. Eftersom kamera\u00f6vervakning blir allt vanligare och i princip all kamera\u00f6vervakning kan inverka p\u00e5 enskildas personliga integritet \u00e4r det viktigt med regler som \u00e4r tydliga, f\u00f6ruts\u00e4gbara och enkla att till\u00e4mpa. Detta \u00e4r syftet bakom att reglerna om kamera\u00f6vervakning ska samlas i en ny lag om kamera\u00f6vervakning.<\/p>\n<h4>Viktigt om nya lagen<\/h4>\n<p>I lagen sl\u00e5s fast att lagens syfte \u00e4r att tillgodose behovet av kamera\u00f6vervakning f\u00f6r ber\u00e4ttigade \u00e4ndam\u00e5l samtidigt som enskilda skyddas mot otillb\u00f6rliga intr\u00e5ng i den personliga integriteten. Lagen avser allts\u00e5 att reglera kamera\u00f6vervakning p\u00e5 ett s\u00e4tt som inneb\u00e4r balans mellan nyttan med kamera\u00f6vervakning och skyddet av den personliga integriteten. Begreppet \u201dallm\u00e4n kamera\u00f6vervakning\u201d ers\u00e4tts med \u201dkamera\u00f6vervakning\u201d.<\/p>\n<p>\u00c4ven enligt den nya lagen ska f\u00f6r kamera\u00f6vervakning dit allm\u00e4nheten har tilltr\u00e4de som huvudregel kr\u00e4vas tillst\u00e5nd. F\u00f6r all kamera\u00f6vervakning g\u00e4ller vidare enligt den nya lagen att kamera\u00f6vervakning ske bedrivas lagligt och i enlighet med god sed och med tillb\u00f6rlig h\u00e4nsyn till enskildas personliga integritet. N\u00e4r kamera\u00f6vervakning \u00e4r laglig framg\u00e5r av kamera\u00f6vervakningslagen och vad som \u00e4r god sed kan framg\u00e5 av till exempel bransch\u00f6verenskommelser.<\/p>\n<p>Kamera\u00f6vervakningslagen ska g\u00e4lla i st\u00e4llet f\u00f6r personuppgiftslagen.<\/p>\n<p>Kamera\u00f6vervakningslagen g\u00e4ller b\u00e5de vid anv\u00e4ndning av \u00f6vervakningskameror och vid s\u00e5dan efterf\u00f6ljande behandling av inspelat material som utf\u00f6rs av den som \u00e4r ansvarig f\u00f6r kamera\u00f6vervakningen eller f\u00f6r hans eller hennes r\u00e4kning. Lagen g\u00e4ller b\u00e5de analog och digital kamera\u00f6vervakning.<\/p>\n<p>Lagen \u00e4r till\u00e4mplig p\u00e5 s\u00e5v\u00e4l upptagning av bild- och ljud vid kamera\u00f6vervakning som vid den efterf\u00f6ljande behandlingen, till exempel genom lagring och bearbetning s\u00e5 l\u00e4nge den utf\u00f6rs av den som \u00e4r ansvarig f\u00f6r kamera\u00f6vervakningen. Det inneb\u00e4r att lagen inte \u00e4r till\u00e4mplig vid s\u00e5dan behandling som sker efter att materialet har \u00f6verl\u00e4mnats till n\u00e5gon annan, till exempel en polismyndighet eller \u00e5klagare. S\u00e5dan behandling omfattas i st\u00e4llet av personuppgiftslagen eller till\u00e4mplig registerf\u00f6rfattning, som exempelvis polisdatalagen.<\/p>\n<h4>Undantag f\u00f6r privat kamera\u00f6vervakning<\/h4>\n<p>Kamera\u00f6vervakningslagen ska inte g\u00e4lla vid \u00f6vervakning av en plats dit allm\u00e4nheten inte har tilltr\u00e4de, om \u00f6vervakningen bedrivs av en fysisk person som ett led i en verksamhet av rent privat natur.<\/p>\n<p>Undantaget f\u00f6r privat kamera\u00f6vervakning g\u00e4ller kamera\u00f6vervakning som bedrivs av fysiska personer. \u00c4ven \u00f6vervakning som utf\u00f6rs av till exempel en larmcentral p\u00e5 uppdrag av en enskild omfattas av undantaget f\u00f6r privat kamera\u00f6vervakning. Vidare kr\u00e4vs ocks\u00e5 att \u00f6vervakningen \u00e4r ett led i en verksamhet av rent privat natur. D\u00e5 \u00e4r platsen f\u00f6r \u00f6vervakningen en viktig faktor f\u00f6r att avg\u00f6ra \u00f6vervakningens karakt\u00e4r. Kamera\u00f6vervakning som sker i en privatbostad och som bedrivs av den som bor d\u00e4r anses normalt vara en verksamhet av rent privat natur. \u00c4ven \u00f6vervakning av andra privata byggnader \u00e4n privatbost\u00e4der, till exempel garage, f\u00f6rr\u00e5d med mera b\u00f6r normalt omfattas s\u00e5 l\u00e4nge byggnaderna inte anv\u00e4nds f\u00f6r n\u00e4ringsverksamhet. Dock kan andra faktorer \u00e4n platsen beh\u00f6va tas med i bed\u00f6mningen av om en verksamhet \u00e4r ett led i en rent privat natur. Om syftet med \u00f6vervakningen i ett privat hem \u00e4r att sprida materialet till en obegr\u00e4nsad krets p\u00e5 internet g\u00e4ller inte undantaget. Inte heller om en privatbostad anv\u00e4nds f\u00f6r n\u00e4ringsverksamhet och kamera\u00f6vervakning anv\u00e4nds f\u00f6r att kontrollera kunder eller uppdragstagare.<\/p>\n<h4>Tillst\u00e5nd till kamera\u00f6vervakning<\/h4>\n<p>F\u00f6r tillst\u00e5nd till kamera\u00f6vervakning dit allm\u00e4nheten har tilltr\u00e4de ska ans\u00f6kan g\u00f6ras hos l\u00e4nsstyrelsen i det l\u00e4n d\u00e4r \u00f6vervakningen ska ske.<\/p>\n<p>Tillst\u00e5nd till kamera\u00f6vervakning ska meddelas om \u00f6vervakningsintresset v\u00e4ger tyngre \u00e4n den enskildes intresse av att inte bli \u00f6vervakad. Vid bed\u00f6mningen av intresset f\u00f6r \u00f6vervakning ska s\u00e4rskilt beaktas om \u00f6vervakningen beh\u00f6vs f\u00f6r att f\u00f6rebygga, avsl\u00f6ja eller utreda brott, f\u00f6rhindra olyckor eller d\u00e4rmed j\u00e4mf\u00f6rliga \u00e4ndam\u00e5l. Vid bed\u00f6mning av den enskildes intresse av att inte bli \u00f6vervakad ska s\u00e4rskilt beaktas hur \u00f6vervakningen utf\u00f6rs, om teknik som fr\u00e4mjar skyddet av enskildas personliga integritet anv\u00e4nds och vilket omr\u00e5de som ska \u00f6vervakas.<\/p>\n<h4>Kamera\u00f6vervakning som inte kr\u00e4ver tillst\u00e5nd<\/h4>\n<p>Det finns i lagen en rad undantag fr\u00e5n kravet p\u00e5 tillst\u00e5nd. Exempelvis kr\u00e4vs inte tillst\u00e5nd till kamera\u00f6vervakning vid \u00f6vervakning som sker med en \u00f6vervakningskamera, som f\u00f6r s\u00e4kerheten i till exempel arbetsmilj\u00f6n, \u00e4r uppsatt p\u00e5 ett fordon, en maskin eller liknande f\u00f6r att f\u00f6rb\u00e4ttra sikten f\u00f6r f\u00f6raren eller anv\u00e4ndaren. Ett annat exempel \u00e4r att tillst\u00e5nd inte kr\u00e4vs vid \u00f6vervakning i ett kasino som avses i kasinolagen, om \u00f6vervakningen har till syfte att f\u00f6rebygga, avsl\u00f6ja eller utreda brott eller l\u00f6sa tvister i spel mellan spelaren och den som anordnar spelet.<\/p>\n<p>Vidare finns tillf\u00e4lliga undantag fr\u00e5n tillst\u00e5ndsplikten f\u00f6r bland annat polismyndighet, vilket inneb\u00e4r att kamera\u00f6vervakning f\u00e5r ske under h\u00f6gst en m\u00e5nad utan att ans\u00f6kan om tillst\u00e5nd gjorts.<\/p>\n<p>Det finns \u00e4ven regler kring kamera\u00f6vervakning som inneb\u00e4r att kamera\u00f6vervakning f\u00e5r ske efter anm\u00e4lan till l\u00e4nsstyrelsen i det l\u00e4n d\u00e4r \u00f6vervakningen ska ske.<\/p>\n<h4>Kamera\u00f6vervakning av en plats dit allm\u00e4nheten inte har tilltr\u00e4de<\/h4>\n<p>F\u00f6r kamera\u00f6vervakning av en plats dit allm\u00e4nheten inte har tilltr\u00e4de kr\u00e4vs varken tillst\u00e5nd eller anm\u00e4lan. I st\u00e4llet anges i lagen vilka omst\u00e4ndigheter som ska f\u00f6religga f\u00f6r att kamera\u00f6vervakning av en plats dit allm\u00e4nheten inte har tilltr\u00e4de ska vara till\u00e5ten.<\/p>\n<p>&#8211; Kamera\u00f6vervakning f\u00e5r ske om den som ska \u00f6vervakas har samtyckt till \u00f6vervakningen.<\/p>\n<p>&#8211; Kamera\u00f6vervakning f\u00e5r ske utan samtycke om:<\/p>\n<ol>\n<li>\u00d6vervakningen beh\u00f6vs f\u00f6r att f\u00f6rebygga, avsl\u00f6ja eller utreda brott, f\u00f6rhindra olyckor eller andra ber\u00e4ttigade \u00e4ndam\u00e5l och<\/li>\n<li>\u00d6vervakningsintresset v\u00e4ger tyngre \u00e4n den enskildes intresse av att inte bli \u00f6vervakad, med s\u00e4rskilt beaktande av hur \u00f6vervakningen ska utf\u00f6ras, om teknik som fr\u00e4mjar skyddet av den enskildes personliga integritet anv\u00e4nds och vilket omr\u00e5de som ska \u00f6vervakas.<\/li>\n<\/ol>\n<h4>Samtycke<\/h4>\n<p>Kamera\u00f6vervakning av en plats dit allm\u00e4nheten inte har tilltr\u00e4de f\u00e5r ske om den som ska \u00f6vervakas har samtyckt till \u00f6vervakningen. Ett samtycke ska ges frivilligt och utg\u00f6ra en otvetydig viljeyttring. De krav som st\u00e4lls p\u00e5 ett giltigt samtycke inneb\u00e4r att m\u00f6jligheten att \u00f6vervaka med st\u00f6d av samtycke blir mycket begr\u00e4nsat. Det \u00e4r endast den som l\u00e4mnat samtycke som i s\u00e5 fall f\u00e5r \u00f6vervakas. Om den som \u00f6vervakas st\u00e5r i ett beroendef\u00f6rh\u00e5llande till den som \u00f6vervakar \u00e4r det oftast inte m\u00f6jlighet att uppfylla kravet p\u00e5 frivillighet, till exempel vid \u00f6vervakning p\u00e5 arbetsplatser. Det \u00e4r inte heller m\u00f6jligt att ers\u00e4tta individens samtycke med ett godk\u00e4nnande fr\u00e5n en arbetstagarorganisation.<\/p>\n<h4>Efter en intresseavv\u00e4gning<\/h4>\n<p>Kamera\u00f6vervakning av en plats dit allm\u00e4nheten inte har tilltr\u00e4de f\u00e5r ske utan samtycke om \u00f6vervakningen beh\u00f6vs f\u00f6r att f\u00f6rebygga, avsl\u00f6ja eller utreda brott, f\u00f6rhindra olyckor eller andra ber\u00e4ttigade \u00e4ndam\u00e5l. Det kan till exempel vara fr\u00e5ga om att kontrollera en produktionsprocess och d\u00e4r enskilda kan komma att omfattas av \u00f6vervakningen mer \u00e4n tillf\u00e4lligtvis. Det kr\u00e4vs ocks\u00e5 att \u00f6vervakningsintresset v\u00e4ger tyngre \u00e4n den enskildes intresse av att inte bli \u00f6vervakad. D\u00e4rvid blir av vikt hur \u00f6vervakningen ska utf\u00f6ras och vilket omr\u00e5de som ska \u00f6vervakas samt om teknik anv\u00e4nds som fr\u00e4mjar skyddet av den enskildes personliga integritet. \u00d6vervakningen f\u00e5r inte vara mer omfattande \u00e4n vad som kr\u00e4vs med h\u00e4nsyn till \u00e4ndam\u00e5len.<\/p>\n<h4>Krav p\u00e5 dokumentation<\/h4>\n<p>Den som bedriver kamera\u00f6vervakning dit allm\u00e4nheten inte har tilltr\u00e4de ska se till att \u00f6vervakningen sker endast f\u00f6r s\u00e4rskilda och ber\u00e4ttigade \u00e4ndam\u00e5l, att \u00e4ndam\u00e5len med \u00f6vervakningen dokumenteras och att \u00f6vervakningen inte sker i st\u00f6rre omfattning \u00e4n vad som beh\u00f6vs f\u00f6r att tillgodose \u00e4ndam\u00e5len med \u00f6vervakningen. Det inneb\u00e4r att \u00f6vervakningskameran ska riktas p\u00e5 ett s\u00e5dant s\u00e4tt att det omr\u00e5de som ska \u00f6vervakas inte \u00e4r st\u00f6rre \u00e4n vad som beh\u00f6vs f\u00f6r att tillgodose \u00e4ndam\u00e5len med behandlingen. Det inneb\u00e4r ocks\u00e5 att kamera\u00f6vervakningen ska begr\u00e4nsas i tiden. Det ankommer p\u00e5 den som bedriver kamera\u00f6vervakningen att se till att \u00f6vervakningen bedrivs i enlighet med de krav som anges i lagen.<\/p>\n<h4>Kamera\u00f6vervakning av arbetsplatser<\/h4>\n<p>N\u00e4r det g\u00e4ller kamera\u00f6vervakning av arbetsplatser p\u00e5pekas i f\u00f6rarbetena den f\u00f6rhandlingsr\u00e4tt och f\u00f6rhandlingsskyldighet som g\u00e4ller enligt medbest\u00e4mmandelagen. T\u00e4nk p\u00e5 att inf\u00f6rande av kamera\u00f6vervakning kan utg\u00f6ra en s\u00e5dan viktigare f\u00f6r\u00e4ndring som inneb\u00e4r prim\u00e4r f\u00f6rhandlingsskyldighet. Av arbetsmilj\u00f6lagen f\u00f6ljer att skyddsombud och skyddskommitt\u00e9 ska informeras om viktiga f\u00f6r\u00e4ndringar av arbetsmilj\u00f6n.<\/p>\n<h4>Upplysningsplikt om kamera\u00f6vervakning<\/h4>\n<p>Upplysning om kamera\u00f6vervakning ska vid all \u00f6vervakning l\u00e4mnas genom tydlig skyltning eller liknande. Det ska ocks\u00e5 finnas en upplysning om vem som bedriver \u00f6vervakningen om det inte framg\u00e5r av f\u00f6rh\u00e5llandena p\u00e5 platsen. Kan ljud avlyssnas eller tas upp ska det ocks\u00e5 framg\u00e5 av skyltningen. Skyldigheten intr\u00e4der n\u00e4r \u00f6vervakningsutrustningen s\u00e4tts upp.<\/p>\n<p>Den som bedriver kamera\u00f6vervakning ska l\u00e4mna upplysning om \u00e4ndam\u00e5len med \u00f6vervakningen, om den \u00f6vervakade eller som kan komma att bli \u00f6vervakad beg\u00e4r det. Denna lagregel har ingen motsvarighet i lagen om allm\u00e4n kamera\u00f6vervakning men inneb\u00e4r en skyldighet att informera om \u00e4ndam\u00e5let med \u00f6vervakningen.<\/p>\n<p>Normalt sker upplysning om kamera\u00f6vervakning genom skyltar och p\u00e5 s\u00e5 s\u00e4tt kan information om kamera\u00f6vervakning l\u00e4mnas i direkt anslutning till den plats d\u00e4r \u00f6vervakningen sker. G\u00e4ller det tillst\u00e5ndspliktig kamera\u00f6vervakning kan l\u00e4nsstyrelsen i ett tillst\u00e5ndsbeslut meddela villkor f\u00f6r hur \u00f6vervakningen f\u00e5r genomf\u00f6ras. I s\u00e5dana fall f\u00e5r kravet p\u00e5 upplysning anpassas till det.<\/p>\n<h4>Bevarande av material fr\u00e5n kamera\u00f6vervakning<\/h4>\n<p>Bild- eller ljudmaterial fr\u00e5n kamera\u00f6vervakning av en plats dit allm\u00e4nheten har tilltr\u00e4de f\u00e5r bevaras under h\u00f6gst tv\u00e5 m\u00e5nader, om inte l\u00e4nsstyrelsen beslutar om l\u00e4ngre tid.<\/p>\n<p>Bild- och ljudmaterial fr\u00e5n kamera\u00f6vervakning av en plats dit allm\u00e4nheten inte har tilltr\u00e4de f\u00e5r inte bevaras under l\u00e4ngre tid \u00e4n som \u00e4r n\u00f6dv\u00e4ndigt med h\u00e4nsyn till \u00e4ndam\u00e5len med \u00f6vervakningen.<\/p>\n<p>N\u00e4r materialet inte l\u00e4ngre f\u00e5r bevaras ska det omedelbart f\u00f6rst\u00f6ras.<\/p>\n<h4>Tillsyn<\/h4>\n<p>Datainspektionen har det centrala ansvaret n\u00e4r det g\u00e4ller till\u00e4mpningen av kamera\u00f6vervakningslagen. Ansvaret inneb\u00e4r bland annat att utv\u00e4rdera r\u00e4ttstill\u00e4mpningen, f\u00f6lja upp den operativa tillsynen samt ge r\u00e5d och st\u00f6d till l\u00e4nsstyrelserna.<\/p>\n<h4>Skadest\u00e5nd och straff<\/h4>\n<p>Den som bedriver kamera\u00f6vervakning ska ers\u00e4tta den \u00f6vervakade f\u00f6r skada och kr\u00e4nkning av den personliga integriteten som orsakats av kamera\u00f6vervakning i strid med lagen. Med kamera\u00f6vervakning menas dels sj\u00e4lva person\u00f6vervakningen, dels hur materialet hanteras. Ers\u00e4ttning kan utg\u00e5 f\u00f6r personskada, sakskada, ren f\u00f6rm\u00f6genhetsskada samt f\u00f6r sj\u00e4lva kr\u00e4nkningen.<\/p>\n<p>Vissa best\u00e4mmelser i lagen \u00e4r \u00e4ven straffsanktionerade.<\/p>\n","protected":false},"excerpt":{"rendered":"<p>Den 1 juli 2013 tr\u00e4der en ny lag om kamera\u00f6vervakning i kraft. Det \u00e4r inga stora f\u00f6r\u00e4ndringar i sak utan det nya \u00e4r att reglerna nu samlas i en enda lag. Best\u00e4mmelserna i lagen om &hellip;<\/p>\n","protected":false},"author":1,"featured_media":0,"comment_status":"closed","ping_status":"open","sticky":false,"template":"","format":"standard","meta":{"_acf_changed":false,"footnotes":""},"categories":[1],"tags":[],"article_type":[313],"agreement":[],"class_list":["post-7222","post","type-post","status-publish","format-standard","hentry","category-okategoriserade","type-arbetsgivarnytt"],"acf":[],"yoast_head":"<!-- This site is optimized with the Yoast SEO Premium plugin v26.8 (Yoast SEO v26.8) - https:\/\/yoast.com\/product\/yoast-seo-premium-wordpress\/ -->\n<title>Nya samlade regler om kamera\u00f6vervakning - Samhall | Almega<\/title>\n<meta name=\"robots\" content=\"index, follow, max-snippet:-1, max-image-preview:large, max-video-preview:-1\" \/>\n<link rel=\"canonical\" href=\"https:\/\/www.almega.se\/2013\/06\/nya-samlade-regler-om-kameraovervakning-samhall\/\" \/>\n<meta property=\"og:locale\" content=\"sv_SE\" \/>\n<meta property=\"og:type\" content=\"article\" \/>\n<meta property=\"og:title\" content=\"Nya samlade regler om kamera\u00f6vervakning - Samhall\" \/>\n<meta property=\"og:description\" content=\"Den 1 juli 2013 tr\u00e4der en ny lag om kamera\u00f6vervakning i kraft. Det \u00e4r inga stora f\u00f6r\u00e4ndringar i sak utan det nya \u00e4r att reglerna nu samlas i en enda lag. Best\u00e4mmelserna i lagen om &hellip;\" \/>\n<meta property=\"og:url\" content=\"https:\/\/www.almega.se\/2013\/06\/nya-samlade-regler-om-kameraovervakning-samhall\/\" \/>\n<meta property=\"og:site_name\" content=\"Almega\" \/>\n<meta property=\"article:published_time\" content=\"2013-06-25T13:00:00+00:00\" \/>\n<meta property=\"og:image\" content=\"https:\/\/www.almega.se\/app\/uploads\/2020\/12\/almega-share-logo.png\" \/>\n\t<meta property=\"og:image:width\" content=\"1200\" \/>\n\t<meta property=\"og:image:height\" content=\"630\" \/>\n\t<meta property=\"og:image:type\" content=\"image\/png\" \/>\n<meta name=\"author\" content=\"admin\" \/>\n<meta name=\"twitter:card\" content=\"summary_large_image\" \/>\n<meta name=\"twitter:label1\" content=\"Skriven av\" \/>\n\t<meta name=\"twitter:data1\" content=\"admin\" \/>\n\t<meta name=\"twitter:label2\" content=\"Ber\u00e4knad l\u00e4stid\" \/>\n\t<meta name=\"twitter:data2\" content=\"11 minuter\" \/>\n<!-- \/ Yoast SEO Premium plugin. -->","yoast_head_json":{"title":"Nya samlade regler om kamera\u00f6vervakning - Samhall | Almega","robots":{"index":"index","follow":"follow","max-snippet":"max-snippet:-1","max-image-preview":"max-image-preview:large","max-video-preview":"max-video-preview:-1"},"canonical":"https:\/\/www.almega.se\/2013\/06\/nya-samlade-regler-om-kameraovervakning-samhall\/","og_locale":"sv_SE","og_type":"article","og_title":"Nya samlade regler om kamera\u00f6vervakning - Samhall","og_description":"Den 1 juli 2013 tr\u00e4der en ny lag om kamera\u00f6vervakning i kraft. Det \u00e4r inga stora f\u00f6r\u00e4ndringar i sak utan det nya \u00e4r att reglerna nu samlas i en enda lag. Best\u00e4mmelserna i lagen om &hellip;","og_url":"https:\/\/www.almega.se\/2013\/06\/nya-samlade-regler-om-kameraovervakning-samhall\/","og_site_name":"Almega","article_published_time":"2013-06-25T13:00:00+00:00","og_image":[{"width":1200,"height":630,"url":"https:\/\/www.almega.se\/app\/uploads\/2020\/12\/almega-share-logo.png","type":"image\/png"}],"author":"admin","twitter_card":"summary_large_image","twitter_misc":{"Skriven av":"admin","Ber\u00e4knad l\u00e4stid":"11 minuter"},"schema":{"@context":"https:\/\/schema.org","@graph":[{"@type":"NewsArticle","@id":"https:\/\/www.almega.se\/2013\/06\/nya-samlade-regler-om-kameraovervakning-samhall\/#article","isPartOf":{"@id":"https:\/\/www.almega.se\/2013\/06\/nya-samlade-regler-om-kameraovervakning-samhall\/"},"author":{"name":"admin","@id":"https:\/\/www.almega.se\/#\/schema\/person\/9c3674d192fb8b2d1d8b7a3f31c5151d"},"headline":"Nya samlade regler om kamera\u00f6vervakning &#8211; Samhall","datePublished":"2013-06-25T13:00:00+00:00","mainEntityOfPage":{"@id":"https:\/\/www.almega.se\/2013\/06\/nya-samlade-regler-om-kameraovervakning-samhall\/"},"wordCount":2184,"inLanguage":"sv-SE"},{"@type":"WebPage","@id":"https:\/\/www.almega.se\/2013\/06\/nya-samlade-regler-om-kameraovervakning-samhall\/","url":"https:\/\/www.almega.se\/2013\/06\/nya-samlade-regler-om-kameraovervakning-samhall\/","name":"Nya samlade regler om kamera\u00f6vervakning - Samhall | Almega","isPartOf":{"@id":"https:\/\/www.almega.se\/#website"},"datePublished":"2013-06-25T13:00:00+00:00","author":{"@id":"https:\/\/www.almega.se\/#\/schema\/person\/9c3674d192fb8b2d1d8b7a3f31c5151d"},"breadcrumb":{"@id":"https:\/\/www.almega.se\/2013\/06\/nya-samlade-regler-om-kameraovervakning-samhall\/#breadcrumb"},"inLanguage":"sv-SE","potentialAction":[{"@type":"ReadAction","target":["https:\/\/www.almega.se\/2013\/06\/nya-samlade-regler-om-kameraovervakning-samhall\/"]}]},{"@type":"BreadcrumbList","@id":"https:\/\/www.almega.se\/2013\/06\/nya-samlade-regler-om-kameraovervakning-samhall\/#breadcrumb","itemListElement":[{"@type":"ListItem","position":1,"name":"Home","item":"https:\/\/www.almega.se\/"},{"@type":"ListItem","position":2,"name":"Nya samlade regler om kamera\u00f6vervakning &#8211; Samhall"}]},{"@type":"WebSite","@id":"https:\/\/www.almega.se\/#website","url":"https:\/\/www.almega.se\/","name":"Almega","description":"","potentialAction":[{"@type":"SearchAction","target":{"@type":"EntryPoint","urlTemplate":"https:\/\/www.almega.se\/?s={search_term_string}"},"query-input":{"@type":"PropertyValueSpecification","valueRequired":true,"valueName":"search_term_string"}}],"inLanguage":"sv-SE"},{"@type":"Person","@id":"https:\/\/www.almega.se\/#\/schema\/person\/9c3674d192fb8b2d1d8b7a3f31c5151d","name":"admin","image":{"@type":"ImageObject","inLanguage":"sv-SE","@id":"https:\/\/www.almega.se\/#\/schema\/person\/image\/","url":"https:\/\/secure.gravatar.com\/avatar\/13aac7e7a7582f599e3ba7706cec051e12eac4ad6c2ffe6f9d24800e63294187?s=96&d=mm&r=g","contentUrl":"https:\/\/secure.gravatar.com\/avatar\/13aac7e7a7582f599e3ba7706cec051e12eac4ad6c2ffe6f9d24800e63294187?s=96&d=mm&r=g","caption":"admin"},"url":"https:\/\/www.almega.se\/person\/admin\/"}]}},"_links":{"self":[{"href":"https:\/\/www.almega.se\/api\/wp\/v2\/posts\/7222","targetHints":{"allow":["GET"]}}],"collection":[{"href":"https:\/\/www.almega.se\/api\/wp\/v2\/posts"}],"about":[{"href":"https:\/\/www.almega.se\/api\/wp\/v2\/types\/post"}],"author":[{"embeddable":true,"href":"https:\/\/www.almega.se\/api\/wp\/v2\/users\/1"}],"replies":[{"embeddable":true,"href":"https:\/\/www.almega.se\/api\/wp\/v2\/comments?post=7222"}],"version-history":[{"count":1,"href":"https:\/\/www.almega.se\/api\/wp\/v2\/posts\/7222\/revisions"}],"predecessor-version":[{"id":58737,"href":"https:\/\/www.almega.se\/api\/wp\/v2\/posts\/7222\/revisions\/58737"}],"wp:attachment":[{"href":"https:\/\/www.almega.se\/api\/wp\/v2\/media?parent=7222"}],"wp:term":[{"taxonomy":"category","embeddable":true,"href":"https:\/\/www.almega.se\/api\/wp\/v2\/categories?post=7222"},{"taxonomy":"post_tag","embeddable":true,"href":"https:\/\/www.almega.se\/api\/wp\/v2\/tags?post=7222"},{"taxonomy":"type","embeddable":true,"href":"https:\/\/www.almega.se\/api\/wp\/v2\/article_type?post=7222"},{"taxonomy":"agreement","embeddable":true,"href":"https:\/\/www.almega.se\/api\/wp\/v2\/agreement?post=7222"}],"curies":[{"name":"wp","href":"https:\/\/api.w.org\/{rel}","templated":true}]}}