{"id":72109,"date":"2024-03-08T09:22:00","date_gmt":"2024-03-08T08:22:00","guid":{"rendered":"https:\/\/www.almega.se\/?p=72109"},"modified":"2024-03-12T14:06:57","modified_gmt":"2024-03-12T13:06:57","slug":"almega-i-altinget-borja-prioritera-arbetsmarknadspolitiken-liberalerna","status":"publish","type":"post","link":"https:\/\/www.almega.se\/2024\/03\/almega-i-altinget-borja-prioritera-arbetsmarknadspolitiken-liberalerna\/","title":{"rendered":"Almega i Altinget: &#8221;Prioritera arbetsmarknadspolitiken, Liberalerna&#8221;"},"content":{"rendered":"<p class=\"intro\">Liberalerna har en del att g\u00f6ra n\u00e4r det kommer till arbetsmarknadspolitiken, inte minst beh\u00f6ver fr\u00e5gorna ges st\u00f6rre uppm\u00e4rksamhet. Det skriver Almegas Fredrik \u00d6stbom och Jonas Jegers i Altinget.<\/p>\n\n<p>&#8221;St\u00e4mningen i de liberala leden borde rimligtvis vara god. Partiet ing\u00e5r i regeringen och har statsr\u00e5dsposter i flera av partiets profilfr\u00e5gor s\u00e5som skola, j\u00e4mst\u00e4lldhet och klimat. Dessutom har valet till Europaparlamentet goda f\u00f6ruts\u00e4ttningar att bli en efterl\u00e4ngtad revansch fr\u00e5n det senaste riksdagsvalet. <\/p>\n\n\n\n<p>Men det k\u00e4nns som att n\u00e5got saknas. Att partiledaren de facto ansvarar f\u00f6r arbetsmarknadsdepartementet, ett av de tyngre departementen i dagens regering, syns knappt i programmet f\u00f6r riksm\u00f6tet. &#8221;<\/p>\n\n\n\n<p>F\u00f6r att \u00f6ka Liberalernas intresse f\u00f6r arbetsmarknadsfr\u00e5gor och \u00e4ven ge arbetsmarknadsdepartementet lite inspiration bjuder Almega p\u00e5 tre tips. <\/p>\n\n\n\n      <a href=\"https:\/\/www.altinget.se\/artikel\/almega-borja-prioritera-arbetsmarknadspolitiken-liberalerna\" target=\"\" class=\"Button is-text Button--external-link\">\n      \n        L\u00e4s hela debattartikeln p\u00e5 Altinget.se\n      \n      \n                <svg class='icon icon--external-link'  width=\"16\" height=\"16\" viewBox=\"0 0 16 16\" fill=\"none\" xmlns=\"http:\/\/www.w3.org\/2000\/svg\">\n<path d=\"M9 1H15V7\" stroke=\"black\" stroke-width=\"2\" stroke-miterlimit=\"10\"\/>\n<path d=\"M5 2H1V15H14V11\" stroke=\"black\" stroke-width=\"2\" stroke-miterlimit=\"10\"\/>\n<path d=\"M15 1L6 10\" stroke=\"black\" stroke-width=\"2\" stroke-miterlimit=\"10\"\/>\n<\/svg>\n\n        \n    <\/a>\n  \n\n\n\n<p><\/p>\n","protected":false},"excerpt":{"rendered":"<p>&#8221;St\u00e4mningen i de liberala leden borde rimligtvis vara god. Partiet ing\u00e5r i regeringen och har statsr\u00e5dsposter i flera av partiets profilfr\u00e5gor s\u00e5som skola, j\u00e4mst\u00e4lldhet och klimat. Dessutom har valet till Europaparlamentet goda f\u00f6ruts\u00e4ttningar att bli &hellip;<\/p>\n","protected":false},"author":16543,"featured_media":72110,"comment_status":"closed","ping_status":"closed","sticky":false,"template":"","format":"standard","meta":{"_acf_changed":false,"footnotes":""},"categories":[419],"tags":[],"article_type":[49,56],"agreement":[],"class_list":["post-72109","post","type-post","status-publish","format-standard","has-post-thumbnail","hentry","category-kompetensforsorjning","type-debattartiklar","type-nyheter"],"acf":[],"yoast_head":"<!-- This site is optimized with the Yoast SEO Premium plugin v26.8 (Yoast SEO v26.8) - https:\/\/yoast.com\/product\/yoast-seo-premium-wordpress\/ -->\n<title>Almega i Altinget: &quot;Prioritera arbetsmarknadspolitiken, Liberalerna&quot; | Almega<\/title>\n<meta name=\"robots\" content=\"index, follow, max-snippet:-1, max-image-preview:large, max-video-preview:-1\" \/>\n<link rel=\"canonical\" href=\"https:\/\/www.almega.se\/2024\/03\/almega-i-altinget-borja-prioritera-arbetsmarknadspolitiken-liberalerna\/\" \/>\n<meta property=\"og:locale\" content=\"sv_SE\" \/>\n<meta property=\"og:type\" content=\"article\" \/>\n<meta property=\"og:title\" content=\"Almega i Altinget: &quot;Prioritera arbetsmarknadspolitiken, Liberalerna&quot;\" \/>\n<meta property=\"og:description\" content=\"&#8221;St\u00e4mningen i de liberala leden borde rimligtvis vara god. Partiet ing\u00e5r i regeringen och har statsr\u00e5dsposter i flera av partiets profilfr\u00e5gor s\u00e5som skola, j\u00e4mst\u00e4lldhet och klimat. Dessutom har valet till Europaparlamentet goda f\u00f6ruts\u00e4ttningar att bli &hellip;\" \/>\n<meta property=\"og:url\" content=\"https:\/\/www.almega.se\/2024\/03\/almega-i-altinget-borja-prioritera-arbetsmarknadspolitiken-liberalerna\/\" \/>\n<meta property=\"og:site_name\" content=\"Almega\" \/>\n<meta property=\"article:published_time\" content=\"2024-03-08T08:22:00+00:00\" \/>\n<meta property=\"article:modified_time\" content=\"2024-03-12T13:06:57+00:00\" \/>\n<meta property=\"og:image\" content=\"https:\/\/www.almega.se\/app\/uploads\/2024\/03\/altinget-L-.png\" \/>\n\t<meta property=\"og:image:width\" content=\"940\" \/>\n\t<meta property=\"og:image:height\" content=\"788\" \/>\n\t<meta property=\"og:image:type\" content=\"image\/png\" \/>\n<meta name=\"author\" content=\"R\u00e9ka Tolnai\" \/>\n<meta name=\"twitter:card\" content=\"summary_large_image\" \/>\n<meta name=\"twitter:label1\" content=\"Skriven av\" \/>\n\t<meta name=\"twitter:data1\" content=\"R\u00e9ka Tolnai\" \/>\n\t<meta name=\"twitter:label2\" content=\"Ber\u00e4knad l\u00e4stid\" \/>\n\t<meta name=\"twitter:data2\" content=\"1 minut\" \/>\n<!-- \/ Yoast SEO Premium plugin. -->","yoast_head_json":{"title":"Almega i Altinget: \"Prioritera arbetsmarknadspolitiken, Liberalerna\" | Almega","robots":{"index":"index","follow":"follow","max-snippet":"max-snippet:-1","max-image-preview":"max-image-preview:large","max-video-preview":"max-video-preview:-1"},"canonical":"https:\/\/www.almega.se\/2024\/03\/almega-i-altinget-borja-prioritera-arbetsmarknadspolitiken-liberalerna\/","og_locale":"sv_SE","og_type":"article","og_title":"Almega i Altinget: \"Prioritera arbetsmarknadspolitiken, Liberalerna\"","og_description":"&#8221;St\u00e4mningen i de liberala leden borde rimligtvis vara god. Partiet ing\u00e5r i regeringen och har statsr\u00e5dsposter i flera av partiets profilfr\u00e5gor s\u00e5som skola, j\u00e4mst\u00e4lldhet och klimat. Dessutom har valet till Europaparlamentet goda f\u00f6ruts\u00e4ttningar att bli &hellip;","og_url":"https:\/\/www.almega.se\/2024\/03\/almega-i-altinget-borja-prioritera-arbetsmarknadspolitiken-liberalerna\/","og_site_name":"Almega","article_published_time":"2024-03-08T08:22:00+00:00","article_modified_time":"2024-03-12T13:06:57+00:00","og_image":[{"width":940,"height":788,"url":"https:\/\/www.almega.se\/app\/uploads\/2024\/03\/altinget-L-.png","type":"image\/png"}],"author":"R\u00e9ka Tolnai","twitter_card":"summary_large_image","twitter_misc":{"Skriven av":"R\u00e9ka Tolnai","Ber\u00e4knad l\u00e4stid":"1 minut"},"schema":{"@context":"https:\/\/schema.org","@graph":[{"@type":"NewsArticle","@id":"https:\/\/www.almega.se\/2024\/03\/almega-i-altinget-borja-prioritera-arbetsmarknadspolitiken-liberalerna\/#article","isPartOf":{"@id":"https:\/\/www.almega.se\/2024\/03\/almega-i-altinget-borja-prioritera-arbetsmarknadspolitiken-liberalerna\/"},"author":{"name":"R\u00e9ka Tolnai","@id":"https:\/\/www.almega.se\/#\/schema\/person\/e54aa110880538cf5ceac0ac54bbecf7"},"headline":"Almega i Altinget: &#8221;Prioritera arbetsmarknadspolitiken, Liberalerna&#8221;","datePublished":"2024-03-08T08:22:00+00:00","dateModified":"2024-03-12T13:06:57+00:00","mainEntityOfPage":{"@id":"https:\/\/www.almega.se\/2024\/03\/almega-i-altinget-borja-prioritera-arbetsmarknadspolitiken-liberalerna\/"},"wordCount":113,"image":{"@id":"https:\/\/www.almega.se\/2024\/03\/almega-i-altinget-borja-prioritera-arbetsmarknadspolitiken-liberalerna\/#primaryimage"},"thumbnailUrl":"https:\/\/www.almega.se\/app\/uploads\/2024\/03\/altinget-L-.png","articleSection":["Kompetensf\u00f6rs\u00f6rjning"],"inLanguage":"sv-SE"},{"@type":"WebPage","@id":"https:\/\/www.almega.se\/2024\/03\/almega-i-altinget-borja-prioritera-arbetsmarknadspolitiken-liberalerna\/","url":"https:\/\/www.almega.se\/2024\/03\/almega-i-altinget-borja-prioritera-arbetsmarknadspolitiken-liberalerna\/","name":"Almega i Altinget: \"Prioritera arbetsmarknadspolitiken, Liberalerna\" | Almega","isPartOf":{"@id":"https:\/\/www.almega.se\/#website"},"primaryImageOfPage":{"@id":"https:\/\/www.almega.se\/2024\/03\/almega-i-altinget-borja-prioritera-arbetsmarknadspolitiken-liberalerna\/#primaryimage"},"image":{"@id":"https:\/\/www.almega.se\/2024\/03\/almega-i-altinget-borja-prioritera-arbetsmarknadspolitiken-liberalerna\/#primaryimage"},"thumbnailUrl":"https:\/\/www.almega.se\/app\/uploads\/2024\/03\/altinget-L-.png","datePublished":"2024-03-08T08:22:00+00:00","dateModified":"2024-03-12T13:06:57+00:00","author":{"@id":"https:\/\/www.almega.se\/#\/schema\/person\/e54aa110880538cf5ceac0ac54bbecf7"},"breadcrumb":{"@id":"https:\/\/www.almega.se\/2024\/03\/almega-i-altinget-borja-prioritera-arbetsmarknadspolitiken-liberalerna\/#breadcrumb"},"inLanguage":"sv-SE","potentialAction":[{"@type":"ReadAction","target":["https:\/\/www.almega.se\/2024\/03\/almega-i-altinget-borja-prioritera-arbetsmarknadspolitiken-liberalerna\/"]}]},{"@type":"ImageObject","inLanguage":"sv-SE","@id":"https:\/\/www.almega.se\/2024\/03\/almega-i-altinget-borja-prioritera-arbetsmarknadspolitiken-liberalerna\/#primaryimage","url":"https:\/\/www.almega.se\/app\/uploads\/2024\/03\/altinget-L-.png","contentUrl":"https:\/\/www.almega.se\/app\/uploads\/2024\/03\/altinget-L-.png","width":940,"height":788},{"@type":"BreadcrumbList","@id":"https:\/\/www.almega.se\/2024\/03\/almega-i-altinget-borja-prioritera-arbetsmarknadspolitiken-liberalerna\/#breadcrumb","itemListElement":[{"@type":"ListItem","position":1,"name":"Home","item":"https:\/\/www.almega.se\/"},{"@type":"ListItem","position":2,"name":"Almega i Altinget: &#8221;Prioritera arbetsmarknadspolitiken, Liberalerna&#8221;"}]},{"@type":"WebSite","@id":"https:\/\/www.almega.se\/#website","url":"https:\/\/www.almega.se\/","name":"Almega","description":"","potentialAction":[{"@type":"SearchAction","target":{"@type":"EntryPoint","urlTemplate":"https:\/\/www.almega.se\/?s={search_term_string}"},"query-input":{"@type":"PropertyValueSpecification","valueRequired":true,"valueName":"search_term_string"}}],"inLanguage":"sv-SE"},{"@type":"Person","@id":"https:\/\/www.almega.se\/#\/schema\/person\/e54aa110880538cf5ceac0ac54bbecf7","name":"R\u00e9ka Tolnai","image":{"@type":"ImageObject","inLanguage":"sv-SE","@id":"https:\/\/www.almega.se\/#\/schema\/person\/image\/","url":"https:\/\/secure.gravatar.com\/avatar\/c722d4a4ee787603df9df499a683d681bd2c463bde248da25aabc45883d614d2?s=96&d=mm&r=g","contentUrl":"https:\/\/secure.gravatar.com\/avatar\/c722d4a4ee787603df9df499a683d681bd2c463bde248da25aabc45883d614d2?s=96&d=mm&r=g","caption":"R\u00e9ka Tolnai"},"url":"https:\/\/www.almega.se\/person\/rekatolnai\/"}]}},"_links":{"self":[{"href":"https:\/\/www.almega.se\/api\/wp\/v2\/posts\/72109","targetHints":{"allow":["GET"]}}],"collection":[{"href":"https:\/\/www.almega.se\/api\/wp\/v2\/posts"}],"about":[{"href":"https:\/\/www.almega.se\/api\/wp\/v2\/types\/post"}],"author":[{"embeddable":true,"href":"https:\/\/www.almega.se\/api\/wp\/v2\/users\/16543"}],"replies":[{"embeddable":true,"href":"https:\/\/www.almega.se\/api\/wp\/v2\/comments?post=72109"}],"version-history":[{"count":8,"href":"https:\/\/www.almega.se\/api\/wp\/v2\/posts\/72109\/revisions"}],"predecessor-version":[{"id":72198,"href":"https:\/\/www.almega.se\/api\/wp\/v2\/posts\/72109\/revisions\/72198"}],"wp:featuredmedia":[{"embeddable":true,"href":"https:\/\/www.almega.se\/api\/wp\/v2\/media\/72110"}],"wp:attachment":[{"href":"https:\/\/www.almega.se\/api\/wp\/v2\/media?parent=72109"}],"wp:term":[{"taxonomy":"category","embeddable":true,"href":"https:\/\/www.almega.se\/api\/wp\/v2\/categories?post=72109"},{"taxonomy":"post_tag","embeddable":true,"href":"https:\/\/www.almega.se\/api\/wp\/v2\/tags?post=72109"},{"taxonomy":"type","embeddable":true,"href":"https:\/\/www.almega.se\/api\/wp\/v2\/article_type?post=72109"},{"taxonomy":"agreement","embeddable":true,"href":"https:\/\/www.almega.se\/api\/wp\/v2\/agreement?post=72109"}],"curies":[{"name":"wp","href":"https:\/\/api.w.org\/{rel}","templated":true}]}}