{"id":71874,"date":"2024-02-21T13:06:04","date_gmt":"2024-02-21T12:06:04","guid":{"rendered":"https:\/\/www.almega.se\/?p=71874"},"modified":"2024-04-18T16:04:48","modified_gmt":"2024-04-18T14:04:48","slug":"nu-galler-alle-man-till-pumparna","status":"publish","type":"post","link":"https:\/\/www.almega.se\/2024\/02\/nu-galler-alle-man-till-pumparna\/","title":{"rendered":"Nu g\u00e4ller \u2019alle man till pumparna\u2019\u00a0\u00a0"},"content":{"rendered":"<p class=\"intro\">Ett nytt n\u00e4ringslivsr\u00e5d, en missriktad utredning och en rad nya kurser och aktiviteter \u00e4r vad Almegas vd, Ann \u00d6berg, reflekterar kring just nu.<\/p>\n<a class='Share__link Share__link--url copy-text' href='#' rel='nofollow' data-text='ett-nytt-naringslivsrad,-behovs-det?\u00a0' title='Dela url' data-confirmation='L\u00e4nken kopierades till urklipp'><svg class='icon icon--link'  width='18' height='18' viewBox='0 0 18 18' fill='none' xmlns='http:\/\/www.w3.org\/2000\/svg'>\n            <path d='M10.4142 0.514721L6.87868 4.05025L8.29289 5.46447L11.1213 2.63604L15.364 6.87868L12.5355 9.70711L13.9497 11.1213L17.4853 7.58579C17.8763 7.19476 17.8763 6.5626 17.4853 6.17158L11.8284 0.514721C11.4374 0.123691 10.8052 0.123691 10.4142 0.514721Z' fill='black'\/>\n            <path d='M9.7071 12.5355L6.87868 15.364L2.63604 11.1213L5.46446 8.2929L4.05025 6.87868L0.514716 10.4142C0.123686 10.8052 0.123686 11.4374 0.514716 11.8284L6.17157 17.4853C6.5626 17.8763 7.19475 17.8763 7.58578 17.4853L11.1213 13.9497L9.7071 12.5355Z' fill='black'\/>\n            <path d='M6.17157 11.8284C6.5626 12.2195 7.19475 12.2195 7.58578 11.8284L11.8284 7.58579C12.2195 7.19476 12.2195 6.56261 11.8284 6.17158C11.4374 5.78055 10.8052 5.78055 10.4142 6.17158L6.17157 10.4142C5.78054 10.8052 5.78054 11.4374 6.17157 11.8284Z' fill='black'\/>\n            <\/svg> <\/a>\n<h2 class=\"wp-block-heading\">Ett nytt n\u00e4ringslivsr\u00e5d, beh\u00f6vs det?\u00a0<\/h2>\n\n\n\n<p>\u2013 <a href=\"https:\/\/www.almega.se\/2024\/01\/almega-tar-mer-plats-i-fragan-om-offentlig-upphandling\/\" target=\"_blank\" rel=\"noreferrer noopener\">Upphandlingsmyndighetens nya n\u00e4ringslivsr\u00e5d<\/a> \u00e4r ett mycket v\u00e4lkommet initiativ. Den offentliga marknaden uppg\u00e5r till n\u00e4rmare 900 miljarder vilket g\u00f6r offentlig upphandling i h\u00f6gsta grad essentiell f\u00f6r svensk ekonomi. R\u00e5det syftar till en f\u00f6rdjupad dialog kring hur vi kan skapa en mer attraktiv offentlig marknad d\u00e4r fler f\u00f6retag vill vara med och bidra. F\u00f6rsta m\u00f6tet har redan \u00e4gt rum och bland deltagarna \u00e5terfanns \u00e4ven Almegaf\u00f6rbunden TechSverige och V\u00e5rdf\u00f6retagarna samt Byggf\u00f6retagen, F\u00f6retagarna och Svenskt N\u00e4ringsliv.&nbsp;<\/p>\n\n\n<a class='Share__link Share__link--url copy-text' href='#' rel='nofollow' data-text='varfor-ar-ett-lonegolv-problematiskt?&nbsp;' title='Dela url' data-confirmation='L\u00e4nken kopierades till urklipp'><svg class='icon icon--link'  width='18' height='18' viewBox='0 0 18 18' fill='none' xmlns='http:\/\/www.w3.org\/2000\/svg'>\n            <path d='M10.4142 0.514721L6.87868 4.05025L8.29289 5.46447L11.1213 2.63604L15.364 6.87868L12.5355 9.70711L13.9497 11.1213L17.4853 7.58579C17.8763 7.19476 17.8763 6.5626 17.4853 6.17158L11.8284 0.514721C11.4374 0.123691 10.8052 0.123691 10.4142 0.514721Z' fill='black'\/>\n            <path d='M9.7071 12.5355L6.87868 15.364L2.63604 11.1213L5.46446 8.2929L4.05025 6.87868L0.514716 10.4142C0.123686 10.8052 0.123686 11.4374 0.514716 11.8284L6.17157 17.4853C6.5626 17.8763 7.19475 17.8763 7.58578 17.4853L11.1213 13.9497L9.7071 12.5355Z' fill='black'\/>\n            <path d='M6.17157 11.8284C6.5626 12.2195 7.19475 12.2195 7.58578 11.8284L11.8284 7.58579C12.2195 7.19476 12.2195 6.56261 11.8284 6.17158C11.4374 5.78055 10.8052 5.78055 10.4142 6.17158L6.17157 10.4142C5.78054 10.8052 5.78054 11.4374 6.17157 11.8284Z' fill='black'\/>\n            <\/svg> <\/a>\n<h2 class=\"wp-block-heading\">Varf\u00f6r \u00e4r ett l\u00f6negolv problematiskt?&nbsp;<\/h2>\n\n\n\n<p>\u2013 Regeringens utredning om ett l\u00f6negolv f\u00f6r arbetskraftsinvandrare var som befarat ingen rolig l\u00e4sning. Detta mot bakgrund av nuvarande kompetensbrist och ett behov av arbetskraft som bara kommer att \u00f6ka. Nu g\u00e4ller \u2019alle man till pumparna\u2019, alla beh\u00f6vs f\u00f6r att s\u00e4kra v\u00e5r konkurrenskraft, s\u00e5v\u00e4l de i Sverige som idag \u00e4r arbetsl\u00f6sa som utl\u00e4ndsk arbetskraft. Om denna problematik skrev jag tillsammans med Lena-Liisa Tengblad och Jonas Siljhammar, vd Gr\u00f6na arbetsgivare respektive Visita, f\u00f6rra helgen p\u00e5 <a href=\"https:\/\/www.aftonbladet.se\/debatt\/a\/0QPBq2\/arbetsgivare-vi-klarar-oss-inte-utan-invandrad-arbetskraft\" target=\"_blank\" rel=\"noreferrer noopener\">Aftonbladet Debatt<\/a>.&nbsp;&nbsp;<\/p>\n\n\n<a class='Share__link Share__link--url copy-text' href='#' rel='nofollow' data-text='vad-hander-annars-pa-almega?&nbsp;&nbsp;' title='Dela url' data-confirmation='L\u00e4nken kopierades till urklipp'><svg class='icon icon--link'  width='18' height='18' viewBox='0 0 18 18' fill='none' xmlns='http:\/\/www.w3.org\/2000\/svg'>\n            <path d='M10.4142 0.514721L6.87868 4.05025L8.29289 5.46447L11.1213 2.63604L15.364 6.87868L12.5355 9.70711L13.9497 11.1213L17.4853 7.58579C17.8763 7.19476 17.8763 6.5626 17.4853 6.17158L11.8284 0.514721C11.4374 0.123691 10.8052 0.123691 10.4142 0.514721Z' fill='black'\/>\n            <path d='M9.7071 12.5355L6.87868 15.364L2.63604 11.1213L5.46446 8.2929L4.05025 6.87868L0.514716 10.4142C0.123686 10.8052 0.123686 11.4374 0.514716 11.8284L6.17157 17.4853C6.5626 17.8763 7.19475 17.8763 7.58578 17.4853L11.1213 13.9497L9.7071 12.5355Z' fill='black'\/>\n            <path d='M6.17157 11.8284C6.5626 12.2195 7.19475 12.2195 7.58578 11.8284L11.8284 7.58579C12.2195 7.19476 12.2195 6.56261 11.8284 6.17158C11.4374 5.78055 10.8052 5.78055 10.4142 6.17158L6.17157 10.4142C5.78054 10.8052 5.78054 11.4374 6.17157 11.8284Z' fill='black'\/>\n            <\/svg> <\/a>\n<h2 class=\"wp-block-heading\">Vad h\u00e4nder annars p\u00e5 Almega?&nbsp;&nbsp;<\/h2>\n\n\n\n<p>\u2013 <a href=\"http:\/\/www.almega.se\/utbildning\" target=\"_blank\" rel=\"noreferrer noopener\">Almegas kalendarium<\/a> b\u00f6rjar verkligen fyllas p\u00e5 med sp\u00e4nnande och h\u00f6gaktuella kurser och aktiviteter. Den 14 mars tar vi upp <a href=\"https:\/\/www.almega.se\/aktiviteter\/arbetstillstand-vad-galler\/\" target=\"_blank\" rel=\"noreferrer noopener\">arbetstillst\u00e5nd<\/a> och vad som g\u00e4ller om du beh\u00f6ver anst\u00e4lla fr\u00e5n utanf\u00f6r EU. Samma dag ges en <a href=\"https:\/\/www.almega.se\/aktiviteter\/visselblasarlagen\/\">webbutbildning i visselbl\u00e5sarlagen<\/a>, ett tips till de f\u00f6retag med 50-249 medarbetare och som inte \u00e4nnu har rapporteringskanalerna p\u00e5 plats. Den 17 december var sista dagen&#8230;<\/p>\n\n\n\n<p>\u2013 Sedan tar vi ocks\u00e5 upp AI ur ett arbetsr\u00e4ttsligt perspektiv. I kursen <a href=\"https:\/\/www.almega.se\/aktiviteter\/upptack-framtidens-arbetsliv-ai-och-arbetsratt\/\" target=\"_blank\" rel=\"noreferrer noopener\">AI och arbetsr\u00e4tt: Uppt\u00e4ck framtidens arbetsliv<\/a>, den 30 maj, g\u00e5r v\u00e5ra experter in p\u00e5 hur AI och arbetsr\u00e4tten f\u00f6rh\u00e5ller sig till varandra, vilka regleringar som finns och vad man b\u00f6r t\u00e4nka p\u00e5 n\u00e4r man tar fram en AI-policy.&nbsp;<\/p>\n","protected":false},"excerpt":{"rendered":"<p>Ett nytt n\u00e4ringslivsr\u00e5d, en missriktad utredning och en rad nya kurser och aktiviteter \u00e4r vad Almegas vd, Ann \u00d6berg, reflekterar kring just nu.<\/p>\n","protected":false},"author":14531,"featured_media":45241,"comment_status":"closed","ping_status":"closed","sticky":false,"template":"","format":"standard","meta":{"_acf_changed":false,"footnotes":""},"categories":[603,64,630],"tags":[],"article_type":[557],"agreement":[],"class_list":["post-71874","post","type-post","status-publish","format-standard","has-post-thumbnail","hentry","category-almega","category-arbetsmarknad","category-konjunktur","type-vd-svarar"],"acf":[],"yoast_head":"<!-- This site is optimized with the Yoast SEO Premium plugin v26.8 (Yoast SEO v26.8) - https:\/\/yoast.com\/product\/yoast-seo-premium-wordpress\/ -->\n<title>Nu g\u00e4ller \u2019alle man till pumparna\u2019\u00a0\u00a0 | Almega<\/title>\n<meta name=\"robots\" content=\"index, follow, max-snippet:-1, max-image-preview:large, max-video-preview:-1\" \/>\n<link rel=\"canonical\" href=\"https:\/\/www.almega.se\/2024\/02\/nu-galler-alle-man-till-pumparna\/\" \/>\n<meta property=\"og:locale\" content=\"sv_SE\" \/>\n<meta property=\"og:type\" content=\"article\" \/>\n<meta property=\"og:title\" content=\"Nu g\u00e4ller \u2019alle man till pumparna\u2019\u00a0\u00a0\" \/>\n<meta property=\"og:description\" content=\"Ett nytt n\u00e4ringslivsr\u00e5d, en missriktad utredning och en rad nya kurser och aktiviteter \u00e4r vad Almegas vd, Ann \u00d6berg, reflekterar kring just nu.\" \/>\n<meta property=\"og:url\" content=\"https:\/\/www.almega.se\/2024\/02\/nu-galler-alle-man-till-pumparna\/\" \/>\n<meta property=\"og:site_name\" content=\"Almega\" \/>\n<meta property=\"article:published_time\" content=\"2024-02-21T12:06:04+00:00\" \/>\n<meta property=\"article:modified_time\" content=\"2024-04-18T14:04:48+00:00\" \/>\n<meta property=\"og:image\" content=\"https:\/\/www.almega.se\/app\/uploads\/2022\/05\/toppbild-kronika_ann-oberg_almega.png\" \/>\n\t<meta property=\"og:image:width\" content=\"1000\" \/>\n\t<meta property=\"og:image:height\" content=\"600\" \/>\n\t<meta property=\"og:image:type\" content=\"image\/png\" \/>\n<meta name=\"author\" content=\"Karin Nyg\u00e5rd\" \/>\n<meta name=\"twitter:card\" content=\"summary_large_image\" \/>\n<meta name=\"twitter:label1\" content=\"Skriven av\" \/>\n\t<meta name=\"twitter:data1\" content=\"Karin Nyg\u00e5rd\" \/>\n\t<meta name=\"twitter:label2\" content=\"Ber\u00e4knad l\u00e4stid\" \/>\n\t<meta name=\"twitter:data2\" content=\"2 minuter\" \/>\n<!-- \/ Yoast SEO Premium plugin. -->","yoast_head_json":{"title":"Nu g\u00e4ller \u2019alle man till pumparna\u2019\u00a0\u00a0 | Almega","robots":{"index":"index","follow":"follow","max-snippet":"max-snippet:-1","max-image-preview":"max-image-preview:large","max-video-preview":"max-video-preview:-1"},"canonical":"https:\/\/www.almega.se\/2024\/02\/nu-galler-alle-man-till-pumparna\/","og_locale":"sv_SE","og_type":"article","og_title":"Nu g\u00e4ller \u2019alle man till pumparna\u2019\u00a0\u00a0","og_description":"Ett nytt n\u00e4ringslivsr\u00e5d, en missriktad utredning och en rad nya kurser och aktiviteter \u00e4r vad Almegas vd, Ann \u00d6berg, reflekterar kring just nu.","og_url":"https:\/\/www.almega.se\/2024\/02\/nu-galler-alle-man-till-pumparna\/","og_site_name":"Almega","article_published_time":"2024-02-21T12:06:04+00:00","article_modified_time":"2024-04-18T14:04:48+00:00","og_image":[{"width":1000,"height":600,"url":"https:\/\/www.almega.se\/app\/uploads\/2022\/05\/toppbild-kronika_ann-oberg_almega.png","type":"image\/png"}],"author":"Karin Nyg\u00e5rd","twitter_card":"summary_large_image","twitter_misc":{"Skriven av":"Karin Nyg\u00e5rd","Ber\u00e4knad l\u00e4stid":"2 minuter"},"schema":{"@context":"https:\/\/schema.org","@graph":[{"@type":"NewsArticle","@id":"https:\/\/www.almega.se\/2024\/02\/nu-galler-alle-man-till-pumparna\/#article","isPartOf":{"@id":"https:\/\/www.almega.se\/2024\/02\/nu-galler-alle-man-till-pumparna\/"},"author":{"name":"Karin Nyg\u00e5rd","@id":"https:\/\/www.almega.se\/#\/schema\/person\/eae58f3a71d6b7aa9f71f3139a740a02"},"headline":"Nu g\u00e4ller \u2019alle man till pumparna\u2019\u00a0\u00a0","datePublished":"2024-02-21T12:06:04+00:00","dateModified":"2024-04-18T14:04:48+00:00","mainEntityOfPage":{"@id":"https:\/\/www.almega.se\/2024\/02\/nu-galler-alle-man-till-pumparna\/"},"wordCount":344,"image":{"@id":"https:\/\/www.almega.se\/2024\/02\/nu-galler-alle-man-till-pumparna\/#primaryimage"},"thumbnailUrl":"https:\/\/www.almega.se\/app\/uploads\/2022\/05\/toppbild-kronika_ann-oberg_almega.png","articleSection":["Almega","Arbetsmarknad","Konjunktur"],"inLanguage":"sv-SE"},{"@type":"WebPage","@id":"https:\/\/www.almega.se\/2024\/02\/nu-galler-alle-man-till-pumparna\/","url":"https:\/\/www.almega.se\/2024\/02\/nu-galler-alle-man-till-pumparna\/","name":"Nu g\u00e4ller \u2019alle man till pumparna\u2019\u00a0\u00a0 | Almega","isPartOf":{"@id":"https:\/\/www.almega.se\/#website"},"primaryImageOfPage":{"@id":"https:\/\/www.almega.se\/2024\/02\/nu-galler-alle-man-till-pumparna\/#primaryimage"},"image":{"@id":"https:\/\/www.almega.se\/2024\/02\/nu-galler-alle-man-till-pumparna\/#primaryimage"},"thumbnailUrl":"https:\/\/www.almega.se\/app\/uploads\/2022\/05\/toppbild-kronika_ann-oberg_almega.png","datePublished":"2024-02-21T12:06:04+00:00","dateModified":"2024-04-18T14:04:48+00:00","author":{"@id":"https:\/\/www.almega.se\/#\/schema\/person\/eae58f3a71d6b7aa9f71f3139a740a02"},"breadcrumb":{"@id":"https:\/\/www.almega.se\/2024\/02\/nu-galler-alle-man-till-pumparna\/#breadcrumb"},"inLanguage":"sv-SE","potentialAction":[{"@type":"ReadAction","target":["https:\/\/www.almega.se\/2024\/02\/nu-galler-alle-man-till-pumparna\/"]}]},{"@type":"ImageObject","inLanguage":"sv-SE","@id":"https:\/\/www.almega.se\/2024\/02\/nu-galler-alle-man-till-pumparna\/#primaryimage","url":"https:\/\/www.almega.se\/app\/uploads\/2022\/05\/toppbild-kronika_ann-oberg_almega.png","contentUrl":"https:\/\/www.almega.se\/app\/uploads\/2022\/05\/toppbild-kronika_ann-oberg_almega.png","width":1000,"height":600,"caption":"Almegas vd, Ann \u00d6berg"},{"@type":"BreadcrumbList","@id":"https:\/\/www.almega.se\/2024\/02\/nu-galler-alle-man-till-pumparna\/#breadcrumb","itemListElement":[{"@type":"ListItem","position":1,"name":"Home","item":"https:\/\/www.almega.se\/"},{"@type":"ListItem","position":2,"name":"Nu g\u00e4ller \u2019alle man till pumparna\u2019\u00a0\u00a0"}]},{"@type":"WebSite","@id":"https:\/\/www.almega.se\/#website","url":"https:\/\/www.almega.se\/","name":"Almega","description":"","potentialAction":[{"@type":"SearchAction","target":{"@type":"EntryPoint","urlTemplate":"https:\/\/www.almega.se\/?s={search_term_string}"},"query-input":{"@type":"PropertyValueSpecification","valueRequired":true,"valueName":"search_term_string"}}],"inLanguage":"sv-SE"},{"@type":"Person","@id":"https:\/\/www.almega.se\/#\/schema\/person\/eae58f3a71d6b7aa9f71f3139a740a02","name":"Karin Nyg\u00e5rd","image":{"@type":"ImageObject","inLanguage":"sv-SE","@id":"https:\/\/www.almega.se\/#\/schema\/person\/image\/","url":"https:\/\/secure.gravatar.com\/avatar\/09e5ec3d12974ae686ad90a0a4bf5404c8a4cfdca18f97124f166ab274023818?s=96&d=mm&r=g","contentUrl":"https:\/\/secure.gravatar.com\/avatar\/09e5ec3d12974ae686ad90a0a4bf5404c8a4cfdca18f97124f166ab274023818?s=96&d=mm&r=g","caption":"Karin Nyg\u00e5rd"},"description":"Produkt\u00e4gare Almega.se, samordnar webbutveckling och utveckling av Arbetsgivarguiden.se","url":"https:\/\/www.almega.se\/person\/karinnygard\/"}]}},"_links":{"self":[{"href":"https:\/\/www.almega.se\/api\/wp\/v2\/posts\/71874","targetHints":{"allow":["GET"]}}],"collection":[{"href":"https:\/\/www.almega.se\/api\/wp\/v2\/posts"}],"about":[{"href":"https:\/\/www.almega.se\/api\/wp\/v2\/types\/post"}],"author":[{"embeddable":true,"href":"https:\/\/www.almega.se\/api\/wp\/v2\/users\/14531"}],"replies":[{"embeddable":true,"href":"https:\/\/www.almega.se\/api\/wp\/v2\/comments?post=71874"}],"version-history":[{"count":5,"href":"https:\/\/www.almega.se\/api\/wp\/v2\/posts\/71874\/revisions"}],"predecessor-version":[{"id":71880,"href":"https:\/\/www.almega.se\/api\/wp\/v2\/posts\/71874\/revisions\/71880"}],"wp:featuredmedia":[{"embeddable":true,"href":"https:\/\/www.almega.se\/api\/wp\/v2\/media\/45241"}],"wp:attachment":[{"href":"https:\/\/www.almega.se\/api\/wp\/v2\/media?parent=71874"}],"wp:term":[{"taxonomy":"category","embeddable":true,"href":"https:\/\/www.almega.se\/api\/wp\/v2\/categories?post=71874"},{"taxonomy":"post_tag","embeddable":true,"href":"https:\/\/www.almega.se\/api\/wp\/v2\/tags?post=71874"},{"taxonomy":"type","embeddable":true,"href":"https:\/\/www.almega.se\/api\/wp\/v2\/article_type?post=71874"},{"taxonomy":"agreement","embeddable":true,"href":"https:\/\/www.almega.se\/api\/wp\/v2\/agreement?post=71874"}],"curies":[{"name":"wp","href":"https:\/\/api.w.org\/{rel}","templated":true}]}}