{"id":71856,"date":"2024-02-21T08:31:35","date_gmt":"2024-02-21T07:31:35","guid":{"rendered":"https:\/\/www.almega.se\/?p=71856"},"modified":"2024-02-21T13:36:23","modified_gmt":"2024-02-21T12:36:23","slug":"debatt-forsvara-inte-for-arbetskraftsinvandring","status":"publish","type":"post","link":"https:\/\/www.almega.se\/2024\/02\/debatt-forsvara-inte-for-arbetskraftsinvandring\/","title":{"rendered":"Almega i VK: F\u00f6rsv\u00e5ra inte f\u00f6r arbetskrafts&shy;invandring"},"content":{"rendered":"<p class=\"intro\">Sverige st\u00e5r inf\u00f6r en stor brist p\u00e5 arbetskraft fram\u00f6ver. \u00c4nd\u00e5 envisas regeringen med att forts\u00e4tta g\u00f6ra det sv\u00e5rare att komma till Sverige och arbeta, skriver Almegas Fredrik \u00d6stbom och Patrick Joyce i V\u00e4sterbottens-Kuriren.<\/p>\n\n<p><a href=\"https:\/\/www.vk.se\/2024-02-20\/debatt-forsvara-inte-for-arbetskraftsinvandring-bec70\">Debattartikeln publicerades hos V\u00e4sterbotten-Kuriren 20\/2 2024<\/a><\/p>\n\n\n\n<p>Det f\u00f6ds allt&nbsp;f\u00e4rre barn i Sverige samtidigt som vi blir allt \u00e4ldre. Behovet av arbetskraft i industri och tj\u00e4nstesektor p\u00e5 grund av den gr\u00f6na omst\u00e4llningen och i v\u00e4lf\u00e4rdssektorn p\u00e5 grund av den \u00e5ldrande befolkningen ber\u00e4knas \u00f6ka dubbelt s\u00e5 snabbt som arbetskraften v\u00e4xer de n\u00e4rmsta tio \u00e5ren.<\/p>\n\n\n\n<p>Detta kr\u00e4ver reformer som \u00f6kar drivkrafterna f\u00f6r arbete och utbildar fler personer till de yrken som beh\u00f6vs. Men en del av behovet av arbetskraft kommer att beh\u00f6va t\u00e4ckas med personer utifr\u00e5n. I dag kommer 25 000 personer fr\u00e5n l\u00e4nder utanf\u00f6r EU till Sverige varje \u00e5r f\u00f6r att arbeta. De stannar relativt kort tid och arbetar fr\u00e5n f\u00f6rsta till sista dagen i landet. De utg\u00f6r mindre \u00e4n en procent av alla som arbetar i Sverige och \u00e4nd\u00e5 bidrar de med 43 miljarder kronor till Sveriges BNP och med 14 miljarder i skatteint\u00e4kter, varje \u00e5r.<\/p>\n\n\n\n<blockquote class=\"wp-block-quote is-layout-flow wp-block-quote-is-layout-flow\">\n<p>Trots detta v\u00e4ljer&nbsp;den svenska regeringen att steg f\u00f6r steg g\u00f6ra det sv\u00e5rare att f\u00e5 arbetstillst\u00e5nd. <\/p>\n<cite>Fredrik \u00d6stbom och Patrick Joyce i V\u00e4sterbotten-Kuriren.<\/cite><\/blockquote>\n\n\n\n<p>Trots detta v\u00e4ljer&nbsp;den svenska regeringen att steg f\u00f6r steg g\u00f6ra det sv\u00e5rare att f\u00e5 arbetstillst\u00e5nd. I h\u00f6stas h\u00f6jdes l\u00f6negolvet f\u00f6r arbetstillst\u00e5nd till 27 400 kronor i m\u00e5naden. D\u00e5 f\u00f6rsvann m\u00f6jligheten till arbetstillst\u00e5nd inom enklare yrken i bes\u00f6ksn\u00e4ringen, st\u00e4d och service och omsorg. I dag f\u00f6resl\u00e5r en utredning att l\u00f6negolvet h\u00f6js till 34 200 kronor i m\u00e5naden vilket inneb\u00e4r att h\u00e4lften av alla arbetstillst\u00e5nd kan f\u00f6rsvinna.<\/p>\n\n\n<a class='Share__link Share__link--url copy-text' href='#' rel='nofollow' data-text='skapat-byrakrati' title='Dela url' data-confirmation='L\u00e4nken kopierades till urklipp'><svg class='icon icon--link'  width='18' height='18' viewBox='0 0 18 18' fill='none' xmlns='http:\/\/www.w3.org\/2000\/svg'>\n            <path d='M10.4142 0.514721L6.87868 4.05025L8.29289 5.46447L11.1213 2.63604L15.364 6.87868L12.5355 9.70711L13.9497 11.1213L17.4853 7.58579C17.8763 7.19476 17.8763 6.5626 17.4853 6.17158L11.8284 0.514721C11.4374 0.123691 10.8052 0.123691 10.4142 0.514721Z' fill='black'\/>\n            <path d='M9.7071 12.5355L6.87868 15.364L2.63604 11.1213L5.46446 8.2929L4.05025 6.87868L0.514716 10.4142C0.123686 10.8052 0.123686 11.4374 0.514716 11.8284L6.17157 17.4853C6.5626 17.8763 7.19475 17.8763 7.58578 17.4853L11.1213 13.9497L9.7071 12.5355Z' fill='black'\/>\n            <path d='M6.17157 11.8284C6.5626 12.2195 7.19475 12.2195 7.58578 11.8284L11.8284 7.58579C12.2195 7.19476 12.2195 6.56261 11.8284 6.17158C11.4374 5.78055 10.8052 5.78055 10.4142 6.17158L6.17157 10.4142C5.78054 10.8052 5.78054 11.4374 6.17157 11.8284Z' fill='black'\/>\n            <\/svg> <\/a>\n<h2 class=\"wp-block-heading\">Skapat byr\u00e5krati <\/h2>\n\n\n\n<p>F\u00f6rslaget mildras dock av att vissa yrken d\u00e4r det \u00e4r brist p\u00e5 arbetskraft ska undantas fr\u00e5n l\u00f6nekravet. Vilka yrken det handlar om ska regeringen eller n\u00e5gon myndighet best\u00e4mma. Det \u00e4r ingen bra l\u00f6sning.<\/p>\n\n\n\n<p>I de l\u00e4nder d\u00e4r myndigheter avg\u00f6r vilka yrken som \u00e4r godk\u00e4nda f\u00f6r arbets\u00adkrafts\u00adinvandring, och vilka som inte \u00e4r det, har resultatet blivit en kr\u00e5nglig byr\u00e5krati och l\u00e5nga v\u00e4ntetider f\u00f6r de f\u00f6retag som beh\u00f6ver personal omg\u00e5ende. Redan nu \u00e4r v\u00e4ntetiderna f\u00f6r arbetstillst\u00e5nd orimligt l\u00e5nga i Sverige, vilket allvarligt skadar rekryteringen av ingenj\u00f6rer och andra specialister.<\/p>\n\n\n\n<p>Regeringens motiv&nbsp;f\u00f6r att minska arbetskraftsinvandringen \u00e4r att jobben beh\u00f6vs f\u00f6r de arbetsl\u00f6sa i landet. Det l\u00e5ter logiskt n\u00e4r Sverige har den tredje h\u00f6gsta arbetsl\u00f6sheten i EU. Problemet \u00e4r att huvuddelen av de arbetsl\u00f6sa inte kan \u2013 eller i vissa fall inte vill \u2013 ta de lediga jobben.<\/p>\n\n\n<a class='Share__link Share__link--url copy-text' href='#' rel='nofollow' data-text='saknar-ekonomiska-drivkrafter' title='Dela url' data-confirmation='L\u00e4nken kopierades till urklipp'><svg class='icon icon--link'  width='18' height='18' viewBox='0 0 18 18' fill='none' xmlns='http:\/\/www.w3.org\/2000\/svg'>\n            <path d='M10.4142 0.514721L6.87868 4.05025L8.29289 5.46447L11.1213 2.63604L15.364 6.87868L12.5355 9.70711L13.9497 11.1213L17.4853 7.58579C17.8763 7.19476 17.8763 6.5626 17.4853 6.17158L11.8284 0.514721C11.4374 0.123691 10.8052 0.123691 10.4142 0.514721Z' fill='black'\/>\n            <path d='M9.7071 12.5355L6.87868 15.364L2.63604 11.1213L5.46446 8.2929L4.05025 6.87868L0.514716 10.4142C0.123686 10.8052 0.123686 11.4374 0.514716 11.8284L6.17157 17.4853C6.5626 17.8763 7.19475 17.8763 7.58578 17.4853L11.1213 13.9497L9.7071 12.5355Z' fill='black'\/>\n            <path d='M6.17157 11.8284C6.5626 12.2195 7.19475 12.2195 7.58578 11.8284L11.8284 7.58579C12.2195 7.19476 12.2195 6.56261 11.8284 6.17158C11.4374 5.78055 10.8052 5.78055 10.4142 6.17158L6.17157 10.4142C5.78054 10.8052 5.78054 11.4374 6.17157 11.8284Z' fill='black'\/>\n            <\/svg> <\/a>\n<h2 class=\"wp-block-heading\">Saknar ekonomiska drivkrafter<\/h2>\n\n\n\n<p>F\u00f6retag som rekryterar medarbetare utomlands g\u00f6r det av tv\u00e5 sk\u00e4l; f\u00f6r att de s\u00f6ker nyckelkompetens som det inte finns tillr\u00e4ckligt av i Sverige eller f\u00f6r att de som saknar arbete inte vill ta de jobb som erbjuds. <\/p>\n\n\n\n<p>I dag saknar tiotusentals m\u00e4nniskor ekonomiska drivkrafter att g\u00e5 fr\u00e5n bidrag till jobb. En familj d\u00e4r b\u00e5da \u00e4r l\u00e5ngvarigt bidragsberoende tj\u00e4nar endast 200 kronor i m\u00e5naden efter skatt om en av dem b\u00f6rjar arbeta. Fler bristyrkesutbildningar och en bidragsreform som g\u00f6r det l\u00f6nsammare att arbeta \u00e4r b\u00e4ttre \u00e5tg\u00e4rder f\u00f6r att minska arbetsl\u00f6sheten.<\/p>\n\n\n<a class='Share__link Share__link--url copy-text' href='#' rel='nofollow' data-text='bryt-sekretessen-mellan-myndigheter' title='Dela url' data-confirmation='L\u00e4nken kopierades till urklipp'><svg class='icon icon--link'  width='18' height='18' viewBox='0 0 18 18' fill='none' xmlns='http:\/\/www.w3.org\/2000\/svg'>\n            <path d='M10.4142 0.514721L6.87868 4.05025L8.29289 5.46447L11.1213 2.63604L15.364 6.87868L12.5355 9.70711L13.9497 11.1213L17.4853 7.58579C17.8763 7.19476 17.8763 6.5626 17.4853 6.17158L11.8284 0.514721C11.4374 0.123691 10.8052 0.123691 10.4142 0.514721Z' fill='black'\/>\n            <path d='M9.7071 12.5355L6.87868 15.364L2.63604 11.1213L5.46446 8.2929L4.05025 6.87868L0.514716 10.4142C0.123686 10.8052 0.123686 11.4374 0.514716 11.8284L6.17157 17.4853C6.5626 17.8763 7.19475 17.8763 7.58578 17.4853L11.1213 13.9497L9.7071 12.5355Z' fill='black'\/>\n            <path d='M6.17157 11.8284C6.5626 12.2195 7.19475 12.2195 7.58578 11.8284L11.8284 7.58579C12.2195 7.19476 12.2195 6.56261 11.8284 6.17158C11.4374 5.78055 10.8052 5.78055 10.4142 6.17158L6.17157 10.4142C5.78054 10.8052 5.78054 11.4374 6.17157 11.8284Z' fill='black'\/>\n            <\/svg> <\/a>\n<h2 class=\"wp-block-heading\">Bryt sekretessen mellan myndigheter<\/h2>\n\n\n\n<p>Regeringen motiverar ocks\u00e5 \u00e5tstramningarna med att det f\u00f6rekommer missbruk med arbetstillst\u00e5nd. Det \u00e4r sant men ett krav p\u00e5 en h\u00f6gre l\u00f6n p\u00e5 anst\u00e4llningskontraktet kommer tyv\u00e4rr inte att \u00e4ndra p\u00e5 det. Det vanligaste fusket \u00e4r att f\u00f6retag inte betalar ut den l\u00f6n som st\u00e5r p\u00e5 kontraktet. Sekretessen mellan myndigheter m\u00e5ste brytas och Migrations\u00adverket, Polisen och Skatteverket m\u00e5ste utf\u00f6ra fler kontroller f\u00f6r att hitta och bestraffa de f\u00f6retag som fuskar.<\/p>\n\n\n\n<p>Regeringen beh\u00f6ver&nbsp;genomf\u00f6ra l\u00e5ngsiktiga reformer som st\u00e4rker den svenska tillv\u00e4xten och syssels\u00e4ttningen. Anst\u00e4llningsbesluten b\u00f6r man d\u00e4remot l\u00e4mna \u00e5t de som sk\u00f6ter det b\u00e4st, f\u00f6retagen sj\u00e4lva och avst\u00e5 fr\u00e5n att forts\u00e4tta f\u00f6rs\u00e4mra m\u00f6jligheterna till arbetskraftsinvandring.<\/p>\n\n\n\n<p><strong>Fredrik \u00d6stbom, <\/strong>n\u00e4ringspolitisk chef,  Almega<\/p>\n\n\n\n<p><strong>Patrick Joyce, <\/strong>chefekonom, Almega<\/p>\n","protected":false},"excerpt":{"rendered":"<p>Debattartikeln publicerades hos V\u00e4sterbotten-Kuriren 20\/2 2024 Det f\u00f6ds allt&nbsp;f\u00e4rre barn i Sverige samtidigt som vi blir allt \u00e4ldre. Behovet av arbetskraft i industri och tj\u00e4nstesektor p\u00e5 grund av den gr\u00f6na omst\u00e4llningen och i v\u00e4lf\u00e4rdssektorn p\u00e5 &hellip;<\/p>\n","protected":false},"author":16543,"featured_media":71885,"comment_status":"closed","ping_status":"closed","sticky":false,"template":"","format":"standard","meta":{"_acf_changed":false,"footnotes":""},"categories":[419],"tags":[],"article_type":[49,56],"agreement":[],"class_list":["post-71856","post","type-post","status-publish","format-standard","has-post-thumbnail","hentry","category-kompetensforsorjning","type-debattartiklar","type-nyheter"],"acf":[],"yoast_head":"<!-- This site is optimized with the Yoast SEO Premium plugin v26.8 (Yoast SEO v26.8) - https:\/\/yoast.com\/product\/yoast-seo-premium-wordpress\/ -->\n<title>Almega i VK: F\u00f6rsv\u00e5ra inte f\u00f6r arbetskraftsinvandring | Almega<\/title>\n<meta name=\"robots\" content=\"index, follow, max-snippet:-1, max-image-preview:large, max-video-preview:-1\" \/>\n<link rel=\"canonical\" href=\"https:\/\/www.almega.se\/2024\/02\/debatt-forsvara-inte-for-arbetskraftsinvandring\/\" \/>\n<meta property=\"og:locale\" content=\"sv_SE\" \/>\n<meta property=\"og:type\" content=\"article\" \/>\n<meta property=\"og:title\" content=\"Almega i VK: F\u00f6rsv\u00e5ra inte f\u00f6r arbetskraftsinvandring\" \/>\n<meta property=\"og:description\" content=\"Debattartikeln publicerades hos V\u00e4sterbotten-Kuriren 20\/2 2024 Det f\u00f6ds allt&nbsp;f\u00e4rre barn i Sverige samtidigt som vi blir allt \u00e4ldre. Behovet av arbetskraft i industri och tj\u00e4nstesektor p\u00e5 grund av den gr\u00f6na omst\u00e4llningen och i v\u00e4lf\u00e4rdssektorn p\u00e5 &hellip;\" \/>\n<meta property=\"og:url\" content=\"https:\/\/www.almega.se\/2024\/02\/debatt-forsvara-inte-for-arbetskraftsinvandring\/\" \/>\n<meta property=\"og:site_name\" content=\"Almega\" \/>\n<meta property=\"article:published_time\" content=\"2024-02-21T07:31:35+00:00\" \/>\n<meta property=\"article:modified_time\" content=\"2024-02-21T12:36:23+00:00\" \/>\n<meta property=\"og:image\" content=\"https:\/\/www.almega.se\/app\/uploads\/2024\/02\/vk2-.png\" \/>\n\t<meta property=\"og:image:width\" content=\"940\" \/>\n\t<meta property=\"og:image:height\" content=\"788\" \/>\n\t<meta property=\"og:image:type\" content=\"image\/png\" \/>\n<meta name=\"author\" content=\"R\u00e9ka Tolnai\" \/>\n<meta name=\"twitter:card\" content=\"summary_large_image\" \/>\n<meta name=\"twitter:label1\" content=\"Skriven av\" \/>\n\t<meta name=\"twitter:data1\" content=\"R\u00e9ka Tolnai\" \/>\n\t<meta name=\"twitter:label2\" content=\"Ber\u00e4knad l\u00e4stid\" \/>\n\t<meta name=\"twitter:data2\" content=\"3 minuter\" \/>\n<!-- \/ Yoast SEO Premium plugin. -->","yoast_head_json":{"title":"Almega i VK: F\u00f6rsv\u00e5ra inte f\u00f6r arbetskraftsinvandring | Almega","robots":{"index":"index","follow":"follow","max-snippet":"max-snippet:-1","max-image-preview":"max-image-preview:large","max-video-preview":"max-video-preview:-1"},"canonical":"https:\/\/www.almega.se\/2024\/02\/debatt-forsvara-inte-for-arbetskraftsinvandring\/","og_locale":"sv_SE","og_type":"article","og_title":"Almega i VK: F\u00f6rsv\u00e5ra inte f\u00f6r arbetskraftsinvandring","og_description":"Debattartikeln publicerades hos V\u00e4sterbotten-Kuriren 20\/2 2024 Det f\u00f6ds allt&nbsp;f\u00e4rre barn i Sverige samtidigt som vi blir allt \u00e4ldre. Behovet av arbetskraft i industri och tj\u00e4nstesektor p\u00e5 grund av den gr\u00f6na omst\u00e4llningen och i v\u00e4lf\u00e4rdssektorn p\u00e5 &hellip;","og_url":"https:\/\/www.almega.se\/2024\/02\/debatt-forsvara-inte-for-arbetskraftsinvandring\/","og_site_name":"Almega","article_published_time":"2024-02-21T07:31:35+00:00","article_modified_time":"2024-02-21T12:36:23+00:00","og_image":[{"width":940,"height":788,"url":"https:\/\/www.almega.se\/app\/uploads\/2024\/02\/vk2-.png","type":"image\/png"}],"author":"R\u00e9ka Tolnai","twitter_card":"summary_large_image","twitter_misc":{"Skriven av":"R\u00e9ka Tolnai","Ber\u00e4knad l\u00e4stid":"3 minuter"},"schema":{"@context":"https:\/\/schema.org","@graph":[{"@type":"NewsArticle","@id":"https:\/\/www.almega.se\/2024\/02\/debatt-forsvara-inte-for-arbetskraftsinvandring\/#article","isPartOf":{"@id":"https:\/\/www.almega.se\/2024\/02\/debatt-forsvara-inte-for-arbetskraftsinvandring\/"},"author":{"name":"R\u00e9ka Tolnai","@id":"https:\/\/www.almega.se\/#\/schema\/person\/e54aa110880538cf5ceac0ac54bbecf7"},"headline":"Almega i VK: F\u00f6rsv\u00e5ra inte f\u00f6r arbetskrafts&shy;invandring","datePublished":"2024-02-21T07:31:35+00:00","dateModified":"2024-02-21T12:36:23+00:00","mainEntityOfPage":{"@id":"https:\/\/www.almega.se\/2024\/02\/debatt-forsvara-inte-for-arbetskraftsinvandring\/"},"wordCount":731,"image":{"@id":"https:\/\/www.almega.se\/2024\/02\/debatt-forsvara-inte-for-arbetskraftsinvandring\/#primaryimage"},"thumbnailUrl":"https:\/\/www.almega.se\/app\/uploads\/2024\/02\/vk2-.png","articleSection":["Kompetensf\u00f6rs\u00f6rjning"],"inLanguage":"sv-SE"},{"@type":"WebPage","@id":"https:\/\/www.almega.se\/2024\/02\/debatt-forsvara-inte-for-arbetskraftsinvandring\/","url":"https:\/\/www.almega.se\/2024\/02\/debatt-forsvara-inte-for-arbetskraftsinvandring\/","name":"Almega i VK: F\u00f6rsv\u00e5ra inte f\u00f6r arbetskraftsinvandring | Almega","isPartOf":{"@id":"https:\/\/www.almega.se\/#website"},"primaryImageOfPage":{"@id":"https:\/\/www.almega.se\/2024\/02\/debatt-forsvara-inte-for-arbetskraftsinvandring\/#primaryimage"},"image":{"@id":"https:\/\/www.almega.se\/2024\/02\/debatt-forsvara-inte-for-arbetskraftsinvandring\/#primaryimage"},"thumbnailUrl":"https:\/\/www.almega.se\/app\/uploads\/2024\/02\/vk2-.png","datePublished":"2024-02-21T07:31:35+00:00","dateModified":"2024-02-21T12:36:23+00:00","author":{"@id":"https:\/\/www.almega.se\/#\/schema\/person\/e54aa110880538cf5ceac0ac54bbecf7"},"breadcrumb":{"@id":"https:\/\/www.almega.se\/2024\/02\/debatt-forsvara-inte-for-arbetskraftsinvandring\/#breadcrumb"},"inLanguage":"sv-SE","potentialAction":[{"@type":"ReadAction","target":["https:\/\/www.almega.se\/2024\/02\/debatt-forsvara-inte-for-arbetskraftsinvandring\/"]}]},{"@type":"ImageObject","inLanguage":"sv-SE","@id":"https:\/\/www.almega.se\/2024\/02\/debatt-forsvara-inte-for-arbetskraftsinvandring\/#primaryimage","url":"https:\/\/www.almega.se\/app\/uploads\/2024\/02\/vk2-.png","contentUrl":"https:\/\/www.almega.se\/app\/uploads\/2024\/02\/vk2-.png","width":940,"height":788,"caption":"Fredrik \u00d6stbom och Patrick Joyce, Almega"},{"@type":"BreadcrumbList","@id":"https:\/\/www.almega.se\/2024\/02\/debatt-forsvara-inte-for-arbetskraftsinvandring\/#breadcrumb","itemListElement":[{"@type":"ListItem","position":1,"name":"Home","item":"https:\/\/www.almega.se\/"},{"@type":"ListItem","position":2,"name":"Almega i VK: F\u00f6rsv\u00e5ra inte f\u00f6r arbetskrafts&shy;invandring"}]},{"@type":"WebSite","@id":"https:\/\/www.almega.se\/#website","url":"https:\/\/www.almega.se\/","name":"Almega","description":"","potentialAction":[{"@type":"SearchAction","target":{"@type":"EntryPoint","urlTemplate":"https:\/\/www.almega.se\/?s={search_term_string}"},"query-input":{"@type":"PropertyValueSpecification","valueRequired":true,"valueName":"search_term_string"}}],"inLanguage":"sv-SE"},{"@type":"Person","@id":"https:\/\/www.almega.se\/#\/schema\/person\/e54aa110880538cf5ceac0ac54bbecf7","name":"R\u00e9ka Tolnai","image":{"@type":"ImageObject","inLanguage":"sv-SE","@id":"https:\/\/www.almega.se\/#\/schema\/person\/image\/","url":"https:\/\/secure.gravatar.com\/avatar\/c722d4a4ee787603df9df499a683d681bd2c463bde248da25aabc45883d614d2?s=96&d=mm&r=g","contentUrl":"https:\/\/secure.gravatar.com\/avatar\/c722d4a4ee787603df9df499a683d681bd2c463bde248da25aabc45883d614d2?s=96&d=mm&r=g","caption":"R\u00e9ka Tolnai"},"url":"https:\/\/www.almega.se\/person\/rekatolnai\/"}]}},"_links":{"self":[{"href":"https:\/\/www.almega.se\/api\/wp\/v2\/posts\/71856","targetHints":{"allow":["GET"]}}],"collection":[{"href":"https:\/\/www.almega.se\/api\/wp\/v2\/posts"}],"about":[{"href":"https:\/\/www.almega.se\/api\/wp\/v2\/types\/post"}],"author":[{"embeddable":true,"href":"https:\/\/www.almega.se\/api\/wp\/v2\/users\/16543"}],"replies":[{"embeddable":true,"href":"https:\/\/www.almega.se\/api\/wp\/v2\/comments?post=71856"}],"version-history":[{"count":9,"href":"https:\/\/www.almega.se\/api\/wp\/v2\/posts\/71856\/revisions"}],"predecessor-version":[{"id":71868,"href":"https:\/\/www.almega.se\/api\/wp\/v2\/posts\/71856\/revisions\/71868"}],"wp:featuredmedia":[{"embeddable":true,"href":"https:\/\/www.almega.se\/api\/wp\/v2\/media\/71885"}],"wp:attachment":[{"href":"https:\/\/www.almega.se\/api\/wp\/v2\/media?parent=71856"}],"wp:term":[{"taxonomy":"category","embeddable":true,"href":"https:\/\/www.almega.se\/api\/wp\/v2\/categories?post=71856"},{"taxonomy":"post_tag","embeddable":true,"href":"https:\/\/www.almega.se\/api\/wp\/v2\/tags?post=71856"},{"taxonomy":"type","embeddable":true,"href":"https:\/\/www.almega.se\/api\/wp\/v2\/article_type?post=71856"},{"taxonomy":"agreement","embeddable":true,"href":"https:\/\/www.almega.se\/api\/wp\/v2\/agreement?post=71856"}],"curies":[{"name":"wp","href":"https:\/\/api.w.org\/{rel}","templated":true}]}}