{"id":71740,"date":"2024-02-15T14:41:02","date_gmt":"2024-02-15T13:41:02","guid":{"rendered":"https:\/\/www.almega.se\/?p=71740"},"modified":"2024-02-16T14:26:16","modified_gmt":"2024-02-16T13:26:16","slug":"utredningen-om-arbetskraftsinvandring-missar-malet","status":"publish","type":"post","link":"https:\/\/www.almega.se\/2024\/02\/utredningen-om-arbetskraftsinvandring-missar-malet\/","title":{"rendered":"Utredningen om arbetskrafts&shy;invandring missar m\u00e5let"},"content":{"rendered":"<p class=\"intro\">Ytterligare \u00e5tstramningar av m\u00f6jligheten f\u00f6r personer att komma till Sverige f\u00f6r att arbeta \u00e4r inte vad svensk arbetsmarknad beh\u00f6ver, anser tj\u00e4nstef\u00f6retagens organisation Almega.<\/p>\n\n<p>Utredningen om en behovspr\u00f6vad arbetskraftsinvandring presenterade sina f\u00f6rslag i dag. Som v\u00e4ntat f\u00f6resl\u00e5r utredningen flera omfattande \u00e5tstramningar av reglerna f\u00f6r arbetstillst\u00e5nd och n\u00e5gra mindre f\u00f6renklingar.<\/p>\n\n\n\n<p>Det mest omfattande f\u00f6rslaget var v\u00e4ntat och inneb\u00e4r att inkomstgolvet f\u00f6r arbetstillst\u00e5nd h\u00f6js till 34 200 kronor \u2013 motsvarande 100 procent av medianl\u00f6nen. Yrken med brist p\u00e5 arbetskraft kan undantas fr\u00e5n inkomstgolvet.<\/p>\n\n\n<a class='Share__link Share__link--url copy-text' href='#' rel='nofollow' data-text='i-praktiken-stopp-till-de-flesta-yrken' title='Dela url' data-confirmation='L\u00e4nken kopierades till urklipp'><svg class='icon icon--link'  width='18' height='18' viewBox='0 0 18 18' fill='none' xmlns='http:\/\/www.w3.org\/2000\/svg'>\n            <path d='M10.4142 0.514721L6.87868 4.05025L8.29289 5.46447L11.1213 2.63604L15.364 6.87868L12.5355 9.70711L13.9497 11.1213L17.4853 7.58579C17.8763 7.19476 17.8763 6.5626 17.4853 6.17158L11.8284 0.514721C11.4374 0.123691 10.8052 0.123691 10.4142 0.514721Z' fill='black'\/>\n            <path d='M9.7071 12.5355L6.87868 15.364L2.63604 11.1213L5.46446 8.2929L4.05025 6.87868L0.514716 10.4142C0.123686 10.8052 0.123686 11.4374 0.514716 11.8284L6.17157 17.4853C6.5626 17.8763 7.19475 17.8763 7.58578 17.4853L11.1213 13.9497L9.7071 12.5355Z' fill='black'\/>\n            <path d='M6.17157 11.8284C6.5626 12.2195 7.19475 12.2195 7.58578 11.8284L11.8284 7.58579C12.2195 7.19476 12.2195 6.56261 11.8284 6.17158C11.4374 5.78055 10.8052 5.78055 10.4142 6.17158L6.17157 10.4142C5.78054 10.8052 5.78054 11.4374 6.17157 11.8284Z' fill='black'\/>\n            <\/svg> <\/a>\n<h2 class=\"wp-block-heading\">I praktiken stopp till de flesta yrken<\/h2>\n\n\n\n<p>\u2013 H\u00f6jningen av l\u00f6negolvet inneb\u00e4r att n\u00e4stan h\u00e4lften av dagens arbetstillst\u00e5nd kommer att dras in n\u00e4r de l\u00f6per ut. I praktiken blir det stopp f\u00f6r arbetskraftsinvandring till de flesta yrken utom de mest kvalificerade. Yngre ingenj\u00f6rer och tekniker riskerar att bli stoppade, s\u00e4ger Patrick Joyce, chefekonom p\u00e5 Almega, och forts\u00e4tter:<\/p>\n\n\n\n<p>\u2013 M\u00f6jligheten till undantag mildrar skadan en aning men inneb\u00e4r att myndigheter och Regeringskansliet ska avg\u00f6ra vilka yrken och branscher som ska omfattas, i st\u00e4llet f\u00f6r de f\u00f6retag och offentliga arbetsgivare som faktiskt ska anst\u00e4lla till verksamheterna. Detta kommer att bli ett stort problem inte minst i norr, d\u00e4r det r\u00e5der brist p\u00e5 arbetskraft inom de flesta yrken.<\/p>\n\n\n\n<p>Utredningen f\u00f6resl\u00e5r att arbetstillst\u00e5nd inte ska beviljas till yrken d\u00e4r det avsl\u00f6jats omfattande missbruk av reglerna f\u00f6r arbetskraftsinvandring. I ett f\u00f6rsta steg f\u00f6resl\u00e5r den att personliga assistenter och b\u00e4rplockare utesluts fr\u00e5n m\u00f6jligheten till arbetstillst\u00e5nd.<\/p>\n\n\n\n<blockquote class=\"wp-block-quote is-layout-flow wp-block-quote-is-layout-flow\">\n<p>Fusk ska bek\u00e4mpas men d\u00e5 genom att kl\u00e4mma \u00e5t det f\u00e5tal f\u00f6retag som inte f\u00f6ljer reglerna, inte genom en kollektiv bestraffning av alla f\u00f6retag i en bransch.<\/p>\n<cite>Patrick Joyce<\/cite><\/blockquote>\n\n\n\n<p>Utredningen f\u00f6resl\u00e5r ocks\u00e5 att sp\u00e5rbytesreglerna som ger asyls\u00f6kande utan tillr\u00e4ckliga sk\u00e4l f\u00f6r uppeh\u00e5llstillst\u00e5nd m\u00f6jlighet att stanna som arbetskraftsinvandrare tas bort.<\/p>\n\n\n\n<p>\u2013 Det \u00e4r bra. Sp\u00e5rbytare \u00e4r i en utsatt situation och har kunnat utnyttjas av oseri\u00f6sa arbetsgivare. Om sp\u00e5rbytet tas bort kommer sannolikt en stor del av missbruket att f\u00f6rsvinna, s\u00e4ger Patrick Joyce.<\/p>\n\n\n<a class='Share__link Share__link--url copy-text' href='#' rel='nofollow' data-text='valkomna-men-otillrackliga-lattnader' title='Dela url' data-confirmation='L\u00e4nken kopierades till urklipp'><svg class='icon icon--link'  width='18' height='18' viewBox='0 0 18 18' fill='none' xmlns='http:\/\/www.w3.org\/2000\/svg'>\n            <path d='M10.4142 0.514721L6.87868 4.05025L8.29289 5.46447L11.1213 2.63604L15.364 6.87868L12.5355 9.70711L13.9497 11.1213L17.4853 7.58579C17.8763 7.19476 17.8763 6.5626 17.4853 6.17158L11.8284 0.514721C11.4374 0.123691 10.8052 0.123691 10.4142 0.514721Z' fill='black'\/>\n            <path d='M9.7071 12.5355L6.87868 15.364L2.63604 11.1213L5.46446 8.2929L4.05025 6.87868L0.514716 10.4142C0.123686 10.8052 0.123686 11.4374 0.514716 11.8284L6.17157 17.4853C6.5626 17.8763 7.19475 17.8763 7.58578 17.4853L11.1213 13.9497L9.7071 12.5355Z' fill='black'\/>\n            <path d='M6.17157 11.8284C6.5626 12.2195 7.19475 12.2195 7.58578 11.8284L11.8284 7.58579C12.2195 7.19476 12.2195 6.56261 11.8284 6.17158C11.4374 5.78055 10.8052 5.78055 10.4142 6.17158L6.17157 10.4142C5.78054 10.8052 5.78054 11.4374 6.17157 11.8284Z' fill='black'\/>\n            <\/svg> <\/a>\n<h2 class=\"wp-block-heading\">V\u00e4lkomna men otillr\u00e4ckliga l\u00e4ttnader<\/h2>\n\n\n\n<p>Utredningen skulle ocks\u00e5 f\u00f6resl\u00e5 \u00e5tg\u00e4rder f\u00f6r att fr\u00e4mja den kvalificerade arbetskrafts\u00adinvandringen som blir allt viktigare. Utredningen l\u00e4gger ett par mindre f\u00f6rslag som ska underl\u00e4tta f\u00f6r forskare och personer inom vissa legitimationsyrken inom v\u00e5rden att f\u00e5 arbetstillst\u00e5nd.<\/p>\n\n\n\n<p>\u2013 De l\u00e4ttnader som utredningen f\u00f6resl\u00e5r \u00e4r v\u00e4lkomna men otillr\u00e4ckliga. De kommer inte r\u00e4cka f\u00f6r att locka hit alla de h\u00f6gkvalificerade experter som verkligen beh\u00f6vs p\u00e5 m\u00e5nga omr\u00e5den. F\u00f6r att detta ska ske m\u00e5ste handl\u00e4ggningstiderna f\u00f6r arbetstillst\u00e5nd kortas och mottagandet av anh\u00f6riga f\u00f6rb\u00e4ttras, s\u00e4ger Patrick Joyce.<\/p>\n","protected":false},"excerpt":{"rendered":"<p>Utredningen om en behovspr\u00f6vad arbetskraftsinvandring presenterade sina f\u00f6rslag i dag. Som v\u00e4ntat f\u00f6resl\u00e5r utredningen flera omfattande \u00e5tstramningar av reglerna f\u00f6r arbetstillst\u00e5nd och n\u00e5gra mindre f\u00f6renklingar. Det mest omfattande f\u00f6rslaget var v\u00e4ntat och inneb\u00e4r att inkomstgolvet &hellip;<\/p>\n","protected":false},"author":16543,"featured_media":69296,"comment_status":"closed","ping_status":"closed","sticky":false,"template":"","format":"standard","meta":{"_acf_changed":false,"footnotes":""},"categories":[419],"tags":[],"article_type":[56,93],"agreement":[],"class_list":["post-71740","post","type-post","status-publish","format-standard","has-post-thumbnail","hentry","category-kompetensforsorjning","type-nyheter","type-pressmeddelanden"],"acf":[],"yoast_head":"<!-- This site is optimized with the Yoast SEO Premium plugin v26.8 (Yoast SEO v26.8) - https:\/\/yoast.com\/product\/yoast-seo-premium-wordpress\/ -->\n<title>Utredningen om arbetskraftsinvandring missar m\u00e5let | Almega<\/title>\n<meta name=\"robots\" content=\"index, follow, max-snippet:-1, max-image-preview:large, max-video-preview:-1\" \/>\n<link rel=\"canonical\" href=\"https:\/\/www.almega.se\/2024\/02\/utredningen-om-arbetskraftsinvandring-missar-malet\/\" \/>\n<meta property=\"og:locale\" content=\"sv_SE\" \/>\n<meta property=\"og:type\" content=\"article\" \/>\n<meta property=\"og:title\" content=\"Utredningen om arbetskraftsinvandring missar m\u00e5let\" \/>\n<meta property=\"og:description\" content=\"Utredningen om en behovspr\u00f6vad arbetskraftsinvandring presenterade sina f\u00f6rslag i dag. Som v\u00e4ntat f\u00f6resl\u00e5r utredningen flera omfattande \u00e5tstramningar av reglerna f\u00f6r arbetstillst\u00e5nd och n\u00e5gra mindre f\u00f6renklingar. Det mest omfattande f\u00f6rslaget var v\u00e4ntat och inneb\u00e4r att inkomstgolvet &hellip;\" \/>\n<meta property=\"og:url\" content=\"https:\/\/www.almega.se\/2024\/02\/utredningen-om-arbetskraftsinvandring-missar-malet\/\" \/>\n<meta property=\"og:site_name\" content=\"Almega\" \/>\n<meta property=\"article:published_time\" content=\"2024-02-15T13:41:02+00:00\" \/>\n<meta property=\"article:modified_time\" content=\"2024-02-16T13:26:16+00:00\" \/>\n<meta property=\"og:image\" content=\"https:\/\/www.almega.se\/app\/uploads\/2023\/12\/76be0dbb-81d8-48d7-938e-a5c83317c5f9-scaled.jpg\" \/>\n\t<meta property=\"og:image:width\" content=\"2560\" \/>\n\t<meta property=\"og:image:height\" content=\"1603\" \/>\n\t<meta property=\"og:image:type\" content=\"image\/jpeg\" \/>\n<meta name=\"author\" content=\"R\u00e9ka Tolnai\" \/>\n<meta name=\"twitter:card\" content=\"summary_large_image\" \/>\n<meta name=\"twitter:label1\" content=\"Skriven av\" \/>\n\t<meta name=\"twitter:data1\" content=\"R\u00e9ka Tolnai\" \/>\n\t<meta name=\"twitter:label2\" content=\"Ber\u00e4knad l\u00e4stid\" \/>\n\t<meta name=\"twitter:data2\" content=\"2 minuter\" \/>\n<!-- \/ Yoast SEO Premium plugin. -->","yoast_head_json":{"title":"Utredningen om arbetskraftsinvandring missar m\u00e5let | Almega","robots":{"index":"index","follow":"follow","max-snippet":"max-snippet:-1","max-image-preview":"max-image-preview:large","max-video-preview":"max-video-preview:-1"},"canonical":"https:\/\/www.almega.se\/2024\/02\/utredningen-om-arbetskraftsinvandring-missar-malet\/","og_locale":"sv_SE","og_type":"article","og_title":"Utredningen om arbetskraftsinvandring missar m\u00e5let","og_description":"Utredningen om en behovspr\u00f6vad arbetskraftsinvandring presenterade sina f\u00f6rslag i dag. Som v\u00e4ntat f\u00f6resl\u00e5r utredningen flera omfattande \u00e5tstramningar av reglerna f\u00f6r arbetstillst\u00e5nd och n\u00e5gra mindre f\u00f6renklingar. Det mest omfattande f\u00f6rslaget var v\u00e4ntat och inneb\u00e4r att inkomstgolvet &hellip;","og_url":"https:\/\/www.almega.se\/2024\/02\/utredningen-om-arbetskraftsinvandring-missar-malet\/","og_site_name":"Almega","article_published_time":"2024-02-15T13:41:02+00:00","article_modified_time":"2024-02-16T13:26:16+00:00","og_image":[{"width":2560,"height":1603,"url":"https:\/\/www.almega.se\/app\/uploads\/2023\/12\/76be0dbb-81d8-48d7-938e-a5c83317c5f9-scaled.jpg","type":"image\/jpeg"}],"author":"R\u00e9ka Tolnai","twitter_card":"summary_large_image","twitter_misc":{"Skriven av":"R\u00e9ka Tolnai","Ber\u00e4knad l\u00e4stid":"2 minuter"},"schema":{"@context":"https:\/\/schema.org","@graph":[{"@type":"NewsArticle","@id":"https:\/\/www.almega.se\/2024\/02\/utredningen-om-arbetskraftsinvandring-missar-malet\/#article","isPartOf":{"@id":"https:\/\/www.almega.se\/2024\/02\/utredningen-om-arbetskraftsinvandring-missar-malet\/"},"author":{"name":"R\u00e9ka Tolnai","@id":"https:\/\/www.almega.se\/#\/schema\/person\/e54aa110880538cf5ceac0ac54bbecf7"},"headline":"Utredningen om arbetskrafts&shy;invandring missar m\u00e5let","datePublished":"2024-02-15T13:41:02+00:00","dateModified":"2024-02-16T13:26:16+00:00","mainEntityOfPage":{"@id":"https:\/\/www.almega.se\/2024\/02\/utredningen-om-arbetskraftsinvandring-missar-malet\/"},"wordCount":478,"image":{"@id":"https:\/\/www.almega.se\/2024\/02\/utredningen-om-arbetskraftsinvandring-missar-malet\/#primaryimage"},"thumbnailUrl":"https:\/\/www.almega.se\/app\/uploads\/2023\/12\/76be0dbb-81d8-48d7-938e-a5c83317c5f9-scaled.jpg","articleSection":["Kompetensf\u00f6rs\u00f6rjning"],"inLanguage":"sv-SE"},{"@type":"WebPage","@id":"https:\/\/www.almega.se\/2024\/02\/utredningen-om-arbetskraftsinvandring-missar-malet\/","url":"https:\/\/www.almega.se\/2024\/02\/utredningen-om-arbetskraftsinvandring-missar-malet\/","name":"Utredningen om arbetskraftsinvandring missar m\u00e5let | Almega","isPartOf":{"@id":"https:\/\/www.almega.se\/#website"},"primaryImageOfPage":{"@id":"https:\/\/www.almega.se\/2024\/02\/utredningen-om-arbetskraftsinvandring-missar-malet\/#primaryimage"},"image":{"@id":"https:\/\/www.almega.se\/2024\/02\/utredningen-om-arbetskraftsinvandring-missar-malet\/#primaryimage"},"thumbnailUrl":"https:\/\/www.almega.se\/app\/uploads\/2023\/12\/76be0dbb-81d8-48d7-938e-a5c83317c5f9-scaled.jpg","datePublished":"2024-02-15T13:41:02+00:00","dateModified":"2024-02-16T13:26:16+00:00","author":{"@id":"https:\/\/www.almega.se\/#\/schema\/person\/e54aa110880538cf5ceac0ac54bbecf7"},"breadcrumb":{"@id":"https:\/\/www.almega.se\/2024\/02\/utredningen-om-arbetskraftsinvandring-missar-malet\/#breadcrumb"},"inLanguage":"sv-SE","potentialAction":[{"@type":"ReadAction","target":["https:\/\/www.almega.se\/2024\/02\/utredningen-om-arbetskraftsinvandring-missar-malet\/"]}]},{"@type":"ImageObject","inLanguage":"sv-SE","@id":"https:\/\/www.almega.se\/2024\/02\/utredningen-om-arbetskraftsinvandring-missar-malet\/#primaryimage","url":"https:\/\/www.almega.se\/app\/uploads\/2023\/12\/76be0dbb-81d8-48d7-938e-a5c83317c5f9-scaled.jpg","contentUrl":"https:\/\/www.almega.se\/app\/uploads\/2023\/12\/76be0dbb-81d8-48d7-938e-a5c83317c5f9-scaled.jpg","width":2560,"height":1603,"caption":"Patrick Joyce, chefekonom p\u00e5 Almega"},{"@type":"BreadcrumbList","@id":"https:\/\/www.almega.se\/2024\/02\/utredningen-om-arbetskraftsinvandring-missar-malet\/#breadcrumb","itemListElement":[{"@type":"ListItem","position":1,"name":"Home","item":"https:\/\/www.almega.se\/"},{"@type":"ListItem","position":2,"name":"Utredningen om arbetskrafts&shy;invandring missar m\u00e5let"}]},{"@type":"WebSite","@id":"https:\/\/www.almega.se\/#website","url":"https:\/\/www.almega.se\/","name":"Almega","description":"","potentialAction":[{"@type":"SearchAction","target":{"@type":"EntryPoint","urlTemplate":"https:\/\/www.almega.se\/?s={search_term_string}"},"query-input":{"@type":"PropertyValueSpecification","valueRequired":true,"valueName":"search_term_string"}}],"inLanguage":"sv-SE"},{"@type":"Person","@id":"https:\/\/www.almega.se\/#\/schema\/person\/e54aa110880538cf5ceac0ac54bbecf7","name":"R\u00e9ka Tolnai","image":{"@type":"ImageObject","inLanguage":"sv-SE","@id":"https:\/\/www.almega.se\/#\/schema\/person\/image\/","url":"https:\/\/secure.gravatar.com\/avatar\/c722d4a4ee787603df9df499a683d681bd2c463bde248da25aabc45883d614d2?s=96&d=mm&r=g","contentUrl":"https:\/\/secure.gravatar.com\/avatar\/c722d4a4ee787603df9df499a683d681bd2c463bde248da25aabc45883d614d2?s=96&d=mm&r=g","caption":"R\u00e9ka Tolnai"},"url":"https:\/\/www.almega.se\/person\/rekatolnai\/"}]}},"_links":{"self":[{"href":"https:\/\/www.almega.se\/api\/wp\/v2\/posts\/71740","targetHints":{"allow":["GET"]}}],"collection":[{"href":"https:\/\/www.almega.se\/api\/wp\/v2\/posts"}],"about":[{"href":"https:\/\/www.almega.se\/api\/wp\/v2\/types\/post"}],"author":[{"embeddable":true,"href":"https:\/\/www.almega.se\/api\/wp\/v2\/users\/16543"}],"replies":[{"embeddable":true,"href":"https:\/\/www.almega.se\/api\/wp\/v2\/comments?post=71740"}],"version-history":[{"count":5,"href":"https:\/\/www.almega.se\/api\/wp\/v2\/posts\/71740\/revisions"}],"predecessor-version":[{"id":71758,"href":"https:\/\/www.almega.se\/api\/wp\/v2\/posts\/71740\/revisions\/71758"}],"wp:featuredmedia":[{"embeddable":true,"href":"https:\/\/www.almega.se\/api\/wp\/v2\/media\/69296"}],"wp:attachment":[{"href":"https:\/\/www.almega.se\/api\/wp\/v2\/media?parent=71740"}],"wp:term":[{"taxonomy":"category","embeddable":true,"href":"https:\/\/www.almega.se\/api\/wp\/v2\/categories?post=71740"},{"taxonomy":"post_tag","embeddable":true,"href":"https:\/\/www.almega.se\/api\/wp\/v2\/tags?post=71740"},{"taxonomy":"type","embeddable":true,"href":"https:\/\/www.almega.se\/api\/wp\/v2\/article_type?post=71740"},{"taxonomy":"agreement","embeddable":true,"href":"https:\/\/www.almega.se\/api\/wp\/v2\/agreement?post=71740"}],"curies":[{"name":"wp","href":"https:\/\/api.w.org\/{rel}","templated":true}]}}