{"id":7158,"date":"2013-11-06T09:00:00","date_gmt":"2013-11-06T09:00:00","guid":{"rendered":"http:\/\/almega-bento\/wp\/blog\/2013\/11\/06\/inbjudan-till-loneseminiarum-journalistavtalen\/"},"modified":"2013-11-06T09:00:00","modified_gmt":"2013-11-06T09:00:00","slug":"inbjudan-till-loneseminiarum-journalistavtalen","status":"publish","type":"post","link":"https:\/\/www.almega.se\/2013\/11\/inbjudan-till-loneseminiarum-journalistavtalen\/","title":{"rendered":"Inbjudan till l\u00f6neseminiarum &#8211; Journalist&shy;avtalen"},"content":{"rendered":"\n<p class=\"intro\">V\u00e4lkommen till Medief\u00f6retagens seminarium om l\u00f6neavtalen med Journalistf\u00f6rbundet. Parterna rekommenderar nu en l\u00f6neprocess, som inneb\u00e4r att arbetsgivaren har \u00f6kat ansvar och m\u00f6jligheter att anv\u00e4nda l\u00f6nen som ekonomiskt styrmedel. Mot bakgrund av detta inbjuder vi till ett arbetsgivarinternt seminarium. <\/p>\n<p>Att s&auml;tta r&auml;tt l&ouml;n p&aring; sina medarbetare &auml;r en av de viktigaste uppgifterna som en arbetsgivare har. Det &auml;r dessutom en investering som ett f&ouml;retag g&ouml;r f&ouml;r att &ouml;ka l&ouml;nsamheten. L&ouml;nen utg&ouml;r ett styrmedel f&ouml;r arbetsgivaren att uppn&aring; verksamhetens m&aring;l. F&ouml;r att skapa f&ouml;rst&aring;else f&ouml;r l&ouml;nebildningen utg&ouml;r f&ouml;rankringsarbetet av f&ouml;retagets l&ouml;nepolicy och l&ouml;nes&auml;ttningskriterier en f&ouml;ruts&auml;ttning.<\/p>\n<p>I &aring;rets avtalsr&ouml;relse fick arbetsgivarsidan ett genombrott genom en decentraliserad l&ouml;neprocess. L&ouml;nen ska s&auml;ttas av f&ouml;retaget och s&aring; n&auml;ra medarbetaren som m&ouml;jligt och inte av centrala parter. Den rekommenderade l&ouml;neprocessen utg&ouml;r ett viktigt verktyg f&ouml;r att uppn&aring; l&ouml;neavtalets potential.<\/p>\n<p>Under seminariet redovisas rekommendationen och l&ouml;neprocessens olika steg. Seminariet ska ocks&aring; belysa sambanden mellan de olika akt&ouml;rernas funktioner och roller. Syftet &auml;r att p&aring;b&ouml;rja arbetet inf&ouml;r l&ouml;nerevisionen 2014.<\/p>\n<h3>Till vem v&auml;nder sig seminarierna<\/h3>\n<p>Seminarierna v&auml;nder sig till personer i medlemsf&ouml;retagens ledningsgrupper, personalansvariga men ocks&aring; till l&ouml;nes&auml;ttande chefer.<\/p>\n<h3><strong>TID OCH PLATS<\/strong><\/h3>\n<p><strong>G&ouml;teborg <\/strong>den 18 november 2013 kl. 10:00 &ndash; 12:00 Sten Lycke<br \/>  Adress: Almega, S&ouml;dra Hamngatan 53<\/p>\n<p><strong>Stockholm <\/strong>den 18 november 2013 kl. 10.00 -12.00 Hans O Andersson och Louise Bjarnestam<br \/>  Adress: Almega, Sturegatan 11<\/p>\n<p><strong>Malm&ouml; <\/strong>den 19 november 2013 kl. 10-12 Hans O Andersson.<br \/>  Adress: Almega, J&ouml;rgen Kocksgatan 1B<\/p>\n<p><strong>V&auml;xj&ouml; <\/strong>den 19 november 2013 kl. 10-12 Sten Lycke<br \/>  Adress: Sm&aring;landsposten, Linn&eacute;gatan 2<\/p>\n<p><strong>Sundsvall <\/strong>den 22 november 2013 kl. 10-12, Hans O Andersson<br \/>  Adress: Sundsvalls Tidning, Badhusparken 1<\/p>\n<p><strong>&Ouml;rebro <\/strong>den 22 november 2013, kl. 10-12, Louise Bjarnestam<br \/>  Adress: Almega, K&ouml;pmangatan 23-25<\/p>\n<p><strong>Norrk&ouml;ping <\/strong>den 5 december 2013 kl. 10-12, Louise Bjarnestam<br \/>  Adress: Nya Tiders Media, Stohagsgatan 2<\/p>\n<p><strong>V&Auml;LKOMMEN!<\/strong><\/p>\n<\/p>\n","protected":false},"excerpt":{"rendered":"<p>V\u00e4lkommen till Medief\u00f6retagens seminarium om l\u00f6neavtalen med Journalistf\u00f6rbundet. Parterna rekommenderar nu en l\u00f6neprocess, som inneb\u00e4r att arbetsgivaren har \u00f6kat ansvar och m\u00f6jligheter att anv\u00e4nda l\u00f6nen som ekonomiskt styrmedel. Mot bakgrund av detta inbjuder vi till ett arbetsgivarinternt seminarium. <\/p>\n","protected":false},"author":1,"featured_media":0,"comment_status":"closed","ping_status":"open","sticky":false,"template":"","format":"standard","meta":{"_acf_changed":false,"footnotes":""},"categories":[1],"tags":[],"article_type":[313],"agreement":[135,139,193,222],"class_list":["post-7158","post","type-post","status-publish","format-standard","hentry","category-okategoriserade","type-arbetsgivarnytt","agreement-a0dd9b4d-7a56-de11-bdb9-02bf9e69ca65","agreement-22ce80f7-ff07-de11-b4e1-02bf9e69ca65","agreement-2b2479db-06a2-de11-b057-02bf9e69ca65","agreement-26ce80f7-ff07-de11-b4e1-02bf9e69ca65"],"acf":[],"yoast_head":"<!-- This site is optimized with the Yoast SEO Premium plugin v26.8 (Yoast SEO v26.8) - https:\/\/yoast.com\/product\/yoast-seo-premium-wordpress\/ -->\n<title>Inbjudan till l\u00f6neseminiarum - Journalistavtalen | Almega<\/title>\n<meta name=\"robots\" content=\"index, follow, max-snippet:-1, max-image-preview:large, max-video-preview:-1\" \/>\n<link rel=\"canonical\" href=\"https:\/\/www.almega.se\/2013\/11\/inbjudan-till-loneseminiarum-journalistavtalen\/\" \/>\n<meta property=\"og:locale\" content=\"sv_SE\" \/>\n<meta property=\"og:type\" content=\"article\" \/>\n<meta property=\"og:title\" content=\"Inbjudan till l\u00f6neseminiarum - Journalistavtalen\" \/>\n<meta property=\"og:description\" content=\"V\u00e4lkommen till Medief\u00f6retagens seminarium om l\u00f6neavtalen med Journalistf\u00f6rbundet. Parterna rekommenderar nu en l\u00f6neprocess, som inneb\u00e4r att arbetsgivaren har \u00f6kat ansvar och m\u00f6jligheter att anv\u00e4nda l\u00f6nen som ekonomiskt styrmedel. Mot bakgrund av detta inbjuder vi till ett arbetsgivarinternt seminarium.\" \/>\n<meta property=\"og:url\" content=\"https:\/\/www.almega.se\/2013\/11\/inbjudan-till-loneseminiarum-journalistavtalen\/\" \/>\n<meta property=\"og:site_name\" content=\"Almega\" \/>\n<meta property=\"article:published_time\" content=\"2013-11-06T09:00:00+00:00\" \/>\n<meta property=\"og:image\" content=\"https:\/\/www.almega.se\/app\/uploads\/2020\/12\/almega-share-logo.png\" \/>\n\t<meta property=\"og:image:width\" content=\"1200\" \/>\n\t<meta property=\"og:image:height\" content=\"630\" \/>\n\t<meta property=\"og:image:type\" content=\"image\/png\" \/>\n<meta name=\"author\" content=\"admin\" \/>\n<meta name=\"twitter:card\" content=\"summary_large_image\" \/>\n<meta name=\"twitter:label1\" content=\"Skriven av\" \/>\n\t<meta name=\"twitter:data1\" content=\"admin\" \/>\n\t<meta name=\"twitter:label2\" content=\"Ber\u00e4knad l\u00e4stid\" \/>\n\t<meta name=\"twitter:data2\" content=\"2 minuter\" \/>\n<!-- \/ Yoast SEO Premium plugin. -->","yoast_head_json":{"title":"Inbjudan till l\u00f6neseminiarum - Journalistavtalen | Almega","robots":{"index":"index","follow":"follow","max-snippet":"max-snippet:-1","max-image-preview":"max-image-preview:large","max-video-preview":"max-video-preview:-1"},"canonical":"https:\/\/www.almega.se\/2013\/11\/inbjudan-till-loneseminiarum-journalistavtalen\/","og_locale":"sv_SE","og_type":"article","og_title":"Inbjudan till l\u00f6neseminiarum - Journalistavtalen","og_description":"V\u00e4lkommen till Medief\u00f6retagens seminarium om l\u00f6neavtalen med Journalistf\u00f6rbundet. Parterna rekommenderar nu en l\u00f6neprocess, som inneb\u00e4r att arbetsgivaren har \u00f6kat ansvar och m\u00f6jligheter att anv\u00e4nda l\u00f6nen som ekonomiskt styrmedel. Mot bakgrund av detta inbjuder vi till ett arbetsgivarinternt seminarium.","og_url":"https:\/\/www.almega.se\/2013\/11\/inbjudan-till-loneseminiarum-journalistavtalen\/","og_site_name":"Almega","article_published_time":"2013-11-06T09:00:00+00:00","og_image":[{"width":1200,"height":630,"url":"https:\/\/www.almega.se\/app\/uploads\/2020\/12\/almega-share-logo.png","type":"image\/png"}],"author":"admin","twitter_card":"summary_large_image","twitter_misc":{"Skriven av":"admin","Ber\u00e4knad l\u00e4stid":"2 minuter"},"schema":{"@context":"https:\/\/schema.org","@graph":[{"@type":"NewsArticle","@id":"https:\/\/www.almega.se\/2013\/11\/inbjudan-till-loneseminiarum-journalistavtalen\/#article","isPartOf":{"@id":"https:\/\/www.almega.se\/2013\/11\/inbjudan-till-loneseminiarum-journalistavtalen\/"},"author":{"name":"admin","@id":"https:\/\/www.almega.se\/#\/schema\/person\/9c3674d192fb8b2d1d8b7a3f31c5151d"},"headline":"Inbjudan till l\u00f6neseminiarum &#8211; Journalist&shy;avtalen","datePublished":"2013-11-06T09:00:00+00:00","mainEntityOfPage":{"@id":"https:\/\/www.almega.se\/2013\/11\/inbjudan-till-loneseminiarum-journalistavtalen\/"},"wordCount":404,"inLanguage":"sv-SE"},{"@type":"WebPage","@id":"https:\/\/www.almega.se\/2013\/11\/inbjudan-till-loneseminiarum-journalistavtalen\/","url":"https:\/\/www.almega.se\/2013\/11\/inbjudan-till-loneseminiarum-journalistavtalen\/","name":"Inbjudan till l\u00f6neseminiarum - Journalistavtalen | Almega","isPartOf":{"@id":"https:\/\/www.almega.se\/#website"},"datePublished":"2013-11-06T09:00:00+00:00","author":{"@id":"https:\/\/www.almega.se\/#\/schema\/person\/9c3674d192fb8b2d1d8b7a3f31c5151d"},"breadcrumb":{"@id":"https:\/\/www.almega.se\/2013\/11\/inbjudan-till-loneseminiarum-journalistavtalen\/#breadcrumb"},"inLanguage":"sv-SE","potentialAction":[{"@type":"ReadAction","target":["https:\/\/www.almega.se\/2013\/11\/inbjudan-till-loneseminiarum-journalistavtalen\/"]}]},{"@type":"BreadcrumbList","@id":"https:\/\/www.almega.se\/2013\/11\/inbjudan-till-loneseminiarum-journalistavtalen\/#breadcrumb","itemListElement":[{"@type":"ListItem","position":1,"name":"Home","item":"https:\/\/www.almega.se\/"},{"@type":"ListItem","position":2,"name":"Inbjudan till l\u00f6neseminiarum &#8211; Journalist&shy;avtalen"}]},{"@type":"WebSite","@id":"https:\/\/www.almega.se\/#website","url":"https:\/\/www.almega.se\/","name":"Almega","description":"","potentialAction":[{"@type":"SearchAction","target":{"@type":"EntryPoint","urlTemplate":"https:\/\/www.almega.se\/?s={search_term_string}"},"query-input":{"@type":"PropertyValueSpecification","valueRequired":true,"valueName":"search_term_string"}}],"inLanguage":"sv-SE"},{"@type":"Person","@id":"https:\/\/www.almega.se\/#\/schema\/person\/9c3674d192fb8b2d1d8b7a3f31c5151d","name":"admin","image":{"@type":"ImageObject","inLanguage":"sv-SE","@id":"https:\/\/www.almega.se\/#\/schema\/person\/image\/","url":"https:\/\/secure.gravatar.com\/avatar\/13aac7e7a7582f599e3ba7706cec051e12eac4ad6c2ffe6f9d24800e63294187?s=96&d=mm&r=g","contentUrl":"https:\/\/secure.gravatar.com\/avatar\/13aac7e7a7582f599e3ba7706cec051e12eac4ad6c2ffe6f9d24800e63294187?s=96&d=mm&r=g","caption":"admin"},"url":"https:\/\/www.almega.se\/person\/admin\/"}]}},"_links":{"self":[{"href":"https:\/\/www.almega.se\/api\/wp\/v2\/posts\/7158","targetHints":{"allow":["GET"]}}],"collection":[{"href":"https:\/\/www.almega.se\/api\/wp\/v2\/posts"}],"about":[{"href":"https:\/\/www.almega.se\/api\/wp\/v2\/types\/post"}],"author":[{"embeddable":true,"href":"https:\/\/www.almega.se\/api\/wp\/v2\/users\/1"}],"replies":[{"embeddable":true,"href":"https:\/\/www.almega.se\/api\/wp\/v2\/comments?post=7158"}],"version-history":[{"count":1,"href":"https:\/\/www.almega.se\/api\/wp\/v2\/posts\/7158\/revisions"}],"predecessor-version":[{"id":58700,"href":"https:\/\/www.almega.se\/api\/wp\/v2\/posts\/7158\/revisions\/58700"}],"wp:attachment":[{"href":"https:\/\/www.almega.se\/api\/wp\/v2\/media?parent=7158"}],"wp:term":[{"taxonomy":"category","embeddable":true,"href":"https:\/\/www.almega.se\/api\/wp\/v2\/categories?post=7158"},{"taxonomy":"post_tag","embeddable":true,"href":"https:\/\/www.almega.se\/api\/wp\/v2\/tags?post=7158"},{"taxonomy":"type","embeddable":true,"href":"https:\/\/www.almega.se\/api\/wp\/v2\/article_type?post=7158"},{"taxonomy":"agreement","embeddable":true,"href":"https:\/\/www.almega.se\/api\/wp\/v2\/agreement?post=7158"}],"curies":[{"name":"wp","href":"https:\/\/api.w.org\/{rel}","templated":true}]}}