{"id":71264,"date":"2024-02-12T05:30:00","date_gmt":"2024-02-12T04:30:00","guid":{"rendered":"https:\/\/www.almega.se\/?p=71264"},"modified":"2024-02-13T13:19:27","modified_gmt":"2024-02-13T12:19:27","slug":"13-000-nya-jobb-i-sydsverige-med-sankt-arbetsgivaravgift","status":"publish","type":"post","link":"https:\/\/www.almega.se\/2024\/02\/13-000-nya-jobb-i-sydsverige-med-sankt-arbetsgivaravgift\/","title":{"rendered":"13 000 nya jobb i Sydsverige med s\u00e4nkt arbetsgivaravgift"},"content":{"rendered":"<p class=\"intro\">S\u00e4nkt arbetsgivaravgift ger jobb, \u00f6kad tillv\u00e4xt och st\u00e4rkt ekonomi f\u00f6r kommuner och regioner visar Almegas rapport.<\/p>\n<a class='Share__link Share__link--url copy-text' href='#' rel='nofollow' data-text='forord' title='Dela url' data-confirmation='L\u00e4nken kopierades till urklipp'><svg class='icon icon--link'  width='18' height='18' viewBox='0 0 18 18' fill='none' xmlns='http:\/\/www.w3.org\/2000\/svg'>\n            <path d='M10.4142 0.514721L6.87868 4.05025L8.29289 5.46447L11.1213 2.63604L15.364 6.87868L12.5355 9.70711L13.9497 11.1213L17.4853 7.58579C17.8763 7.19476 17.8763 6.5626 17.4853 6.17158L11.8284 0.514721C11.4374 0.123691 10.8052 0.123691 10.4142 0.514721Z' fill='black'\/>\n            <path d='M9.7071 12.5355L6.87868 15.364L2.63604 11.1213L5.46446 8.2929L4.05025 6.87868L0.514716 10.4142C0.123686 10.8052 0.123686 11.4374 0.514716 11.8284L6.17157 17.4853C6.5626 17.8763 7.19475 17.8763 7.58578 17.4853L11.1213 13.9497L9.7071 12.5355Z' fill='black'\/>\n            <path d='M6.17157 11.8284C6.5626 12.2195 7.19475 12.2195 7.58578 11.8284L11.8284 7.58579C12.2195 7.19476 12.2195 6.56261 11.8284 6.17158C11.4374 5.78055 10.8052 5.78055 10.4142 6.17158L6.17157 10.4142C5.78054 10.8052 5.78054 11.4374 6.17157 11.8284Z' fill='black'\/>\n            <\/svg> <\/a>\n<h2 class=\"wp-block-heading\">F\u00f6rord<\/h2>\n\n\n\n<p>Den sydsvenska ekonomin st\u00e5r precis som den svenska inf\u00f6r k\u00e4rvare tider. Under 2024 f\u00f6rv\u00e4ntas l\u00e5gkonjunkturen \u00e4ven p\u00e5 allvar synas p\u00e5 arbetsmarknaden. Antalet lediga jobb minskar och varslen om upps\u00e4gning blir fler.<\/p>\n\n\n\n<p>Under \u00e5ret ber\u00e4knas minst 6 000 jobb f\u00f6rsvinna i Sydsverige &#8211; Sk\u00e5ne och Blekinge. En s\u00e4nkning av arbetsgivaravgiften skulle vara en viktig stimulans i ett besv\u00e4rligt konjunkturl\u00e4ge och en effektiv \u00e5tg\u00e4rd f\u00f6r att st\u00e4rka n\u00e4ringslivet och tillv\u00e4xten av nya jobb i Sydsverige p\u00e5 l\u00e4ngre sikt.<\/p>\n\n\n\n<p>I denna rapport redog\u00f6rs f\u00f6r det aktuella l\u00e4get i ekonomin och p\u00e5 arbetsmarknaden i Sydsverige. D\u00e4refter analyseras effekterna av en permanent s\u00e4nkning av arbetsgivaravgiften med tre procentenheter p\u00e5 den regionala ekonomin, med s\u00e4rskilt fokus p\u00e5 konsekvenser f\u00f6r jobb, tillv\u00e4xt och offentliga finanser i Sydsverige. <\/p>\n\n\n\n<p>Rapporten \u00e4r skriven av <strong>Ola Nevander <\/strong>och <strong>Jonas Arnberg<\/strong>, nationalekonomer p\u00e5 analysf\u00f6retaget Makrologik, p\u00e5 uppdrag av Almega. Datainsamlingen avslutades den 31 januari.<\/p>\n\n\n\n<p>Stockholm i februari 2024<\/p>\n\n\n\n<p><strong>Fredrik \u00d6stbom<\/strong>, n\u00e4ringspolitisk chef Almega<\/p>\n\n\n\n<h4 class=\"wp-block-heading\">Ladda ner rapporten som pdf<\/h4>\n\n\n\n<a id=\"wp-block-file--media-2c8c1a9b-bf2e-4aaa-ab8e-28868aa531f9\" href=\"https:\/\/www.almega.se\/app\/uploads\/2024\/02\/13-000-nya-jobb-i-Sydsverige.pdf\">13-000-nya-jobb-i-Sydsverige<\/a><a href=\"https:\/\/www.almega.se\/app\/uploads\/2024\/02\/13-000-nya-jobb-i-Sydsverige.pdf\" class=\"wp-block-file__button wp-element-button\" download aria-describedby=\"wp-block-file--media-2c8c1a9b-bf2e-4aaa-ab8e-28868aa531f9\">Ladda ner<\/a>\n\n\n<a class='Share__link Share__link--url copy-text' href='#' rel='nofollow' data-text='sammanfattning' title='Dela url' data-confirmation='L\u00e4nken kopierades till urklipp'><svg class='icon icon--link'  width='18' height='18' viewBox='0 0 18 18' fill='none' xmlns='http:\/\/www.w3.org\/2000\/svg'>\n            <path d='M10.4142 0.514721L6.87868 4.05025L8.29289 5.46447L11.1213 2.63604L15.364 6.87868L12.5355 9.70711L13.9497 11.1213L17.4853 7.58579C17.8763 7.19476 17.8763 6.5626 17.4853 6.17158L11.8284 0.514721C11.4374 0.123691 10.8052 0.123691 10.4142 0.514721Z' fill='black'\/>\n            <path d='M9.7071 12.5355L6.87868 15.364L2.63604 11.1213L5.46446 8.2929L4.05025 6.87868L0.514716 10.4142C0.123686 10.8052 0.123686 11.4374 0.514716 11.8284L6.17157 17.4853C6.5626 17.8763 7.19475 17.8763 7.58578 17.4853L11.1213 13.9497L9.7071 12.5355Z' fill='black'\/>\n            <path d='M6.17157 11.8284C6.5626 12.2195 7.19475 12.2195 7.58578 11.8284L11.8284 7.58579C12.2195 7.19476 12.2195 6.56261 11.8284 6.17158C11.4374 5.78055 10.8052 5.78055 10.4142 6.17158L6.17157 10.4142C5.78054 10.8052 5.78054 11.4374 6.17157 11.8284Z' fill='black'\/>\n            <\/svg> <\/a>\n<h2 class=\"wp-block-heading\">Sammanfattning<\/h2>\n\n\n\n<p class=\"has-excerpt-font-size\">Omfattande problem med utanf\u00f6rskap i Sydsverige i kombination med ett snabbt vikande konjunkturl\u00e4ge g\u00f6r att det kr\u00e4vs \u00e5tg\u00e4rder f\u00f6r att f\u00e5 fler m\u00e4nniskor i arbete och v\u00e4rna om de befintliga jobben. Under det fj\u00e4rde kvartalet 2023 var 71 000 personer arbetsl\u00f6sa i Sydsverige \u2013 Sk\u00e5ne och Blekinge \u2013 och 135 000 personer mellan 20 och 64 \u00e5r var antingen arbetsl\u00f6sa eller stod utanf\u00f6r arbetskraften av oklar anledning. H\u00e4r finns en stor outnyttjad potential f\u00f6r den sydsvenska ekonomin.<\/p>\n\n\n\n<p>Den sydsvenska ekonomin st\u00e5r inf\u00f6r k\u00e4rvare tider. St\u00e4mningsl\u00e4get bland hush\u00e5ll och f\u00f6retag bekr\u00e4ftar att vi \u00e4r inne i en l\u00e5gkonjunktur. Hush\u00e5llens konsumtion f\u00f6ll under 2023, bostadsbyggandet rasade och konkurserna \u00f6kade kraftigt.<\/p>\n\n\n\n<p>Under 2024 f\u00f6rv\u00e4ntas l\u00e5gkonjunkturen \u00e4ven p\u00e5 allvar p\u00e5verka den sydsvenska arbetsmarknaden. Syssels\u00e4ttningen f\u00f6rv\u00e4ntas under 2024 minska med 0,9 procent, vilket motsvarar mer \u00e4n 6 000 f\u00f6rlorade jobb. Antalet personer som under 2023 ber\u00f6rdes av varsel om upps\u00e4gning f\u00f6rdubblades fr\u00e5n 3 000 till 6 200. Antalet lediga jobb i Malm\u00f6 har minskat med en sj\u00e4ttedel p\u00e5 ett \u00e5r samtidigt som antalet arbetss\u00f6kande blivit fler.<\/p>\n\n\n\n<p>Sydsverige \u00e4r en viktig ekonomisk region med ett starkt n\u00e4ringsliv som kan l\u00f6sa problemet med utanf\u00f6rskapet p\u00e5 arbetsmarknaden \u2013 om bara r\u00e4tt f\u00f6ruts\u00e4ttningar ges. En permanent s\u00e4nkning av arbetsgivaravgiften \u00e4r en viktig reform som kan skapa fler jobb, f\u00f6rb\u00e4ttra ekonomin f\u00f6r kommuner och regioner och leda till h\u00f6gre tillv\u00e4xt. Forskningen har p\u00e5 senare \u00e5r kommit fram till att s\u00e4nkta arbetsgivaravgifter har st\u00f6rre effekter p\u00e5 syssels\u00e4ttningen \u00e4n man tidigare trott.<\/p>\n\n\n\n<p>En s\u00e4nkning av arbetsgivaravgiften med tre procentenheter kan skapa 13 000 nya jobb i Sydsverige. Reformen bed\u00f6ms ocks\u00e5 f\u00f6rst\u00e4rka ekonomin i sydsvenska kommuner och regioner med fyra miljarder kronor genom s\u00e4nkta arbetskraftskostnader och \u00f6kade skatteint\u00e4kter fr\u00e5n ett starkare v\u00e4xande privat n\u00e4ringsliv. En permanent s\u00e4nkning av arbetsgivaravgiften med tre procentenheter ber\u00e4knas ocks\u00e5 h\u00f6ja bruttoregionalprodukten i Sydsverige med mellan 0,4 och 1,1 procent.<\/p>\n\n\n\n<p>Den privata tj\u00e4nsten\u00e4ringen vore en stor vinnare p\u00e5 s\u00e4nkta arbetsgivaravgifter men \u00e4ven andra personalintensiva n\u00e4ringar d\u00e4r personalkostnader och l\u00f6ner utg\u00f6r en stor andel av de totala kostnaderna vinner p\u00e5 reformen. En generell s\u00e4nkning av arbetsgivaravgiften ger alla f\u00f6retag med anst\u00e4llda en kostnadsbesparing som skapar m\u00e5nga olika typer av jobb \u2013 b\u00e5de h\u00f6gkvalificerade jobb och jobb som enbart kr\u00e4ver kortare utbildning.<\/p>\n\n\n\n<p>Sydsveriges och hela Sveriges konkurrenskraft beh\u00f6ver strukturreformer som sl\u00e5r mot roten av problemet med utanf\u00f6rskap och stimulerar efterfr\u00e5gan p\u00e5 arbetskraft. M\u00f6jligheten att skapa m\u00e5nga nya jobb och samtidigt ge tillv\u00e4xten en skjuts \u2013 utan att \u00e4ventyra kampen mot inflationen \u2013 g\u00f6r s\u00e4nkt arbetsgivaravgift till en naturlig reformkandidat.<\/p>\n\n\n<a class='Share__link Share__link--url copy-text' href='#' rel='nofollow' data-text='79-miljarder-kronor-i-sydsvenska-arbetsgivaravgifter' title='Dela url' data-confirmation='L\u00e4nken kopierades till urklipp'><svg class='icon icon--link'  width='18' height='18' viewBox='0 0 18 18' fill='none' xmlns='http:\/\/www.w3.org\/2000\/svg'>\n            <path d='M10.4142 0.514721L6.87868 4.05025L8.29289 5.46447L11.1213 2.63604L15.364 6.87868L12.5355 9.70711L13.9497 11.1213L17.4853 7.58579C17.8763 7.19476 17.8763 6.5626 17.4853 6.17158L11.8284 0.514721C11.4374 0.123691 10.8052 0.123691 10.4142 0.514721Z' fill='black'\/>\n            <path d='M9.7071 12.5355L6.87868 15.364L2.63604 11.1213L5.46446 8.2929L4.05025 6.87868L0.514716 10.4142C0.123686 10.8052 0.123686 11.4374 0.514716 11.8284L6.17157 17.4853C6.5626 17.8763 7.19475 17.8763 7.58578 17.4853L11.1213 13.9497L9.7071 12.5355Z' fill='black'\/>\n            <path d='M6.17157 11.8284C6.5626 12.2195 7.19475 12.2195 7.58578 11.8284L11.8284 7.58579C12.2195 7.19476 12.2195 6.56261 11.8284 6.17158C11.4374 5.78055 10.8052 5.78055 10.4142 6.17158L6.17157 10.4142C5.78054 10.8052 5.78054 11.4374 6.17157 11.8284Z' fill='black'\/>\n            <\/svg> <\/a>\n<h2 class=\"wp-block-heading\">79 miljarder kronor i sydsvenska arbetsgivaravgifter <\/h2>\n\n\n\n<p class=\"has-excerpt-font-size\">Arbetsgivaravgiften utg\u00f6r en betydande kostnad f\u00f6r de svenska f\u00f6retagen. Det svenska n\u00e4ringslivet betalade in 461 miljarder kronor i arbetsgivaravgifter under 2022.<sup>1<\/sup>\u00a0Arbetsgivare i Sydsverige \u2013 Sk\u00e5ne och Blekinge l\u00e4n \u2013 bidrog med 79 miljarder kronor, vilket motsvarar 50 000 kronor per inv\u00e5nare.<sup>2<\/sup><\/p>\n\n\n\n<p>N\u00e4ra h\u00e4lften av arbetsgivaravgifterna \u2013 44 procent \u2013 utg\u00f6rs av rena skatter som saknar koppling till f\u00f6rm\u00e5ner f\u00f6r arbetstagarna.<sup>3<\/sup>&nbsp;Att arbetsgivaravgiften till stor del har blivit en dold skattek\u00e4lla g\u00e5r p\u00e5 tv\u00e4rs med centrala principer i socialf\u00f6rs\u00e4kringssystemet och minskar transparensen i beskattningen.<\/p>\n\n\n\n<p>Ett avsev\u00e4rt tillv\u00e4xthinder f\u00f6r svenska f\u00f6retag \u00e4r dessutom att arbetskraftskostnaderna \u00e4r h\u00f6gre \u00e4n i de flesta konkurrentl\u00e4nder.<sup>4<\/sup> Det g\u00e4ller inte minst f\u00f6r den privata tj\u00e4nstesektorn som syssels\u00e4tter 2,4 miljoner m\u00e4nniskor, vilket motsvarar 47 procent av syssels\u00e4ttningen i Sverige. <\/p>\n\n\n\n<p>Det sydsvenska n\u00e4ringslivet \u00e4r betydelsefullt f\u00f6r svensk ekonomi. Regionen bidrar med en sjundedel av Sveriges syssels\u00e4ttning och en \u00e5ttondel av BNP.<sup>5<\/sup> M\u00e5nga sydsvenska f\u00f6retag st\u00e5r redo att anst\u00e4lla ny personal om de bara f\u00e5r r\u00e4tt f\u00f6ruts\u00e4ttningar. Med de strukturella utmaningar som r\u00e5der p\u00e5 arbetsmarknaden och ett besv\u00e4rligt konjunkturl\u00e4ge beh\u00f6vs reformer som s\u00e4nker kostnader f\u00f6r f\u00f6retag, skapar fler m\u00f6jligheter f\u00f6r m\u00e4nniskor att komma i arbete och hj\u00e4lper arbetstagare att beh\u00e5lla sina jobb n\u00e4r det bl\u00e5ser motvind i ekonomin.<\/p>\n\n\n<a class='Share__link Share__link--url copy-text' href='#' rel='nofollow' data-text='stort-utanforskap-pa-arbetsmarknaden-i-sydsverige' title='Dela url' data-confirmation='L\u00e4nken kopierades till urklipp'><svg class='icon icon--link'  width='18' height='18' viewBox='0 0 18 18' fill='none' xmlns='http:\/\/www.w3.org\/2000\/svg'>\n            <path d='M10.4142 0.514721L6.87868 4.05025L8.29289 5.46447L11.1213 2.63604L15.364 6.87868L12.5355 9.70711L13.9497 11.1213L17.4853 7.58579C17.8763 7.19476 17.8763 6.5626 17.4853 6.17158L11.8284 0.514721C11.4374 0.123691 10.8052 0.123691 10.4142 0.514721Z' fill='black'\/>\n            <path d='M9.7071 12.5355L6.87868 15.364L2.63604 11.1213L5.46446 8.2929L4.05025 6.87868L0.514716 10.4142C0.123686 10.8052 0.123686 11.4374 0.514716 11.8284L6.17157 17.4853C6.5626 17.8763 7.19475 17.8763 7.58578 17.4853L11.1213 13.9497L9.7071 12.5355Z' fill='black'\/>\n            <path d='M6.17157 11.8284C6.5626 12.2195 7.19475 12.2195 7.58578 11.8284L11.8284 7.58579C12.2195 7.19476 12.2195 6.56261 11.8284 6.17158C11.4374 5.78055 10.8052 5.78055 10.4142 6.17158L6.17157 10.4142C5.78054 10.8052 5.78054 11.4374 6.17157 11.8284Z' fill='black'\/>\n            <\/svg> <\/a>\n<h2 class=\"wp-block-heading\">Stort utanf\u00f6rskap p\u00e5 arbetsmarknaden i Sydsverige<\/h2>\n\n\n\n<p class=\"has-excerpt-font-size\">Arbetsl\u00f6shet och utanf\u00f6rskap f\u00f6r breda grupper i samh\u00e4llet har stora negativa ekonomiska och sociala f\u00f6ljdverkningar. Under det fj\u00e4rde kvartalet 2023 var 70 800 personer i Sydsverige arbetsl\u00f6sa.<sup>6<\/sup><\/p>\n\n\n\n<p>Det motsvarade en arbetsl\u00f6shet p\u00e5 8,3 procent &#8211; 0,9 procentenheter h\u00f6gre \u00e4n i Sverige som helhet. Mer \u00e4n en fj\u00e4rdedel av de arbetsl\u00f6sa &#8211; 20 000 personer &#8211; bodde i Malm\u00f6.<\/p>\n\n\n\n<figure class=\"wp-block-image size-full\"><img loading=\"lazy\" decoding=\"async\" width=\"692\" height=\"657\" src=\"https:\/\/www.almega.se\/app\/uploads\/2024\/02\/Diagram-1.png\" alt=\"\" class=\"wp-image-71266\" srcset=\"https:\/\/www.almega.se\/app\/uploads\/2024\/02\/Diagram-1.png 692w, https:\/\/www.almega.se\/app\/uploads\/2024\/02\/Diagram-1-580x551.png 580w, https:\/\/www.almega.se\/app\/uploads\/2024\/02\/Diagram-1-380x361.png 380w\" sizes=\"auto, (max-width: 692px) 100vw, 692px\" \/><figcaption class=\"wp-element-caption\">K\u00e4lla: SCB, AKU<\/figcaption><\/figure>\n\n\n\n<p>En bredare indikation p\u00e5 utanf\u00f6rskapet ges av SCB:s registerbaserade statistik som bygger p\u00e5 arbetsgivardeklarationer och uppgifter fr\u00e5n bland annat Arbetsf\u00f6rmedlingen. I oktober 2023 var 135 000 personer i Sydsverige antingen inskrivna som arbetsl\u00f6sa hos Arbetsf\u00f6rmedlingen eller utanf\u00f6r arbetskraften av ok\u00e4nd anledning, det vill s\u00e4ga vare sig klassificerades som studenter, pension\u00e4rer eller sjuka.<sup>7<\/sup><\/p>\n\n\n\n<blockquote class=\"wp-block-quote is-layout-flow wp-block-quote-is-layout-flow\">\n<p>&#8221;F\u00f6r vissa av de individer som st\u00e5r utanf\u00f6r arbetskraften av ok\u00e4nd anledning ligger det medvetna val bakom att de varken jobbar, studerar eller g\u00e5r p\u00e5 sjukers\u00e4ttning&#8221;<\/p>\n<\/blockquote>\n\n\n\n<p>Andelen personer mellan 20 och 64 \u00e5r som saknar arbete enligt denna bredare definition av utanf\u00f6rskap var 15,1 procent i Sydsverige och 20,7 procent i Malm\u00f6.<\/p>\n\n\n\n<p>F\u00f6r vissa av de individer som st\u00e5r utanf\u00f6r arbetskraften av ok\u00e4nd anledning ligger det medvetna val bakom att de varken jobbar, studerar eller g\u00e5r p\u00e5 sjukers\u00e4ttning. Det kan exempelvis handla om v\u00e4rnpliktiga eller om unga personer som \u00e4r ute och reser efter studenten. Gruppens storlek antyder dock att utanf\u00f6rskapet \u00e4r mer utbrett \u00e4n vad de renodlade arbetsl\u00f6shetstalen utvisar. <\/p>\n\n\n\n<p>F\u00f6r vissa av de individer som st\u00e5r utanf\u00f6r arbetskraften av ok\u00e4nd anledning ligger det medvetna val bakom att de varken jobbar, studerar eller g\u00e5r p\u00e5 sjukers\u00e4ttning. Det kan exempelvis handla om v\u00e4rnpliktiga eller om unga personer som \u00e4r ute och reser efter studenten. Gruppens storlek tyder dock p\u00e5 att utanf\u00f6rskapet \u00e4r mer utbrett \u00e4n vad de renodlade arbetsl\u00f6shetstalen utvisar. Att andelen \u00e4r h\u00f6gre i Malm\u00f6 bekr\u00e4ftar att det finns en stor kategori m\u00e4nniskor i och kring landets storst\u00e4der som saknar arbete men som inte s\u00f6ker kontakt med Arbetsf\u00f6rmedlingen eller andra myndigheter. Samma bild av ett omfattande utanf\u00f6rskap styrks \u00e4ven av andra ber\u00e4kningar av antalet personer i arbetsf\u00f6r \u00e5lder som har f\u00f6r l\u00e5ga inkomster f\u00f6r att anses vara sj\u00e4lvf\u00f6rs\u00f6rjande.<sup>8<\/sup><\/p>\n\n\n\n<figure class=\"wp-block-image size-full\"><img loading=\"lazy\" decoding=\"async\" width=\"704\" height=\"657\" src=\"https:\/\/www.almega.se\/app\/uploads\/2024\/02\/Diagram-2.png\" alt=\"\" class=\"wp-image-71267\" srcset=\"https:\/\/www.almega.se\/app\/uploads\/2024\/02\/Diagram-2.png 704w, https:\/\/www.almega.se\/app\/uploads\/2024\/02\/Diagram-2-580x541.png 580w, https:\/\/www.almega.se\/app\/uploads\/2024\/02\/Diagram-2-380x355.png 380w\" sizes=\"auto, (max-width: 704px) 100vw, 704px\" \/><\/figure>\n\n\n<a class='Share__link Share__link--url copy-text' href='#' rel='nofollow' data-text='arbetsmarknaden-i-sydsverige-ar-tudelad' title='Dela url' data-confirmation='L\u00e4nken kopierades till urklipp'><svg class='icon icon--link'  width='18' height='18' viewBox='0 0 18 18' fill='none' xmlns='http:\/\/www.w3.org\/2000\/svg'>\n            <path d='M10.4142 0.514721L6.87868 4.05025L8.29289 5.46447L11.1213 2.63604L15.364 6.87868L12.5355 9.70711L13.9497 11.1213L17.4853 7.58579C17.8763 7.19476 17.8763 6.5626 17.4853 6.17158L11.8284 0.514721C11.4374 0.123691 10.8052 0.123691 10.4142 0.514721Z' fill='black'\/>\n            <path d='M9.7071 12.5355L6.87868 15.364L2.63604 11.1213L5.46446 8.2929L4.05025 6.87868L0.514716 10.4142C0.123686 10.8052 0.123686 11.4374 0.514716 11.8284L6.17157 17.4853C6.5626 17.8763 7.19475 17.8763 7.58578 17.4853L11.1213 13.9497L9.7071 12.5355Z' fill='black'\/>\n            <path d='M6.17157 11.8284C6.5626 12.2195 7.19475 12.2195 7.58578 11.8284L11.8284 7.58579C12.2195 7.19476 12.2195 6.56261 11.8284 6.17158C11.4374 5.78055 10.8052 5.78055 10.4142 6.17158L6.17157 10.4142C5.78054 10.8052 5.78054 11.4374 6.17157 11.8284Z' fill='black'\/>\n            <\/svg> <\/a>\n<h2 class=\"wp-block-heading\">Arbetsmarknaden i Sydsverige \u00e4r tudelad<\/h2>\n\n\n\n<p class=\"has-excerpt-font-size\">Arbetsmarknaden i Sydsverige \u00e4r kraftigt tudelad, d\u00e4r en skiljelinje g\u00e5r mellan inrikes f\u00f6dda och utrikes f\u00f6dda.<\/p>\n\n\n\n<p>Krav p\u00e5 utbildning och relativt h\u00f6ga ing\u00e5ngsl\u00f6ner har inneburit att den svenska ekonomin visat<br>sig ha sv\u00e5rt att absorbera stora m\u00e4ngder l\u00e5gkvalificerad arbetskraft. Avsaknaden av tillr\u00e4cklig utbildningsbakgrund, yrkeserfarenhet och spr\u00e5kkunskaper f\u00f6r stora grupper av utrikes f\u00f6dda skapar barri\u00e4rer som g\u00f6r det sv\u00e5rt att integrera m\u00e5nga i arbete.<\/p>\n\n\n\n<p>Var sjunde utrikes f\u00f6dd i Sydsverige mellan 20 och 64 \u00e5r \u00e4r inskriven som arbetsl\u00f6s i Arbets- f\u00f6rmedlingens register, j\u00e4mf\u00f6rt med endast 3,6 procent av de inrikes f\u00f6dda. Tre av fem arbetsl\u00f6sa i Sydsverige \u00e4r f\u00f6dda i utlandet, trots att gruppen utg\u00f6r mindre \u00e4n en fj\u00e4rdedel av befolkningen. Vidare \u00e4r n\u00e4stan var tredje utrikes f\u00f6dd i Sydsverige (29,7 procent) antingen arbetsl\u00f6s eller st\u00e5r utanf\u00f6r arbetskraften av ok\u00e4nd anledning.<\/p>\n\n\n\n<figure class=\"wp-block-image size-full\"><img loading=\"lazy\" decoding=\"async\" width=\"1357\" height=\"671\" src=\"https:\/\/www.almega.se\/app\/uploads\/2024\/02\/Diagram-3.png\" alt=\"\" class=\"wp-image-71268\" srcset=\"https:\/\/www.almega.se\/app\/uploads\/2024\/02\/Diagram-3.png 1357w, https:\/\/www.almega.se\/app\/uploads\/2024\/02\/Diagram-3-580x287.png 580w, https:\/\/www.almega.se\/app\/uploads\/2024\/02\/Diagram-3-1180x583.png 1180w, https:\/\/www.almega.se\/app\/uploads\/2024\/02\/Diagram-3-380x188.png 380w, https:\/\/www.almega.se\/app\/uploads\/2024\/02\/Diagram-3-768x380.png 768w\" sizes=\"auto, (max-width: 1357px) 100vw, 1357px\" \/><\/figure>\n\n\n<a class='Share__link Share__link--url copy-text' href='#' rel='nofollow' data-text='konjunkturen-viker-i-sydsverige' title='Dela url' data-confirmation='L\u00e4nken kopierades till urklipp'><svg class='icon icon--link'  width='18' height='18' viewBox='0 0 18 18' fill='none' xmlns='http:\/\/www.w3.org\/2000\/svg'>\n            <path d='M10.4142 0.514721L6.87868 4.05025L8.29289 5.46447L11.1213 2.63604L15.364 6.87868L12.5355 9.70711L13.9497 11.1213L17.4853 7.58579C17.8763 7.19476 17.8763 6.5626 17.4853 6.17158L11.8284 0.514721C11.4374 0.123691 10.8052 0.123691 10.4142 0.514721Z' fill='black'\/>\n            <path d='M9.7071 12.5355L6.87868 15.364L2.63604 11.1213L5.46446 8.2929L4.05025 6.87868L0.514716 10.4142C0.123686 10.8052 0.123686 11.4374 0.514716 11.8284L6.17157 17.4853C6.5626 17.8763 7.19475 17.8763 7.58578 17.4853L11.1213 13.9497L9.7071 12.5355Z' fill='black'\/>\n            <path d='M6.17157 11.8284C6.5626 12.2195 7.19475 12.2195 7.58578 11.8284L11.8284 7.58579C12.2195 7.19476 12.2195 6.56261 11.8284 6.17158C11.4374 5.78055 10.8052 5.78055 10.4142 6.17158L6.17157 10.4142C5.78054 10.8052 5.78054 11.4374 6.17157 11.8284Z' fill='black'\/>\n            <\/svg> <\/a>\n<h2 class=\"wp-block-heading\">Konjunkturen viker i Sydsverige  <\/h2>\n\n\n\n<p>Sedan mitten av 2022 har konjunkturl\u00e4get f\u00f6rs\u00e4mrats s\u00e5v\u00e4l globalt som i Sverige. Den h\u00f6ga inflation som h\u00e4rjat v\u00e4rldens ekonomier mattades successivt av under 2023 via centralbankernas r\u00e4nteh\u00f6jningar och \u00e5tstramande penningpolitik. I takt med att finansieringskostnaderna har stigit f\u00f6r hush\u00e5ll och f\u00f6retag har efterfr\u00e5gan i ekonomin fallit. Den svenska ekonomin gick i teknisk bem\u00e4rkelse in i recession under det tredje kvartalet 2023.<sup>9<\/sup><\/p>\n\n\n\n<p>Konjunkturinstitutets konfidensindikator f\u00f6r det sydsvenska n\u00e4ringslivet l\u00e5g under det fj\u00e4rde kvartalet 2023 p\u00e5 92. Det var en uppg\u00e5ng j\u00e4mf\u00f6rt med f\u00f6reg\u00e5ende kvartal men indikerar fortfarande l\u00e5gkonjunktur. De sydsvenska f\u00f6retagen var dock aningen mindre pessimistiska om sin situation \u00e4n f\u00f6retagen i \u00f6vriga riket. Enligt Svensk N\u00e4ringslivs unders\u00f6kningar tror fler sydsvenska f\u00f6retag p\u00e5 h\u00f6gre f\u00f6rs\u00e4ljnings- volymer om ett \u00e5r \u00e4n vice versa. Den positiva \u00f6vervikten \u00e4r dock mycket mindre \u00e4n normalt och fler f\u00f6retag tror att investeringarna kommer att vara l\u00e4gre om ett \u00e5r \u00e4n tv\u00e4rtom. Bilden \u00e4r splittrad vad g\u00e4ller f\u00f6rv\u00e4ntningar om antalet anst\u00e4llda. Flest f\u00f6retag i Sk\u00e5ne tror p\u00e5 f\u00e4rre anst\u00e4llda om ett \u00e5r, medan f\u00f6retagen i Blekinge \u00e4r mer positiva i detta avseende.<sup>10<\/sup><\/p>\n\n\n\n<p>Det ekonomiska l\u00e4get skiljer sig \u00e4ven stort mellan olika sektorer och branscher. Hush\u00e5llens konsumtion f\u00f6ll under 2023, i takt med att inflationen urholkade reall\u00f6nerna. Enligt Sparbanken Sk\u00e5ne\/\u00d6resundsinstitutet minskade bostadsbyggandet i Sk\u00e5ne med 62 procent under det f\u00f6rsta halv\u00e5ret 2023.<sup>11<\/sup> \u00c4ven inom den sydsvenska tj\u00e4nstesektorn \u00e4r st\u00e4mningsl\u00e4get mycket d\u00e4mpat. Den sydsvenska handeln och bes\u00f6ksn\u00e4ringen lider kraftigt av hush\u00e5llens minskade k\u00f6pkraft men har f\u00e5tt viss draghj\u00e4lp fr\u00e5n danska turister till f\u00f6ljd av den svaga kronan. Utlandsturisternas hotell\u00f6vernattningar i Sydsverige \u00f6kade med 19 procent under 2023.<sup>12<\/sup><\/p>\n\n\n\n<p>Industrins ordering\u00e5ng f\u00f6r hemmamarknaden f\u00f6ll under 2023 enligt Konjunkturinstitutets regionala barometerindikator, medan exportmarknaden g\u00e5r klart b\u00e4ttre. Sydsvenska industrif\u00f6retag kopplade till bland annat s\u00e4kerhet, f\u00f6rsvar och energiteknik h\u00e5ller \u00e5ngan uppe medan den regionalt viktiga livsmedelsindustrin k\u00e4mpar i motvind. Livsmedelsindustrins f\u00f6rs\u00e4ljningsvolymer backade under tredje kvartalet 2023, f\u00f6r femte kvartalet i rad.<sup>13<\/sup><\/p>\n\n\n\n<figure class=\"wp-block-image size-full\"><img loading=\"lazy\" decoding=\"async\" width=\"1362\" height=\"677\" src=\"https:\/\/www.almega.se\/app\/uploads\/2024\/02\/Diagram-4.png\" alt=\"\" class=\"wp-image-71269\" srcset=\"https:\/\/www.almega.se\/app\/uploads\/2024\/02\/Diagram-4.png 1362w, https:\/\/www.almega.se\/app\/uploads\/2024\/02\/Diagram-4-580x288.png 580w, https:\/\/www.almega.se\/app\/uploads\/2024\/02\/Diagram-4-1180x587.png 1180w, https:\/\/www.almega.se\/app\/uploads\/2024\/02\/Diagram-4-380x189.png 380w, https:\/\/www.almega.se\/app\/uploads\/2024\/02\/Diagram-4-768x382.png 768w\" sizes=\"auto, (max-width: 1362px) 100vw, 1362px\" \/><\/figure>\n\n\n\n<p>F\u00f6retagskonkurserna \u00e4r betydligt fler idag \u00e4n under pandemin. Pandemin manifesterade sig till stor del som en kortvarig likviditetskris f\u00f6r delar av n\u00e4ringslivet, medan dagens situation utg\u00f6r en mer utdragen nedg\u00e5ng som sl\u00e5r mot hela ekonomin. Under pandemin h\u00f6ll sig m\u00e5nga f\u00f6retag ocks\u00e5 ovanf\u00f6r vattenytan med hj\u00e4lp av statliga st\u00f6d som idag har fasats ut, bland annat i form av korttidspermitteringar, anst\u00e5nd med skatteinbetalningar och tillf\u00e4lligt s\u00e4nkta arbetsgivaravgifter.<\/p>\n\n\n\n<p>Om man j\u00e4mf\u00f6r med tidpunkten f\u00f6r de f\u00f6rsta r\u00e4nteh\u00f6jningarna f\u00f6r knappt tv\u00e5 \u00e5r sedan<br>l\u00e5g antalet f\u00f6retagskonkurser mot slutet av 2023 n\u00e4ra 50 procent h\u00f6gre. Det g\u00e4llde f\u00f6r b\u00e5de Sydsverige och f\u00f6r landet som helhet. I Sydsverige motsvarar detta en \u00f6kning fr\u00e5n mindre \u00e4n 80 till n\u00e4ra 120 f\u00f6retagskonkurser i m\u00e5naden. I riket motsvarar det en \u00f6kning fr\u00e5n drygt 500 till n\u00e4rmare 800 f\u00f6retagskonkurser per m\u00e5nad. Flest konkurser i Sydsverige intr\u00e4ffade inom byggbranschen.<\/p>\n\n\n\n<blockquote class=\"wp-block-quote is-style-default is-layout-flow wp-block-quote-is-layout-flow\">\n<p>&#8221;F\u00f6retagskonkurserna \u00e4r betydligt fler idag \u00e4n under pandemin.&#8221;<\/p>\n<\/blockquote>\n\n\n\n<figure class=\"wp-block-image size-full is-resized\"><img loading=\"lazy\" decoding=\"async\" src=\"https:\/\/www.almega.se\/app\/uploads\/2024\/02\/Diagram-5.png\" alt=\"\" class=\"wp-image-71270\" width=\"962\" height=\"479\" srcset=\"https:\/\/www.almega.se\/app\/uploads\/2024\/02\/Diagram-5.png 1431w, https:\/\/www.almega.se\/app\/uploads\/2024\/02\/Diagram-5-580x289.png 580w, https:\/\/www.almega.se\/app\/uploads\/2024\/02\/Diagram-5-1180x588.png 1180w, https:\/\/www.almega.se\/app\/uploads\/2024\/02\/Diagram-5-380x189.png 380w, https:\/\/www.almega.se\/app\/uploads\/2024\/02\/Diagram-5-768x383.png 768w\" sizes=\"auto, (max-width: 962px) 100vw, 962px\" \/><\/figure>\n\n\n<a class='Share__link Share__link--url copy-text' href='#' rel='nofollow' data-text='arbetsmarknaden-i-sydsverige-sviktar' title='Dela url' data-confirmation='L\u00e4nken kopierades till urklipp'><svg class='icon icon--link'  width='18' height='18' viewBox='0 0 18 18' fill='none' xmlns='http:\/\/www.w3.org\/2000\/svg'>\n            <path d='M10.4142 0.514721L6.87868 4.05025L8.29289 5.46447L11.1213 2.63604L15.364 6.87868L12.5355 9.70711L13.9497 11.1213L17.4853 7.58579C17.8763 7.19476 17.8763 6.5626 17.4853 6.17158L11.8284 0.514721C11.4374 0.123691 10.8052 0.123691 10.4142 0.514721Z' fill='black'\/>\n            <path d='M9.7071 12.5355L6.87868 15.364L2.63604 11.1213L5.46446 8.2929L4.05025 6.87868L0.514716 10.4142C0.123686 10.8052 0.123686 11.4374 0.514716 11.8284L6.17157 17.4853C6.5626 17.8763 7.19475 17.8763 7.58578 17.4853L11.1213 13.9497L9.7071 12.5355Z' fill='black'\/>\n            <path d='M6.17157 11.8284C6.5626 12.2195 7.19475 12.2195 7.58578 11.8284L11.8284 7.58579C12.2195 7.19476 12.2195 6.56261 11.8284 6.17158C11.4374 5.78055 10.8052 5.78055 10.4142 6.17158L6.17157 10.4142C5.78054 10.8052 5.78054 11.4374 6.17157 11.8284Z' fill='black'\/>\n            <\/svg> <\/a>\n<h2 class=\"wp-block-heading\">Arbetsmarknaden i Sydsverige sviktar<\/h2>\n\n\n\n<p class=\"has-excerpt-font-size\">Den sviktande konjunkturen har \u00e4ven f\u00e5tt arbetsmarknaden att tappa fart. Detta syns tydligt i f\u00f6retagens anst\u00e4llningsplaner.<\/p>\n\n\n\n<p>Under det tredje kvartalet 2023 uppgav fler svenska f\u00f6retag, f\u00f6r f\u00f6rsta g\u00e5ngen sedan slutet av 2020, att de sannolikt kommer att minska antalet anst\u00e4llda p\u00e5 tre m\u00e5naders sikt \u00e4n tv\u00e4rtom.<sup>14<\/sup> &nbsp;Enligt Nordea bed\u00f6ms den sydsvenska bruttoregionalprodukten falla med 0,3 procent under 2024. Syssels\u00e4ttningen i Sydsverige v\u00e4ntas minska med 0,9 procent i \u00e5r, vilket motsvarar mer \u00e4n 6 000 f\u00f6rlorade jobb.<sup>15<\/sup><\/p>\n\n\n\n<p>Den sydsvenska arbetsl\u00f6sheten sj\u00f6nk kraftigt fr\u00e5n det f\u00f6rsta kvartalet 2021 och fram till v\u00e5ren 2023. Den sjunkande arbetsl\u00f6sheten under denna period drevs till tv\u00e5 tredjedelar av att utrikesf\u00f6dda fick jobb, en trend som nu reverseras n\u00e4r arbetsl\u00f6sheten p\u00e5 nytt stiger. I november 2023 hade Sk\u00e5ne n\u00e4st h\u00f6gst arbetsl\u00f6shet i landet och Blekinge var p\u00e5 sj\u00e4tte plats av 21 svenska l\u00e4n.<sup>16<\/sup><\/p>\n\n\n\n<p>Enligt Arbetsf\u00f6rmedlingen \u00f6kade antalet personer i Sydsverige som ber\u00f6rdes av varsel under 2023 med 104 procent j\u00e4mf\u00f6rt med 2022, fr\u00e5n cirka 3 000 personer till 6 200 personer. F\u00f6r riket noterades en \u00e4nnu st\u00f6rre \u00f6kning med 141 procent.<\/p>\n\n\n\n<blockquote class=\"wp-block-quote is-layout-flow wp-block-quote-is-layout-flow\">\n<p>&#8221;Syssels\u00e4ttningen i Sydsverige v\u00e4ntas minska med 0,9 procent i \u00e5r vilket motsvarar mer \u00e4n 6 000 f\u00f6rlorade jobb.&#8221;<\/p>\n<\/blockquote>\n\n\n\n<figure class=\"wp-block-image size-full\"><img loading=\"lazy\" decoding=\"async\" width=\"1381\" height=\"616\" src=\"https:\/\/www.almega.se\/app\/uploads\/2024\/02\/Diagram-6.png\" alt=\"\" class=\"wp-image-71271\" srcset=\"https:\/\/www.almega.se\/app\/uploads\/2024\/02\/Diagram-6.png 1381w, https:\/\/www.almega.se\/app\/uploads\/2024\/02\/Diagram-6-580x259.png 580w, https:\/\/www.almega.se\/app\/uploads\/2024\/02\/Diagram-6-1180x526.png 1180w, https:\/\/www.almega.se\/app\/uploads\/2024\/02\/Diagram-6-380x170.png 380w, https:\/\/www.almega.se\/app\/uploads\/2024\/02\/Diagram-6-768x343.png 768w\" sizes=\"auto, (max-width: 1381px) 100vw, 1381px\" \/><\/figure>\n\n\n\n<p>I andra \u00e4nden av ekvationen minskar nyrekryteringarna snabbt. Antalet utannonserade jobb i Sydsverige sj\u00f6nk successivt under 2023. I december fanns det 18 000 lediga platser i Sydsverige enligt Arbetsf\u00f6rmedlingen, en liten minskning med 0,4 procent j\u00e4mf\u00f6rt med samma m\u00e5nad 2022. I Malm\u00f6 minskade dock antalet lediga jobb med 17 procent i \u00e5rstakt, samtidigt som antalet arbetss\u00f6kande \u00f6kade. Nedg\u00e5ngen var d\u00e4rmed betydligt st\u00f6rre i Malm\u00f6 \u00e4n i riket som helhet d\u00e4r antalet lediga jobb minskade med tre procent under samma period.<\/p>\n\n\n\n<figure class=\"wp-block-image size-full\"><img loading=\"lazy\" decoding=\"async\" width=\"1368\" height=\"682\" src=\"https:\/\/www.almega.se\/app\/uploads\/2024\/02\/Diagram-7.png\" alt=\"\" class=\"wp-image-71272\" srcset=\"https:\/\/www.almega.se\/app\/uploads\/2024\/02\/Diagram-7.png 1368w, https:\/\/www.almega.se\/app\/uploads\/2024\/02\/Diagram-7-580x289.png 580w, https:\/\/www.almega.se\/app\/uploads\/2024\/02\/Diagram-7-1180x588.png 1180w, https:\/\/www.almega.se\/app\/uploads\/2024\/02\/Diagram-7-380x189.png 380w, https:\/\/www.almega.se\/app\/uploads\/2024\/02\/Diagram-7-768x383.png 768w\" sizes=\"auto, (max-width: 1368px) 100vw, 1368px\" \/><\/figure>\n\n\n\n<p>Sammantaget befaras l\u00e5gkonjunkturen smitta av sig alltmer p\u00e5 arbetsmarknaden i Sydsverige under 2024. Den svaga konjunkturbilden i kombination med ett omfattande strukturellt utanf\u00f6rskap \u00f6kar behovet av kostnadsd\u00e4mpande \u00e5tg\u00e4rder som \u00f6kar efterfr\u00e5gan p\u00e5 arbetskraft och mildrar l\u00e5gkonjunkturens effekter f\u00f6r b\u00e5de hush\u00e5ll och f\u00f6retag. En permanent s\u00e4nkning av arbetsgivaravgiften \u00e4r en s\u00e5dan strukturreform som kan bidra till att st\u00e4rka ekonomin och skapa nya jobb.<\/p>\n\n\n<a class='Share__link Share__link--url copy-text' href='#' rel='nofollow' data-text='\u00d6kat-forskningsstod-for-sankta-arbetsgivaravgifter' title='Dela url' data-confirmation='L\u00e4nken kopierades till urklipp'><svg class='icon icon--link'  width='18' height='18' viewBox='0 0 18 18' fill='none' xmlns='http:\/\/www.w3.org\/2000\/svg'>\n            <path d='M10.4142 0.514721L6.87868 4.05025L8.29289 5.46447L11.1213 2.63604L15.364 6.87868L12.5355 9.70711L13.9497 11.1213L17.4853 7.58579C17.8763 7.19476 17.8763 6.5626 17.4853 6.17158L11.8284 0.514721C11.4374 0.123691 10.8052 0.123691 10.4142 0.514721Z' fill='black'\/>\n            <path d='M9.7071 12.5355L6.87868 15.364L2.63604 11.1213L5.46446 8.2929L4.05025 6.87868L0.514716 10.4142C0.123686 10.8052 0.123686 11.4374 0.514716 11.8284L6.17157 17.4853C6.5626 17.8763 7.19475 17.8763 7.58578 17.4853L11.1213 13.9497L9.7071 12.5355Z' fill='black'\/>\n            <path d='M6.17157 11.8284C6.5626 12.2195 7.19475 12.2195 7.58578 11.8284L11.8284 7.58579C12.2195 7.19476 12.2195 6.56261 11.8284 6.17158C11.4374 5.78055 10.8052 5.78055 10.4142 6.17158L6.17157 10.4142C5.78054 10.8052 5.78054 11.4374 6.17157 11.8284Z' fill='black'\/>\n            <\/svg> <\/a>\n<h2 class=\"wp-block-heading\">\u00d6kat forskningsst\u00f6d f\u00f6r s\u00e4nkta arbetsgivaravgifter<\/h2>\n\n\n\n<p class=\"has-excerpt-font-size\">Kunskapen om hur arbetsgivaravgiften p\u00e5verkar syssels\u00e4ttningen har f\u00f6rb\u00e4ttrats markant under de senaste femton \u00e5ren.<\/p>\n\n\n\n<p>Fr\u00e5gan om arbetsgivaravgiftens betydelse har under denna tid ocks\u00e5 varit flitigt omdiskuterad i den ekonomisk-politiska debatten. Detta \u00e4r till stor del f\u00f6ljden av att ett antal faktiska arbetsgivaravgiftss\u00e4nkningar har provats i Sverige som riktades till unga arbetstagare. Under 2007 s\u00e4nktes arbetsgivaravgiften f\u00f6r personer mellan 18 och 24 \u00e5r. S\u00e4nkningen utvidgades under 2009 b\u00e5de sett till den \u00f6vre \u00e5ldersgr\u00e4nsen f\u00f6r m\u00e5lgruppen och till s\u00e4nkningens storlek. <\/p>\n\n\n\n<p>De tidigaste effektutv\u00e4rderingarna av arbetsgivarreformerna f\u00f6r unga 2007 respektive 2009 gav en bild av att syssels\u00e4ttningseffekterna hade varit blygsamma.<sup>17<\/sup> Under senare \u00e5rs forskning har dock en betydligt mer positiv bild v\u00e4xt fram av arbetsgivaravgiftss\u00e4nkningarnas effekt. Denna omv\u00e4rdering i forskningen beror p\u00e5 flera faktorer. <\/p>\n\n\n\n<p>F\u00f6r det f\u00f6rsta har forskningen under senare \u00e5r visat att arbetsgivaravgiftss\u00e4nkningarna f\u00f6r unga inte bara ledde till h\u00f6gre syssels\u00e4ttning bland unga arbetstagare utan \u00e4ven bland \u00e4ldre arbetstagare utanf\u00f6r reformens direkta m\u00e5lgrupp, en effekt som motsvarade runt en tredjedel av den totala syssels\u00e4ttningseffekten.<sup>18 <\/sup>Detta beror p\u00e5 att det \u00e4r f\u00f6retagen \u2013 och inte arbetstagarna \u2013 som v\u00e4ljer hur \u00f6verskottsmedlen fr\u00e5n en arbetsgivaravgiftss\u00e4nkning ska anv\u00e4ndas. Kostnadsbesparingen kunde d\u00e4rmed g\u00e5 till att anst\u00e4lla s\u00e5v\u00e4l \u00e4ldre medarbetare (utanf\u00f6r reformens m\u00e5lgrupp) som unga medarbetare. Motsvarande pengar kunde ocks\u00e5 anv\u00e4ndas till produktivitetsh\u00f6jande investeringar eller till att k\u00f6pa in externa tj\u00e4nster vilket stimulerar syssels\u00e4ttningen bland leverant\u00f6rer. <\/p>\n\n\n\n<p>F\u00f6r det andra har syssels\u00e4ttningseffekten av s\u00e4nkt arbetsgivaravgift visat sig v\u00e4xa \u00f6ver tid s\u00e5 att delar av effekten sl\u00e5r igenom f\u00f6rst p\u00e5 l\u00e5ng sikt. Detta identifierades emellertid inte av de tidiga reformutv\u00e4rderingarna.<sup>19<\/sup><\/p>\n\n\n\n<p>F\u00f6r det tredje har forskningen \u00e4ven funnit starka syssels\u00e4ttningseffekter p\u00e5 den s\u00e5 kallade intensiva marginalen. Det inneb\u00e4r att befintliga arbetstagare i f\u00f6retagen genom reformen fick m\u00f6jligheter att g\u00e5 upp i arbetstid, vilket utg\u00f6r en v\u00e4rdefull syssels\u00e4ttningseffekt f\u00f6r b\u00e5de anst\u00e4llda och f\u00f6retag.<sup>20<\/sup> En sammanfattande bild av forskningsl\u00e4get om svenska s\u00e4nkningar av arbetsgivaravgifter ges av tabell 1.<\/p>\n\n\n\n<h4 class=\"wp-block-heading\">Tabell 1: Effekter av svenska f\u00f6r\u00e4ndringar av arbetsgivaravgifter: studiesammanfattning&nbsp;<\/h4>\n\n\n\n<figure class=\"wp-block-table\"><table class=\"has-secondary-background-color has-background\"><tbody><tr><td><strong>Studie<\/strong><\/td><td><strong>Sammanfattning av viktiga slutsatser<\/strong><\/td><\/tr><tr><td>Holmlund (1982)<\/td><td>Generella h\u00f6jningar av arbetsgivaravgiften bed\u00f6mdes till cirka 50 procent oms\u00e4ttas i reducerade l\u00f6ne\u00f6kningar p\u00e5 ett \u00e5rs sikt.<\/td><\/tr><tr><td>Egebark &amp; Kaunitz (2013)<\/td><td>S\u00e4nkningen f\u00f6r unga 2007 ber\u00e4knades ha gett mellan 6 000 och 10&nbsp;000 nya jobb. Inga konstaterade effekter av s\u00e4nkningen 2009.<\/td><\/tr><tr><td>Bennmarker, Calmfors &amp; Seim (2013)<\/td><td>S\u00e4nkningarna f\u00f6r unga 2007 och 2009 medf\u00f6rde mestadels ingen \u00f6verv\u00e4ltring p\u00e5 l\u00f6nerna.<\/td><\/tr><tr><td>Skedinger (2014)<\/td><td>S\u00e4nkningarna f\u00f6r unga 2007\/2009 bed\u00f6mdes ha lett till en \u00f6kad syssels\u00e4ttningsgrad med 1,5 procentenheter f\u00f6r unga i detaljhandeln.<\/td><\/tr><tr><td>Egebark (2016)<\/td><td>Inga evidens f\u00f6r fler unga egenf\u00f6retagare till f\u00f6ljd av s\u00e4nkningarna f\u00f6r unga. Befintliga unga egenf\u00f6retagare bed\u00f6mdes dock ha lagt mer tid p\u00e5 f\u00f6retagandet (upp till 20 procent \u00f6kade inkomster fr\u00e5n n\u00e4ringsverksamhet).<\/td><\/tr><tr><td>Kaunitz &amp; Egebark (2017)<\/td><td>Inga evidens f\u00f6r att s\u00e4nkningarna f\u00f6r unga hade effekt p\u00e5 f\u00f6retagens l\u00f6nsamhet eller \u00f6verlevnadsgrad. Liten effekt p\u00e5 f\u00f6retagens investeringar.<\/td><\/tr><tr><td>Gidehag (2019)<\/td><td>S\u00e4nkningen f\u00f6r unga 2007 gav 1100 nya jobb f\u00f6r icke-v\u00e4stliga invandrare, en n\u00e5got st\u00f6rre effekt f\u00f6r gruppen \u00e4n f\u00f6r befolkningen som helhet.<\/td><\/tr><tr><td>Saez, Schoefer &amp; Seim (2019)<\/td><td>S\u00e4nkningarna f\u00f6r unga 2007\/2009 gav mellan 2,8 och 6,5 procent fler jobb i f\u00f6retag med h\u00f6g andel unga, j\u00e4mf\u00f6rt med i f\u00f6retag med en genomsnittlig andel unga.<\/td><\/tr><tr><td>Daunfeldt, Gidehag &amp; Rudholm (2021)<\/td><td>S\u00e4nkningen f\u00f6r unga 2007 skapade 18&nbsp;100 nya jobb, varav cirka 12&nbsp;600 nya jobb f\u00f6r unga och resterande f\u00f6r arbetstagare utanf\u00f6r reformens m\u00e5lgrupp.<\/td><\/tr><tr><td>Saez, Schofer &amp; Seim (2021)<\/td><td>S\u00e4nkningarna f\u00f6r unga skapade 229&nbsp;000 extra jobb\u00e5r \u00f6ver en 10-\u00e5rsperiod. Syssels\u00e4ttningseffekten konstaterades varaktig och v\u00e4xande \u00f6ver tid.<\/td><\/tr><tr><td>HUI Research &amp; Almega (2021)<\/td><td>En hypotetisk, generell s\u00e4nkning med tre procentenheter ber\u00e4knades skapa 106&nbsp;500 nya jobb. En s\u00e4nkning med sex procentenheter ber\u00e4knades ge 141&nbsp;000 nya jobb.<\/td><\/tr><tr><td>Seerar Westerberg (2021)<\/td><td>Vid s\u00e4nkningen 2007 omsattes 22 procent av kostnadss\u00e4nkningen i detaljhandeln i h\u00f6gre l\u00f6ner, fr\u00e4mst till f\u00f6ljd av ett \u00f6kat antal arbetade timmar. Endast cirka fem procent av kostnadsbesparingarna absorberades av h\u00f6gre timl\u00f6ner f\u00f6r befintliga arbetstagare.<\/td><\/tr><tr><td>Daunfeldt, Gidehag &amp; Seerar Westerberg (2021, 2023)<\/td><td>De nya jobben inom detaljhandeln fr\u00e5n s\u00e4nkningen f\u00f6r unga 2007 var klustrade omkring minimil\u00f6neniv\u00e5n. Reformen gynnade d\u00e4rf\u00f6r s\u00e4rskilt personer med svag arbetsmarknadsanknytning.<\/td><\/tr><tr><td>Almega (2023)<\/td><td>En hypotetisk, generell s\u00e4nkning med tre procentenheter ber\u00e4knades skapa 95&nbsp;400 nya jobb och h\u00f6ja BNP-tillv\u00e4xten med mellan 0,4 och 1,1 procent.<\/td><\/tr><\/tbody><\/table><\/figure>\n\n\n<a class='Share__link Share__link--url copy-text' href='#' rel='nofollow' data-text='13-000-nya-jobb-i-sydsverige-med-sankt-arbetsgivaravgift' title='Dela url' data-confirmation='L\u00e4nken kopierades till urklipp'><svg class='icon icon--link'  width='18' height='18' viewBox='0 0 18 18' fill='none' xmlns='http:\/\/www.w3.org\/2000\/svg'>\n            <path d='M10.4142 0.514721L6.87868 4.05025L8.29289 5.46447L11.1213 2.63604L15.364 6.87868L12.5355 9.70711L13.9497 11.1213L17.4853 7.58579C17.8763 7.19476 17.8763 6.5626 17.4853 6.17158L11.8284 0.514721C11.4374 0.123691 10.8052 0.123691 10.4142 0.514721Z' fill='black'\/>\n            <path d='M9.7071 12.5355L6.87868 15.364L2.63604 11.1213L5.46446 8.2929L4.05025 6.87868L0.514716 10.4142C0.123686 10.8052 0.123686 11.4374 0.514716 11.8284L6.17157 17.4853C6.5626 17.8763 7.19475 17.8763 7.58578 17.4853L11.1213 13.9497L9.7071 12.5355Z' fill='black'\/>\n            <path d='M6.17157 11.8284C6.5626 12.2195 7.19475 12.2195 7.58578 11.8284L11.8284 7.58579C12.2195 7.19476 12.2195 6.56261 11.8284 6.17158C11.4374 5.78055 10.8052 5.78055 10.4142 6.17158L6.17157 10.4142C5.78054 10.8052 5.78054 11.4374 6.17157 11.8284Z' fill='black'\/>\n            <\/svg> <\/a>\n<h2 class=\"wp-block-heading\">13 000 nya jobb i Sydsverige med s\u00e4nkt arbetsgivaravgift<\/h2>\n\n\n\n<p class=\"has-excerpt-font-size\">Syssels\u00e4ttnings\u00f6kningen av s\u00e4nkta arbetsgivaravgifter kan skattas som den procentuella s\u00e4nkningen av arbetskraftskostnaden multiplicerad med en efterfr\u00e5geelasticitet p\u00e5 arbetskraft som indikerar hur arbetsgivares efterfr\u00e5gan svarar p\u00e5 s\u00e4nkta arbetskraftskostnader.<\/p>\n\n\n\n<p>Storleken p\u00e5 s\u00e4nkningen av arbetskraftskostnaden f\u00f6ljer i princip av storleken p\u00e5 arbetsgivaravgiftss\u00e4nkningen. Betr\u00e4ffande efterfr\u00e5geelasticiteten p\u00e5 arbetskraft g\u00e5r det att g\u00f6ra antaganden om rimliga v\u00e4rden utifr\u00e5n tidigare empiriska utv\u00e4rderingar av arbetsgivaravgiftsreformer.<\/p>\n\n\n\n<p>Tv\u00e5 studier har p\u00e5 senare \u00e5r simulerat syssels\u00e4ttningseffekterna av en treprocentig s\u00e4nkning av arbetsgivaravgifterna f\u00f6r samtliga arbetstagare. B\u00e5da dessa studier (HUI Research &amp; Almega 2021, Almega 2023b) lutar sig mot den sammanv\u00e4gda forskningsbilden av effekterna vid s\u00e4nkningarna av arbetsgivaravgifter f\u00f6r unga arbetstagare. Syssels\u00e4ttningseffekten i f\u00f6rh\u00e5llande till arbetsgivarnas besparing extrapoleras d\u00e4refter till hypotetiska s\u00e4nkningar av arbetsgivaravgiften f\u00f6r samtliga arbetstagare. B\u00e5da studierna visar att en generell s\u00e4nkning med tre procentenheter skulle skapa runt 100 000 nya jobb i Sverige. Det senaste och n\u00e5got l\u00e4gre estimatet (fr\u00e5n Almega 2023b) var en effekt p\u00e5 95 400 nya jobb p\u00e5 nationell niv\u00e5. Reformen ber\u00e4knades ocks\u00e5 \u00f6ka BNP-tillv\u00e4xten med mellan 0,4 och 1,1 procent.<sup>21<\/sup><\/p>\n\n\n\n<p>Ovanst\u00e5ende resultat inneb\u00e4r att s\u00e4nkt arbetsgivaravgift med tre procentenheter kan \u00f6ka syssels\u00e4ttningen med 1,9 procent.<sup>22&nbsp;<\/sup> Det motsvarar 13 000 nya jobb i Sydsverige. Motsvarande siffra f\u00f6r Malm\u00f6 blir 3 100 nya jobb.<sup>23<\/sup>&nbsp;Reformen skulle d\u00e4rmed dubbelt upp kompensera det fall i syssels\u00e4ttningen som f\u00f6rv\u00e4ntas i Sydsverige under 2024 till f\u00f6ljd av l\u00e5gkonjunkturen.<\/p>\n\n\n\n<blockquote class=\"wp-block-quote is-layout-flow wp-block-quote-is-layout-flow\">\n<p>&#8221;B\u00e5da studierna visar att en generell s\u00e4nkning med tre procentenheter skulle skapa runt 100 000 nya jobb i Sverige.&#8221;<\/p>\n<\/blockquote>\n\n\n<a class='Share__link Share__link--url copy-text' href='#' rel='nofollow' data-text='sankt-arbetsgivaravgift-skapar-bade-enklare-och-kvalificerade-jobb' title='Dela url' data-confirmation='L\u00e4nken kopierades till urklipp'><svg class='icon icon--link'  width='18' height='18' viewBox='0 0 18 18' fill='none' xmlns='http:\/\/www.w3.org\/2000\/svg'>\n            <path d='M10.4142 0.514721L6.87868 4.05025L8.29289 5.46447L11.1213 2.63604L15.364 6.87868L12.5355 9.70711L13.9497 11.1213L17.4853 7.58579C17.8763 7.19476 17.8763 6.5626 17.4853 6.17158L11.8284 0.514721C11.4374 0.123691 10.8052 0.123691 10.4142 0.514721Z' fill='black'\/>\n            <path d='M9.7071 12.5355L6.87868 15.364L2.63604 11.1213L5.46446 8.2929L4.05025 6.87868L0.514716 10.4142C0.123686 10.8052 0.123686 11.4374 0.514716 11.8284L6.17157 17.4853C6.5626 17.8763 7.19475 17.8763 7.58578 17.4853L11.1213 13.9497L9.7071 12.5355Z' fill='black'\/>\n            <path d='M6.17157 11.8284C6.5626 12.2195 7.19475 12.2195 7.58578 11.8284L11.8284 7.58579C12.2195 7.19476 12.2195 6.56261 11.8284 6.17158C11.4374 5.78055 10.8052 5.78055 10.4142 6.17158L6.17157 10.4142C5.78054 10.8052 5.78054 11.4374 6.17157 11.8284Z' fill='black'\/>\n            <\/svg> <\/a>\n<h2 class=\"wp-block-heading\">S\u00e4nkt arbetsgivaravgift skapar b\u00e5de enklare och kvalificerade jobb<\/h2>\n\n\n\n<p class=\"has-excerpt-font-size\">F\u00f6r att utr\u00f6na vilka typer av jobb som en arbetsgivaravgiftss\u00e4nkning skapar har en simuleringsmodell anv\u00e4nts som beaktar den befintliga yrkesstrukturen i Sydsverige.<\/p>\n\n\n\n<p>F\u00f6rdelningen av de nya jobbens karakt\u00e4r bygger p\u00e5 att arbetskraftsutbudet p\u00e5 l\u00e5ng sikt anpassar sig till arbetsgivarnas (och i f\u00f6rl\u00e4ngningen konsumenternas) efterfr\u00e5gan. Skattningsmodellen<br>antar vidare att arbetsgivare med relativt stor andel personalkostnader i f\u00f6rh\u00e5llande till sina totala kostnader \u00f6kar sin efterfr\u00e5gan p\u00e5 arbetskraft mest i samband med en arbetsgivaravgiftss\u00e4nkning.<sup>24<\/sup><\/p>\n\n\n\n<p>En generell arbetsgivaravgiftss\u00e4nkning skapar effekter som \u00e4r breda med avseende p\u00e5 jobbens art och kvalifikationsniv\u00e5. N\u00e4ra tre fj\u00e4rdedelar av de nya jobben \u2013 9 300 jobb \u2013 bed\u00f6ms inte kr\u00e4va eftergymnasial utbildning, eller endast en kort s\u00e5dan. Det handlar om nya jobb inom bland annat service, omsorg, f\u00f6rs\u00e4ljning, byggverksamhet, tillverkning, administration och kundtj\u00e4nst.<\/p>\n\n\n\n<p>Omsorgsyrken utg\u00f6r en enskilt stor underkategori, d\u00e4r drygt 1 600 nya tj\u00e4nster f\u00f6rv\u00e4ntas skapas, s\u00e5som sk\u00f6tare, v\u00e5rdare och personliga assistenter, undersk\u00f6terskor, v\u00e5rdbitr\u00e4den, barnsk\u00f6tare och elevassistenter. S\u00e4nkt arbetsgivaravgift kan d\u00e4rmed hj\u00e4lpa fler individer med begr\u00e4nsad utbildningsbakgrund och arbetslivserfarenhet att f\u00e5 ett nytt jobb.<\/p>\n\n\n\n<p>S\u00e4nkningen av arbetsgivaravgiften f\u00f6rv\u00e4ntas dock p\u00e5 sikt \u00e4ven ge upphov till m\u00e5nga nya h\u00f6gspecialiserade jobb med l\u00e4ngre utbildningskrav. Antalet jobb som kr\u00e4ver f\u00f6rdjupad h\u00f6gskoleutbildning (minst tre \u00e5r) bed\u00f6ms \u00f6ka med n\u00e4rmare 2 900. \u00c4ven drygt 800 nya chefsjobb ber\u00e4knas skapas i Sydsverige.<\/p>\n\n\n\n<figure class=\"wp-block-image size-full\"><img loading=\"lazy\" decoding=\"async\" width=\"1377\" height=\"679\" src=\"https:\/\/www.almega.se\/app\/uploads\/2024\/02\/Diagram-8.png\" alt=\"\" class=\"wp-image-71273\" srcset=\"https:\/\/www.almega.se\/app\/uploads\/2024\/02\/Diagram-8.png 1377w, https:\/\/www.almega.se\/app\/uploads\/2024\/02\/Diagram-8-580x286.png 580w, https:\/\/www.almega.se\/app\/uploads\/2024\/02\/Diagram-8-1180x582.png 1180w, https:\/\/www.almega.se\/app\/uploads\/2024\/02\/Diagram-8-380x187.png 380w, https:\/\/www.almega.se\/app\/uploads\/2024\/02\/Diagram-8-768x379.png 768w\" sizes=\"auto, (max-width: 1377px) 100vw, 1377px\" \/><\/figure>\n\n\n\n<blockquote class=\"wp-block-quote is-layout-flow wp-block-quote-is-layout-flow\">\n<p>&#8221;Omsorgsyrken utg\u00f6r en enskilt stor underkategori d\u00e4r 1 600 nya tj\u00e4nster f\u00f6rv\u00e4ntas skapas, s\u00e5som sk\u00f6tare, v\u00e5rdare och personliga assistenter, undersk\u00f6terskor, v\u00e5rdbitr\u00e4den, barnsk\u00f6tare och elevassistenter.&#8221;<\/p>\n<\/blockquote>\n\n\n<a class='Share__link Share__link--url copy-text' href='#' rel='nofollow' data-text='lagre-kostnader-och-hogre-intakter-for-kommuner-och-regioner' title='Dela url' data-confirmation='L\u00e4nken kopierades till urklipp'><svg class='icon icon--link'  width='18' height='18' viewBox='0 0 18 18' fill='none' xmlns='http:\/\/www.w3.org\/2000\/svg'>\n            <path d='M10.4142 0.514721L6.87868 4.05025L8.29289 5.46447L11.1213 2.63604L15.364 6.87868L12.5355 9.70711L13.9497 11.1213L17.4853 7.58579C17.8763 7.19476 17.8763 6.5626 17.4853 6.17158L11.8284 0.514721C11.4374 0.123691 10.8052 0.123691 10.4142 0.514721Z' fill='black'\/>\n            <path d='M9.7071 12.5355L6.87868 15.364L2.63604 11.1213L5.46446 8.2929L4.05025 6.87868L0.514716 10.4142C0.123686 10.8052 0.123686 11.4374 0.514716 11.8284L6.17157 17.4853C6.5626 17.8763 7.19475 17.8763 7.58578 17.4853L11.1213 13.9497L9.7071 12.5355Z' fill='black'\/>\n            <path d='M6.17157 11.8284C6.5626 12.2195 7.19475 12.2195 7.58578 11.8284L11.8284 7.58579C12.2195 7.19476 12.2195 6.56261 11.8284 6.17158C11.4374 5.78055 10.8052 5.78055 10.4142 6.17158L6.17157 10.4142C5.78054 10.8052 5.78054 11.4374 6.17157 11.8284Z' fill='black'\/>\n            <\/svg> <\/a>\n<h2 class=\"wp-block-heading\">L\u00e4gre kostnader och h\u00f6gre int\u00e4kter f\u00f6r kommuner och regioner<\/h2>\n\n\n\n<p>S\u00e4nkta arbetsgivaravgifter medf\u00f6r ett inkomstbortfall i statsbudgeten. Detta bortfall v\u00e4gs upp av lika stora kostnadsbesparingar<br>f\u00f6r arbetsgivare i privat och offentlig sektor s\u00e5som kommuner och regioner. Den initiala kostnadsbesparingen f\u00f6r sydsvenska arbets- givare ber\u00e4knas till 7,6 miljarder kronor, varav 1,4 miljarder utg\u00f6r minskade kostnader f\u00f6r kommunerna och 0,6 miljarder kronor minskade kostnader f\u00f6r regionerna.<sup>25<\/sup><\/p>\n\n\n\n<p>I Almega (2023b) ber\u00e4knades att en generell s\u00e4nkning med tre procentenheter skulle inneb\u00e4ra ett initialt inkomstbortfall p\u00e5 totalt 47,2 miljarder kronor i statsbudgeten. Ut\u00f6ver den direkta (statiska) omf\u00f6rdelningseffekten av medel fr\u00e5n staten till f\u00f6retag, kommuner och regioner s\u00e5 stimulerar arbetsgivaravgifts- s\u00e4nkningar \u00e4ven syssels\u00e4ttning och produktion, huvudsakligen i det privata n\u00e4ringslivet. Denna dynamiska effekt genererar dels ett \u00e5terfl\u00f6de av arbetsgivaravgifter och moms till staten, dels skatteint\u00e4kter fr\u00e5n nya jobb till kommuner och regioner. Sett till hela den offentliga sektorn ber\u00e4knades att en s\u00e4nkning av arbetsgivaravgiften med tre procentenheter skulle ha en sj\u00e4lvfinansieringsgrad p\u00e5 58 procent. Mer \u00e4n h\u00e4lften av int\u00e4ktsbortfallet bed\u00f6ms allts\u00e5 komma tillbaka i \u00f6kade skatter och avgifter p\u00e5 n\u00e5gra \u00e5rs sikt, till f\u00f6ljd \u00f6kad produktion.<\/p>\n\n\n\n<p>Expanderad produktion och syssels\u00e4ttning i det sydsvenska n\u00e4ringslivet ger s\u00e5ledes upphov till nya kommunala och regionala skatteint\u00e4kter. Dessa extra medel ber\u00e4knas till 1,3 miljarder kronor f\u00f6r sydsvenska kommuner. Till Region Sk\u00e5ne respektive Region Blekinge ber\u00e4knas samma effekt ge ett tillskott med totalt 0,7 miljarder kronor. Det inneb\u00e4r att totaleffekten p\u00e5 n\u00e5gra \u00e5rs sikt \u2013 bed\u00f6ms uppg\u00e5 till 2,7 miljarder kronor f\u00f6r de sydsvenska kommunerna och 1,3 miljarder kronor f\u00f6r de sydsvenska regionerna.<\/p>\n\n\n\n<h4 class=\"wp-block-heading\">Tabell 2: Ekonomiska effekter f\u00f6r kommuner och regioner i V\u00e4stsverige av s\u00e4nkt arbetsgivaravgift med tre procentenheter<\/h4>\n\n\n\n<figure class=\"wp-block-table\"><table class=\"has-secondary-background-color has-background\"><tbody><tr><td><strong>&nbsp;<\/strong><\/td><td><strong>Kommuner i V\u00e4stsverige<\/strong><\/td><td><strong>Regioner i V\u00e4stsverige<\/strong><\/td><\/tr><tr><td><strong>Statisk effekt<br><\/strong>(kostnadsbesparing till f\u00f6ljd av omf\u00f6rdelning fr\u00e5n statskassan)<\/td><td>+1,4 mdr.<\/td><td>+0,6 mdr. kr.<\/td><\/tr><tr><td><strong>Dynamisk effekt<\/strong><br>(nya int\u00e4kter till f\u00f6ljd av \u00f6kad produktion och syssels\u00e4ttning)<\/td><td>+1,3 mdr. kr.<\/td><td>+0,7 mdr. kr.<\/td><\/tr><tr><td><strong>Totaleffekt<\/strong><\/td><td>+2,7 mdr. kr.<\/td><td>+1,3 mdr. kr.<\/td><\/tr><\/tbody><\/table><figcaption class=\"wp-element-caption\">K\u00e4lla: Egna ber\u00e4kningar<\/figcaption><\/figure>\n\n\n<a class='Share__link Share__link--url copy-text' href='#' rel='nofollow' data-text='referenser' title='Dela url' data-confirmation='L\u00e4nken kopierades till urklipp'><svg class='icon icon--link'  width='18' height='18' viewBox='0 0 18 18' fill='none' xmlns='http:\/\/www.w3.org\/2000\/svg'>\n            <path d='M10.4142 0.514721L6.87868 4.05025L8.29289 5.46447L11.1213 2.63604L15.364 6.87868L12.5355 9.70711L13.9497 11.1213L17.4853 7.58579C17.8763 7.19476 17.8763 6.5626 17.4853 6.17158L11.8284 0.514721C11.4374 0.123691 10.8052 0.123691 10.4142 0.514721Z' fill='black'\/>\n            <path d='M9.7071 12.5355L6.87868 15.364L2.63604 11.1213L5.46446 8.2929L4.05025 6.87868L0.514716 10.4142C0.123686 10.8052 0.123686 11.4374 0.514716 11.8284L6.17157 17.4853C6.5626 17.8763 7.19475 17.8763 7.58578 17.4853L11.1213 13.9497L9.7071 12.5355Z' fill='black'\/>\n            <path d='M6.17157 11.8284C6.5626 12.2195 7.19475 12.2195 7.58578 11.8284L11.8284 7.58579C12.2195 7.19476 12.2195 6.56261 11.8284 6.17158C11.4374 5.78055 10.8052 5.78055 10.4142 6.17158L6.17157 10.4142C5.78054 10.8052 5.78054 11.4374 6.17157 11.8284Z' fill='black'\/>\n            <\/svg> <\/a>\n<h2 class=\"wp-block-heading\">Referenser<\/h2>\n\n\n\n<p>Almega (2023a). <strong>Svenska arbetsgivaravgifter fortsatt i Europatoppen.<\/strong> https:\/\/www.almega.se\/app\/uploads\/2023\/09\/230907-Sveriges-arbetsgivaravgifter-fortsatt-i-Europatoppen.pdf<\/p>\n\n\n\n<p>Almega (2023b). <strong>S\u00e4nkta arbetsgivaravgifter f\u00f6r fler jobb och \u00f6kad tillv\u00e4xt.<\/strong> Rapport framtagen av Makrologik p\u00e5 uppdrag av<br>Almega. https:\/\/www.almega.se\/app\/uploads\/2023\/10\/231017-Sankta-arbetsgivaravgifter-for-fler-jobb-och-okad-tillvaxt.<br>pdf<\/p>\n\n\n\n<p>Bennmarker, Helge; Calmfors, Lars &amp; Larsson Seim, Anna (2013). Earned income tax credits, unemployment benefits and wages:<br>empirical evidence from Sweden.<strong> IFAU Working Paper<\/strong> 2013:12. https:\/\/www.ifau.se\/globalassets\/pdf\/se\/2013\/wp2013-12- earned-income-tax-credits-unemployment-benefits-and-wages.pdf<\/p>\n\n\n\n<p>Daunfeldt, Sven-Olov &amp; Gidehag, Anton (2021). Syssels\u00e4ttningseffekter av s\u00e4nkta arbetsgivaravgifter: en forsknings\u00f6versikt. <strong>HFI Forskningsrapport <\/strong>2021:05. https:\/\/hfi.se\/wp-content\/uploads\/2021\/10\/forskningsoversikt211021final.pdf<\/p>\n\n\n\n<p>Daunfeldt, Sven-Olov; Gidehag, Anton &amp; Rudholm, Niklas (2021). How do firms respond to reduced labor costs? Evidence from the 2007 Swedish payroll tax reform. <strong>Journal of Industry, Competition and Trade.<\/strong> https:\/\/www.diva-portal.org\/smash\/get\/ diva2:1549269\/FULLTEXT01.pdf<\/p>\n\n\n\n<p>Daunfeldt, Sven-Olov; Gidehag, Anton, &amp; Seerar Westerberg, Hans (2021). Arbetskraftskostnadernas effekt p\u00e5 instegsjobben: En analys av detaljhandeln. <strong>HFI Forskningsrapport<\/strong> 2021:05. https:\/\/hfi.se\/wp-content\/uploads\/2021\/10\/ instegsjobb211020final.pdf<\/p>\n\n\n\n<p>Daunfeldt, Sven-Olov; Gidehag, Anton &amp; Seerar Westerberg, Hans (2023). Do reduced labor costs increase among minimum wage workers? Evidence from a Swedish payroll cut. <strong>HFI Working Paper <\/strong>no. 26. https:\/\/hfi.se\/wp-content\/uploads\/2023\/01\/Paper-2_ Hans-Seerar-Westerberg.pdf<\/p>\n\n\n\n<p>Daunfeldt, Lidefelt &amp; Mikkonen (2023). <strong>Reformer f\u00f6r fler i arbete. <\/strong>Svenskt N\u00e4ringsliv, februari 2023. https:\/\/www.svensktnaringsliv.se\/bilder_och_dokument\/2uu146_rapport-fler-i-arbete-webbpdf_1197122.html\/ Rapport+Fler+i+arbete+WEBB.pdf<\/p>\n\n\n\n<p>Deiaco, Enrico &amp; Eklund, Johan (2020). <strong>V\u00e4gar till sj\u00e4lvf\u00f6rs\u00f6rjning. Slutrapport i projektet Integration Sverige.<\/strong> Entrepren\u00f6rskapsforum. https:\/\/entreprenorskapsforum.se\/wp-content\/uploads\/2020\/12\/Vagar_till_sjalvforsorjning_rapport_web.pdf<\/p>\n\n\n\n<p>Egebark, Johan (2016). Effects of taxes on youth self-employment and income. <strong>IFAU Working Paper <\/strong>2016:4. https:\/\/www.ifau.se\/globalassets\/pdf\/se\/2016\/wp2016-04-effects-of-taxes-on-youth-self-employment-and-income.pdf<\/p>\n\n\n\n<p>Egebark, Johan &amp; Kaunitz, Niklas (2013). Do payroll cuts raise youth employment? <strong>IFAU Working Paper<\/strong> 2013:27. https:\/\/www.ifau.se\/globalassets\/pdf\/se\/2013\/wp2013-27-do-payroll-tax-cuts-raise-youth-employment.pdf<br><\/p>\n\n\n\n<p>F\u00f6retagarna (2021). <strong>Vad f\u00e5r jag f\u00f6r pengarna? S\u00e5 p\u00e5verkar arbetsgivaravgifterna och socialf\u00f6rs\u00e4kringssystemet Sveriges mindre och v\u00e4xande f\u00f6retag. <\/strong>Rapport framtagen av HUI Research p\u00e5 uppdrag av F\u00f6retagarna. https:\/\/www.foretagarna.se\/cont entassets\/50cc1599c1f44e9798d25e656ee6be81\/2111-vad-far-jag-for-pengarna.pdf<\/p>\n\n\n\n<p>Gidehag, Anton. (2019). Firms\u2019 labor cost savings and recruitment of non-western immigrants: the unintended effect of a payroll tax reform.<strong> HFI Working Paper<\/strong>, no. 5. https:\/\/hfi.se\/wp-content\/uploads\/2019\/12\/agimmigrantswp.pdf<\/p>\n\n\n\n<p>Holmlund, Bertil (1982). Payroll taxes and wage Inflation: The Swedish experiences.<strong> IFN Working Paper, <\/strong>no. 68 1982. https:\/\/www.ifn.se\/wfiles\/wp\/wp068.pdf<\/p>\n\n\n\n<p>HUI Research &amp; Almega (2021). <strong>S\u00e4nkta arbetsgivaravgifter skapar 100 000 nya jobb<\/strong>. Rapport framtagen av HUI Research p\u00e5 uppdrag av Almega. https:\/\/www.almega.se\/app\/uploads\/2021\/03\/sankta-arbetsgivaravgifter-2103.pdf<\/p>\n\n\n\n<p>Kaunitz, Niklas &amp; Egebark, Johan (2017). Payroll Taxes and Firm Performance. <strong>IFN Working Paper<\/strong>, no. 1175. https:\/\/www.ifn.se\/wfiles\/wp\/wp1175.pdf<\/p>\n\n\n\n<p>Konjunkturinstitutet (2022). <strong>Finanspolitikens effekt p\u00e5 inflationen \u2013 ett allm\u00e4n-j\u00e4mviktsperspektiv.<\/strong> KI-kommentar, Almerud, Jakob, 8 december 2022. https:\/\/www.konj.se\/download\/18.21cbc2c9184b3f68ac0a853f\/1670498544852\/2022-12-08%20 Inflationsmultiplikatorer.pdf<\/p>\n\n\n\n<p>Livsmedelsf\u00f6retagen (2023).&nbsp;<strong>Konjunkturbrev<\/strong>, Q3 2023.https:\/\/www.livsmedelsforetagen.se\/app\/uploads\/2023\/11\/ livsmedelsforetagen-konjunkturbrev-2023-q3-final.pdf<\/p>\n\n\n\n<p>Nordea (2023). Kalejdoskop. Konjunkturutsikterna skiftar mellan olika delar av landet<strong>. Regionala utsikter <\/strong>#2 2023. https:\/\/docs.nordeamarkets.com\/EconomicOutlook\/regionala-utsikter-02-2023\/<\/p>\n\n\n\n<p>Saez, Emmanuel; Schoefer, Benjamin &amp; Seim, David (2019). Payroll Taxes, Firm Behavior, and Rent Sharing: Evidence from a Young Workers\u2019 Tax Cut in Sweden. <strong>American Economic Review <\/strong>2019 109:5, 1717-1763. https:\/\/pubs.aeaweb.org\/doi\/pdfplus\/10.1257\/ aer.20171937<\/p>\n\n\n\n<p>Saez, Emmanuel; Schoefer, Benjamin &amp; Seim, David (2021). Hysteresis from employer subsidies. <strong>National Bureau of Economic Research, Working Paper <\/strong>26391. https:\/\/www.nber.org\/system\/files\/working_papers\/w26391\/w26391.pdf<\/p>\n\n\n\n<p>Seerar Westerberg, Hans (2021). Are payroll tax cuts absorbed by insiders? Evidence from the Swedish retail industry. <strong>HFI Working Paper,<\/strong> no. 20. https:\/\/www.econstor.eu\/bitstream\/10419\/246774\/1\/hfi-wp020.pdf<\/p>\n\n\n\n<p>Skedinger, Per (2007). Minimil\u00f6ners effekter p\u00e5 syssels\u00e4ttning och l\u00f6ner \u2013 en \u00f6versikt. <strong>Arbetsmarknad &amp; Arbetsliv,<\/strong> \u00e5rg 13, nr 2, sommaren 2007. http:\/\/www.diva-portal.org\/smash\/get\/diva2:159740\/fulltext01.pdf<\/p>\n\n\n\n<p>Skedinger, Per (2014). Effects of Payroll Tax Cuts for Young Workers. <strong>Nordic Economic Policy Review <\/strong>1\/2014. https:\/\/www.ifn.se\/media\/x5qlvsbv\/reprint2014-18.pdf<\/p>\n\n\n\n<p>Sparbanken Sk\u00e5ne &amp; \u00f8resundsinstitutet (2023).&nbsp;<strong>Sk\u00e5nsk konjunktur.&nbsp;<\/strong>November 2023.&nbsp;https:\/\/internetbank.swedbank.se\/ConditionsEarchive\/download?bankid=1111&amp;id=WEBDOC-PRODE164435981 <\/p>\n\n\n\n<p>Svenskt N\u00e4ringsliv (2023). Konjunkturen \u2013 Blekinge.&nbsp;<strong>F\u00f6retagarpanelen&nbsp;<\/strong>Q4-2023. <\/p>\n\n\n\n<p>Svenskt N\u00e4ringsliv (2023). Konjunkturen \u2013 Sk\u00e5ne.&nbsp;<strong>F\u00f6retagarpanelen&nbsp;<\/strong>Q4-2023.<\/p>\n\n\n<a class='Share__link Share__link--url copy-text' href='#' rel='nofollow' data-text='fotnoter' title='Dela url' data-confirmation='L\u00e4nken kopierades till urklipp'><svg class='icon icon--link'  width='18' height='18' viewBox='0 0 18 18' fill='none' xmlns='http:\/\/www.w3.org\/2000\/svg'>\n            <path d='M10.4142 0.514721L6.87868 4.05025L8.29289 5.46447L11.1213 2.63604L15.364 6.87868L12.5355 9.70711L13.9497 11.1213L17.4853 7.58579C17.8763 7.19476 17.8763 6.5626 17.4853 6.17158L11.8284 0.514721C11.4374 0.123691 10.8052 0.123691 10.4142 0.514721Z' fill='black'\/>\n            <path d='M9.7071 12.5355L6.87868 15.364L2.63604 11.1213L5.46446 8.2929L4.05025 6.87868L0.514716 10.4142C0.123686 10.8052 0.123686 11.4374 0.514716 11.8284L6.17157 17.4853C6.5626 17.8763 7.19475 17.8763 7.58578 17.4853L11.1213 13.9497L9.7071 12.5355Z' fill='black'\/>\n            <path d='M6.17157 11.8284C6.5626 12.2195 7.19475 12.2195 7.58578 11.8284L11.8284 7.58579C12.2195 7.19476 12.2195 6.56261 11.8284 6.17158C11.4374 5.78055 10.8052 5.78055 10.4142 6.17158L6.17157 10.4142C5.78054 10.8052 5.78054 11.4374 6.17157 11.8284Z' fill='black'\/>\n            <\/svg> <\/a>\n<h2 class=\"wp-block-heading\">Fotnoter<\/h2>\n\n\n\n<ol class=\"wp-block-list\">\n<li>Enligt SCB, LAPS.<\/li>\n\n\n\n<li>Enligt SCB Regionalr\u00e4kenskaper. Siffran f\u00f6r totala inbetalningar avser fr\u00e5n b\u00e5de privata och offentliga arbetsgivare. Motsvarande siffra f\u00f6r hela riket var 578 miljarder kronor.<\/li>\n\n\n\n<li>Se F\u00f6retagarna (2021).<\/li>\n\n\n\n<li>Se exempelvis Almega (2023a) samt Daunfeldt &amp; Gidehag (2021).<\/li>\n\n\n\n<li>Uppgifter om syssels\u00e4ttning och BNP-bidrag kommer fr\u00e5n SCB. Uppgiften om exporten kommer fr\u00e5n Tillv\u00e4xtverket.<\/li>\n\n\n\n<li>I arbetskraftsunders\u00f6kningarna m\u00e4ter SCB arbetsl\u00f6sheten genom telefonintervjuer. Denna metod brukar ge n\u00e5got h\u00f6gre arbetsl\u00f6shetstal \u00e4n vad som framkommer inom ramen f\u00f6r de registerbaserade arbetsl\u00f6shetsm\u00e5tt som vilar p\u00e5 antalet individer som \u00e4r inskrivna hos Arbetsf\u00f6rmedlingen.<\/li>\n\n\n\n<li>Enligt SCB, Befolkningens arbetsmarknadsstatus. Denna unders\u00f6kning bygger p\u00e5 registerdata fr\u00e5n arbetsgivardeklarationer till Skatteverket, Arbetsf\u00f6rmedlingens register samt utbetalning av olika ers\u00e4ttningar s\u00e5som sjukers\u00e4ttning och pensioner. Personer som \u00e4r i arbetskraften klassificeras definitionsm\u00e4ssigt som antingen sysselsatta eller inskrivna arbetsl\u00f6sa enligt Arbetsf\u00f6rmedlingens statistik.<\/li>\n\n\n\n<li>Se exempelvis Deiaco &amp; Eklund (2020) och Daunfeldt, Lidefelt &amp; Mikkonen (2023).<\/li>\n\n\n\n<li>Enligt den tekniska definitionen av recession s\u00e5som tv\u00e5 raka kvartal av fallande BNP.<\/li>\n\n\n\n<li>Svenskt N\u00e4ringsliv, F\u00f6retagarpanelen Q4 2023.<\/li>\n\n\n\n<li>Se Sparbanken Sk\u00e5ne &amp; \u00f8resundsinstitutet (2023), Sk\u00e5nsk konjunktur, november 2023.<\/li>\n\n\n\n<li>Siffran kommer fr\u00e5n Tillv\u00e4xtverket och avser perioden januari till november.<\/li>\n\n\n\n<li>Avser f\u00f6rs\u00e4ljningsvolymer nationellt och p\u00e5 hemmamarknaden. Se Livsmedelsf\u00f6retagen (2023).<\/li>\n\n\n\n<li>Enligt Konjunkturinstitutets indikator f\u00f6r det totala n\u00e4ringslivet.<\/li>\n\n\n\n<li>Nordea, Regionala utsikter #2 2023. Antalet sysselsatta under det fj\u00e4rde kvartalet 2023 uppskattades enligt<br>SCB:s arbetskraftsunders\u00f6kningar till 780 300 personer och i oktober m\u00e5nad till 686 816 personer (20\u201364 \u00e5r) enligt SCB:s registerbaserade statistik.<\/li>\n\n\n\n<li>Enligt SCB, Befolkningens arbetsmarknadsstatus, 16\u201364 \u00e5r.<\/li>\n\n\n\n<li>Tongivande i denna tidiga litteratur var studierna av Egebark &amp; Kaunitz (2013) samt Skedinger (2014).<\/li>\n\n\n\n<li>Se Daunfeldt, Gidehag &amp; Rudholm (2021) samt Saez, Schoefer &amp; Seim (2019).<\/li>\n\n\n\n<li>Saez, Schoefer &amp; Seim (2021).<\/li>\n\n\n\n<li>Se Seerar Westerberg (2021).<\/li>\n\n\n\n<li>F\u00f6r Sydsverige motsvarar tillv\u00e4xt\u00f6kningen ett extra samh\u00e4llsekonomiskt v\u00e4rde p\u00e5 mellan 3,0 och 8,3 miljarder kronor, vilket m\u00f6jligg\u00f6r h\u00f6gre regional konsumtion inom s\u00e5v\u00e4l privat som offentlig sektor.<\/li>\n\n\n\n<li>Se Almega (2023b).<\/li>\n\n\n\n<li>Antalet sysselsatta i Sydsverige i oktober 2023 uppgick till 686 816 personer (20\u201364 \u00e5r), enligt SCB:s registerbaserade statistik. Motsvarande siffror f\u00f6r Malm\u00f6 kommun var 162 933 personer.<\/li>\n\n\n\n<li>Se Skedinger (2007) samt en mer fullst\u00e4ndig beskrivning av modellen som anv\u00e4nds i Almega (2023b).<\/li>\n\n\n\n<li>Ber\u00e4knat som (0,03\/0,3142)*79,1 d\u00e4r 31,42 procent \u00e4r den nuvarande arbetsgivaravgiften och 79,1 de totala arbetsgivaravgifterna fr\u00e5n arbetsgivare i Sydsverige enligt SCB Regionalr\u00e4kenskaper (2022). Bortfallet fr\u00e5n kommunala och regionala arbetsgivare har skattats utifr\u00e5n uppgifter om personalkostnader och syssels\u00e4ttning i motsvarande kommer och regioner.<\/li>\n<\/ol>\n","protected":false},"excerpt":{"rendered":"<p>Fler jobb, \u00f6kad tillv\u00e4xt och st\u00e4rkt<br \/>\nekonomi f\u00f6r kommuner och regioner.<\/p>\n","protected":false},"author":16543,"featured_media":71286,"comment_status":"closed","ping_status":"closed","sticky":false,"template":"","format":"standard","meta":{"_acf_changed":false,"footnotes":""},"categories":[64,630,57],"tags":[],"article_type":[42],"agreement":[],"class_list":["post-71264","post","type-post","status-publish","format-standard","has-post-thumbnail","hentry","category-arbetsmarknad","category-konjunktur","category-skatter","type-rapporter"],"acf":[],"yoast_head":"<!-- This site is optimized with the Yoast SEO Premium plugin v26.8 (Yoast SEO v26.8) - https:\/\/yoast.com\/product\/yoast-seo-premium-wordpress\/ -->\n<title>13 000 nya jobb i Sydsverige med s\u00e4nkt arbetsgivaravgift | Almega<\/title>\n<meta name=\"robots\" content=\"index, follow, max-snippet:-1, max-image-preview:large, max-video-preview:-1\" \/>\n<link rel=\"canonical\" href=\"https:\/\/www.almega.se\/2024\/02\/13-000-nya-jobb-i-sydsverige-med-sankt-arbetsgivaravgift\/\" \/>\n<meta property=\"og:locale\" content=\"sv_SE\" \/>\n<meta property=\"og:type\" content=\"article\" \/>\n<meta property=\"og:title\" content=\"13 000 nya jobb i Sydsverige med s\u00e4nkt arbetsgivaravgift\" \/>\n<meta property=\"og:description\" content=\"Fler jobb, \u00f6kad tillv\u00e4xt och st\u00e4rkt ekonomi f\u00f6r kommuner och regioner.\" \/>\n<meta property=\"og:url\" content=\"https:\/\/www.almega.se\/2024\/02\/13-000-nya-jobb-i-sydsverige-med-sankt-arbetsgivaravgift\/\" \/>\n<meta property=\"og:site_name\" content=\"Almega\" \/>\n<meta property=\"article:published_time\" content=\"2024-02-12T04:30:00+00:00\" \/>\n<meta property=\"article:modified_time\" content=\"2024-02-13T12:19:27+00:00\" \/>\n<meta property=\"og:image\" content=\"https:\/\/www.almega.se\/app\/uploads\/2024\/02\/13000-1180x691.png\" \/>\n\t<meta property=\"og:image:width\" content=\"1180\" \/>\n\t<meta property=\"og:image:height\" content=\"691\" \/>\n\t<meta property=\"og:image:type\" content=\"image\/png\" \/>\n<meta name=\"author\" content=\"R\u00e9ka Tolnai\" \/>\n<meta name=\"twitter:card\" content=\"summary_large_image\" \/>\n<meta name=\"twitter:label1\" content=\"Skriven av\" \/>\n\t<meta name=\"twitter:data1\" content=\"R\u00e9ka Tolnai\" \/>\n\t<meta name=\"twitter:label2\" content=\"Ber\u00e4knad l\u00e4stid\" \/>\n\t<meta name=\"twitter:data2\" content=\"24 minuter\" \/>\n<!-- \/ Yoast SEO Premium plugin. -->","yoast_head_json":{"title":"13 000 nya jobb i Sydsverige med s\u00e4nkt arbetsgivaravgift | Almega","robots":{"index":"index","follow":"follow","max-snippet":"max-snippet:-1","max-image-preview":"max-image-preview:large","max-video-preview":"max-video-preview:-1"},"canonical":"https:\/\/www.almega.se\/2024\/02\/13-000-nya-jobb-i-sydsverige-med-sankt-arbetsgivaravgift\/","og_locale":"sv_SE","og_type":"article","og_title":"13 000 nya jobb i Sydsverige med s\u00e4nkt arbetsgivaravgift","og_description":"Fler jobb, \u00f6kad tillv\u00e4xt och st\u00e4rkt ekonomi f\u00f6r kommuner och regioner.","og_url":"https:\/\/www.almega.se\/2024\/02\/13-000-nya-jobb-i-sydsverige-med-sankt-arbetsgivaravgift\/","og_site_name":"Almega","article_published_time":"2024-02-12T04:30:00+00:00","article_modified_time":"2024-02-13T12:19:27+00:00","og_image":[{"width":1180,"height":691,"url":"https:\/\/www.almega.se\/app\/uploads\/2024\/02\/13000-1180x691.png","type":"image\/png"}],"author":"R\u00e9ka Tolnai","twitter_card":"summary_large_image","twitter_misc":{"Skriven av":"R\u00e9ka Tolnai","Ber\u00e4knad l\u00e4stid":"24 minuter"},"schema":{"@context":"https:\/\/schema.org","@graph":[{"@type":"NewsArticle","@id":"https:\/\/www.almega.se\/2024\/02\/13-000-nya-jobb-i-sydsverige-med-sankt-arbetsgivaravgift\/#article","isPartOf":{"@id":"https:\/\/www.almega.se\/2024\/02\/13-000-nya-jobb-i-sydsverige-med-sankt-arbetsgivaravgift\/"},"author":{"name":"R\u00e9ka Tolnai","@id":"https:\/\/www.almega.se\/#\/schema\/person\/e54aa110880538cf5ceac0ac54bbecf7"},"headline":"13 000 nya jobb i Sydsverige med s\u00e4nkt arbetsgivaravgift","datePublished":"2024-02-12T04:30:00+00:00","dateModified":"2024-02-13T12:19:27+00:00","mainEntityOfPage":{"@id":"https:\/\/www.almega.se\/2024\/02\/13-000-nya-jobb-i-sydsverige-med-sankt-arbetsgivaravgift\/"},"wordCount":5259,"image":{"@id":"https:\/\/www.almega.se\/2024\/02\/13-000-nya-jobb-i-sydsverige-med-sankt-arbetsgivaravgift\/#primaryimage"},"thumbnailUrl":"https:\/\/www.almega.se\/app\/uploads\/2024\/02\/13000.png","articleSection":["Arbetsmarknad","Konjunktur","Skatter"],"inLanguage":"sv-SE"},{"@type":"WebPage","@id":"https:\/\/www.almega.se\/2024\/02\/13-000-nya-jobb-i-sydsverige-med-sankt-arbetsgivaravgift\/","url":"https:\/\/www.almega.se\/2024\/02\/13-000-nya-jobb-i-sydsverige-med-sankt-arbetsgivaravgift\/","name":"13 000 nya jobb i Sydsverige med s\u00e4nkt arbetsgivaravgift | Almega","isPartOf":{"@id":"https:\/\/www.almega.se\/#website"},"primaryImageOfPage":{"@id":"https:\/\/www.almega.se\/2024\/02\/13-000-nya-jobb-i-sydsverige-med-sankt-arbetsgivaravgift\/#primaryimage"},"image":{"@id":"https:\/\/www.almega.se\/2024\/02\/13-000-nya-jobb-i-sydsverige-med-sankt-arbetsgivaravgift\/#primaryimage"},"thumbnailUrl":"https:\/\/www.almega.se\/app\/uploads\/2024\/02\/13000.png","datePublished":"2024-02-12T04:30:00+00:00","dateModified":"2024-02-13T12:19:27+00:00","author":{"@id":"https:\/\/www.almega.se\/#\/schema\/person\/e54aa110880538cf5ceac0ac54bbecf7"},"breadcrumb":{"@id":"https:\/\/www.almega.se\/2024\/02\/13-000-nya-jobb-i-sydsverige-med-sankt-arbetsgivaravgift\/#breadcrumb"},"inLanguage":"sv-SE","potentialAction":[{"@type":"ReadAction","target":["https:\/\/www.almega.se\/2024\/02\/13-000-nya-jobb-i-sydsverige-med-sankt-arbetsgivaravgift\/"]}]},{"@type":"ImageObject","inLanguage":"sv-SE","@id":"https:\/\/www.almega.se\/2024\/02\/13-000-nya-jobb-i-sydsverige-med-sankt-arbetsgivaravgift\/#primaryimage","url":"https:\/\/www.almega.se\/app\/uploads\/2024\/02\/13000.png","contentUrl":"https:\/\/www.almega.se\/app\/uploads\/2024\/02\/13000.png","width":4400,"height":2575,"caption":"Ny rapport: 13 000 nya jobb med s\u00e4nkta arbetsgivaravgifter"},{"@type":"BreadcrumbList","@id":"https:\/\/www.almega.se\/2024\/02\/13-000-nya-jobb-i-sydsverige-med-sankt-arbetsgivaravgift\/#breadcrumb","itemListElement":[{"@type":"ListItem","position":1,"name":"Home","item":"https:\/\/www.almega.se\/"},{"@type":"ListItem","position":2,"name":"13 000 nya jobb i Sydsverige med s\u00e4nkt arbetsgivaravgift"}]},{"@type":"WebSite","@id":"https:\/\/www.almega.se\/#website","url":"https:\/\/www.almega.se\/","name":"Almega","description":"","potentialAction":[{"@type":"SearchAction","target":{"@type":"EntryPoint","urlTemplate":"https:\/\/www.almega.se\/?s={search_term_string}"},"query-input":{"@type":"PropertyValueSpecification","valueRequired":true,"valueName":"search_term_string"}}],"inLanguage":"sv-SE"},{"@type":"Person","@id":"https:\/\/www.almega.se\/#\/schema\/person\/e54aa110880538cf5ceac0ac54bbecf7","name":"R\u00e9ka Tolnai","image":{"@type":"ImageObject","inLanguage":"sv-SE","@id":"https:\/\/www.almega.se\/#\/schema\/person\/image\/","url":"https:\/\/secure.gravatar.com\/avatar\/c722d4a4ee787603df9df499a683d681bd2c463bde248da25aabc45883d614d2?s=96&d=mm&r=g","contentUrl":"https:\/\/secure.gravatar.com\/avatar\/c722d4a4ee787603df9df499a683d681bd2c463bde248da25aabc45883d614d2?s=96&d=mm&r=g","caption":"R\u00e9ka Tolnai"},"url":"https:\/\/www.almega.se\/person\/rekatolnai\/"}]}},"_links":{"self":[{"href":"https:\/\/www.almega.se\/api\/wp\/v2\/posts\/71264","targetHints":{"allow":["GET"]}}],"collection":[{"href":"https:\/\/www.almega.se\/api\/wp\/v2\/posts"}],"about":[{"href":"https:\/\/www.almega.se\/api\/wp\/v2\/types\/post"}],"author":[{"embeddable":true,"href":"https:\/\/www.almega.se\/api\/wp\/v2\/users\/16543"}],"replies":[{"embeddable":true,"href":"https:\/\/www.almega.se\/api\/wp\/v2\/comments?post=71264"}],"version-history":[{"count":3,"href":"https:\/\/www.almega.se\/api\/wp\/v2\/posts\/71264\/revisions"}],"predecessor-version":[{"id":71661,"href":"https:\/\/www.almega.se\/api\/wp\/v2\/posts\/71264\/revisions\/71661"}],"wp:featuredmedia":[{"embeddable":true,"href":"https:\/\/www.almega.se\/api\/wp\/v2\/media\/71286"}],"wp:attachment":[{"href":"https:\/\/www.almega.se\/api\/wp\/v2\/media?parent=71264"}],"wp:term":[{"taxonomy":"category","embeddable":true,"href":"https:\/\/www.almega.se\/api\/wp\/v2\/categories?post=71264"},{"taxonomy":"post_tag","embeddable":true,"href":"https:\/\/www.almega.se\/api\/wp\/v2\/tags?post=71264"},{"taxonomy":"type","embeddable":true,"href":"https:\/\/www.almega.se\/api\/wp\/v2\/article_type?post=71264"},{"taxonomy":"agreement","embeddable":true,"href":"https:\/\/www.almega.se\/api\/wp\/v2\/agreement?post=71264"}],"curies":[{"name":"wp","href":"https:\/\/api.w.org\/{rel}","templated":true}]}}