{"id":70992,"date":"2024-01-31T10:10:55","date_gmt":"2024-01-31T09:10:55","guid":{"rendered":"https:\/\/www.almega.se\/?p=70992"},"modified":"2024-05-27T12:01:34","modified_gmt":"2024-05-27T10:01:34","slug":"almega-seminarium-pa-upphandlingsdagarna","status":"publish","type":"post","link":"https:\/\/www.almega.se\/2024\/01\/almega-seminarium-pa-upphandlingsdagarna\/","title":{"rendered":"Almegaseminarium p\u00e5 Upphandlings&shy;dagarna"},"content":{"rendered":"<p style=\"font-weight: 400;\">Almega anordnade den 25 januari ett seminarium p\u00e5 konferensen Upphandlingsdagarna. Temat var \u201dUpphandling av tj\u00e4nster \u2013 vad tycker tj\u00e4nstef\u00f6retagen?&#8221;<\/p>\n\n<p>Seminariet gav en bred inblick i hur tj\u00e4nstef\u00f6retagen uppfattar offentlig upphandling. Prisfokus i st\u00e4llet f\u00f6r kvalitetsfokus \u00e4r en generellt viktig orsak till att f\u00f6retag inom tj\u00e4nstesektorn avst\u00e5r fr\u00e5n att l\u00e4mna anbud. Omfattande och irrelevant kravst\u00e4llande skapar ocks\u00e5 hinder f\u00f6r m\u00e5nga f\u00f6retag.<\/p>\n\n\n\n<p>Problematiken konkretiserades genom medverkan av representanter fr\u00e5n s\u00e4kerhetsbranschen, arkitektbranschen, IT-branschen och v\u00e5rd- och omsorgsbranschen. Det gavs dock \u00e4ven exempel p\u00e5 s\u00e5dant som upplevs positivt s\u00e5som utvecklad dialog inf\u00f6r upphandling och mer anv\u00e4ndande av fastprisupphandling.<\/p>\n\n\n\n<blockquote class=\"wp-block-quote is-layout-flow wp-block-quote-is-layout-flow\">\n<p>M\u00e5nga offentliga upphandlingar avser tj\u00e4nster och det \u00e4r av stor betydelse f\u00f6r hela samh\u00e4llet att det blir bra och kvalitativa leveranser. Vi kommer att forts\u00e4tta att lyfta dessa fr\u00e5gor och tj\u00e4nstef\u00f6retagens erfarenheter f\u00f6r att bidra till att utveckla de offentliga aff\u00e4rerna.<\/p>\n<cite>Ulrica Dyrke, Almegas n\u00e4ringspolitiska expert i upphandlingsfr\u00e5gor.<\/cite><\/blockquote>\n\n\n\n      <a href=\"https:\/\/www.almega.se\/offentlig-upphandling\/\" target=\"_blank\" class=\"Button is-text Button--squiggly-arrow-link\">\n      \n        L\u00e4s mer om hur vi arbetar med offentlig upphandling h\u00e4r\n      \n      \n                \n                <svg class='icon icon--squiggly-arrow-link'  width=\"114\" height=\"36\" viewBox=\"0 0 114 36\" fill=\"none\" xmlns=\"http:\/\/www.w3.org\/2000\/svg\">\n<path d=\"M0.591797 18.5C7.0918 18.5 11.5209 19.9081 13.4345 14.5C14.3308 11.9657 14.3461 11.9541 15.0839 9.38315C15.7735 6.97969 17.3449 4.54993 19.8345 3.93399C22.9224 3.16984 26.0805 5.67017 27.0204 8.62798C27.9603 11.5851 27.243 14.7829 26.3407 17.751C25.4378 20.719 24.34 23.7256 24.5322 26.8156C24.7244 29.9049 26.6162 33.154 29.7193 33.8559C33.0114 34.5995 36.3563 32.146 37.6741 29.1234C38.9912 26.0995 38.7745 22.6791 38.4839 19.4082C38.1926 16.1373 37.8656 12.7464 38.9918 9.65134C40.1187 6.55559 43.1657 3.84801 46.5259 4.19961C49.9434 4.55763 52.3227 7.90617 52.8134 11.2104C53.3042 14.5147 52.3993 17.8408 51.8259 21.1322C51.2526 24.4237 51.0624 28.0141 52.8029 30.8923C54.221 33.2393 56.8902 34.826 59.6869 34.9864C62.4836 35.1468 65.3259 33.8758 67.0188 31.7072C69.5136 28.5126 69.3227 24.0689 68.5255 20.1345C67.7289 16.1996 66.4369 12.2139 67.1225 8.2597C67.8081 4.30548 71.3849 0.426331 75.4597 1.0705C78.5034 1.55171 80.6627 4.37413 81.4078 7.28189C82.1528 10.189 81.8133 13.2366 81.7711 16.2323C81.7288 19.2279 82.0551 22.4052 83.8874 24.8144C86.657 28.4555 91.9762 29.2197 96.6072 28.7147C101.239 28.2098 105.813 25.7501 110.457 26.1383\" stroke=\"black\" stroke-width=\"2\" stroke-miterlimit=\"10\"\/>\n<path d=\"M105.097 35L111.68 25.3613L102.457 18.2063\" stroke=\"black\" stroke-width=\"2\" stroke-miterlimit=\"10\"\/>\n<\/svg>\n\n        \n    <\/a>\n  \n\n\n\n      <a href=\"https:\/\/www.dagenssamhalle.se\/offentlig-ekonomi\/upphandling\/tjansteforetagen-6-upphandlingsmissar-som-ger-daliga-anbud\/\" target=\"_blank\" class=\"Button is-text Button--external-link\">\n      \n        L\u00e4s om Almegas seminarium i Dagens Samh\u00e4lle \n      \n      \n                <svg class='icon icon--external-link'  width=\"16\" height=\"16\" viewBox=\"0 0 16 16\" fill=\"none\" xmlns=\"http:\/\/www.w3.org\/2000\/svg\">\n<path d=\"M9 1H15V7\" stroke=\"black\" stroke-width=\"2\" stroke-miterlimit=\"10\"\/>\n<path d=\"M5 2H1V15H14V11\" stroke=\"black\" stroke-width=\"2\" stroke-miterlimit=\"10\"\/>\n<path d=\"M15 1L6 10\" stroke=\"black\" stroke-width=\"2\" stroke-miterlimit=\"10\"\/>\n<\/svg>\n\n        \n    <\/a>\n  \n","protected":false},"excerpt":{"rendered":"<p>Seminariet gav en bred inblick i hur tj\u00e4nstef\u00f6retagen uppfattar offentlig upphandling. Prisfokus i st\u00e4llet f\u00f6r kvalitetsfokus \u00e4r en generellt viktig orsak till att f\u00f6retag inom tj\u00e4nstesektorn avst\u00e5r fr\u00e5n att l\u00e4mna anbud. Omfattande och irrelevant kravst\u00e4llande &hellip;<\/p>\n","protected":false},"author":16543,"featured_media":70889,"comment_status":"closed","ping_status":"closed","sticky":false,"template":"","format":"standard","meta":{"_acf_changed":false,"footnotes":""},"categories":[64,630,572],"tags":[604],"article_type":[56],"agreement":[],"class_list":["post-70992","post","type-post","status-publish","format-standard","has-post-thumbnail","hentry","category-arbetsmarknad","category-konjunktur","category-offentlig-upphandling","tag-offentlig-upphandling","type-nyheter"],"acf":[],"yoast_head":"<!-- This site is optimized with the Yoast SEO Premium plugin v26.8 (Yoast SEO v26.8) - https:\/\/yoast.com\/product\/yoast-seo-premium-wordpress\/ -->\n<title>Almegaseminarium p\u00e5 Upphandlingsdagarna | Almega<\/title>\n<meta name=\"robots\" content=\"index, follow, max-snippet:-1, max-image-preview:large, max-video-preview:-1\" \/>\n<link rel=\"canonical\" href=\"https:\/\/www.almega.se\/2024\/01\/almega-seminarium-pa-upphandlingsdagarna\/\" \/>\n<meta property=\"og:locale\" content=\"sv_SE\" \/>\n<meta property=\"og:type\" content=\"article\" \/>\n<meta property=\"og:title\" content=\"Almegaseminarium p\u00e5 Upphandlingsdagarna\" \/>\n<meta property=\"og:description\" content=\"Seminariet gav en bred inblick i hur tj\u00e4nstef\u00f6retagen uppfattar offentlig upphandling. Prisfokus i st\u00e4llet f\u00f6r kvalitetsfokus \u00e4r en generellt viktig orsak till att f\u00f6retag inom tj\u00e4nstesektorn avst\u00e5r fr\u00e5n att l\u00e4mna anbud. Omfattande och irrelevant kravst\u00e4llande &hellip;\" \/>\n<meta property=\"og:url\" content=\"https:\/\/www.almega.se\/2024\/01\/almega-seminarium-pa-upphandlingsdagarna\/\" \/>\n<meta property=\"og:site_name\" content=\"Almega\" \/>\n<meta property=\"article:published_time\" content=\"2024-01-31T09:10:55+00:00\" \/>\n<meta property=\"article:modified_time\" content=\"2024-05-27T10:01:34+00:00\" \/>\n<meta property=\"og:image\" content=\"https:\/\/www.almega.se\/app\/uploads\/2024\/01\/Seminarium-upphandlingsdagen.jpeg\" \/>\n\t<meta property=\"og:image:width\" content=\"1170\" \/>\n\t<meta property=\"og:image:height\" content=\"1125\" \/>\n\t<meta property=\"og:image:type\" content=\"image\/jpeg\" \/>\n<meta name=\"author\" content=\"R\u00e9ka Tolnai\" \/>\n<meta name=\"twitter:card\" content=\"summary_large_image\" \/>\n<meta name=\"twitter:label1\" content=\"Skriven av\" \/>\n\t<meta name=\"twitter:data1\" content=\"R\u00e9ka Tolnai\" \/>\n\t<meta name=\"twitter:label2\" content=\"Ber\u00e4knad l\u00e4stid\" \/>\n\t<meta name=\"twitter:data2\" content=\"1 minut\" \/>\n<!-- \/ Yoast SEO Premium plugin. -->","yoast_head_json":{"title":"Almegaseminarium p\u00e5 Upphandlingsdagarna | Almega","robots":{"index":"index","follow":"follow","max-snippet":"max-snippet:-1","max-image-preview":"max-image-preview:large","max-video-preview":"max-video-preview:-1"},"canonical":"https:\/\/www.almega.se\/2024\/01\/almega-seminarium-pa-upphandlingsdagarna\/","og_locale":"sv_SE","og_type":"article","og_title":"Almegaseminarium p\u00e5 Upphandlingsdagarna","og_description":"Seminariet gav en bred inblick i hur tj\u00e4nstef\u00f6retagen uppfattar offentlig upphandling. Prisfokus i st\u00e4llet f\u00f6r kvalitetsfokus \u00e4r en generellt viktig orsak till att f\u00f6retag inom tj\u00e4nstesektorn avst\u00e5r fr\u00e5n att l\u00e4mna anbud. Omfattande och irrelevant kravst\u00e4llande &hellip;","og_url":"https:\/\/www.almega.se\/2024\/01\/almega-seminarium-pa-upphandlingsdagarna\/","og_site_name":"Almega","article_published_time":"2024-01-31T09:10:55+00:00","article_modified_time":"2024-05-27T10:01:34+00:00","og_image":[{"width":1170,"height":1125,"url":"https:\/\/www.almega.se\/app\/uploads\/2024\/01\/Seminarium-upphandlingsdagen.jpeg","type":"image\/jpeg"}],"author":"R\u00e9ka Tolnai","twitter_card":"summary_large_image","twitter_misc":{"Skriven av":"R\u00e9ka Tolnai","Ber\u00e4knad l\u00e4stid":"1 minut"},"schema":{"@context":"https:\/\/schema.org","@graph":[{"@type":"NewsArticle","@id":"https:\/\/www.almega.se\/2024\/01\/almega-seminarium-pa-upphandlingsdagarna\/#article","isPartOf":{"@id":"https:\/\/www.almega.se\/2024\/01\/almega-seminarium-pa-upphandlingsdagarna\/"},"author":{"name":"R\u00e9ka Tolnai","@id":"https:\/\/www.almega.se\/#\/schema\/person\/e54aa110880538cf5ceac0ac54bbecf7"},"headline":"Almegaseminarium p\u00e5 Upphandlings&shy;dagarna","datePublished":"2024-01-31T09:10:55+00:00","dateModified":"2024-05-27T10:01:34+00:00","mainEntityOfPage":{"@id":"https:\/\/www.almega.se\/2024\/01\/almega-seminarium-pa-upphandlingsdagarna\/"},"wordCount":158,"image":{"@id":"https:\/\/www.almega.se\/2024\/01\/almega-seminarium-pa-upphandlingsdagarna\/#primaryimage"},"thumbnailUrl":"https:\/\/www.almega.se\/app\/uploads\/2024\/01\/Seminarium-upphandlingsdagen.jpeg","keywords":["Offentlig upphandling"],"articleSection":["Arbetsmarknad","Konjunktur","Offentlig upphandling"],"inLanguage":"sv-SE"},{"@type":"WebPage","@id":"https:\/\/www.almega.se\/2024\/01\/almega-seminarium-pa-upphandlingsdagarna\/","url":"https:\/\/www.almega.se\/2024\/01\/almega-seminarium-pa-upphandlingsdagarna\/","name":"Almegaseminarium p\u00e5 Upphandlingsdagarna | Almega","isPartOf":{"@id":"https:\/\/www.almega.se\/#website"},"primaryImageOfPage":{"@id":"https:\/\/www.almega.se\/2024\/01\/almega-seminarium-pa-upphandlingsdagarna\/#primaryimage"},"image":{"@id":"https:\/\/www.almega.se\/2024\/01\/almega-seminarium-pa-upphandlingsdagarna\/#primaryimage"},"thumbnailUrl":"https:\/\/www.almega.se\/app\/uploads\/2024\/01\/Seminarium-upphandlingsdagen.jpeg","datePublished":"2024-01-31T09:10:55+00:00","dateModified":"2024-05-27T10:01:34+00:00","author":{"@id":"https:\/\/www.almega.se\/#\/schema\/person\/e54aa110880538cf5ceac0ac54bbecf7"},"breadcrumb":{"@id":"https:\/\/www.almega.se\/2024\/01\/almega-seminarium-pa-upphandlingsdagarna\/#breadcrumb"},"inLanguage":"sv-SE","potentialAction":[{"@type":"ReadAction","target":["https:\/\/www.almega.se\/2024\/01\/almega-seminarium-pa-upphandlingsdagarna\/"]}]},{"@type":"ImageObject","inLanguage":"sv-SE","@id":"https:\/\/www.almega.se\/2024\/01\/almega-seminarium-pa-upphandlingsdagarna\/#primaryimage","url":"https:\/\/www.almega.se\/app\/uploads\/2024\/01\/Seminarium-upphandlingsdagen.jpeg","contentUrl":"https:\/\/www.almega.se\/app\/uploads\/2024\/01\/Seminarium-upphandlingsdagen.jpeg","width":1170,"height":1125,"caption":"Stina Ljungkvist, Peter Kv\u00e4ll, Pontus Lindstr\u00f6m, Daniel Forslund och Ulrica Dyrke."},{"@type":"BreadcrumbList","@id":"https:\/\/www.almega.se\/2024\/01\/almega-seminarium-pa-upphandlingsdagarna\/#breadcrumb","itemListElement":[{"@type":"ListItem","position":1,"name":"Home","item":"https:\/\/www.almega.se\/"},{"@type":"ListItem","position":2,"name":"Almegaseminarium p\u00e5 Upphandlings&shy;dagarna"}]},{"@type":"WebSite","@id":"https:\/\/www.almega.se\/#website","url":"https:\/\/www.almega.se\/","name":"Almega","description":"","potentialAction":[{"@type":"SearchAction","target":{"@type":"EntryPoint","urlTemplate":"https:\/\/www.almega.se\/?s={search_term_string}"},"query-input":{"@type":"PropertyValueSpecification","valueRequired":true,"valueName":"search_term_string"}}],"inLanguage":"sv-SE"},{"@type":"Person","@id":"https:\/\/www.almega.se\/#\/schema\/person\/e54aa110880538cf5ceac0ac54bbecf7","name":"R\u00e9ka Tolnai","image":{"@type":"ImageObject","inLanguage":"sv-SE","@id":"https:\/\/www.almega.se\/#\/schema\/person\/image\/","url":"https:\/\/secure.gravatar.com\/avatar\/c722d4a4ee787603df9df499a683d681bd2c463bde248da25aabc45883d614d2?s=96&d=mm&r=g","contentUrl":"https:\/\/secure.gravatar.com\/avatar\/c722d4a4ee787603df9df499a683d681bd2c463bde248da25aabc45883d614d2?s=96&d=mm&r=g","caption":"R\u00e9ka Tolnai"},"url":"https:\/\/www.almega.se\/person\/rekatolnai\/"}]}},"_links":{"self":[{"href":"https:\/\/www.almega.se\/api\/wp\/v2\/posts\/70992","targetHints":{"allow":["GET"]}}],"collection":[{"href":"https:\/\/www.almega.se\/api\/wp\/v2\/posts"}],"about":[{"href":"https:\/\/www.almega.se\/api\/wp\/v2\/types\/post"}],"author":[{"embeddable":true,"href":"https:\/\/www.almega.se\/api\/wp\/v2\/users\/16543"}],"replies":[{"embeddable":true,"href":"https:\/\/www.almega.se\/api\/wp\/v2\/comments?post=70992"}],"version-history":[{"count":7,"href":"https:\/\/www.almega.se\/api\/wp\/v2\/posts\/70992\/revisions"}],"predecessor-version":[{"id":74000,"href":"https:\/\/www.almega.se\/api\/wp\/v2\/posts\/70992\/revisions\/74000"}],"wp:featuredmedia":[{"embeddable":true,"href":"https:\/\/www.almega.se\/api\/wp\/v2\/media\/70889"}],"wp:attachment":[{"href":"https:\/\/www.almega.se\/api\/wp\/v2\/media?parent=70992"}],"wp:term":[{"taxonomy":"category","embeddable":true,"href":"https:\/\/www.almega.se\/api\/wp\/v2\/categories?post=70992"},{"taxonomy":"post_tag","embeddable":true,"href":"https:\/\/www.almega.se\/api\/wp\/v2\/tags?post=70992"},{"taxonomy":"type","embeddable":true,"href":"https:\/\/www.almega.se\/api\/wp\/v2\/article_type?post=70992"},{"taxonomy":"agreement","embeddable":true,"href":"https:\/\/www.almega.se\/api\/wp\/v2\/agreement?post=70992"}],"curies":[{"name":"wp","href":"https:\/\/api.w.org\/{rel}","templated":true}]}}