{"id":7094,"date":"2014-03-03T08:00:00","date_gmt":"2014-03-03T08:00:00","guid":{"rendered":"http:\/\/almega-bento\/wp\/blog\/2014\/03\/03\/far-politisk-verksamhet-forekomma-pa-arbetsplatsen-4\/"},"modified":"2014-03-03T08:00:00","modified_gmt":"2014-03-03T08:00:00","slug":"far-politisk-verksamhet-forekomma-pa-arbetsplatsen-4","status":"publish","type":"post","link":"https:\/\/www.almega.se\/2014\/03\/far-politisk-verksamhet-forekomma-pa-arbetsplatsen-4\/","title":{"rendered":"F\u00e5r politisk verksamhet f\u00f6rekomma p\u00e5 arbetsplatsen?"},"content":{"rendered":"\n<p class=\"intro\">Under val\u00e5r som i \u00e5r kan fr\u00e5gan om vad som g\u00e4ller f\u00f6r politisk verksamhet p\u00e5 jobbet bli aktuell f\u00f6r m\u00e5nga arbetsgivare. Men vad g\u00e4ller egentligen?<\/p>\n<p>Vilka r&auml;ttigheter har anst&auml;llda och fackliga f&ouml;retr&auml;dare att agera politiskt p&aring; arbetsplatsen? Och hur ska arbetsgivaren agera?<\/p>\n<p>  Kommer det en beg&auml;ran om politisk verksamhet beh&ouml;ver f&ouml;retaget g&ouml;ra en bed&ouml;mning med utg&aring;ngspunkt i de f&ouml;rh&aring;llanden som r&aring;der p&aring; arbetsplatsen. P&aring; v&aring;r webb f&aring;r du tips och r&aring;d och vad som g&auml;ller.<\/p>\n<p>  L&auml;s mer under <a href=\"63a10104e7e64719909e873d5a23a77a\" target=\"_blank\" rel=\"noopener\">politisk verksamhet<\/a>&nbsp;i Arbetsgivarguiden.<\/p>\n<\/p>\n","protected":false},"excerpt":{"rendered":"<p>Under val\u00e5r som i \u00e5r kan fr\u00e5gan om vad som g\u00e4ller f\u00f6r politisk verksamhet p\u00e5 jobbet bli aktuell f\u00f6r m\u00e5nga arbetsgivare. Men vad g\u00e4ller egentligen?<\/p>\n","protected":false},"author":1,"featured_media":0,"comment_status":"closed","ping_status":"open","sticky":false,"template":"","format":"standard","meta":{"_acf_changed":false,"footnotes":""},"categories":[1],"tags":[],"article_type":[313],"agreement":[459,215],"class_list":["post-7094","post","type-post","status-publish","format-standard","hentry","category-okategoriserade","type-arbetsgivarnytt","agreement-9de9353e-79fc-e811-811f-003dd8b71e49","agreement-7ece80f7-ff07-de11-b4e1-02bf9e69ca65"],"acf":[],"yoast_head":"<!-- This site is optimized with the Yoast SEO Premium plugin v26.8 (Yoast SEO v26.8) - https:\/\/yoast.com\/product\/yoast-seo-premium-wordpress\/ -->\n<title>F\u00e5r politisk verksamhet f\u00f6rekomma p\u00e5 arbetsplatsen? | Almega<\/title>\n<meta name=\"robots\" content=\"index, follow, max-snippet:-1, max-image-preview:large, max-video-preview:-1\" \/>\n<link rel=\"canonical\" href=\"https:\/\/www.almega.se\/2014\/03\/far-politisk-verksamhet-forekomma-pa-arbetsplatsen-4\/\" \/>\n<meta property=\"og:locale\" content=\"sv_SE\" \/>\n<meta property=\"og:type\" content=\"article\" \/>\n<meta property=\"og:title\" content=\"F\u00e5r politisk verksamhet f\u00f6rekomma p\u00e5 arbetsplatsen?\" \/>\n<meta property=\"og:description\" content=\"Under val\u00e5r som i \u00e5r kan fr\u00e5gan om vad som g\u00e4ller f\u00f6r politisk verksamhet p\u00e5 jobbet bli aktuell f\u00f6r m\u00e5nga arbetsgivare. Men vad g\u00e4ller egentligen?\" \/>\n<meta property=\"og:url\" content=\"https:\/\/www.almega.se\/2014\/03\/far-politisk-verksamhet-forekomma-pa-arbetsplatsen-4\/\" \/>\n<meta property=\"og:site_name\" content=\"Almega\" \/>\n<meta property=\"article:published_time\" content=\"2014-03-03T08:00:00+00:00\" \/>\n<meta property=\"og:image\" content=\"https:\/\/www.almega.se\/app\/uploads\/2020\/12\/almega-share-logo.png\" \/>\n\t<meta property=\"og:image:width\" content=\"1200\" \/>\n\t<meta property=\"og:image:height\" content=\"630\" \/>\n\t<meta property=\"og:image:type\" content=\"image\/png\" \/>\n<meta name=\"author\" content=\"admin\" \/>\n<meta name=\"twitter:card\" content=\"summary_large_image\" \/>\n<meta name=\"twitter:label1\" content=\"Skriven av\" \/>\n\t<meta name=\"twitter:data1\" content=\"admin\" \/>\n\t<meta name=\"twitter:label2\" content=\"Ber\u00e4knad l\u00e4stid\" \/>\n\t<meta name=\"twitter:data2\" content=\"1 minut\" \/>\n<!-- \/ Yoast SEO Premium plugin. -->","yoast_head_json":{"title":"F\u00e5r politisk verksamhet f\u00f6rekomma p\u00e5 arbetsplatsen? | Almega","robots":{"index":"index","follow":"follow","max-snippet":"max-snippet:-1","max-image-preview":"max-image-preview:large","max-video-preview":"max-video-preview:-1"},"canonical":"https:\/\/www.almega.se\/2014\/03\/far-politisk-verksamhet-forekomma-pa-arbetsplatsen-4\/","og_locale":"sv_SE","og_type":"article","og_title":"F\u00e5r politisk verksamhet f\u00f6rekomma p\u00e5 arbetsplatsen?","og_description":"Under val\u00e5r som i \u00e5r kan fr\u00e5gan om vad som g\u00e4ller f\u00f6r politisk verksamhet p\u00e5 jobbet bli aktuell f\u00f6r m\u00e5nga arbetsgivare. Men vad g\u00e4ller egentligen?","og_url":"https:\/\/www.almega.se\/2014\/03\/far-politisk-verksamhet-forekomma-pa-arbetsplatsen-4\/","og_site_name":"Almega","article_published_time":"2014-03-03T08:00:00+00:00","og_image":[{"width":1200,"height":630,"url":"https:\/\/www.almega.se\/app\/uploads\/2020\/12\/almega-share-logo.png","type":"image\/png"}],"author":"admin","twitter_card":"summary_large_image","twitter_misc":{"Skriven av":"admin","Ber\u00e4knad l\u00e4stid":"1 minut"},"schema":{"@context":"https:\/\/schema.org","@graph":[{"@type":"NewsArticle","@id":"https:\/\/www.almega.se\/2014\/03\/far-politisk-verksamhet-forekomma-pa-arbetsplatsen-4\/#article","isPartOf":{"@id":"https:\/\/www.almega.se\/2014\/03\/far-politisk-verksamhet-forekomma-pa-arbetsplatsen-4\/"},"author":{"name":"admin","@id":"https:\/\/www.almega.se\/#\/schema\/person\/9c3674d192fb8b2d1d8b7a3f31c5151d"},"headline":"F\u00e5r politisk verksamhet f\u00f6rekomma p\u00e5 arbetsplatsen?","datePublished":"2014-03-03T08:00:00+00:00","mainEntityOfPage":{"@id":"https:\/\/www.almega.se\/2014\/03\/far-politisk-verksamhet-forekomma-pa-arbetsplatsen-4\/"},"wordCount":137,"inLanguage":"sv-SE"},{"@type":"WebPage","@id":"https:\/\/www.almega.se\/2014\/03\/far-politisk-verksamhet-forekomma-pa-arbetsplatsen-4\/","url":"https:\/\/www.almega.se\/2014\/03\/far-politisk-verksamhet-forekomma-pa-arbetsplatsen-4\/","name":"F\u00e5r politisk verksamhet f\u00f6rekomma p\u00e5 arbetsplatsen? | Almega","isPartOf":{"@id":"https:\/\/www.almega.se\/#website"},"datePublished":"2014-03-03T08:00:00+00:00","author":{"@id":"https:\/\/www.almega.se\/#\/schema\/person\/9c3674d192fb8b2d1d8b7a3f31c5151d"},"breadcrumb":{"@id":"https:\/\/www.almega.se\/2014\/03\/far-politisk-verksamhet-forekomma-pa-arbetsplatsen-4\/#breadcrumb"},"inLanguage":"sv-SE","potentialAction":[{"@type":"ReadAction","target":["https:\/\/www.almega.se\/2014\/03\/far-politisk-verksamhet-forekomma-pa-arbetsplatsen-4\/"]}]},{"@type":"BreadcrumbList","@id":"https:\/\/www.almega.se\/2014\/03\/far-politisk-verksamhet-forekomma-pa-arbetsplatsen-4\/#breadcrumb","itemListElement":[{"@type":"ListItem","position":1,"name":"Home","item":"https:\/\/www.almega.se\/"},{"@type":"ListItem","position":2,"name":"F\u00e5r politisk verksamhet f\u00f6rekomma p\u00e5 arbetsplatsen?"}]},{"@type":"WebSite","@id":"https:\/\/www.almega.se\/#website","url":"https:\/\/www.almega.se\/","name":"Almega","description":"","potentialAction":[{"@type":"SearchAction","target":{"@type":"EntryPoint","urlTemplate":"https:\/\/www.almega.se\/?s={search_term_string}"},"query-input":{"@type":"PropertyValueSpecification","valueRequired":true,"valueName":"search_term_string"}}],"inLanguage":"sv-SE"},{"@type":"Person","@id":"https:\/\/www.almega.se\/#\/schema\/person\/9c3674d192fb8b2d1d8b7a3f31c5151d","name":"admin","image":{"@type":"ImageObject","inLanguage":"sv-SE","@id":"https:\/\/www.almega.se\/#\/schema\/person\/image\/","url":"https:\/\/secure.gravatar.com\/avatar\/13aac7e7a7582f599e3ba7706cec051e12eac4ad6c2ffe6f9d24800e63294187?s=96&d=mm&r=g","contentUrl":"https:\/\/secure.gravatar.com\/avatar\/13aac7e7a7582f599e3ba7706cec051e12eac4ad6c2ffe6f9d24800e63294187?s=96&d=mm&r=g","caption":"admin"},"url":"https:\/\/www.almega.se\/person\/admin\/"}]}},"_links":{"self":[{"href":"https:\/\/www.almega.se\/api\/wp\/v2\/posts\/7094","targetHints":{"allow":["GET"]}}],"collection":[{"href":"https:\/\/www.almega.se\/api\/wp\/v2\/posts"}],"about":[{"href":"https:\/\/www.almega.se\/api\/wp\/v2\/types\/post"}],"author":[{"embeddable":true,"href":"https:\/\/www.almega.se\/api\/wp\/v2\/users\/1"}],"replies":[{"embeddable":true,"href":"https:\/\/www.almega.se\/api\/wp\/v2\/comments?post=7094"}],"version-history":[{"count":1,"href":"https:\/\/www.almega.se\/api\/wp\/v2\/posts\/7094\/revisions"}],"predecessor-version":[{"id":58658,"href":"https:\/\/www.almega.se\/api\/wp\/v2\/posts\/7094\/revisions\/58658"}],"wp:attachment":[{"href":"https:\/\/www.almega.se\/api\/wp\/v2\/media?parent=7094"}],"wp:term":[{"taxonomy":"category","embeddable":true,"href":"https:\/\/www.almega.se\/api\/wp\/v2\/categories?post=7094"},{"taxonomy":"post_tag","embeddable":true,"href":"https:\/\/www.almega.se\/api\/wp\/v2\/tags?post=7094"},{"taxonomy":"type","embeddable":true,"href":"https:\/\/www.almega.se\/api\/wp\/v2\/article_type?post=7094"},{"taxonomy":"agreement","embeddable":true,"href":"https:\/\/www.almega.se\/api\/wp\/v2\/agreement?post=7094"}],"curies":[{"name":"wp","href":"https:\/\/api.w.org\/{rel}","templated":true}]}}