{"id":70830,"date":"2024-01-30T05:30:00","date_gmt":"2024-01-30T04:30:00","guid":{"rendered":"https:\/\/www.almega.se\/?p=70830"},"modified":"2024-01-29T14:12:18","modified_gmt":"2024-01-29T13:12:18","slug":"19-000-nya-jobb-i-vastsverige-med-sankt-arbetsgivaravgift","status":"publish","type":"post","link":"https:\/\/www.almega.se\/2024\/01\/19-000-nya-jobb-i-vastsverige-med-sankt-arbetsgivaravgift\/","title":{"rendered":"19 000 nya jobb i V\u00e4stsverige med s\u00e4nkt arbetsgivaravgift"},"content":{"rendered":"<p class=\"intro\">S\u00e4nkt arbetsgivaravgift ger jobb, \u00f6kad tillv\u00e4xt och st\u00e4rkt ekonomi f\u00f6r kommuner och regioner visar Almegas rapport.<\/p>\n<a class='Share__link Share__link--url copy-text' href='#' rel='nofollow' data-text='forord' title='Dela url' data-confirmation='L\u00e4nken kopierades till urklipp'><svg class='icon icon--link'  width='18' height='18' viewBox='0 0 18 18' fill='none' xmlns='http:\/\/www.w3.org\/2000\/svg'>\n            <path d='M10.4142 0.514721L6.87868 4.05025L8.29289 5.46447L11.1213 2.63604L15.364 6.87868L12.5355 9.70711L13.9497 11.1213L17.4853 7.58579C17.8763 7.19476 17.8763 6.5626 17.4853 6.17158L11.8284 0.514721C11.4374 0.123691 10.8052 0.123691 10.4142 0.514721Z' fill='black'\/>\n            <path d='M9.7071 12.5355L6.87868 15.364L2.63604 11.1213L5.46446 8.2929L4.05025 6.87868L0.514716 10.4142C0.123686 10.8052 0.123686 11.4374 0.514716 11.8284L6.17157 17.4853C6.5626 17.8763 7.19475 17.8763 7.58578 17.4853L11.1213 13.9497L9.7071 12.5355Z' fill='black'\/>\n            <path d='M6.17157 11.8284C6.5626 12.2195 7.19475 12.2195 7.58578 11.8284L11.8284 7.58579C12.2195 7.19476 12.2195 6.56261 11.8284 6.17158C11.4374 5.78055 10.8052 5.78055 10.4142 6.17158L6.17157 10.4142C5.78054 10.8052 5.78054 11.4374 6.17157 11.8284Z' fill='black'\/>\n            <\/svg> <\/a>\n<h2 class=\"wp-block-heading\">F\u00f6rord<\/h2>\n\n\n\n<p>Den v\u00e4stsvenska ekonomin st\u00e5r precis som den svenska inf\u00f6r k\u00e4rvare tider. Under 2024 f\u00f6rv\u00e4ntas l\u00e5gkonjunkturen \u00e4ven p\u00e5 allvar synas p\u00e5 arbetsmarknaden. Antalet lediga jobb minskar och varslen om upps\u00e4gning blir fler. Under \u00e5ret ber\u00e4knas 10 000 jobb f\u00f6rsvinna i V\u00e4stsverige &#8211; V\u00e4stra G\u00f6taland och Halland.<\/p>\n\n\n\n<p>En s\u00e4nkning av arbetsgivaravgiften skulle vara en viktig stimulans i ett besv\u00e4rligt konjunkturl\u00e4ge och en effektiv \u00e5tg\u00e4rd f\u00f6r att st\u00e4rka n\u00e4ringslivet och tillv\u00e4xten av nya jobb i V\u00e4stsverige p\u00e5 l\u00e4ngre sikt.<\/p>\n\n\n\n<p>I denna rapport redog\u00f6rs f\u00f6r det aktuella l\u00e4get i ekonomin och p\u00e5 arbetsmarknaden i V\u00e4stsverige. D\u00e4refter analyseras effekterna av en permanent s\u00e4nkning av arbetsgivaravgiften med tre procentenheter p\u00e5 den regionala ekonomin, med s\u00e4rskilt fokus p\u00e5 konsekvenser f\u00f6r jobb, tillv\u00e4xt och offentliga finanser i V\u00e4stsverige.<\/p>\n\n\n\n<p>Rapporten \u00e4r skriven av <strong>Ola Nevander <\/strong>och <strong>Jonas Arnberg<\/strong>, nationalekonomer p\u00e5 analysf\u00f6retaget Makrologik, p\u00e5 uppdrag av Almega. Datainsamlingen avslutades den 26 januari.<\/p>\n\n\n\n<p>Stockholm i januari 2024<\/p>\n\n\n\n<p><strong>Fredrik \u00d6stbom<\/strong>, n\u00e4ringspolitisk chef Almega<\/p>\n\n\n\n<h4 class=\"wp-block-heading\">Ladda ner rapporten som pdf<\/h4>\n\n\n\n<a id=\"wp-block-file--media-2c8c1a9b-bf2e-4aaa-ab8e-28868aa531f9\" href=\"https:\/\/www.almega.se\/app\/uploads\/2024\/01\/19000-nya-jobb-i-Vastsverige-26-jan-slutversion.pdf\">19000-nya-jobb-i-Vastsverige-26-jan-slutversion<\/a><a href=\"https:\/\/www.almega.se\/app\/uploads\/2024\/01\/19000-nya-jobb-i-Vastsverige-26-jan-slutversion.pdf\" class=\"wp-block-file__button wp-element-button\" download aria-describedby=\"wp-block-file--media-2c8c1a9b-bf2e-4aaa-ab8e-28868aa531f9\">Ladda ner<\/a>\n\n\n<a class='Share__link Share__link--url copy-text' href='#' rel='nofollow' data-text='sammanfattning' title='Dela url' data-confirmation='L\u00e4nken kopierades till urklipp'><svg class='icon icon--link'  width='18' height='18' viewBox='0 0 18 18' fill='none' xmlns='http:\/\/www.w3.org\/2000\/svg'>\n            <path d='M10.4142 0.514721L6.87868 4.05025L8.29289 5.46447L11.1213 2.63604L15.364 6.87868L12.5355 9.70711L13.9497 11.1213L17.4853 7.58579C17.8763 7.19476 17.8763 6.5626 17.4853 6.17158L11.8284 0.514721C11.4374 0.123691 10.8052 0.123691 10.4142 0.514721Z' fill='black'\/>\n            <path d='M9.7071 12.5355L6.87868 15.364L2.63604 11.1213L5.46446 8.2929L4.05025 6.87868L0.514716 10.4142C0.123686 10.8052 0.123686 11.4374 0.514716 11.8284L6.17157 17.4853C6.5626 17.8763 7.19475 17.8763 7.58578 17.4853L11.1213 13.9497L9.7071 12.5355Z' fill='black'\/>\n            <path d='M6.17157 11.8284C6.5626 12.2195 7.19475 12.2195 7.58578 11.8284L11.8284 7.58579C12.2195 7.19476 12.2195 6.56261 11.8284 6.17158C11.4374 5.78055 10.8052 5.78055 10.4142 6.17158L6.17157 10.4142C5.78054 10.8052 5.78054 11.4374 6.17157 11.8284Z' fill='black'\/>\n            <\/svg> <\/a>\n<h2 class=\"wp-block-heading\">Sammanfattning<\/h2>\n\n\n\n<p class=\"has-excerpt-font-size\">Omfattande problem med utanf\u00f6rskap i Sverige i kombination med ett snabbt vikande konjunkturl\u00e4ge g\u00f6r att det kr\u00e4vs ett batteri av \u00e5tg\u00e4rder f\u00f6r att f\u00e5 fler m\u00e4nniskor i arbete och v\u00e4rna om de befintliga jobben. Under det fj\u00e4rde kvartalet 2023 var 86 000 personer arbetsl\u00f6sa i V\u00e4stsverige &#8211; V\u00e4stra G\u00f6taland och Halland &#8211; och 136 000 personer mellan 20 och 64 \u00e5r var antingen arbetsl\u00f6sa eller stod utanf\u00f6r arbetskraften av oklar anledning. H\u00e4r finns s\u00e5ledes en stor outnyttjad potential f\u00f6r den v\u00e4stsvenska ekonomin.<\/p>\n\n\n\n<p>Den v\u00e4stsvenska ekonomin st\u00e5r inf\u00f6r k\u00e4rvare tider. St\u00e4mningsl\u00e4get bland hush\u00e5ll och f\u00f6retag bekr\u00e4ftar att vi \u00e4r inne i en l\u00e5gkonjunktur. Den v\u00e4stsvenska industrins ordering\u00e5ng f\u00f6ll under 2023, byggandet halverades och konkurserna \u00f6kade kraftigt.<\/p>\n\n\n\n<p>Under 2024 f\u00f6rv\u00e4ntas l\u00e5gkonjunkturen \u00e4ven p\u00e5 allvar synas p\u00e5 den v\u00e4stsvenska arbetsmarknaden. Enligt Nordea f\u00f6rv\u00e4ntas syssels\u00e4ttningen under 2024 minska med en procent, vilket motsvarar 10 000 jobb. Antalet personer som under 2023 ber\u00f6rdes av varsel om upps\u00e4gning steg fr\u00e5n drygt 4 000 till n\u00e4rmare 11 000. Antalet lediga jobb i G\u00f6teborg har minskat med en fj\u00e4rdedel p\u00e5 ett \u00e5r samtidigt som antalet arbetss\u00f6kande blivit fler.<\/p>\n\n\n\n<p>V\u00e4stsverige \u00e4r en ekonomisk motor f\u00f6r Sverige som kan utg\u00f6ra en viktig del av l\u00f6sningen p\u00e5 problemen med utanf\u00f6rskap \u2013 om bara r\u00e4tt f\u00f6ruts\u00e4ttningar ges. En permanent s\u00e4nkning av arbetsgivaravgiften utg\u00f6r en strukturreform som kan leda till m\u00e5nga fler jobb, f\u00f6rb\u00e4ttra ekonomin f\u00f6r kommuner och regioner och leda till h\u00f6gre tillv\u00e4xt. Forskningen har p\u00e5 senare \u00e5r kommit fram till att s\u00e4nkta arbetsgivaravgifter har st\u00f6rre effekter p\u00e5 syssels\u00e4ttningen \u00e4n man tidigare trott.<\/p>\n\n\n\n<p>En s\u00e4nkning av arbetsgivaravgiften med tre procentenheter skulle kunna skapa drygt 19 000 nya jobb i V\u00e4stsverige. Reformen bed\u00f6ms ocks\u00e5 leda till en ekonomisk f\u00f6rst\u00e4rkning f\u00f6r v\u00e4stsvenska kommuner och regioner p\u00e5 totalt 5,6 miljarder kronor, b\u00e5de som f\u00f6ljd av besparingar p\u00e5 kostnadssidan (s\u00e4nkta arbetskraftskostnader) och \u00f6kade skatteint\u00e4kter fr\u00e5n ett starkare v\u00e4xande privat n\u00e4ringsliv. En permanent s\u00e4nkning av arbetsgivaravgiften med tre procentenheter ber\u00e4knas vidare ge en v\u00e4lbeh\u00f6vlig positiv tillv\u00e4xtinjektion med mellan 0,4 och 1,1 procent av bruttoregionalprodukten.<\/p>\n\n\n\n<p>Den privata tj\u00e4nsten\u00e4ringen vore en stor vinnare p\u00e5 s\u00e4nkta arbetsgivaravgifter men \u00e4ven andra personalintensiva n\u00e4ringar f\u00f6r vilka personalkostnader och l\u00f6ner utg\u00f6r en stor andel av den totala kostnadsmassan. Genom en generell s\u00e4nkning av arbetsgivaravgiften f\u00e5r alla f\u00f6retag med anst\u00e4llda en kostnadsbesparing som ger brett genomslag, vilket skapar m\u00e5nga olika typer av jobb \u2013 b\u00e5de h\u00f6gkvalificerade s\u00e5dana och jobb med l\u00e5ga intr\u00e4desbarri\u00e4rer.<\/p>\n\n\n\n<p>V\u00e4stsveriges och hela Sveriges konkurrenskraft \u00e4r i behov av strukturreformer som sl\u00e5r mot roten av problemet med utanf\u00f6rskap och stimulerar efterfr\u00e5gan p\u00e5 arbetskraft s\u00e5 att f\u00f6retagen kan v\u00e4xa. M\u00f6jligheten att skapa m\u00e5nga nya jobb och samtidigt ge tillv\u00e4xten en skjuts \u2013 utan att \u00e4ventyra kampen mot inflationen \u2013 g\u00f6r arbetsgivaravgiftss\u00e4nkningar till en naturlig reformkandidat.<\/p>\n\n\n<a class='Share__link Share__link--url copy-text' href='#' rel='nofollow' data-text='115-miljarder-kronor-i-vastsvenska-arbetsgivaravgifter' title='Dela url' data-confirmation='L\u00e4nken kopierades till urklipp'><svg class='icon icon--link'  width='18' height='18' viewBox='0 0 18 18' fill='none' xmlns='http:\/\/www.w3.org\/2000\/svg'>\n            <path d='M10.4142 0.514721L6.87868 4.05025L8.29289 5.46447L11.1213 2.63604L15.364 6.87868L12.5355 9.70711L13.9497 11.1213L17.4853 7.58579C17.8763 7.19476 17.8763 6.5626 17.4853 6.17158L11.8284 0.514721C11.4374 0.123691 10.8052 0.123691 10.4142 0.514721Z' fill='black'\/>\n            <path d='M9.7071 12.5355L6.87868 15.364L2.63604 11.1213L5.46446 8.2929L4.05025 6.87868L0.514716 10.4142C0.123686 10.8052 0.123686 11.4374 0.514716 11.8284L6.17157 17.4853C6.5626 17.8763 7.19475 17.8763 7.58578 17.4853L11.1213 13.9497L9.7071 12.5355Z' fill='black'\/>\n            <path d='M6.17157 11.8284C6.5626 12.2195 7.19475 12.2195 7.58578 11.8284L11.8284 7.58579C12.2195 7.19476 12.2195 6.56261 11.8284 6.17158C11.4374 5.78055 10.8052 5.78055 10.4142 6.17158L6.17157 10.4142C5.78054 10.8052 5.78054 11.4374 6.17157 11.8284Z' fill='black'\/>\n            <\/svg> <\/a>\n<h2 class=\"wp-block-heading\">115 miljarder kronor i v\u00e4stsvenska arbetsgivaravgifter <\/h2>\n\n\n\n<p class=\"has-excerpt-font-size\">Arbetsgivaravgiften utg\u00f6r en mycket betydande kostnad f\u00f6r de svenska f\u00f6retagen. Det svenska n\u00e4ringslivet betalade in 461 miljarder kronor i arbetsgivaravgifter under 2022 (1). Arbetsgivare i V\u00e4stsverige \u2013 V\u00e4stra G\u00f6talands och Hallands l\u00e4n \u2013 bidrog med 115 miljarder kronor, vilket motsvarar 55 000 kronor per inv\u00e5nare (2).<\/p>\n\n\n\n<p>N\u00e4ra h\u00e4lften av arbetsgivaravgifterna \u2013 44 procent \u2013 utg\u00f6rs av rena skatter som saknar koppling till f\u00f6rm\u00e5ner f\u00f6r arbetstagarna (3). Att arbetsgivaravgiften till v\u00e4sentlig del har blivit en dold k\u00e4lla till beskattning kan ifr\u00e5gas\u00e4ttas eftersom det g\u00e5r p\u00e5 tv\u00e4rs med centrala principer i socialf\u00f6rs\u00e4kringssystemet och minskar transparensen i beskattningen. <\/p>\n\n\n\n<p>Ett avsev\u00e4rt tillv\u00e4xthinder f\u00f6r svenska f\u00f6retag \u00e4r dessutom att arbetskraftskostnaderna \u00e4r h\u00f6gre \u00e4n i de flesta konkurrentl\u00e4nder. (4) Det g\u00e4ller inte minst f\u00f6r den privata tj\u00e4nstesektorn som syssels\u00e4tter 2,4 miljoner m\u00e4nniskor, vilket motsvarar 47 procent av syssels\u00e4ttningen i Sverige. <\/p>\n\n\n\n<p>Det v\u00e4stsvenska n\u00e4ringslivet \u00e4r en viktig motor i svensk ekonomi. Regionen bidrar med en femtedel av Sveriges syssels\u00e4ttning och BNP och en fj\u00e4rdedel av landets export. (5)<\/p>\n\n\n\n<p> M\u00e5nga v\u00e4stsvenska f\u00f6retag st\u00e5r redo att anst\u00e4lla ny personal om de bara f\u00e5r r\u00e4tt f\u00f6ruts\u00e4ttningar. Med de strukturella utmaningar som r\u00e5der p\u00e5 arbetsmarknaden och ett besv\u00e4rligt konjunkturl\u00e4ge \u00e4r det angel\u00e4get med reformer som s\u00e4nker kostnader f\u00f6r f\u00f6retag, skapar fler m\u00f6jligheter f\u00f6r m\u00e4nniskor att komma i arbete och hj\u00e4lper befintliga arbetstagare att beh\u00e5lla sina jobb n\u00e4r det bl\u00e5ser motvind i ekonomin.<\/p>\n\n\n<a class='Share__link Share__link--url copy-text' href='#' rel='nofollow' data-text='stort-utanforskap-pa-arbetsmarknaden-i-vastsverige' title='Dela url' data-confirmation='L\u00e4nken kopierades till urklipp'><svg class='icon icon--link'  width='18' height='18' viewBox='0 0 18 18' fill='none' xmlns='http:\/\/www.w3.org\/2000\/svg'>\n            <path d='M10.4142 0.514721L6.87868 4.05025L8.29289 5.46447L11.1213 2.63604L15.364 6.87868L12.5355 9.70711L13.9497 11.1213L17.4853 7.58579C17.8763 7.19476 17.8763 6.5626 17.4853 6.17158L11.8284 0.514721C11.4374 0.123691 10.8052 0.123691 10.4142 0.514721Z' fill='black'\/>\n            <path d='M9.7071 12.5355L6.87868 15.364L2.63604 11.1213L5.46446 8.2929L4.05025 6.87868L0.514716 10.4142C0.123686 10.8052 0.123686 11.4374 0.514716 11.8284L6.17157 17.4853C6.5626 17.8763 7.19475 17.8763 7.58578 17.4853L11.1213 13.9497L9.7071 12.5355Z' fill='black'\/>\n            <path d='M6.17157 11.8284C6.5626 12.2195 7.19475 12.2195 7.58578 11.8284L11.8284 7.58579C12.2195 7.19476 12.2195 6.56261 11.8284 6.17158C11.4374 5.78055 10.8052 5.78055 10.4142 6.17158L6.17157 10.4142C5.78054 10.8052 5.78054 11.4374 6.17157 11.8284Z' fill='black'\/>\n            <\/svg> <\/a>\n<h2 class=\"wp-block-heading\">Stort utanf\u00f6rskap p\u00e5 arbetsmarknaden i V\u00e4stsverige<\/h2>\n\n\n\n<p class=\"has-excerpt-font-size\">Arbetsl\u00f6shet och utanf\u00f6rskap f\u00f6r breda grupper i samh\u00e4llet har stora negativa ekonomiska och sociala f\u00f6ljdverkningar. Under det fj\u00e4rde kvartalet 2023 var 86 400 personer mellan 15 och 74 \u00e5r i V\u00e4stsverige klassificerade som arbetsl\u00f6sa enligt SCB:s arbetskraftsunders\u00f6kningar (6). <\/p>\n\n\n\n<p>Det motsvarade ett arbetsl\u00f6shetstal p\u00e5 7,6 procent, marginellt l\u00e4gre \u00e4n i Sverige som helhet. N\u00e4rmare en tredjedel av de arbetsl\u00f6sa i V\u00e4stsverige \u2013 runt 32 000 personer \u2013 bodde i G\u00f6teborgs kommun.<\/p>\n\n\n\n<h4 class=\"wp-block-heading\">Diagram 1: Arbetsl\u00f6shet i V\u00e4stsverige, G\u00f6teborg och riket (15-74 \u00e5r), fj\u00e4rde kvartalet 2023<\/h4>\n\n\n\n<figure class=\"wp-block-image size-full\"><img loading=\"lazy\" decoding=\"async\" width=\"1060\" height=\"980\" src=\"https:\/\/www.almega.se\/app\/uploads\/2024\/01\/Diagram-1.png\" alt=\"\" class=\"wp-image-70847\" srcset=\"https:\/\/www.almega.se\/app\/uploads\/2024\/01\/Diagram-1.png 1060w, https:\/\/www.almega.se\/app\/uploads\/2024\/01\/Diagram-1-580x536.png 580w, https:\/\/www.almega.se\/app\/uploads\/2024\/01\/Diagram-1-380x351.png 380w, https:\/\/www.almega.se\/app\/uploads\/2024\/01\/Diagram-1-768x710.png 768w\" sizes=\"auto, (max-width: 1060px) 100vw, 1060px\" \/><figcaption class=\"wp-element-caption\">K\u00e4lla: SCB, AKU<\/figcaption><\/figure>\n\n\n\n<p>Ett bredare indikation p\u00e5 utanf\u00f6rskapet ges av SCB:s registerbaserade statistik som bygger p\u00e5 arbetsgivardeklarationer och uppgifter fr\u00e5n myndigheter, bland annat fr\u00e5n Arbetsf\u00f6rmedlingen. I oktober 2023 var drygt 136 000 personer i V\u00e4stsverige antingen inskrivna som arbetsl\u00f6sa hos Arbetsf\u00f6rmedlingen eller utanf\u00f6r arbetskraften av ok\u00e4nd anledning, det vill s\u00e4ga vare sig klassificerades som studenter, pension\u00e4rer eller sjuka (7).<\/p>\n\n\n\n<blockquote class=\"wp-block-quote is-layout-flow wp-block-quote-is-layout-flow\">\n<p>&#8221;F\u00f6r vissa av de individer som st\u00e5r utanf\u00f6r arbetskraften av ok\u00e4nd anledning ligger det medvetna val bakom att de varken jobbar, studerar eller g\u00e5r p\u00e5 sjukers\u00e4ttning&#8221;<\/p>\n<\/blockquote>\n\n\n\n<p>Andelen personer mellan 20 och 64 \u00e5r som saknar arbete enligt denna bredare definition av utanf\u00f6rskap var 11,4 procent i V\u00e4stsverige och 14,6 procent i G\u00f6teborg. <\/p>\n\n\n\n<p>F\u00f6r vissa av de individer som st\u00e5r utanf\u00f6r arbetskraften av ok\u00e4nd anledning ligger det medvetna val bakom att de varken jobbar, studerar eller g\u00e5r p\u00e5 sjukers\u00e4ttning. Det kan exempelvis handla om v\u00e4rnpliktiga eller om unga personer som \u00e4r ute och reser efter studenten. Gruppens storlek antyder dock att utanf\u00f6rskapet \u00e4r mer utbrett \u00e4n vad de renodlade arbetsl\u00f6shetstalen utvisar. <\/p>\n\n\n\n<p>Att andelen \u00e4r h\u00f6gre i G\u00f6teborg \u00e4r vidare f\u00f6renligt med att det finns en stor kategori m\u00e4nniskor i och kring landets storst\u00e4der som saknar arbete men som heller inte s\u00f6ker kontakt med Arbetsf\u00f6rmedlingen eller andra myndigheter. Samma bild av ett omfattande utanf\u00f6rskap som inte helt f\u00e5ngas av vanliga arbetsl\u00f6shetstal styrks \u00e4ven av andra ber\u00e4kningar av antalet personer i arbetsf\u00f6r \u00e5lder som har f\u00f6r l\u00e5ga inkomster f\u00f6r att anses vara sj\u00e4lvf\u00f6rs\u00f6rjande. (8)<\/p>\n\n\n\n<h4 class=\"wp-block-heading\">Diagram 2: Arbetsl\u00f6sa eller utanf\u00f6r arbetskraften av ok\u00e4nd anledning (20\u201364 \u00e5r), oktober 2023.<\/h4>\n\n\n\n<figure class=\"wp-block-image size-full\"><img loading=\"lazy\" decoding=\"async\" width=\"1010\" height=\"981\" src=\"https:\/\/www.almega.se\/app\/uploads\/2024\/01\/Diagram-2.png\" alt=\"\" class=\"wp-image-70848\" srcset=\"https:\/\/www.almega.se\/app\/uploads\/2024\/01\/Diagram-2.png 1010w, https:\/\/www.almega.se\/app\/uploads\/2024\/01\/Diagram-2-580x563.png 580w, https:\/\/www.almega.se\/app\/uploads\/2024\/01\/Diagram-2-380x369.png 380w, https:\/\/www.almega.se\/app\/uploads\/2024\/01\/Diagram-2-768x746.png 768w\" sizes=\"auto, (max-width: 1010px) 100vw, 1010px\" \/><\/figure>\n\n\n<a class='Share__link Share__link--url copy-text' href='#' rel='nofollow' data-text='arbetsmarknaden-i-vastsverige-ar-tudelad' title='Dela url' data-confirmation='L\u00e4nken kopierades till urklipp'><svg class='icon icon--link'  width='18' height='18' viewBox='0 0 18 18' fill='none' xmlns='http:\/\/www.w3.org\/2000\/svg'>\n            <path d='M10.4142 0.514721L6.87868 4.05025L8.29289 5.46447L11.1213 2.63604L15.364 6.87868L12.5355 9.70711L13.9497 11.1213L17.4853 7.58579C17.8763 7.19476 17.8763 6.5626 17.4853 6.17158L11.8284 0.514721C11.4374 0.123691 10.8052 0.123691 10.4142 0.514721Z' fill='black'\/>\n            <path d='M9.7071 12.5355L6.87868 15.364L2.63604 11.1213L5.46446 8.2929L4.05025 6.87868L0.514716 10.4142C0.123686 10.8052 0.123686 11.4374 0.514716 11.8284L6.17157 17.4853C6.5626 17.8763 7.19475 17.8763 7.58578 17.4853L11.1213 13.9497L9.7071 12.5355Z' fill='black'\/>\n            <path d='M6.17157 11.8284C6.5626 12.2195 7.19475 12.2195 7.58578 11.8284L11.8284 7.58579C12.2195 7.19476 12.2195 6.56261 11.8284 6.17158C11.4374 5.78055 10.8052 5.78055 10.4142 6.17158L6.17157 10.4142C5.78054 10.8052 5.78054 11.4374 6.17157 11.8284Z' fill='black'\/>\n            <\/svg> <\/a>\n<h2 class=\"wp-block-heading\">Arbetsmarknaden i V\u00e4stsverige \u00e4r tudelad<\/h2>\n\n\n\n<p class=\"has-excerpt-font-size\">Arbetsmarknaden i V\u00e4stsverige \u00e4r kraftigt tudelad, d\u00e4r en skiljelinje g\u00e5r mellan inrikes f\u00f6dda och utrikesf\u00f6dda. <\/p>\n\n\n\n<p>Givet den svenska kunskapsekonomins behov och arbetsmarknadens spelregler har den svenska ekonomin visat sig ha sv\u00e5rt att absorbera stora m\u00e4ngder l\u00e5gkvalificerad arbetskraft. Avsaknaden av tillr\u00e4cklig utbildningsbakgrund, yrkeserfarenhet och spr\u00e5kkunskaper f\u00f6r stora grupper av utrikes f\u00f6dda skapar barri\u00e4rer som g\u00f6r det sv\u00e5rt att integrera m\u00e5nga i arbete.<\/p>\n\n\n\n<p>Mer \u00e4n var tionde utrikes f\u00f6dd i V\u00e4stsverige \u00e4r inskriven som arbetsl\u00f6s i Arbetsf\u00f6rmedlingens register, j\u00e4mf\u00f6rt med endast 2,4 procent av de inrikes f\u00f6dda. N\u00e4rmare tre av fem arbetsl\u00f6sa i V\u00e4stsverige \u00e4r utrikes f\u00f6dd trots att knappt var fj\u00e4rde i befolkningen \u00e4r f\u00f6dd i utlandet. Vidare \u00e4r n\u00e4stan var fj\u00e4rde utrikes f\u00f6dd i V\u00e4stsverige (23,8 procent) antingen arbetsl\u00f6s eller st\u00e5r utanf\u00f6r arbetskraften av ok\u00e4nd anledning.<\/p>\n\n\n\n<h4 class=\"wp-block-heading\">Diagram 3: Arbetsl\u00f6shet bland inrikes och utrikes f\u00f6dda i V\u00e4stsverige, G\u00f6teborg och riket (20-64 \u00e5r), oktober 2023<\/h4>\n\n\n\n<figure class=\"wp-block-image size-large\"><img loading=\"lazy\" decoding=\"async\" width=\"1180\" height=\"557\" src=\"https:\/\/www.almega.se\/app\/uploads\/2024\/01\/Diagram-3-1180x557.png\" alt=\"\" class=\"wp-image-70849\" srcset=\"https:\/\/www.almega.se\/app\/uploads\/2024\/01\/Diagram-3-1180x557.png 1180w, https:\/\/www.almega.se\/app\/uploads\/2024\/01\/Diagram-3-580x274.png 580w, https:\/\/www.almega.se\/app\/uploads\/2024\/01\/Diagram-3-380x179.png 380w, https:\/\/www.almega.se\/app\/uploads\/2024\/01\/Diagram-3-768x362.png 768w, https:\/\/www.almega.se\/app\/uploads\/2024\/01\/Diagram-3-1536x725.png 1536w, https:\/\/www.almega.se\/app\/uploads\/2024\/01\/Diagram-3.png 2026w\" sizes=\"auto, (max-width: 1180px) 100vw, 1180px\" \/><\/figure>\n\n\n<a class='Share__link Share__link--url copy-text' href='#' rel='nofollow' data-text='konjunkturen-viker-i-vastsverige-och-ovriga-landet' title='Dela url' data-confirmation='L\u00e4nken kopierades till urklipp'><svg class='icon icon--link'  width='18' height='18' viewBox='0 0 18 18' fill='none' xmlns='http:\/\/www.w3.org\/2000\/svg'>\n            <path d='M10.4142 0.514721L6.87868 4.05025L8.29289 5.46447L11.1213 2.63604L15.364 6.87868L12.5355 9.70711L13.9497 11.1213L17.4853 7.58579C17.8763 7.19476 17.8763 6.5626 17.4853 6.17158L11.8284 0.514721C11.4374 0.123691 10.8052 0.123691 10.4142 0.514721Z' fill='black'\/>\n            <path d='M9.7071 12.5355L6.87868 15.364L2.63604 11.1213L5.46446 8.2929L4.05025 6.87868L0.514716 10.4142C0.123686 10.8052 0.123686 11.4374 0.514716 11.8284L6.17157 17.4853C6.5626 17.8763 7.19475 17.8763 7.58578 17.4853L11.1213 13.9497L9.7071 12.5355Z' fill='black'\/>\n            <path d='M6.17157 11.8284C6.5626 12.2195 7.19475 12.2195 7.58578 11.8284L11.8284 7.58579C12.2195 7.19476 12.2195 6.56261 11.8284 6.17158C11.4374 5.78055 10.8052 5.78055 10.4142 6.17158L6.17157 10.4142C5.78054 10.8052 5.78054 11.4374 6.17157 11.8284Z' fill='black'\/>\n            <\/svg> <\/a>\n<h2 class=\"wp-block-heading\">Konjunkturen viker i V\u00e4stsverige och \u00f6vriga landet <\/h2>\n\n\n\n<p>Sedan mitten av 2022 har konjunkturl\u00e4get f\u00f6rs\u00e4mrats s\u00e5v\u00e4l globalt som i Sverige. Den h\u00f6ga inflation som h\u00e4rjat v\u00e4rldens ekonomier mattades successivt av under 2023 via centralbankernas r\u00e4nteh\u00f6jningar och \u00e5tstramande penningpolitik. I takt med att finansieringskostnaderna har stigit f\u00f6r hush\u00e5ll och f\u00f6retag har efterfr\u00e5gan i ekonomin fallit. Den svenska ekonomin gick i teknisk bem\u00e4rkelse in i recession under det tredje kvartalet 2023. (9)<\/p>\n\n\n\n<p>Konjunkturinstitutets konfidensindikator f\u00f6r det v\u00e4stsvenska n\u00e4ringslivet l\u00e5g under det tredje kvartalet 2023 p\u00e5 88, ett v\u00e4rde som indikerar l\u00e5gkonjunktur. Indikatorn hade fallit fr\u00e5n v\u00e4rden som signalerade h\u00f6gkonjunktur s\u00e5 sent som under f\u00f6rsta halv\u00e5ret 2022. De v\u00e4stsvenska f\u00f6retagens bild var dock aningen mindre pessimistisk \u00e4n f\u00f6r f\u00f6retag i hela riket. Enligt Svensk N\u00e4ringslivs unders\u00f6kningar tror fler v\u00e4stsvenska f\u00f6retag p\u00e5 h\u00f6gre f\u00f6rs\u00e4ljningsvolymer och fler anst\u00e4llda i de egna f\u00f6retagen om ett \u00e5r \u00e4n vice versa. Den positiva \u00f6vervikten \u00e4r dock mycket svagare \u00e4n normalt och fler f\u00f6retag tror att investeringarna kommer att vara l\u00e4gre om ett \u00e5r \u00e4n tv\u00e4rtom. (10)<\/p>\n\n\n\n<p> Det ekonomiska l\u00e4get skiljer sig betydligt mellan olika sektorer och branscher. Hush\u00e5llens konsumtion har fallit f\u00f6r f\u00f6rsta g\u00e5ngen sedan pandemin och enligt V\u00e4stsvenska Handelskammaren halverades byggandet i V\u00e4stsverige under det f\u00f6rsta halv\u00e5ret 2023. Den v\u00e4stsvenska tillverkningsindustrin stod sig relativt stark under hela \u00e5ret trots konjunkturf\u00f6rsvagningen (11). <\/p>\n\n\n\n<p>F\u00f6r de tillverkande f\u00f6retagen har det dock funnits en starkt uppd\u00e4md efterfr\u00e5gan sedan pandemin och Konjunkturinstitutets m\u00e4tningar visar att ordering\u00e5ngen har fallit sedan andra halvan av 2022.<\/p>\n\n\n\n<h4 class=\"wp-block-heading\">Diagram 4: Konfidensindikator f\u00f6r n\u00e4ringslivet i V\u00e4stsverige och riket (neutralt l\u00e4ge=100)<\/h4>\n\n\n\n<figure class=\"wp-block-image size-large\"><img loading=\"lazy\" decoding=\"async\" width=\"1180\" height=\"560\" src=\"https:\/\/www.almega.se\/app\/uploads\/2024\/01\/Diagram-4-1180x560.png\" alt=\"\" class=\"wp-image-70850\" srcset=\"https:\/\/www.almega.se\/app\/uploads\/2024\/01\/Diagram-4-1180x560.png 1180w, https:\/\/www.almega.se\/app\/uploads\/2024\/01\/Diagram-4-580x275.png 580w, https:\/\/www.almega.se\/app\/uploads\/2024\/01\/Diagram-4-380x180.png 380w, https:\/\/www.almega.se\/app\/uploads\/2024\/01\/Diagram-4-768x365.png 768w, https:\/\/www.almega.se\/app\/uploads\/2024\/01\/Diagram-4-1536x729.png 1536w, https:\/\/www.almega.se\/app\/uploads\/2024\/01\/Diagram-4.png 2031w\" sizes=\"auto, (max-width: 1180px) 100vw, 1180px\" \/><\/figure>\n\n\n\n<p>F\u00f6retagskonkurserna \u00e4r betydligt fler idag \u00e4n under pandemin. Pandemin manifesterade sig till stor del som en kortvarig likviditetskris f\u00f6r delar av n\u00e4ringslivet, medan dagens situation utg\u00f6r en mer utdragen nedg\u00e5ng som sl\u00e5r mot hela ekonomin. Under pandemin h\u00f6ll sig m\u00e5nga f\u00f6retag ocks\u00e5 ovanf\u00f6r vattenytan med hj\u00e4lp av statliga st\u00f6d som idag har fasats ut, bland annat i form av korttidspermitteringar, anst\u00e5nd med skatteinbetalningar och tillf\u00e4lligt s\u00e4nkta arbetsgivaravgifter. <\/p>\n\n\n\n<p>P\u00e5 tv\u00e5 \u00e5r har antalet f\u00f6retagskonkurser \u00f6kat med 50 procent. Det g\u00e4ller f\u00f6r b\u00e5de V\u00e4stsverige och f\u00f6r landet som helhet. I V\u00e4stsverige motsvarar detta en \u00f6kning fr\u00e5n runt 80 till omkring 120 f\u00f6retagskonkurser i m\u00e5naden. I riket motsvarar det en \u00f6kning fr\u00e5n drygt 500 till n\u00e4rmare 800 f\u00f6retagskonkurser per m\u00e5nad. Flest konkurser intr\u00e4ffade inom byggbranschen.<\/p>\n\n\n\n<blockquote class=\"wp-block-quote is-style-default is-layout-flow wp-block-quote-is-layout-flow\">\n<p>&#8221;P\u00e5 tv\u00e5 \u00e5r har antalet f\u00f6retagskonkurser \u00f6kat med 50 procent. Det g\u00e4ller f\u00f6r b\u00e5de V\u00e4stsverige och f\u00f6r landet som helhet.&#8221;<\/p>\n<\/blockquote>\n\n\n\n<h4 class=\"wp-block-heading\">Diagram 5: Antalet f\u00f6retagskonkurser i V\u00e4stsverige och riket 2020\u20132023, sex m\u00e5naders glidande medelv\u00e4rde<\/h4>\n\n\n\n<figure class=\"wp-block-image size-large\"><img loading=\"lazy\" decoding=\"async\" width=\"1180\" height=\"597\" src=\"https:\/\/www.almega.se\/app\/uploads\/2024\/01\/diagram5Ratt-1180x597.png\" alt=\"\" class=\"wp-image-70854\" srcset=\"https:\/\/www.almega.se\/app\/uploads\/2024\/01\/diagram5Ratt-1180x597.png 1180w, https:\/\/www.almega.se\/app\/uploads\/2024\/01\/diagram5Ratt-580x293.png 580w, https:\/\/www.almega.se\/app\/uploads\/2024\/01\/diagram5Ratt-380x192.png 380w, https:\/\/www.almega.se\/app\/uploads\/2024\/01\/diagram5Ratt-768x388.png 768w, https:\/\/www.almega.se\/app\/uploads\/2024\/01\/diagram5Ratt.png 1503w\" sizes=\"auto, (max-width: 1180px) 100vw, 1180px\" \/><\/figure>\n\n\n<a class='Share__link Share__link--url copy-text' href='#' rel='nofollow' data-text='arbetsmarknaden-i-vastsverige-sviktar' title='Dela url' data-confirmation='L\u00e4nken kopierades till urklipp'><svg class='icon icon--link'  width='18' height='18' viewBox='0 0 18 18' fill='none' xmlns='http:\/\/www.w3.org\/2000\/svg'>\n            <path d='M10.4142 0.514721L6.87868 4.05025L8.29289 5.46447L11.1213 2.63604L15.364 6.87868L12.5355 9.70711L13.9497 11.1213L17.4853 7.58579C17.8763 7.19476 17.8763 6.5626 17.4853 6.17158L11.8284 0.514721C11.4374 0.123691 10.8052 0.123691 10.4142 0.514721Z' fill='black'\/>\n            <path d='M9.7071 12.5355L6.87868 15.364L2.63604 11.1213L5.46446 8.2929L4.05025 6.87868L0.514716 10.4142C0.123686 10.8052 0.123686 11.4374 0.514716 11.8284L6.17157 17.4853C6.5626 17.8763 7.19475 17.8763 7.58578 17.4853L11.1213 13.9497L9.7071 12.5355Z' fill='black'\/>\n            <path d='M6.17157 11.8284C6.5626 12.2195 7.19475 12.2195 7.58578 11.8284L11.8284 7.58579C12.2195 7.19476 12.2195 6.56261 11.8284 6.17158C11.4374 5.78055 10.8052 5.78055 10.4142 6.17158L6.17157 10.4142C5.78054 10.8052 5.78054 11.4374 6.17157 11.8284Z' fill='black'\/>\n            <\/svg> <\/a>\n<h2 class=\"wp-block-heading\">Arbetsmarknaden i V\u00e4stsverige sviktar<\/h2>\n\n\n\n<p class=\"has-excerpt-font-size\">Den sviktande konjunkturen har \u00e4ven f\u00e5tt arbetsmarknaden att tappa fart. Detta syns tydligt i f\u00f6retagens anst\u00e4llningsplaner.<\/p>\n\n\n\n<p>Under det tredje kvartalet 2023 uppgav fler svenska f\u00f6retag, f\u00f6r f\u00f6rsta g\u00e5ngen sedan tredje kvartalet 2020, att de sannolikt kommer att minska antalet anst\u00e4llda p\u00e5 tre m\u00e5naders sikt \u00e4n tv\u00e4rtom. (12) Enligt Nordea bed\u00f6ms den v\u00e4stsvenska bruttoregionalprodukten falla med en halv procent under 2024. Syssels\u00e4ttningen i regionen bed\u00f6ms under \u00e5ret minska med en procent, vilket motsvarar drygt 10 000 f\u00f6rlorade jobb. (13)<\/p>\n\n\n\n<p>Nedg\u00e5ngen i syssels\u00e4ttning v\u00e4ntas under 2024  trots att flera stora arbetsgivare i regionen sj\u00f6s\u00e4tter satsningar som kr\u00e4ver arbetskraft. Business Region G\u00f6teborg exemplifierar med att Volvo Cars ska \u00f6ppna ett nytt testcenter i G\u00f6teborg f\u00f6r mjukvara och att bolaget \u00e4ven samarbetar med Northvolt f\u00f6r en ny batterifabrik p\u00e5 Hisingen. Andra exempel \u00e4r att Liseberg beh\u00f6ver rekrytera till driften av nya vattenv\u00e4rlden Oceania och att Polestar satsar p\u00e5 ett globalt huvudkontor i Frihamnen. (14)<\/p>\n\n\n\n<p>Trots dessa exempel bl\u00e5ser motvinden allt starkare p\u00e5 arbetsmarknaden. Enligt Arbetsf\u00f6rmedlingen \u00f6kade antalet personer i V\u00e4stsverige som ber\u00f6rdes av varsel under 2023 med 148 procent j\u00e4mf\u00f6rt med 2022, fr\u00e5n drygt 4 000 personer till n\u00e4rmare 11 000 personer. Ungef\u00e4r samma procentuella utveckling, en \u00f6kning med 136 procent, noterades i riket som helhet. I maj 2023 lade Volvo Cars ett varsel motsvarande 1 300 tj\u00e4nster, vilket syns som en m\u00e5nadstopp i den v\u00e4stsvenska statistiken.<\/p>\n\n\n\n<blockquote class=\"wp-block-quote is-layout-flow wp-block-quote-is-layout-flow\">\n<p>&#8221;Den h\u00f6ga inflation som h\u00e4rjat v\u00e4rldens ekonomier mattades successivt av under 2023 via centralbankernas r\u00e4nteh\u00f6jningar och \u00e5tstramande penningpolitik.&#8221;<\/p>\n<\/blockquote>\n\n\n\n<h4 class=\"wp-block-heading\">Diagram 6: Varsel om upps\u00e4gning i V\u00e4stsverige 2022 och 2023, ber\u00f6rda personer per m\u00e5nad<\/h4>\n\n\n\n<figure class=\"wp-block-image size-large\"><img loading=\"lazy\" decoding=\"async\" width=\"1180\" height=\"517\" src=\"https:\/\/www.almega.se\/app\/uploads\/2024\/01\/Diagram-6-1180x517.png\" alt=\"\" class=\"wp-image-70855\" srcset=\"https:\/\/www.almega.se\/app\/uploads\/2024\/01\/Diagram-6-1180x517.png 1180w, https:\/\/www.almega.se\/app\/uploads\/2024\/01\/Diagram-6-580x254.png 580w, https:\/\/www.almega.se\/app\/uploads\/2024\/01\/Diagram-6-380x167.png 380w, https:\/\/www.almega.se\/app\/uploads\/2024\/01\/Diagram-6-768x337.png 768w, https:\/\/www.almega.se\/app\/uploads\/2024\/01\/Diagram-6-1536x673.png 1536w, https:\/\/www.almega.se\/app\/uploads\/2024\/01\/Diagram-6.png 1996w\" sizes=\"auto, (max-width: 1180px) 100vw, 1180px\" \/><\/figure>\n\n\n\n<p>I andra \u00e4nden av ekvationen minskar nyrekryteringarna snabbt. Antalet utannonserade jobb i V\u00e4stsverige sj\u00f6nk successivt under 2023. I december fanns det i V\u00e4stsverige 24 000 lediga platser enligt Arbetsf\u00f6rmedlingen, en minskning med \u00e5tta procent j\u00e4mf\u00f6rt med samma m\u00e5nad 2022.  I G\u00f6teborg minskade antalet lediga jobb med 26 procent i \u00e5rstakt, samtidigt som antalet arbetss\u00f6kande \u00f6kade. Nedg\u00e5ngen var st\u00f6rre i V\u00e4stsverige \u00e4n i \u00f6vriga riket d\u00e4r antalet lediga jobb minskade med tre procent under samma period.<\/p>\n\n\n\n<h4 class=\"wp-block-heading\">Diagram 7: Antalet lediga jobb i V\u00e4stsverige faller<\/h4>\n\n\n\n<figure class=\"wp-block-image size-large\"><img loading=\"lazy\" decoding=\"async\" width=\"1180\" height=\"575\" src=\"https:\/\/www.almega.se\/app\/uploads\/2024\/01\/Diagram-7-1180x575.png\" alt=\"\" class=\"wp-image-70856\" srcset=\"https:\/\/www.almega.se\/app\/uploads\/2024\/01\/Diagram-7-1180x575.png 1180w, https:\/\/www.almega.se\/app\/uploads\/2024\/01\/Diagram-7-580x283.png 580w, https:\/\/www.almega.se\/app\/uploads\/2024\/01\/Diagram-7-380x185.png 380w, https:\/\/www.almega.se\/app\/uploads\/2024\/01\/Diagram-7-768x374.png 768w, https:\/\/www.almega.se\/app\/uploads\/2024\/01\/Diagram-7-1536x749.png 1536w, https:\/\/www.almega.se\/app\/uploads\/2024\/01\/Diagram-7-2048x999.png 2048w\" sizes=\"auto, (max-width: 1180px) 100vw, 1180px\" \/><\/figure>\n\n\n\n<p>Sammantaget befaras l\u00e5gkonjunkturen smitta av sig alltmer p\u00e5 arbetsmarknaden i V\u00e4stsverige under 2024. Den svaga konjunkturbilden i kombination med ett omfattande strukturellt utanf\u00f6rskap \u00f6kar behovet av kostnadsd\u00e4mpande \u00e5tg\u00e4rder som \u00f6kar efterfr\u00e5gan p\u00e5 arbetskraft och mildrar l\u00e5gkonjunkturens effekter f\u00f6r b\u00e5de hush\u00e5ll och f\u00f6retag. En permanent s\u00e4nkning av arbetsgivaravgiften \u00e4r en s\u00e5dan strukturreform som kan bidra till att st\u00e4rka ekonomin och skapa nya jobb.<\/p>\n\n\n<a class='Share__link Share__link--url copy-text' href='#' rel='nofollow' data-text='\u00d6kat-forskningsstod-for-sankta-arbetsgivaravgifter' title='Dela url' data-confirmation='L\u00e4nken kopierades till urklipp'><svg class='icon icon--link'  width='18' height='18' viewBox='0 0 18 18' fill='none' xmlns='http:\/\/www.w3.org\/2000\/svg'>\n            <path d='M10.4142 0.514721L6.87868 4.05025L8.29289 5.46447L11.1213 2.63604L15.364 6.87868L12.5355 9.70711L13.9497 11.1213L17.4853 7.58579C17.8763 7.19476 17.8763 6.5626 17.4853 6.17158L11.8284 0.514721C11.4374 0.123691 10.8052 0.123691 10.4142 0.514721Z' fill='black'\/>\n            <path d='M9.7071 12.5355L6.87868 15.364L2.63604 11.1213L5.46446 8.2929L4.05025 6.87868L0.514716 10.4142C0.123686 10.8052 0.123686 11.4374 0.514716 11.8284L6.17157 17.4853C6.5626 17.8763 7.19475 17.8763 7.58578 17.4853L11.1213 13.9497L9.7071 12.5355Z' fill='black'\/>\n            <path d='M6.17157 11.8284C6.5626 12.2195 7.19475 12.2195 7.58578 11.8284L11.8284 7.58579C12.2195 7.19476 12.2195 6.56261 11.8284 6.17158C11.4374 5.78055 10.8052 5.78055 10.4142 6.17158L6.17157 10.4142C5.78054 10.8052 5.78054 11.4374 6.17157 11.8284Z' fill='black'\/>\n            <\/svg> <\/a>\n<h2 class=\"wp-block-heading\">\u00d6kat forskningsst\u00f6d f\u00f6r s\u00e4nkta arbetsgivaravgifter<\/h2>\n\n\n\n<p class=\"has-excerpt-font-size\">Kunskapen om hur arbetsgivaravgiften p\u00e5verkar syssels\u00e4ttningen har f\u00f6rb\u00e4ttrats markant under de senaste femton \u00e5ren.<\/p>\n\n\n\n<p>Fr\u00e5gan om arbetsgivaravgiftens betydelse har under denna tid ocks\u00e5 varit flitigt omdiskuterad i den ekonomisk-politiska debatten. Detta \u00e4r till stor del f\u00f6ljden av att ett antal faktiska arbetsgivaravgiftss\u00e4nkningar har provats i Sverige som riktades till unga arbetstagare. Under 2007 s\u00e4nktes arbetsgivaravgiften f\u00f6r personer mellan 18 och 24 \u00e5r. S\u00e4nkningen utvidgades under 2009 b\u00e5de sett till den \u00f6vre \u00e5ldersgr\u00e4nsen f\u00f6r m\u00e5lgruppen och till s\u00e4nkningens storlek. <\/p>\n\n\n\n<p>De tidigaste effektutv\u00e4rderingarna av arbetsgivarreformerna f\u00f6r unga 2007 respektive 2009 gav en bild av att syssels\u00e4ttningseffekterna hade varit blygsamma. (15) Under senare \u00e5rs forskning har dock en betydligt mer positiv bild v\u00e4xt fram av arbetsgivaravgiftss\u00e4nkningarnas effekt. Denna omv\u00e4rdering i forskningen beror p\u00e5 flera faktorer. <\/p>\n\n\n\n<p>F\u00f6r det f\u00f6rsta har forskningen under senare \u00e5r visat att arbetsgivaravgiftss\u00e4nkningarna f\u00f6r unga inte bara ledde till h\u00f6gre syssels\u00e4ttning bland unga arbetstagare utan \u00e4ven bland \u00e4ldre arbetstagare utanf\u00f6r reformens direkta m\u00e5lgrupp, en effekt som motsvarade runt en tredjedel av den totala<br>syssels\u00e4ttningseffekten. (16) Detta beror p\u00e5 att det \u00e4r f\u00f6retagen \u2013 och inte arbetstagarna \u2013 som v\u00e4ljer hur \u00f6verskottsmedlen fr\u00e5n en arbetsgivaravgiftss\u00e4nkning ska anv\u00e4ndas. Kostnadsbesparingen kunde d\u00e4rmed g\u00e5 till att anst\u00e4lla s\u00e5v\u00e4l \u00e4ldre medarbetare (utanf\u00f6r reformens m\u00e5lgrupp) som unga medarbetare. Motsvarande pengar kunde ocks\u00e5 anv\u00e4ndas till produktivitetsh\u00f6jande investeringar eller till att k\u00f6pa in externa tj\u00e4nster vilket stimulerar syssels\u00e4ttningen bland leverant\u00f6rer. <\/p>\n\n\n\n<p>F\u00f6r det andra har syssels\u00e4ttningseffekten av s\u00e4nkt arbetsgivaravgift visat sig v\u00e4xa \u00f6ver tid s\u00e5 att delar av effekten sl\u00e5r igenom f\u00f6rst p\u00e5 l\u00e5ng sikt. Detta identifierades emellertid inte av de tidiga reformutv\u00e4rderingarna. (17)<\/p>\n\n\n\n<p>F\u00f6r det tredje har forskningen \u00e4ven funnit starka syssels\u00e4ttningseffekter p\u00e5 den s\u00e5 kallade intensiva marginalen. Det inneb\u00e4r att befintliga arbetstagare i f\u00f6retagen genom reformen fick m\u00f6jligheter att g\u00e5 upp i arbetstid, vilket utg\u00f6r en v\u00e4rdefull syssels\u00e4ttningseffekt f\u00f6r b\u00e5de anst\u00e4llda och f\u00f6retag. (18) En sammanfattande bild av forskningsl\u00e4get om svenska s\u00e4nkningar av arbetsgivaravgifter ges av tabell 1.<\/p>\n\n\n\n<h4 class=\"wp-block-heading\">Tabell 1: Effekter av svenska f\u00f6r\u00e4ndringar av arbetsgivaravgifter: studiesammanfattning&nbsp;<\/h4>\n\n\n\n<figure class=\"wp-block-table\"><table class=\"has-secondary-background-color has-background\"><tbody><tr><td><strong>Studie<\/strong><\/td><td><strong>Sammanfattning av viktiga slutsatser<\/strong><\/td><\/tr><tr><td>Holmlund (1982)<\/td><td>Generella h\u00f6jningar av arbetsgivaravgiften bed\u00f6mdes till cirka 50 procent oms\u00e4ttas i reducerade l\u00f6ne\u00f6kningar p\u00e5 ett \u00e5rs sikt.<\/td><\/tr><tr><td>Egebark &amp; Kaunitz (2013)<\/td><td>S\u00e4nkningen f\u00f6r unga 2007 ber\u00e4knades ha gett mellan 6 000 och 10&nbsp;000 nya jobb. Inga konstaterade effekter av s\u00e4nkningen 2009.<\/td><\/tr><tr><td>Bennmarker, Calmfors &amp; Seim (2013)<\/td><td>S\u00e4nkningarna f\u00f6r unga 2007 och 2009 medf\u00f6rde mestadels ingen \u00f6verv\u00e4ltring p\u00e5 l\u00f6nerna.<\/td><\/tr><tr><td>Skedinger (2014)<\/td><td>S\u00e4nkningarna f\u00f6r unga 2007\/2009 bed\u00f6mdes ha lett till en \u00f6kad syssels\u00e4ttningsgrad med 1,5 procentenheter f\u00f6r unga i detaljhandeln.<\/td><\/tr><tr><td>Egebark (2016)<\/td><td>Inga evidens f\u00f6r fler unga egenf\u00f6retagare till f\u00f6ljd av s\u00e4nkningarna f\u00f6r unga. Befintliga unga egenf\u00f6retagare bed\u00f6mdes dock ha lagt mer tid p\u00e5 f\u00f6retagandet (upp till 20 procent \u00f6kade inkomster fr\u00e5n n\u00e4ringsverksamhet).<\/td><\/tr><tr><td>Kaunitz &amp; Egebark (2017)<\/td><td>Inga evidens f\u00f6r att s\u00e4nkningarna f\u00f6r unga hade effekt p\u00e5 f\u00f6retagens l\u00f6nsamhet eller \u00f6verlevnadsgrad. Liten effekt p\u00e5 f\u00f6retagens investeringar.<\/td><\/tr><tr><td>Gidehag (2019)<\/td><td>S\u00e4nkningen f\u00f6r unga 2007 gav 1100 nya jobb f\u00f6r icke-v\u00e4stliga invandrare, en n\u00e5got st\u00f6rre effekt f\u00f6r gruppen \u00e4n f\u00f6r befolkningen som helhet.<\/td><\/tr><tr><td>Saez, Schoefer &amp; Seim (2019)<\/td><td>S\u00e4nkningarna f\u00f6r unga 2007\/2009 gav mellan 2,8 och 6,5 procent fler jobb i f\u00f6retag med h\u00f6g andel unga, j\u00e4mf\u00f6rt med i f\u00f6retag med en genomsnittlig andel unga.<\/td><\/tr><tr><td>Daunfeldt, Gidehag &amp; Rudholm (2021)<\/td><td>S\u00e4nkningen f\u00f6r unga 2007 skapade 18&nbsp;100 nya jobb, varav cirka 12&nbsp;600 nya jobb f\u00f6r unga och resterande f\u00f6r arbetstagare utanf\u00f6r reformens m\u00e5lgrupp.<\/td><\/tr><tr><td>Saez, Schofer &amp; Seim (2021)<\/td><td>S\u00e4nkningarna f\u00f6r unga skapade 229&nbsp;000 extra jobb\u00e5r \u00f6ver en 10-\u00e5rsperiod. Syssels\u00e4ttningseffekten konstaterades varaktig och v\u00e4xande \u00f6ver tid.<\/td><\/tr><tr><td>HUI Research &amp; Almega (2021)<\/td><td>En hypotetisk, generell s\u00e4nkning med tre procentenheter ber\u00e4knades skapa 106&nbsp;500 nya jobb. En s\u00e4nkning med sex procentenheter ber\u00e4knades ge 141&nbsp;000 nya jobb.<\/td><\/tr><tr><td>Seerar Westerberg (2021)<\/td><td>Vid s\u00e4nkningen 2007 omsattes 22 procent av kostnadss\u00e4nkningen i detaljhandeln i h\u00f6gre l\u00f6ner, fr\u00e4mst till f\u00f6ljd av ett \u00f6kat antal arbetade timmar. Endast cirka fem procent av kostnadsbesparingarna absorberades av h\u00f6gre timl\u00f6ner f\u00f6r befintliga arbetstagare.<\/td><\/tr><tr><td>Daunfeldt, Gidehag &amp; Seerar Westerberg (2021, 2023)<\/td><td>De nya jobben inom detaljhandeln fr\u00e5n s\u00e4nkningen f\u00f6r unga 2007 var klustrade omkring minimil\u00f6neniv\u00e5n. Reformen gynnade d\u00e4rf\u00f6r s\u00e4rskilt personer med svag arbetsmarknadsanknytning.<\/td><\/tr><tr><td>Almega (2023)<\/td><td>En hypotetisk, generell s\u00e4nkning med tre procentenheter ber\u00e4knades skapa 95&nbsp;400 nya jobb och h\u00f6ja BNP-tillv\u00e4xten med mellan 0,4 och 1,1 procent.<\/td><\/tr><\/tbody><\/table><\/figure>\n\n\n<a class='Share__link Share__link--url copy-text' href='#' rel='nofollow' data-text='19-000-nya-jobb-i-vastsverige-med-sankt-arbetsgivaravgift' title='Dela url' data-confirmation='L\u00e4nken kopierades till urklipp'><svg class='icon icon--link'  width='18' height='18' viewBox='0 0 18 18' fill='none' xmlns='http:\/\/www.w3.org\/2000\/svg'>\n            <path d='M10.4142 0.514721L6.87868 4.05025L8.29289 5.46447L11.1213 2.63604L15.364 6.87868L12.5355 9.70711L13.9497 11.1213L17.4853 7.58579C17.8763 7.19476 17.8763 6.5626 17.4853 6.17158L11.8284 0.514721C11.4374 0.123691 10.8052 0.123691 10.4142 0.514721Z' fill='black'\/>\n            <path d='M9.7071 12.5355L6.87868 15.364L2.63604 11.1213L5.46446 8.2929L4.05025 6.87868L0.514716 10.4142C0.123686 10.8052 0.123686 11.4374 0.514716 11.8284L6.17157 17.4853C6.5626 17.8763 7.19475 17.8763 7.58578 17.4853L11.1213 13.9497L9.7071 12.5355Z' fill='black'\/>\n            <path d='M6.17157 11.8284C6.5626 12.2195 7.19475 12.2195 7.58578 11.8284L11.8284 7.58579C12.2195 7.19476 12.2195 6.56261 11.8284 6.17158C11.4374 5.78055 10.8052 5.78055 10.4142 6.17158L6.17157 10.4142C5.78054 10.8052 5.78054 11.4374 6.17157 11.8284Z' fill='black'\/>\n            <\/svg> <\/a>\n<h2 class=\"wp-block-heading\">19 000 nya jobb i V\u00e4stsverige med s\u00e4nkt arbetsgivaravgift<\/h2>\n\n\n\n<p class=\"has-excerpt-font-size\">Syssels\u00e4ttnings\u00f6kningen av s\u00e4nkta arbetsgivaravgifter kan skattas som den procentuella s\u00e4nkningen av arbetskraftskostnaden multiplicerat med en efterfr\u00e5geelasticitet p\u00e5 arbetskraft som indikerar hur arbetsgivares efterfr\u00e5gan svarar p\u00e5 s\u00e4nkta arbetskraftskostnader.<\/p>\n\n\n\n<p>Storleken p\u00e5 s\u00e4nkningen av arbetskraftskostnaden f\u00f6ljer i princip av storleken p\u00e5 arbetsgivaravgiftss\u00e4nkningen. Betr\u00e4ffande efterfr\u00e5geelasticiteten p\u00e5 arbetskraft g\u00e5r det att g\u00f6ra antaganden om rimliga v\u00e4rden utifr\u00e5n tidigare empiriska utv\u00e4rderingar av arbetsgivaravgiftsreformer.<\/p>\n\n\n\n<p>Tv\u00e5 studier har p\u00e5 senare \u00e5r simulerat syssels\u00e4ttningseffekterna av en treprocentig s\u00e4nkning av arbetsgivaravgifterna f\u00f6r samtliga arbetstagare. B\u00e5da dessa studier (HUI Research &amp; Almega 2021, Almega 2023b) lutar sig mot den sammanv\u00e4gda forskningsbilden av effekterna vid s\u00e4nkningarna av arbetsgivaravgifter f\u00f6r unga arbetstagare. Syssels\u00e4ttningseffekten i f\u00f6rh\u00e5llande till arbetsgivarnas besparing extrapoleras d\u00e4refter till hypotetiska s\u00e4nkningar av arbetsgivaravgiften f\u00f6r samtliga arbetstagare. B\u00e5da studierna visar att en generell s\u00e4nkning med tre procentenheter skulle skapa runt 100 000 nya jobb i Sverige. Det senaste och n\u00e5got l\u00e4gre estimatet (fr\u00e5n Almega 2023b) var en effekt p\u00e5 95 400 nya jobb p\u00e5 nationell niv\u00e5. Reformen ber\u00e4knades ocks\u00e5 \u00f6ka BNP-tillv\u00e4xten med mellan 0,4 och 1,1 procent. (19)<\/p>\n\n\n\n<p>Ovanst\u00e5ende resultat inneb\u00e4r att s\u00e4nkt arbetsgivaravgift med tre procentenheter kan medf\u00f6ra en \u00f6kning av syssels\u00e4ttningen med 1,9 procent.20 Med drygt en miljon sysselsatta i V\u00e4stsverige motsvarar detta 19 300 nya jobb i regionen. Motsvarande siffra f\u00f6r G\u00f6teborg blir 5 300 nya jobb. (21)  Reformen skulle d\u00e4rmed dubbelt upp kompensera det fall i syssels\u00e4ttningen som f\u00f6rv\u00e4ntas i V\u00e4stsverige under 2024 till f\u00f6ljd av den befarat f\u00f6rdjupade l\u00e5gkonjunkturen.<\/p>\n\n\n\n<blockquote class=\"wp-block-quote is-layout-flow wp-block-quote-is-layout-flow\">\n<p>&#8221;B\u00e5da studierna visar att en generell s\u00e4nkning med tre procentenheter skulle skapa runt 100 000 nya jobb i Sverige.&#8221;<\/p>\n<\/blockquote>\n\n\n<a class='Share__link Share__link--url copy-text' href='#' rel='nofollow' data-text='sankt-arbetsgivaravgift-skapar-bade-enklare-och-kvalificerade-jobb' title='Dela url' data-confirmation='L\u00e4nken kopierades till urklipp'><svg class='icon icon--link'  width='18' height='18' viewBox='0 0 18 18' fill='none' xmlns='http:\/\/www.w3.org\/2000\/svg'>\n            <path d='M10.4142 0.514721L6.87868 4.05025L8.29289 5.46447L11.1213 2.63604L15.364 6.87868L12.5355 9.70711L13.9497 11.1213L17.4853 7.58579C17.8763 7.19476 17.8763 6.5626 17.4853 6.17158L11.8284 0.514721C11.4374 0.123691 10.8052 0.123691 10.4142 0.514721Z' fill='black'\/>\n            <path d='M9.7071 12.5355L6.87868 15.364L2.63604 11.1213L5.46446 8.2929L4.05025 6.87868L0.514716 10.4142C0.123686 10.8052 0.123686 11.4374 0.514716 11.8284L6.17157 17.4853C6.5626 17.8763 7.19475 17.8763 7.58578 17.4853L11.1213 13.9497L9.7071 12.5355Z' fill='black'\/>\n            <path d='M6.17157 11.8284C6.5626 12.2195 7.19475 12.2195 7.58578 11.8284L11.8284 7.58579C12.2195 7.19476 12.2195 6.56261 11.8284 6.17158C11.4374 5.78055 10.8052 5.78055 10.4142 6.17158L6.17157 10.4142C5.78054 10.8052 5.78054 11.4374 6.17157 11.8284Z' fill='black'\/>\n            <\/svg> <\/a>\n<h2 class=\"wp-block-heading\">S\u00e4nkt arbetsgivaravgift skapar b\u00e5de enklare och kvalificerade jobb<\/h2>\n\n\n\n<p class=\"has-excerpt-font-size\">F\u00f6r att utr\u00f6na vilka typer av jobb som en arbetsgivaravgiftss\u00e4nkning skapar har en simuleringsmodell anv\u00e4nts som beaktar den befintliga yrkesstrukturen i V\u00e4stsverige.<\/p>\n\n\n\n<p>F\u00f6rdelningen av de nya jobbens karakt\u00e4r bygger p\u00e5 att arbetskraftsutbudet p\u00e5 l\u00e5ng sikt anpassar sig till arbetsgivarnas (och i f\u00f6rl\u00e4ngningen konsumenternas) efterfr\u00e5gan. Skattningsmodellen antar vidare att arbetsgivare med relativt stor andel personalkostnader i f\u00f6rh\u00e5llande till sin totala kostnadsmassa \u00f6kar sin efterfr\u00e5gan p\u00e5 arbetskraft mest i samband med en arbetsgivaravgiftss\u00e4nkning. (22)<\/p>\n\n\n\n<p>En generell arbetsgivaravgiftss\u00e4nkning skapar effekter som \u00e4r breda med avseende p\u00e5 jobbens art och kvalifikationsniv\u00e5. Mer \u00e4n h\u00e4lften av de nya jobben \u2013 cirka 11 000 jobb \u2013 bed\u00f6ms inte kr\u00e4va eftergymnasial utbildning eller endast en kort s\u00e5dan. Det handlar om nya jobb inom bland annat service, omsorg, f\u00f6rs\u00e4ljning, byggverksamhet, tillverkning, administration och kundtj\u00e4nst.<\/p>\n\n\n\n<p>Omsorgsyrken utg\u00f6r en enskilt stor underkategori inom relativt enklare typer av nya jobb, d\u00e4r 2 200 nya tj\u00e4nster f\u00f6rv\u00e4ntas skapas. H\u00e4r handlar det om yrken som sk\u00f6tare, v\u00e5rdare och personliga assistenter, undersk\u00f6terskor, v\u00e5rdbitr\u00e4den, barnsk\u00f6tare och elevassistenter samt tandsk\u00f6terskor. Reformen kan d\u00e4rmed utg\u00f6ra en brygga f\u00f6r individer med begr\u00e4nsad utbildningsbakgrund och arbetslivserfarenhet. <\/p>\n\n\n\n<p>S\u00e4nkningen av arbetsgivaravgiften f\u00f6rv\u00e4ntas dock p\u00e5 sikt \u00e4ven skapa m\u00e5nga nya h\u00f6gspecialiserade jobb med l\u00e4ngre utbildningskrav. Antalet jobb som kr\u00e4ver f\u00f6rdjupad h\u00f6gskoleutbildning (minst tre \u00e5r) bed\u00f6ms \u00f6ka med 4 200. \u00c4ven 1 200 nya chefsjobb ber\u00e4knas skapas.<\/p>\n\n\n\n<h4 class=\"wp-block-heading\">Diagram 8: Antalet skattade nya jobb i V\u00e4stsverige om arbetsgivaravgiften s\u00e4nks med tre procentenheter<\/h4>\n\n\n\n<figure class=\"wp-block-image size-large\"><img loading=\"lazy\" decoding=\"async\" width=\"1180\" height=\"571\" src=\"https:\/\/www.almega.se\/app\/uploads\/2024\/01\/Diagram-8-1180x571.png\" alt=\"\" class=\"wp-image-70862\" srcset=\"https:\/\/www.almega.se\/app\/uploads\/2024\/01\/Diagram-8-1180x571.png 1180w, https:\/\/www.almega.se\/app\/uploads\/2024\/01\/Diagram-8-580x281.png 580w, https:\/\/www.almega.se\/app\/uploads\/2024\/01\/Diagram-8-380x184.png 380w, https:\/\/www.almega.se\/app\/uploads\/2024\/01\/Diagram-8-768x372.png 768w, https:\/\/www.almega.se\/app\/uploads\/2024\/01\/Diagram-8-1536x743.png 1536w, https:\/\/www.almega.se\/app\/uploads\/2024\/01\/Diagram-8-2048x991.png 2048w\" sizes=\"auto, (max-width: 1180px) 100vw, 1180px\" \/><\/figure>\n\n\n\n<blockquote class=\"wp-block-quote is-layout-flow wp-block-quote-is-layout-flow\">\n<p>&#8221;Omsorgsyrken utg\u00f6r en enskilt stor underkategori d\u00e4r 2 200 nya tj\u00e4nster f\u00f6rv\u00e4ntas skapas, s\u00e5som sk\u00f6tare, v\u00e5rdare och personliga assistenter, undersk\u00f6terskor, v\u00e5rdbitr\u00e4den, barnsk\u00f6tare och elevassistenter samt tandsk\u00f6terskor.&#8221;<\/p>\n<\/blockquote>\n\n\n<a class='Share__link Share__link--url copy-text' href='#' rel='nofollow' data-text='sankt-arbetsgivaravgift-minskar-kostnaderna-for-kommuner-och-regioner-i-vastsverige' title='Dela url' data-confirmation='L\u00e4nken kopierades till urklipp'><svg class='icon icon--link'  width='18' height='18' viewBox='0 0 18 18' fill='none' xmlns='http:\/\/www.w3.org\/2000\/svg'>\n            <path d='M10.4142 0.514721L6.87868 4.05025L8.29289 5.46447L11.1213 2.63604L15.364 6.87868L12.5355 9.70711L13.9497 11.1213L17.4853 7.58579C17.8763 7.19476 17.8763 6.5626 17.4853 6.17158L11.8284 0.514721C11.4374 0.123691 10.8052 0.123691 10.4142 0.514721Z' fill='black'\/>\n            <path d='M9.7071 12.5355L6.87868 15.364L2.63604 11.1213L5.46446 8.2929L4.05025 6.87868L0.514716 10.4142C0.123686 10.8052 0.123686 11.4374 0.514716 11.8284L6.17157 17.4853C6.5626 17.8763 7.19475 17.8763 7.58578 17.4853L11.1213 13.9497L9.7071 12.5355Z' fill='black'\/>\n            <path d='M6.17157 11.8284C6.5626 12.2195 7.19475 12.2195 7.58578 11.8284L11.8284 7.58579C12.2195 7.19476 12.2195 6.56261 11.8284 6.17158C11.4374 5.78055 10.8052 5.78055 10.4142 6.17158L6.17157 10.4142C5.78054 10.8052 5.78054 11.4374 6.17157 11.8284Z' fill='black'\/>\n            <\/svg> <\/a>\n<h2 class=\"wp-block-heading\">S\u00e4nkt arbetsgivaravgift minskar kostnaderna f\u00f6r kommuner och regioner i V\u00e4stsverige<\/h2>\n\n\n\n<p>S\u00e4nkta arbetsgivaravgifter medf\u00f6r ett inkomstbortfall i statsbudgeten. Detta inkomstbortfall v\u00e4gs upp av lika stora kostnadsbesparingar f\u00f6r arbetsgivare i privat och offentlig sektor s\u00e5som kommuner och regioner. Den initiala kostnadsbesparingen f\u00f6r v\u00e4stsvenska arbetsgivare ber\u00e4knas till 11 miljarder kronor, varav 1,9 miljarder utg\u00f6r minskade kostnader f\u00f6r kommunerna och 0,8 miljarder kronor minskade kostnader f\u00f6r regionerna i V\u00e4stsverige. (23) <\/p>\n\n\n\n<p>I Almega (2023b) ber\u00e4knades att en generell s\u00e4nkning med tre procentenheter skulle inneb\u00e4ra ett initialt inkomstbortfall p\u00e5 totalt 47,2 miljarder kronor i statsbudgeten. Ut\u00f6ver den direkta (statiska) omf\u00f6rdelningseffekten av medel fr\u00e5n staten till f\u00f6retag, kommuner och regioner stimulerar arbetsgivaravgiftss\u00e4nkningar dock syssels\u00e4ttning och produktion, huvudsakligen i det privata n\u00e4ringslivet. Denna dynamiska effekt genererar dels ett \u00e5terfl\u00f6de av arbetsgivaravgifter och moms till staten, dels skatteint\u00e4kter fr\u00e5n nya jobb till kommuner och regioner. Sett till hela den offentliga sektorn ber\u00e4knades att en s\u00e4nkning av arbetsgivaravgiften med tre procentenheter skulle ha en sj\u00e4lvfinansieringsgrad p\u00e5 58 procent. Mer \u00e4n h\u00e4lften av int\u00e4ktsbortfallet bed\u00f6ms allts\u00e5 komma tillbaka i \u00f6kade skatter och avgifter p\u00e5 n\u00e5gra \u00e5rs sikt, till f\u00f6ljd \u00f6kad produktion.<\/p>\n\n\n\n<p>Expanderad produktion och syssels\u00e4ttning i det v\u00e4stsvenska n\u00e4ringslivet ger s\u00e5ledes upphov till nya kommunala och regionala skatteint\u00e4kter. Dessa extra medel ber\u00e4knas till 1,9 miljarder kronor f\u00f6r v\u00e4stsvenska kommuner. Till Region V\u00e4stra G\u00f6taland respektive Region Halland ber\u00e4knas samma effekt ge ett tillskott med totalt en miljard kronor.24 Det inneb\u00e4r att totaleffekten p\u00e5 n\u00e5gra \u00e5rs sikt \u2013 den initiala kostnadsbesparingen plus f\u00f6rv\u00e4ntade int\u00e4kts\u00f6kningar \u2013 bed\u00f6ms uppg\u00e5 till 3,8 miljarder kronor f\u00f6r de v\u00e4stsvenska kommunerna och 1,8 miljarder kronor f\u00f6r de v\u00e4stsvenska regionerna.<\/p>\n\n\n\n<h4 class=\"wp-block-heading\">Tabell 2: Ekonomiska effekter f\u00f6r kommuner och regioner i V\u00e4stsverige av s\u00e4nkt arbetsgivaravgift med tre procentenheter<\/h4>\n\n\n\n<figure class=\"wp-block-table\"><table class=\"has-secondary-background-color has-background\"><tbody><tr><td><strong>&nbsp;<\/strong><\/td><td><strong>Kommuner i V\u00e4stsverige<\/strong><\/td><td><strong>Regioner i V\u00e4stsverige<\/strong><\/td><\/tr><tr><td><strong>Statisk effekt<br><\/strong>(kostnadsbesparing till f\u00f6ljd av omf\u00f6rdelning fr\u00e5n statskassan)<\/td><td>+1,9 mdr.<\/td><td>+0,8 mdr. kr.<\/td><\/tr><tr><td><strong>Dynamisk effekt<\/strong><br>(nya int\u00e4kter till f\u00f6ljd av \u00f6kad produktion och syssels\u00e4ttning)<\/td><td>+1,9 mdr. kr.<\/td><td>+1,0 mdr. kr.<\/td><\/tr><tr><td><strong>Totaleffekt<\/strong><\/td><td>+3,8 mdr. kr.<\/td><td>+1,8 mdr. kr.<\/td><\/tr><\/tbody><\/table><figcaption class=\"wp-element-caption\">K\u00e4lla: Egna ber\u00e4kningar<\/figcaption><\/figure>\n\n\n<a class='Share__link Share__link--url copy-text' href='#' rel='nofollow' data-text='referenser' title='Dela url' data-confirmation='L\u00e4nken kopierades till urklipp'><svg class='icon icon--link'  width='18' height='18' viewBox='0 0 18 18' fill='none' xmlns='http:\/\/www.w3.org\/2000\/svg'>\n            <path d='M10.4142 0.514721L6.87868 4.05025L8.29289 5.46447L11.1213 2.63604L15.364 6.87868L12.5355 9.70711L13.9497 11.1213L17.4853 7.58579C17.8763 7.19476 17.8763 6.5626 17.4853 6.17158L11.8284 0.514721C11.4374 0.123691 10.8052 0.123691 10.4142 0.514721Z' fill='black'\/>\n            <path d='M9.7071 12.5355L6.87868 15.364L2.63604 11.1213L5.46446 8.2929L4.05025 6.87868L0.514716 10.4142C0.123686 10.8052 0.123686 11.4374 0.514716 11.8284L6.17157 17.4853C6.5626 17.8763 7.19475 17.8763 7.58578 17.4853L11.1213 13.9497L9.7071 12.5355Z' fill='black'\/>\n            <path d='M6.17157 11.8284C6.5626 12.2195 7.19475 12.2195 7.58578 11.8284L11.8284 7.58579C12.2195 7.19476 12.2195 6.56261 11.8284 6.17158C11.4374 5.78055 10.8052 5.78055 10.4142 6.17158L6.17157 10.4142C5.78054 10.8052 5.78054 11.4374 6.17157 11.8284Z' fill='black'\/>\n            <\/svg> <\/a>\n<h2 class=\"wp-block-heading\">Referenser<\/h2>\n\n\n\n<p>Almega (2023a). <strong>Svenska arbetsgivaravgifter fortsatt i Europatoppen.<\/strong> https:\/\/www.almega.se\/app\/uploads\/2023\/09\/230907-Sveriges-arbetsgivaravgifter-fortsatt-i-Europatoppen.pdf<\/p>\n\n\n\n<p>Almega (2023b). <strong>S\u00e4nkta arbetsgivaravgifter f\u00f6r fler jobb och \u00f6kad tillv\u00e4xt.<\/strong> Rapport framtagen av Makrologik p\u00e5 uppdrag av<br>Almega. https:\/\/www.almega.se\/app\/uploads\/2023\/10\/231017-Sankta-arbetsgivaravgifter-for-fler-jobb-och-okad-tillvaxt.<br>pdf<\/p>\n\n\n\n<p>Bennmarker, Helge; Calmfors, Lars &amp; Larsson Seim, Anna (2013). Earned income tax credits, unemployment benefits and wages:<br>empirical evidence from Sweden.<strong> IFAU Working Paper<\/strong> 2013:12. https:\/\/www.ifau.se\/globalassets\/pdf\/se\/2013\/wp2013-12- earned-income-tax-credits-unemployment-benefits-and-wages.pdf<\/p>\n\n\n\n<p>Business Region G\u00f6teborg (2023). <strong>Konjunkturen G\u00f6teborgsregionen <\/strong>#4 2023. https:\/\/www.businessregiongoteborg.se\/publikationer\/konjunkturen-4-2023<\/p>\n\n\n\n<p>Daunfeldt, Sven-Olov &amp; Gidehag, Anton (2021). Syssels\u00e4ttningseffekter av s\u00e4nkta arbetsgivaravgifter: en forsknings\u00f6versikt. <strong>HFI Forskningsrapport <\/strong>2021:05. https:\/\/hfi.se\/wp-content\/uploads\/2021\/10\/forskningsoversikt211021final.pdf<\/p>\n\n\n\n<p>Daunfeldt, Sven-Olov; Gidehag, Anton &amp; Rudholm, Niklas (2021). How do firms respond to reduced labor costs? Evidence from the 2007 Swedish payroll tax reform. <strong>Journal of Industry, Competition and Trade.<\/strong> https:\/\/www.diva-portal.org\/smash\/get\/ diva2:1549269\/FULLTEXT01.pdf<\/p>\n\n\n\n<p>Daunfeldt, Sven-Olov; Gidehag, Anton, &amp; Seerar Westerberg, Hans (2021). Arbetskraftskostnadernas effekt p\u00e5 instegsjobben: En analys av detaljhandeln. <strong>HFI Forskningsrapport<\/strong> 2021:05. https:\/\/hfi.se\/wp-content\/uploads\/2021\/10\/ instegsjobb211020final.pdf<\/p>\n\n\n\n<p>Daunfeldt, Sven-Olov; Gidehag, Anton &amp; Seerar Westerberg, Hans (2023). Do reduced labor costs increase among minimum wage workers? Evidence from a Swedish payroll cut. <strong>HFI Working Paper <\/strong>no. 26. https:\/\/hfi.se\/wp-content\/uploads\/2023\/01\/Paper-2_ Hans-Seerar-Westerberg.pdf<\/p>\n\n\n\n<p>Daunfeldt, Lidefelt &amp; Mikkonen (2023). <strong>Reformer f\u00f6r fler i arbete. <\/strong>Svenskt N\u00e4ringsliv, februari 2023. https:\/\/www.svensktnaringsliv.se\/bilder_och_dokument\/2uu146_rapport-fler-i-arbete-webbpdf_1197122.html\/ Rapport+Fler+i+arbete+WEBB.pdf<\/p>\n\n\n\n<p>Deiaco, Enrico &amp; Eklund, Johan (2020). <strong>V\u00e4gar till sj\u00e4lvf\u00f6rs\u00f6rjning. Slutrapport i projektet Integration Sverige.<\/strong> Entrepren\u00f6rskapsforum. https:\/\/entreprenorskapsforum.se\/wp-content\/uploads\/2020\/12\/Vagar_till_sjalvforsorjning_rapport_web.pdf<\/p>\n\n\n\n<p>Egebark, Johan (2016). Effects of taxes on youth self-employment and income. I<strong>FAU Working Paper <\/strong>2016:4. https:\/\/www.ifau.se\/globalassets\/pdf\/se\/2016\/wp2016-04-effects-of-taxes-on-youth-self-employment-and-income.pdf<\/p>\n\n\n\n<p>Egebark, Johan &amp; Kaunitz, Niklas (2013). Do payroll cuts raise youth employment? IFAU Working Paper 2013:27. https:\/\/www.ifau.se\/globalassets\/pdf\/se\/2013\/wp2013-27-do-payroll-tax-cuts-raise-youth-employment.pdf<br><\/p>\n\n\n\n<p>F\u00f6retagarna (2021). <strong>Vad f\u00e5r jag f\u00f6r pengarna? S\u00e5 p\u00e5verkar arbetsgivaravgifterna och socialf\u00f6rs\u00e4kringssystemet Sveriges mindre och v\u00e4xande f\u00f6retag. <\/strong>Rapport framtagen av HUI Research p\u00e5 uppdrag av F\u00f6retagarna. https:\/\/www.foretagarna.se\/cont entassets\/50cc1599c1f44e9798d25e656ee6be81\/2111-vad-far-jag-for-pengarna.pdf<\/p>\n\n\n\n<p>Gidehag, Anton. (2019). Firms\u2019 labor cost savings and recruitment of non-western immigrants: the unintended effect of a payroll tax reform.<strong> HFI Working Paper<\/strong>, no. 5. https:\/\/hfi.se\/wp-content\/uploads\/2019\/12\/agimmigrantswp.pdf<\/p>\n\n\n\n<p>Holmlund, Bertil (1982). Payroll taxes and wage Inflation: The Swedish experiences.<strong> IFN Working Paper, <\/strong>no. 68 1982. https:\/\/www.ifn.se\/wfiles\/wp\/wp068.pdf<\/p>\n\n\n\n<p>HUI Research &amp; Almega (2021). <strong>S\u00e4nkta arbetsgivaravgifter skapar 100 000 nya jobb<\/strong>. Rapport framtagen av HUI Research p\u00e5 uppdrag av Almega. https:\/\/www.almega.se\/app\/uploads\/2021\/03\/sankta-arbetsgivaravgifter-2103.pdf<\/p>\n\n\n\n<p>Kaunitz, Niklas &amp; Egebark, Johan (2017). Payroll Taxes and Firm Performance. <strong>IFN Working Paper<\/strong>, no. 1175. https:\/\/www.ifn.se\/wfiles\/wp\/wp1175.pdf<\/p>\n\n\n\n<p>Konjunkturinstitutet (2022). <strong>Finanspolitikens effekt p\u00e5 inflationen \u2013 ett allm\u00e4n-j\u00e4mviktsperspektiv.<\/strong> KI-kommentar, Almerud, Jakob, 8 december 2022. https:\/\/www.konj.se\/download\/18.21cbc2c9184b3f68ac0a853f\/1670498544852\/2022-12-08%20 Inflationsmultiplikatorer.pdf<\/p>\n\n\n\n<p>Nordea (2023). Kalejdoskop. Konjunkturutsikterna skiftar mellan olika delar av landet<strong>. Regionala utsikter <\/strong>#2 2023. https:\/\/docs.nordeamarkets.com\/EconomicOutlook\/regionala-utsikter-02-2023\/<\/p>\n\n\n\n<p>Saez, Emmanuel; Schoefer, Benjamin &amp; Seim, David (2019). Payroll Taxes, Firm Behavior, and Rent Sharing: Evidence from a Young Workers\u2019 Tax Cut in Sweden. <strong>American Economic Review <\/strong>2019 109:5, 1717-1763. https:\/\/pubs.aeaweb.org\/doi\/pdfplus\/10.1257\/ aer.20171937<\/p>\n\n\n\n<p>Saez, Emmanuel; Schoefer, Benjamin &amp; Seim, David (2021). Hysteresis from employer subsidies. <strong>National Bureau of Economic Research, Working Paper <\/strong>26391. https:\/\/www.nber.org\/system\/files\/working_papers\/w26391\/w26391.pdf<\/p>\n\n\n\n<p>Seerar Westerberg, Hans (2021). Are payroll tax cuts absorbed by insiders? Evidence from the Swedish retail industry. <strong>HFI Working Paper,<\/strong> no. 20. https:\/\/www.econstor.eu\/bitstream\/10419\/246774\/1\/hfi-wp020.pdf<\/p>\n\n\n\n<p>Skedinger, Per (2007). Minimil\u00f6ners effekter p\u00e5 syssels\u00e4ttning och l\u00f6ner \u2013 en \u00f6versikt. <strong>Arbetsmarknad &amp; Arbetsliv,<\/strong> \u00e5rg 13, nr 2, sommaren 2007. http:\/\/www.diva-portal.org\/smash\/get\/diva2:159740\/fulltext01.pdf<\/p>\n\n\n\n<p>Skedinger, Per (2014). Effects of Payroll Tax Cuts for Young Workers. <strong>Nordic Economic Policy Review <\/strong>1\/2014. https:\/\/www.ifn.se\/media\/x5qlvsbv\/reprint2014-18.pdf<\/p>\n\n\n\n<p>Svenskt N\u00e4ringsliv (2023). Konjunkturen \u2013 Halland.<strong> F\u00f6retagarpanelen <\/strong>Q4-2023.<\/p>\n\n\n\n<p>Svenskt N\u00e4ringsliv (2023). Konjunkturen \u2013 V\u00e4stra G\u00f6taland. <strong>F\u00f6retagarpanelen<\/strong> Q4-2023.<\/p>\n\n\n\n<p>Tor\u00e9n, Douglas (2023). <strong>V\u00e4stsverige st\u00e5r starkt i sviktande konjunktur. <\/strong>V\u00e4stsvenska Handelskammaren 25\/9 2023. https:\/\/www.vastsvenskahandelskammaren.se\/artiklar\/vastsverige-star-starkt-i-sviktande-konjunktur\/<\/p>\n\n\n<a class='Share__link Share__link--url copy-text' href='#' rel='nofollow' data-text='fotnoter' title='Dela url' data-confirmation='L\u00e4nken kopierades till urklipp'><svg class='icon icon--link'  width='18' height='18' viewBox='0 0 18 18' fill='none' xmlns='http:\/\/www.w3.org\/2000\/svg'>\n            <path d='M10.4142 0.514721L6.87868 4.05025L8.29289 5.46447L11.1213 2.63604L15.364 6.87868L12.5355 9.70711L13.9497 11.1213L17.4853 7.58579C17.8763 7.19476 17.8763 6.5626 17.4853 6.17158L11.8284 0.514721C11.4374 0.123691 10.8052 0.123691 10.4142 0.514721Z' fill='black'\/>\n            <path d='M9.7071 12.5355L6.87868 15.364L2.63604 11.1213L5.46446 8.2929L4.05025 6.87868L0.514716 10.4142C0.123686 10.8052 0.123686 11.4374 0.514716 11.8284L6.17157 17.4853C6.5626 17.8763 7.19475 17.8763 7.58578 17.4853L11.1213 13.9497L9.7071 12.5355Z' fill='black'\/>\n            <path d='M6.17157 11.8284C6.5626 12.2195 7.19475 12.2195 7.58578 11.8284L11.8284 7.58579C12.2195 7.19476 12.2195 6.56261 11.8284 6.17158C11.4374 5.78055 10.8052 5.78055 10.4142 6.17158L6.17157 10.4142C5.78054 10.8052 5.78054 11.4374 6.17157 11.8284Z' fill='black'\/>\n            <\/svg> <\/a>\n<h2 class=\"wp-block-heading\">Fotnoter<\/h2>\n\n\n\n<ol class=\"wp-block-list\">\n<li>Enligt SCB, LAPS.<\/li>\n\n\n\n<li>Enligt SCB Regionalr\u00e4kenskaper. Siffran f\u00f6r totala inbetalningar avser fr\u00e5n b\u00e5de privata och offentliga arbetsgivare.<br>Motsvarande siffra f\u00f6r hela riket var 578 miljarder kronor.<\/li>\n\n\n\n<li>Se F\u00f6retagarna (2021).<\/li>\n\n\n\n<li>Se exempelvis Almega (2023a) samt Daunfeldt &amp; Gidehag (2021).<\/li>\n\n\n\n<li>Uppgifter om syssels\u00e4ttning och BNP-bidrag kommer fr\u00e5n SCB. Uppgiften om exporten kommer fr\u00e5n Tillv\u00e4xtverket.<\/li>\n\n\n\n<li>I arbetskraftsunders\u00f6kningarna m\u00e4ter SCB arbetsl\u00f6sheten genom telefonintervjuer. Denna metod brukar ge n\u00e5got h\u00f6gre arbetsl\u00f6shetstal \u00e4n vad som framkommer inom ramen f\u00f6r de registerbaserade arbetsl\u00f6shetsm\u00e5tt som vilar p\u00e5 antalet individer som \u00e4r inskrivna hos Arbetsf\u00f6rmedlingen.<\/li>\n\n\n\n<li>Enligt SCB, Befolkningens arbetsmarknadsstatus. Denna unders\u00f6kning bygger p\u00e5 registerdata fr\u00e5n arbetsgivardeklarationer till Skatteverket, Arbetsf\u00f6rmedlingens register samt utbetalning av olika ers\u00e4ttningar s\u00e5som sjukers\u00e4ttning och pensioner. Personer som \u00e4r i arbetskraften klassificeras definitionsm\u00e4ssigt som antingen sysselsatta eller inskrivna arbetsl\u00f6sa enligt Arbetsf\u00f6rmedlingens statistik.<\/li>\n\n\n\n<li>Se exempelvis Deiaco &amp; Eklund (2020) och Daunfeldt, Lidefelt &amp; Mikkonen (2023).<\/li>\n\n\n\n<li>Enligt den tekniska definitionen av recession s\u00e5som tv\u00e5 raka kvartal av fallande BNP.<\/li>\n\n\n\n<li>Svenskt N\u00e4ringsliv, F\u00f6retagarpanelen Q4 2023.<\/li>\n\n\n\n<li>Tor\u00e9n (2023).<\/li>\n\n\n\n<li>Enligt Konjunkturinstitutets indikator f\u00f6r det totala n\u00e4ringslivet.<\/li>\n\n\n\n<li>Nordea, Regionala utsikter #2 2023. Antalet sysselsatta under det fj\u00e4rde kvartalet 2023 uppskattades enligt SCB:s arbetskraftsunders\u00f6kningar till 1053 000 personer och i oktober m\u00e5nad till 1 015 162 personer enligt SCB:s registerbaserade statistik.<\/li>\n\n\n\n<li>Business Region G\u00f6teborg, Konjunkturen #4 2023.<\/li>\n\n\n\n<li>Tongivande i denna tidiga litteratur var studierna av Egebark &amp; Kaunitz (2013) samt Skedinger (2014).<\/li>\n\n\n\n<li>Se Daunfeldt, Gidehag &amp; Rudholm (2021) samt Saez, Schoefer &amp; Seim (2019).<\/li>\n\n\n\n<li>Saez, Schoefer &amp; Seim (2021).<\/li>\n\n\n\n<li>Se Seerar Westerberg (2021).<\/li>\n\n\n\n<li>F\u00f6r V\u00e4stsverige motsvarar tillv\u00e4xt\u00f6kningen ett extra samh\u00e4llsekonomiskt v\u00e4rde p\u00e5 mellan 4,6 och 12,7 miljarder kronor, vilket m\u00f6jligg\u00f6r h\u00f6gre regional konsumtion inom s\u00e5v\u00e4l privat som offentlig sektor.<\/li>\n\n\n\n<li>Se Almega (2023b).<\/li>\n\n\n\n<li>Antalet sysselsatta i V\u00e4stsverige i oktober 2023 uppgick till 1 015 162 personer (20\u201364 \u00e5r), enligt SCB:s registerbaserade statistik. Motsvarande siffror f\u00f6r G\u00f6teborgs kommun var 311 445 personer.<\/li>\n\n\n\n<li>Se Skedinger (2007) samt en mer fullst\u00e4ndig beskrivning av modellen som anv\u00e4nds i Almega (2023b).<\/li>\n\n\n\n<li>Ber\u00e4knat som (0,03\/0,3142)*114,8 d\u00e4r 31,42 procent \u00e4r den nuvarande arbetsgivaravgiften och 114,8 de totala arbetsgivaravgifterna fr\u00e5n arbetsgivare i V\u00e4stsverige enligt SCB Regionalr\u00e4kenskaper (2022). Bortfallet fr\u00e5n kommunala och regionala arbetsgivare har skattats utifr\u00e5n uppgifter om personalkostnader och syssels\u00e4ttning i motsvarande kommer och regioner.<\/li>\n\n\n\n<li>Ber\u00e4kningarna baseras p\u00e5 heltidsmedell\u00f6nen i privat sektor p\u00e5 38 300 kronor enligt den officiella l\u00f6nestrukturstatistiken (SCB), ett antagande om en genomsnittlig l\u00f6nesumma p\u00e5 50 procent f\u00f6r de nya jobben i relation till befintliga jobb samt aktuella kommunala och regionala skattesatser.<\/li>\n<\/ol>\n","protected":false},"excerpt":{"rendered":"<p>Fler jobb, \u00f6kad tillv\u00e4xt och st\u00e4rkt<br \/>\nekonomi f\u00f6r kommuner och regioner.<\/p>\n","protected":false},"author":14531,"featured_media":70837,"comment_status":"closed","ping_status":"closed","sticky":false,"template":"","format":"standard","meta":{"_acf_changed":false,"footnotes":""},"categories":[64,630,57],"tags":[],"article_type":[42],"agreement":[],"class_list":["post-70830","post","type-post","status-publish","format-standard","has-post-thumbnail","hentry","category-arbetsmarknad","category-konjunktur","category-skatter","type-rapporter"],"acf":[],"yoast_head":"<!-- This site is optimized with the Yoast SEO Premium plugin v26.8 (Yoast SEO v26.8) - https:\/\/yoast.com\/product\/yoast-seo-premium-wordpress\/ -->\n<title>19 000 nya jobb i V\u00e4stsverige med s\u00e4nkt arbetsgivaravgift | Almega<\/title>\n<meta name=\"robots\" content=\"index, follow, max-snippet:-1, max-image-preview:large, max-video-preview:-1\" \/>\n<link rel=\"canonical\" href=\"https:\/\/www.almega.se\/2024\/01\/19-000-nya-jobb-i-vastsverige-med-sankt-arbetsgivaravgift\/\" \/>\n<meta property=\"og:locale\" content=\"sv_SE\" \/>\n<meta property=\"og:type\" content=\"article\" \/>\n<meta property=\"og:title\" content=\"19 000 nya jobb i V\u00e4stsverige med s\u00e4nkt arbetsgivaravgift\" \/>\n<meta property=\"og:description\" content=\"Fler jobb, \u00f6kad tillv\u00e4xt och st\u00e4rkt ekonomi f\u00f6r kommuner och regioner.\" \/>\n<meta property=\"og:url\" content=\"https:\/\/www.almega.se\/2024\/01\/19-000-nya-jobb-i-vastsverige-med-sankt-arbetsgivaravgift\/\" \/>\n<meta property=\"og:site_name\" content=\"Almega\" \/>\n<meta property=\"article:published_time\" content=\"2024-01-30T04:30:00+00:00\" \/>\n<meta property=\"og:image\" content=\"https:\/\/www.almega.se\/app\/uploads\/2024\/01\/AdobeStock_621456775.jpg\" \/>\n\t<meta property=\"og:image:width\" content=\"2000\" \/>\n\t<meta property=\"og:image:height\" content=\"1373\" \/>\n\t<meta property=\"og:image:type\" content=\"image\/jpeg\" \/>\n<meta name=\"author\" content=\"Karin Nyg\u00e5rd\" \/>\n<meta name=\"twitter:card\" content=\"summary_large_image\" \/>\n<meta name=\"twitter:label1\" content=\"Skriven av\" \/>\n\t<meta name=\"twitter:data1\" content=\"Karin Nyg\u00e5rd\" \/>\n\t<meta name=\"twitter:label2\" content=\"Ber\u00e4knad l\u00e4stid\" \/>\n\t<meta name=\"twitter:data2\" content=\"25 minuter\" \/>\n<!-- \/ Yoast SEO Premium plugin. -->","yoast_head_json":{"title":"19 000 nya jobb i V\u00e4stsverige med s\u00e4nkt arbetsgivaravgift | Almega","robots":{"index":"index","follow":"follow","max-snippet":"max-snippet:-1","max-image-preview":"max-image-preview:large","max-video-preview":"max-video-preview:-1"},"canonical":"https:\/\/www.almega.se\/2024\/01\/19-000-nya-jobb-i-vastsverige-med-sankt-arbetsgivaravgift\/","og_locale":"sv_SE","og_type":"article","og_title":"19 000 nya jobb i V\u00e4stsverige med s\u00e4nkt arbetsgivaravgift","og_description":"Fler jobb, \u00f6kad tillv\u00e4xt och st\u00e4rkt ekonomi f\u00f6r kommuner och regioner.","og_url":"https:\/\/www.almega.se\/2024\/01\/19-000-nya-jobb-i-vastsverige-med-sankt-arbetsgivaravgift\/","og_site_name":"Almega","article_published_time":"2024-01-30T04:30:00+00:00","og_image":[{"width":2000,"height":1373,"url":"https:\/\/www.almega.se\/app\/uploads\/2024\/01\/AdobeStock_621456775.jpg","type":"image\/jpeg"}],"author":"Karin Nyg\u00e5rd","twitter_card":"summary_large_image","twitter_misc":{"Skriven av":"Karin Nyg\u00e5rd","Ber\u00e4knad l\u00e4stid":"25 minuter"},"schema":{"@context":"https:\/\/schema.org","@graph":[{"@type":"NewsArticle","@id":"https:\/\/www.almega.se\/2024\/01\/19-000-nya-jobb-i-vastsverige-med-sankt-arbetsgivaravgift\/#article","isPartOf":{"@id":"https:\/\/www.almega.se\/2024\/01\/19-000-nya-jobb-i-vastsverige-med-sankt-arbetsgivaravgift\/"},"author":{"name":"Karin Nyg\u00e5rd","@id":"https:\/\/www.almega.se\/#\/schema\/person\/eae58f3a71d6b7aa9f71f3139a740a02"},"headline":"19 000 nya jobb i V\u00e4stsverige med s\u00e4nkt arbetsgivaravgift","datePublished":"2024-01-30T04:30:00+00:00","mainEntityOfPage":{"@id":"https:\/\/www.almega.se\/2024\/01\/19-000-nya-jobb-i-vastsverige-med-sankt-arbetsgivaravgift\/"},"wordCount":5441,"image":{"@id":"https:\/\/www.almega.se\/2024\/01\/19-000-nya-jobb-i-vastsverige-med-sankt-arbetsgivaravgift\/#primaryimage"},"thumbnailUrl":"https:\/\/www.almega.se\/app\/uploads\/2024\/01\/AdobeStock_621456775.jpg","articleSection":["Arbetsmarknad","Konjunktur","Skatter"],"inLanguage":"sv-SE"},{"@type":"WebPage","@id":"https:\/\/www.almega.se\/2024\/01\/19-000-nya-jobb-i-vastsverige-med-sankt-arbetsgivaravgift\/","url":"https:\/\/www.almega.se\/2024\/01\/19-000-nya-jobb-i-vastsverige-med-sankt-arbetsgivaravgift\/","name":"19 000 nya jobb i V\u00e4stsverige med s\u00e4nkt arbetsgivaravgift | Almega","isPartOf":{"@id":"https:\/\/www.almega.se\/#website"},"primaryImageOfPage":{"@id":"https:\/\/www.almega.se\/2024\/01\/19-000-nya-jobb-i-vastsverige-med-sankt-arbetsgivaravgift\/#primaryimage"},"image":{"@id":"https:\/\/www.almega.se\/2024\/01\/19-000-nya-jobb-i-vastsverige-med-sankt-arbetsgivaravgift\/#primaryimage"},"thumbnailUrl":"https:\/\/www.almega.se\/app\/uploads\/2024\/01\/AdobeStock_621456775.jpg","datePublished":"2024-01-30T04:30:00+00:00","author":{"@id":"https:\/\/www.almega.se\/#\/schema\/person\/eae58f3a71d6b7aa9f71f3139a740a02"},"breadcrumb":{"@id":"https:\/\/www.almega.se\/2024\/01\/19-000-nya-jobb-i-vastsverige-med-sankt-arbetsgivaravgift\/#breadcrumb"},"inLanguage":"sv-SE","potentialAction":[{"@type":"ReadAction","target":["https:\/\/www.almega.se\/2024\/01\/19-000-nya-jobb-i-vastsverige-med-sankt-arbetsgivaravgift\/"]}]},{"@type":"ImageObject","inLanguage":"sv-SE","@id":"https:\/\/www.almega.se\/2024\/01\/19-000-nya-jobb-i-vastsverige-med-sankt-arbetsgivaravgift\/#primaryimage","url":"https:\/\/www.almega.se\/app\/uploads\/2024\/01\/AdobeStock_621456775.jpg","contentUrl":"https:\/\/www.almega.se\/app\/uploads\/2024\/01\/AdobeStock_621456775.jpg","width":2000,"height":1373,"caption":"Almegas rapport 19 000 nya jobb i V\u00e4stsverige."},{"@type":"BreadcrumbList","@id":"https:\/\/www.almega.se\/2024\/01\/19-000-nya-jobb-i-vastsverige-med-sankt-arbetsgivaravgift\/#breadcrumb","itemListElement":[{"@type":"ListItem","position":1,"name":"Home","item":"https:\/\/www.almega.se\/"},{"@type":"ListItem","position":2,"name":"19 000 nya jobb i V\u00e4stsverige med s\u00e4nkt arbetsgivaravgift"}]},{"@type":"WebSite","@id":"https:\/\/www.almega.se\/#website","url":"https:\/\/www.almega.se\/","name":"Almega","description":"","potentialAction":[{"@type":"SearchAction","target":{"@type":"EntryPoint","urlTemplate":"https:\/\/www.almega.se\/?s={search_term_string}"},"query-input":{"@type":"PropertyValueSpecification","valueRequired":true,"valueName":"search_term_string"}}],"inLanguage":"sv-SE"},{"@type":"Person","@id":"https:\/\/www.almega.se\/#\/schema\/person\/eae58f3a71d6b7aa9f71f3139a740a02","name":"Karin Nyg\u00e5rd","image":{"@type":"ImageObject","inLanguage":"sv-SE","@id":"https:\/\/www.almega.se\/#\/schema\/person\/image\/","url":"https:\/\/secure.gravatar.com\/avatar\/09e5ec3d12974ae686ad90a0a4bf5404c8a4cfdca18f97124f166ab274023818?s=96&d=mm&r=g","contentUrl":"https:\/\/secure.gravatar.com\/avatar\/09e5ec3d12974ae686ad90a0a4bf5404c8a4cfdca18f97124f166ab274023818?s=96&d=mm&r=g","caption":"Karin Nyg\u00e5rd"},"description":"Produkt\u00e4gare Almega.se, samordnar webbutveckling och utveckling av Arbetsgivarguiden.se","url":"https:\/\/www.almega.se\/person\/karinnygard\/"}]}},"_links":{"self":[{"href":"https:\/\/www.almega.se\/api\/wp\/v2\/posts\/70830","targetHints":{"allow":["GET"]}}],"collection":[{"href":"https:\/\/www.almega.se\/api\/wp\/v2\/posts"}],"about":[{"href":"https:\/\/www.almega.se\/api\/wp\/v2\/types\/post"}],"author":[{"embeddable":true,"href":"https:\/\/www.almega.se\/api\/wp\/v2\/users\/14531"}],"replies":[{"embeddable":true,"href":"https:\/\/www.almega.se\/api\/wp\/v2\/comments?post=70830"}],"version-history":[{"count":23,"href":"https:\/\/www.almega.se\/api\/wp\/v2\/posts\/70830\/revisions"}],"predecessor-version":[{"id":70943,"href":"https:\/\/www.almega.se\/api\/wp\/v2\/posts\/70830\/revisions\/70943"}],"wp:featuredmedia":[{"embeddable":true,"href":"https:\/\/www.almega.se\/api\/wp\/v2\/media\/70837"}],"wp:attachment":[{"href":"https:\/\/www.almega.se\/api\/wp\/v2\/media?parent=70830"}],"wp:term":[{"taxonomy":"category","embeddable":true,"href":"https:\/\/www.almega.se\/api\/wp\/v2\/categories?post=70830"},{"taxonomy":"post_tag","embeddable":true,"href":"https:\/\/www.almega.se\/api\/wp\/v2\/tags?post=70830"},{"taxonomy":"type","embeddable":true,"href":"https:\/\/www.almega.se\/api\/wp\/v2\/article_type?post=70830"},{"taxonomy":"agreement","embeddable":true,"href":"https:\/\/www.almega.se\/api\/wp\/v2\/agreement?post=70830"}],"curies":[{"name":"wp","href":"https:\/\/api.w.org\/{rel}","templated":true}]}}