{"id":7067,"date":"2014-03-24T13:30:00","date_gmt":"2014-03-24T12:30:00","guid":{"rendered":"http:\/\/almega-bento\/wp\/blog\/2014\/03\/24\/aterbetalning-av-afa-premier-bemanningsforetagen\/"},"modified":"2014-03-24T13:30:00","modified_gmt":"2014-03-24T12:30:00","slug":"aterbetalning-av-afa-premier-bemanningsforetagen","status":"publish","type":"post","link":"https:\/\/www.almega.se\/2014\/03\/aterbetalning-av-afa-premier-bemanningsforetagen\/","title":{"rendered":"\u00c5terbetalning av AFA-premier &#8211; Bemannings&shy;f\u00f6retagen"},"content":{"rendered":"\n<p class=\"intro\">F\u00f6retag som under 2007 och 2008 hade ett g\u00e4llande f\u00f6rs\u00e4kringsavtal i Fora, fick under november\/december 2012 samtliga tidigare inbetalade AGS-premier \u00e5terbetalade f\u00f6r de tv\u00e5 n\u00e4mnda \u00e5ren.<\/p>\n<p>Parterna, Svenskt N&auml;ringsliv samt LO, har senare beslutat att en motsvarande &aring;terbetalning av AGS-premier &auml;ven ska g&ouml;ras avseende &aring;ren 2005 och 2006. Arbete f&ouml;r att kunna genomf&ouml;ra denna &aring;terbetalning p&aring;g&aring;r inom Fora och AFA F&ouml;rs&auml;kring. &Aring;terbetalningen f&ouml;r de tv&aring; &aring;ren &auml;r planerad att kunna ske under senh&ouml;sten 2014, troligen under november m&aring;nad. Den totala &aring;terbetalningen f&ouml;r de ber&ouml;rda f&ouml;retagen kommer att uppg&aring; till 6-7 mdr kronor.<\/p>\n<p>Det unders&ouml;ks f&ouml;r &ouml;vrigt ocks&aring; om f&ouml;ruts&auml;ttningar kan finnas f&ouml;r en motsvarande utbetalning avseende &auml;ven 2004. Detta f&aring;r vi dock &aring;terkomma till i ett senare skede n&auml;r vi har mer uppgifter att tillg&aring;.<\/p>\n<p>De f&ouml;retag som &ouml;nskar f&aring; en uppfattning om vad &aring;terbetalningen f&ouml;r &aring;ren 2005 och 2006 skulle komma att uppg&aring; till f&ouml;r det enskilda f&ouml;retaget, kan multiplicera de slutl&ouml;nesummor som rapporterats f&ouml;r de respektive &aring;ren 2005 och 2006 med den premiesats som g&auml;llde f&ouml;r dessa &aring;r, 1,44 procent.<\/p>\n<p>Ytterligare information l&auml;mnas av Per-Olof Ad&eacute;rian och Dina kontaktpersoner.<\/p>\n<\/p>\n","protected":false},"excerpt":{"rendered":"<p>F\u00f6retag som under 2007 och 2008 hade ett g\u00e4llande f\u00f6rs\u00e4kringsavtal i Fora, fick under november\/december 2012 samtliga tidigare inbetalade AGS-premier \u00e5terbetalade f\u00f6r de tv\u00e5 n\u00e4mnda \u00e5ren.<\/p>\n","protected":false},"author":1,"featured_media":0,"comment_status":"closed","ping_status":"open","sticky":false,"template":"","format":"standard","meta":{"_acf_changed":false,"footnotes":""},"categories":[1],"tags":[],"article_type":[313],"agreement":[109,114,110,111,112,113,115,116,117,118,119,120,121,122,123,124,108,128],"class_list":["post-7067","post","type-post","status-publish","format-standard","hentry","category-okategoriserade","type-arbetsgivarnytt","agreement-9cce80f7-ff07-de11-b4e1-02bf9e69ca65","agreement-a8ce80f7-ff07-de11-b4e1-02bf9e69ca65","agreement-a2ce80f7-ff07-de11-b4e1-02bf9e69ca65","agreement-a1ce80f7-ff07-de11-b4e1-02bf9e69ca65","agreement-9dce80f7-ff07-de11-b4e1-02bf9e69ca65","agreement-a3ce80f7-ff07-de11-b4e1-02bf9e69ca65","agreement-9ece80f7-ff07-de11-b4e1-02bf9e69ca65","agreement-a4ce80f7-ff07-de11-b4e1-02bf9e69ca65","agreement-20c6e08e-fe12-de11-b4e1-02bf9e69ca65","agreement-a7ce80f7-ff07-de11-b4e1-02bf9e69ca65","agreement-a5ce80f7-ff07-de11-b4e1-02bf9e69ca65","agreement-a6ce80f7-ff07-de11-b4e1-02bf9e69ca65","agreement-a0ce80f7-ff07-de11-b4e1-02bf9e69ca65","agreement-9fce80f7-ff07-de11-b4e1-02bf9e69ca65","agreement-aace80f7-ff07-de11-b4e1-02bf9e69ca65","agreement-a9ce80f7-ff07-de11-b4e1-02bf9e69ca65","agreement-acce80f7-ff07-de11-b4e1-02bf9e69ca65","agreement-abce80f7-ff07-de11-b4e1-02bf9e69ca65"],"acf":[],"yoast_head":"<!-- This site is optimized with the Yoast SEO Premium plugin v26.8 (Yoast SEO v26.8) - https:\/\/yoast.com\/product\/yoast-seo-premium-wordpress\/ -->\n<title>\u00c5terbetalning av AFA-premier - Bemanningsf\u00f6retagen | Almega<\/title>\n<meta name=\"robots\" content=\"index, follow, max-snippet:-1, max-image-preview:large, max-video-preview:-1\" \/>\n<link rel=\"canonical\" href=\"https:\/\/www.almega.se\/2014\/03\/aterbetalning-av-afa-premier-bemanningsforetagen\/\" \/>\n<meta property=\"og:locale\" content=\"sv_SE\" \/>\n<meta property=\"og:type\" content=\"article\" \/>\n<meta property=\"og:title\" content=\"\u00c5terbetalning av AFA-premier - Bemanningsf\u00f6retagen\" \/>\n<meta property=\"og:description\" content=\"F\u00f6retag som under 2007 och 2008 hade ett g\u00e4llande f\u00f6rs\u00e4kringsavtal i Fora, fick under november\/december 2012 samtliga tidigare inbetalade AGS-premier \u00e5terbetalade f\u00f6r de tv\u00e5 n\u00e4mnda \u00e5ren.\" \/>\n<meta property=\"og:url\" content=\"https:\/\/www.almega.se\/2014\/03\/aterbetalning-av-afa-premier-bemanningsforetagen\/\" \/>\n<meta property=\"og:site_name\" content=\"Almega\" \/>\n<meta property=\"article:published_time\" content=\"2014-03-24T12:30:00+00:00\" \/>\n<meta property=\"og:image\" content=\"https:\/\/www.almega.se\/app\/uploads\/2020\/12\/almega-share-logo.png\" \/>\n\t<meta property=\"og:image:width\" content=\"1200\" \/>\n\t<meta property=\"og:image:height\" content=\"630\" \/>\n\t<meta property=\"og:image:type\" content=\"image\/png\" \/>\n<meta name=\"author\" content=\"admin\" \/>\n<meta name=\"twitter:card\" content=\"summary_large_image\" \/>\n<meta name=\"twitter:label1\" content=\"Skriven av\" \/>\n\t<meta name=\"twitter:data1\" content=\"admin\" \/>\n\t<meta name=\"twitter:label2\" content=\"Ber\u00e4knad l\u00e4stid\" \/>\n\t<meta name=\"twitter:data2\" content=\"1 minut\" \/>\n<!-- \/ Yoast SEO Premium plugin. -->","yoast_head_json":{"title":"\u00c5terbetalning av AFA-premier - Bemanningsf\u00f6retagen | Almega","robots":{"index":"index","follow":"follow","max-snippet":"max-snippet:-1","max-image-preview":"max-image-preview:large","max-video-preview":"max-video-preview:-1"},"canonical":"https:\/\/www.almega.se\/2014\/03\/aterbetalning-av-afa-premier-bemanningsforetagen\/","og_locale":"sv_SE","og_type":"article","og_title":"\u00c5terbetalning av AFA-premier - Bemanningsf\u00f6retagen","og_description":"F\u00f6retag som under 2007 och 2008 hade ett g\u00e4llande f\u00f6rs\u00e4kringsavtal i Fora, fick under november\/december 2012 samtliga tidigare inbetalade AGS-premier \u00e5terbetalade f\u00f6r de tv\u00e5 n\u00e4mnda \u00e5ren.","og_url":"https:\/\/www.almega.se\/2014\/03\/aterbetalning-av-afa-premier-bemanningsforetagen\/","og_site_name":"Almega","article_published_time":"2014-03-24T12:30:00+00:00","og_image":[{"width":1200,"height":630,"url":"https:\/\/www.almega.se\/app\/uploads\/2020\/12\/almega-share-logo.png","type":"image\/png"}],"author":"admin","twitter_card":"summary_large_image","twitter_misc":{"Skriven av":"admin","Ber\u00e4knad l\u00e4stid":"1 minut"},"schema":{"@context":"https:\/\/schema.org","@graph":[{"@type":"NewsArticle","@id":"https:\/\/www.almega.se\/2014\/03\/aterbetalning-av-afa-premier-bemanningsforetagen\/#article","isPartOf":{"@id":"https:\/\/www.almega.se\/2014\/03\/aterbetalning-av-afa-premier-bemanningsforetagen\/"},"author":{"name":"admin","@id":"https:\/\/www.almega.se\/#\/schema\/person\/9c3674d192fb8b2d1d8b7a3f31c5151d"},"headline":"\u00c5terbetalning av AFA-premier &#8211; Bemannings&shy;f\u00f6retagen","datePublished":"2014-03-24T12:30:00+00:00","mainEntityOfPage":{"@id":"https:\/\/www.almega.se\/2014\/03\/aterbetalning-av-afa-premier-bemanningsforetagen\/"},"wordCount":266,"inLanguage":"sv-SE"},{"@type":"WebPage","@id":"https:\/\/www.almega.se\/2014\/03\/aterbetalning-av-afa-premier-bemanningsforetagen\/","url":"https:\/\/www.almega.se\/2014\/03\/aterbetalning-av-afa-premier-bemanningsforetagen\/","name":"\u00c5terbetalning av AFA-premier - Bemanningsf\u00f6retagen | Almega","isPartOf":{"@id":"https:\/\/www.almega.se\/#website"},"datePublished":"2014-03-24T12:30:00+00:00","author":{"@id":"https:\/\/www.almega.se\/#\/schema\/person\/9c3674d192fb8b2d1d8b7a3f31c5151d"},"breadcrumb":{"@id":"https:\/\/www.almega.se\/2014\/03\/aterbetalning-av-afa-premier-bemanningsforetagen\/#breadcrumb"},"inLanguage":"sv-SE","potentialAction":[{"@type":"ReadAction","target":["https:\/\/www.almega.se\/2014\/03\/aterbetalning-av-afa-premier-bemanningsforetagen\/"]}]},{"@type":"BreadcrumbList","@id":"https:\/\/www.almega.se\/2014\/03\/aterbetalning-av-afa-premier-bemanningsforetagen\/#breadcrumb","itemListElement":[{"@type":"ListItem","position":1,"name":"Home","item":"https:\/\/www.almega.se\/"},{"@type":"ListItem","position":2,"name":"\u00c5terbetalning av AFA-premier &#8211; Bemannings&shy;f\u00f6retagen"}]},{"@type":"WebSite","@id":"https:\/\/www.almega.se\/#website","url":"https:\/\/www.almega.se\/","name":"Almega","description":"","potentialAction":[{"@type":"SearchAction","target":{"@type":"EntryPoint","urlTemplate":"https:\/\/www.almega.se\/?s={search_term_string}"},"query-input":{"@type":"PropertyValueSpecification","valueRequired":true,"valueName":"search_term_string"}}],"inLanguage":"sv-SE"},{"@type":"Person","@id":"https:\/\/www.almega.se\/#\/schema\/person\/9c3674d192fb8b2d1d8b7a3f31c5151d","name":"admin","image":{"@type":"ImageObject","inLanguage":"sv-SE","@id":"https:\/\/www.almega.se\/#\/schema\/person\/image\/","url":"https:\/\/secure.gravatar.com\/avatar\/13aac7e7a7582f599e3ba7706cec051e12eac4ad6c2ffe6f9d24800e63294187?s=96&d=mm&r=g","contentUrl":"https:\/\/secure.gravatar.com\/avatar\/13aac7e7a7582f599e3ba7706cec051e12eac4ad6c2ffe6f9d24800e63294187?s=96&d=mm&r=g","caption":"admin"},"url":"https:\/\/www.almega.se\/person\/admin\/"}]}},"_links":{"self":[{"href":"https:\/\/www.almega.se\/api\/wp\/v2\/posts\/7067","targetHints":{"allow":["GET"]}}],"collection":[{"href":"https:\/\/www.almega.se\/api\/wp\/v2\/posts"}],"about":[{"href":"https:\/\/www.almega.se\/api\/wp\/v2\/types\/post"}],"author":[{"embeddable":true,"href":"https:\/\/www.almega.se\/api\/wp\/v2\/users\/1"}],"replies":[{"embeddable":true,"href":"https:\/\/www.almega.se\/api\/wp\/v2\/comments?post=7067"}],"version-history":[{"count":1,"href":"https:\/\/www.almega.se\/api\/wp\/v2\/posts\/7067\/revisions"}],"predecessor-version":[{"id":58645,"href":"https:\/\/www.almega.se\/api\/wp\/v2\/posts\/7067\/revisions\/58645"}],"wp:attachment":[{"href":"https:\/\/www.almega.se\/api\/wp\/v2\/media?parent=7067"}],"wp:term":[{"taxonomy":"category","embeddable":true,"href":"https:\/\/www.almega.se\/api\/wp\/v2\/categories?post=7067"},{"taxonomy":"post_tag","embeddable":true,"href":"https:\/\/www.almega.se\/api\/wp\/v2\/tags?post=7067"},{"taxonomy":"type","embeddable":true,"href":"https:\/\/www.almega.se\/api\/wp\/v2\/article_type?post=7067"},{"taxonomy":"agreement","embeddable":true,"href":"https:\/\/www.almega.se\/api\/wp\/v2\/agreement?post=7067"}],"curies":[{"name":"wp","href":"https:\/\/api.w.org\/{rel}","templated":true}]}}