{"id":70633,"date":"2024-01-22T09:39:20","date_gmt":"2024-01-22T08:39:20","guid":{"rendered":"https:\/\/www.almega.se\/?p=70633"},"modified":"2024-01-22T09:50:46","modified_gmt":"2024-01-22T08:50:46","slug":"nya-regler-om-andningsskydd","status":"publish","type":"post","link":"https:\/\/www.almega.se\/2024\/01\/nya-regler-om-andningsskydd\/","title":{"rendered":"Nya regler om andnings&shy;skydd \u00a0"},"content":{"rendered":"<p class=\"intro\">N\u00e4sta \u00e5r kommer tv\u00e5 preciseringar av dagens regler om anv\u00e4ndning av personlig skyddsutrustning, meddelar Arbetsmilj\u00f6verket.<\/p>\n\n<p>En av preciseringarna inneb\u00e4r att arbetsgivaren ska se till att andningsskydd \u00e4r individuellt utprovade f\u00f6r den som ska anv\u00e4nda det. Detta eftersom ett och samma andningsskydd inte passar alla ansikten.&nbsp;<\/p>\n\n\n\n<p>Den andra inneb\u00e4r att t\u00e4tsittande andningsskydd, som ska sluta t\u00e4tt mot ansiktet, ska provas individuellt p\u00e5 ett s\u00e4rskilt s\u00e4tt. Det ska ske genom en s\u00e5 kallad tillpassningsprovning.&nbsp;<\/p>\n\n\n\n<p>Reglerna tr\u00e4der i kraft 1 januari 2025. L\u00e4s mer om reglerna och om metoder f\u00f6r tillpassningsprovning hos Arbetsmilj\u00f6verket:&nbsp;<\/p>\n\n\n\n      <a href=\"https:\/\/www.av.se\/nyheter\/2023\/arbetsgivare-maste-prova-ut-andningsskydd\/\" target=\"\" class=\"Button is-text Button--external-link\">\n      \n        Arbetsgivare m\u00e5ste prova ut andningsskydd (av.se)\n      \n      \n                <svg class='icon icon--external-link'  width=\"16\" height=\"16\" viewBox=\"0 0 16 16\" fill=\"none\" xmlns=\"http:\/\/www.w3.org\/2000\/svg\">\n<path d=\"M9 1H15V7\" stroke=\"black\" stroke-width=\"2\" stroke-miterlimit=\"10\"\/>\n<path d=\"M5 2H1V15H14V11\" stroke=\"black\" stroke-width=\"2\" stroke-miterlimit=\"10\"\/>\n<path d=\"M15 1L6 10\" stroke=\"black\" stroke-width=\"2\" stroke-miterlimit=\"10\"\/>\n<\/svg>\n\n        \n    <\/a>\n  \n","protected":false},"excerpt":{"rendered":"<p>En av preciseringarna inneb\u00e4r att arbetsgivaren ska se till att andningsskydd \u00e4r individuellt utprovade f\u00f6r den som ska anv\u00e4nda det. Detta eftersom ett och samma andningsskydd inte passar alla ansikten.&nbsp; Den andra inneb\u00e4r att t\u00e4tsittande &hellip;<\/p>\n","protected":false},"author":14531,"featured_media":70634,"comment_status":"closed","ping_status":"closed","sticky":false,"template":"","format":"standard","meta":{"_acf_changed":false,"footnotes":""},"categories":[451],"tags":[533],"article_type":[56],"agreement":[],"class_list":["post-70633","post","type-post","status-publish","format-standard","has-post-thumbnail","hentry","category-arbetsgivarfragor","tag-arbetsmiljo","type-nyheter"],"acf":[],"yoast_head":"<!-- This site is optimized with the Yoast SEO Premium plugin v26.8 (Yoast SEO v26.8) - https:\/\/yoast.com\/product\/yoast-seo-premium-wordpress\/ -->\n<title>Nya regler om andningsskydd \u00a0 | Almega<\/title>\n<meta name=\"description\" content=\"Kr\u00e4ver arbetet som utf\u00f6rs p\u00e5 din arbetsplats andningsskydd? Snart preciseras dagens regler, n\u00e5got du som arbetsgivare beh\u00f6ver k\u00e4nna till.\" \/>\n<meta name=\"robots\" content=\"index, follow, max-snippet:-1, max-image-preview:large, max-video-preview:-1\" \/>\n<link rel=\"canonical\" href=\"https:\/\/www.almega.se\/2024\/01\/nya-regler-om-andningsskydd\/\" \/>\n<meta property=\"og:locale\" content=\"sv_SE\" \/>\n<meta property=\"og:type\" content=\"article\" \/>\n<meta property=\"og:title\" content=\"Nya regler om andningsskydd \u00a0\" \/>\n<meta property=\"og:description\" content=\"Kr\u00e4ver arbetet som utf\u00f6rs p\u00e5 din arbetsplats andningsskydd? Snart preciseras dagens regler, n\u00e5got du som arbetsgivare beh\u00f6ver k\u00e4nna till.\" \/>\n<meta property=\"og:url\" content=\"https:\/\/www.almega.se\/2024\/01\/nya-regler-om-andningsskydd\/\" \/>\n<meta property=\"og:site_name\" content=\"Almega\" \/>\n<meta property=\"article:published_time\" content=\"2024-01-22T08:39:20+00:00\" \/>\n<meta property=\"article:modified_time\" content=\"2024-01-22T08:50:46+00:00\" \/>\n<meta property=\"og:image\" content=\"https:\/\/www.almega.se\/app\/uploads\/2024\/01\/ARBETSMILJOVERKET_genrebild_pressbild.jpg\" \/>\n\t<meta property=\"og:image:width\" content=\"1000\" \/>\n\t<meta property=\"og:image:height\" content=\"665\" \/>\n\t<meta property=\"og:image:type\" content=\"image\/jpeg\" \/>\n<meta name=\"author\" content=\"Karin Nyg\u00e5rd\" \/>\n<meta name=\"twitter:card\" content=\"summary_large_image\" \/>\n<meta name=\"twitter:label1\" content=\"Skriven av\" \/>\n\t<meta name=\"twitter:data1\" content=\"Karin Nyg\u00e5rd\" \/>\n\t<meta name=\"twitter:label2\" content=\"Ber\u00e4knad l\u00e4stid\" \/>\n\t<meta name=\"twitter:data2\" content=\"1 minut\" \/>\n<!-- \/ Yoast SEO Premium plugin. -->","yoast_head_json":{"title":"Nya regler om andningsskydd \u00a0 | Almega","description":"Kr\u00e4ver arbetet som utf\u00f6rs p\u00e5 din arbetsplats andningsskydd? Snart preciseras dagens regler, n\u00e5got du som arbetsgivare beh\u00f6ver k\u00e4nna till.","robots":{"index":"index","follow":"follow","max-snippet":"max-snippet:-1","max-image-preview":"max-image-preview:large","max-video-preview":"max-video-preview:-1"},"canonical":"https:\/\/www.almega.se\/2024\/01\/nya-regler-om-andningsskydd\/","og_locale":"sv_SE","og_type":"article","og_title":"Nya regler om andningsskydd \u00a0","og_description":"Kr\u00e4ver arbetet som utf\u00f6rs p\u00e5 din arbetsplats andningsskydd? Snart preciseras dagens regler, n\u00e5got du som arbetsgivare beh\u00f6ver k\u00e4nna till.","og_url":"https:\/\/www.almega.se\/2024\/01\/nya-regler-om-andningsskydd\/","og_site_name":"Almega","article_published_time":"2024-01-22T08:39:20+00:00","article_modified_time":"2024-01-22T08:50:46+00:00","og_image":[{"width":1000,"height":665,"url":"https:\/\/www.almega.se\/app\/uploads\/2024\/01\/ARBETSMILJOVERKET_genrebild_pressbild.jpg","type":"image\/jpeg"}],"author":"Karin Nyg\u00e5rd","twitter_card":"summary_large_image","twitter_misc":{"Skriven av":"Karin Nyg\u00e5rd","Ber\u00e4knad l\u00e4stid":"1 minut"},"schema":{"@context":"https:\/\/schema.org","@graph":[{"@type":"NewsArticle","@id":"https:\/\/www.almega.se\/2024\/01\/nya-regler-om-andningsskydd\/#article","isPartOf":{"@id":"https:\/\/www.almega.se\/2024\/01\/nya-regler-om-andningsskydd\/"},"author":{"name":"Karin Nyg\u00e5rd","@id":"https:\/\/www.almega.se\/#\/schema\/person\/eae58f3a71d6b7aa9f71f3139a740a02"},"headline":"Nya regler om andnings&shy;skydd \u00a0","datePublished":"2024-01-22T08:39:20+00:00","dateModified":"2024-01-22T08:50:46+00:00","mainEntityOfPage":{"@id":"https:\/\/www.almega.se\/2024\/01\/nya-regler-om-andningsskydd\/"},"wordCount":92,"image":{"@id":"https:\/\/www.almega.se\/2024\/01\/nya-regler-om-andningsskydd\/#primaryimage"},"thumbnailUrl":"https:\/\/www.almega.se\/app\/uploads\/2024\/01\/ARBETSMILJOVERKET_genrebild_pressbild.jpg","keywords":["Arbetsmilj\u00f6"],"articleSection":["Arbetsgivarfr\u00e5gor"],"inLanguage":"sv-SE"},{"@type":"WebPage","@id":"https:\/\/www.almega.se\/2024\/01\/nya-regler-om-andningsskydd\/","url":"https:\/\/www.almega.se\/2024\/01\/nya-regler-om-andningsskydd\/","name":"Nya regler om andningsskydd \u00a0 | Almega","isPartOf":{"@id":"https:\/\/www.almega.se\/#website"},"primaryImageOfPage":{"@id":"https:\/\/www.almega.se\/2024\/01\/nya-regler-om-andningsskydd\/#primaryimage"},"image":{"@id":"https:\/\/www.almega.se\/2024\/01\/nya-regler-om-andningsskydd\/#primaryimage"},"thumbnailUrl":"https:\/\/www.almega.se\/app\/uploads\/2024\/01\/ARBETSMILJOVERKET_genrebild_pressbild.jpg","datePublished":"2024-01-22T08:39:20+00:00","dateModified":"2024-01-22T08:50:46+00:00","author":{"@id":"https:\/\/www.almega.se\/#\/schema\/person\/eae58f3a71d6b7aa9f71f3139a740a02"},"description":"Kr\u00e4ver arbetet som utf\u00f6rs p\u00e5 din arbetsplats andningsskydd? Snart preciseras dagens regler, n\u00e5got du som arbetsgivare beh\u00f6ver k\u00e4nna till.","breadcrumb":{"@id":"https:\/\/www.almega.se\/2024\/01\/nya-regler-om-andningsskydd\/#breadcrumb"},"inLanguage":"sv-SE","potentialAction":[{"@type":"ReadAction","target":["https:\/\/www.almega.se\/2024\/01\/nya-regler-om-andningsskydd\/"]}]},{"@type":"ImageObject","inLanguage":"sv-SE","@id":"https:\/\/www.almega.se\/2024\/01\/nya-regler-om-andningsskydd\/#primaryimage","url":"https:\/\/www.almega.se\/app\/uploads\/2024\/01\/ARBETSMILJOVERKET_genrebild_pressbild.jpg","contentUrl":"https:\/\/www.almega.se\/app\/uploads\/2024\/01\/ARBETSMILJOVERKET_genrebild_pressbild.jpg","width":1000,"height":665,"caption":"Arbete som kr\u00e4ver skyddsutrustning. Foto: Mia \u00c5kerstr\u00f6m, Arbetsmilj\u00f6verket."},{"@type":"BreadcrumbList","@id":"https:\/\/www.almega.se\/2024\/01\/nya-regler-om-andningsskydd\/#breadcrumb","itemListElement":[{"@type":"ListItem","position":1,"name":"Home","item":"https:\/\/www.almega.se\/"},{"@type":"ListItem","position":2,"name":"Nya regler om andnings&shy;skydd \u00a0"}]},{"@type":"WebSite","@id":"https:\/\/www.almega.se\/#website","url":"https:\/\/www.almega.se\/","name":"Almega","description":"","potentialAction":[{"@type":"SearchAction","target":{"@type":"EntryPoint","urlTemplate":"https:\/\/www.almega.se\/?s={search_term_string}"},"query-input":{"@type":"PropertyValueSpecification","valueRequired":true,"valueName":"search_term_string"}}],"inLanguage":"sv-SE"},{"@type":"Person","@id":"https:\/\/www.almega.se\/#\/schema\/person\/eae58f3a71d6b7aa9f71f3139a740a02","name":"Karin Nyg\u00e5rd","image":{"@type":"ImageObject","inLanguage":"sv-SE","@id":"https:\/\/www.almega.se\/#\/schema\/person\/image\/","url":"https:\/\/secure.gravatar.com\/avatar\/09e5ec3d12974ae686ad90a0a4bf5404c8a4cfdca18f97124f166ab274023818?s=96&d=mm&r=g","contentUrl":"https:\/\/secure.gravatar.com\/avatar\/09e5ec3d12974ae686ad90a0a4bf5404c8a4cfdca18f97124f166ab274023818?s=96&d=mm&r=g","caption":"Karin Nyg\u00e5rd"},"description":"Produkt\u00e4gare Almega.se, samordnar webbutveckling och utveckling av Arbetsgivarguiden.se","url":"https:\/\/www.almega.se\/person\/karinnygard\/"}]}},"_links":{"self":[{"href":"https:\/\/www.almega.se\/api\/wp\/v2\/posts\/70633","targetHints":{"allow":["GET"]}}],"collection":[{"href":"https:\/\/www.almega.se\/api\/wp\/v2\/posts"}],"about":[{"href":"https:\/\/www.almega.se\/api\/wp\/v2\/types\/post"}],"author":[{"embeddable":true,"href":"https:\/\/www.almega.se\/api\/wp\/v2\/users\/14531"}],"replies":[{"embeddable":true,"href":"https:\/\/www.almega.se\/api\/wp\/v2\/comments?post=70633"}],"version-history":[{"count":4,"href":"https:\/\/www.almega.se\/api\/wp\/v2\/posts\/70633\/revisions"}],"predecessor-version":[{"id":70638,"href":"https:\/\/www.almega.se\/api\/wp\/v2\/posts\/70633\/revisions\/70638"}],"wp:featuredmedia":[{"embeddable":true,"href":"https:\/\/www.almega.se\/api\/wp\/v2\/media\/70634"}],"wp:attachment":[{"href":"https:\/\/www.almega.se\/api\/wp\/v2\/media?parent=70633"}],"wp:term":[{"taxonomy":"category","embeddable":true,"href":"https:\/\/www.almega.se\/api\/wp\/v2\/categories?post=70633"},{"taxonomy":"post_tag","embeddable":true,"href":"https:\/\/www.almega.se\/api\/wp\/v2\/tags?post=70633"},{"taxonomy":"type","embeddable":true,"href":"https:\/\/www.almega.se\/api\/wp\/v2\/article_type?post=70633"},{"taxonomy":"agreement","embeddable":true,"href":"https:\/\/www.almega.se\/api\/wp\/v2\/agreement?post=70633"}],"curies":[{"name":"wp","href":"https:\/\/api.w.org\/{rel}","templated":true}]}}