{"id":7058,"date":"2014-03-27T15:00:00","date_gmt":"2014-03-27T15:00:00","guid":{"rendered":"http:\/\/almega-bento\/wp\/blog\/2014\/03\/27\/arets-lonerevision-biografavtalet-med-teaterforbundet-for-tiden\/"},"modified":"2014-03-27T15:00:00","modified_gmt":"2014-03-27T15:00:00","slug":"arets-lonerevision-biografavtalet-med-teaterforbundet-for-tiden","status":"publish","type":"post","link":"https:\/\/www.almega.se\/2014\/03\/arets-lonerevision-biografavtalet-med-teaterforbundet-for-tiden\/","title":{"rendered":"\u00c5rets l\u00f6nerevision Biograf&shy;avtalet med Teater&shy;f\u00f6rbundet f\u00f6r tiden"},"content":{"rendered":"\n<p class=\"intro\">Det \u00e4r dags att f\u00f6rbereda \u00e5rets l\u00f6nerevision och vi p\u00e5minner om f\u00f6ljande utg\u00e5ngspunkter i Biografavtalet Bilaga 1, sid 28.<\/p>\n<h3>1.&nbsp;L&ouml;neutrymmet<\/h3>\n<p>L&ouml;nerevisionen sker per den 1 juni 2014 och omfattar alla som &auml;r anst&auml;llda denna dag. L&ouml;neutrymmet i &aring;r &auml;r 3,19 kr\/tim. Av detta utrymme avs&auml;tts 45 % till generell f&ouml;rdelning (1,44 kr\/tim) och 55 % till individuell f&ouml;rdelning (1,75 kr\/tim).<\/p>\n<p>Det totala l&ouml;neutrymmet r&auml;knas fram genom att r&auml;kna antalet arbetade timmar f&ouml;r b&aring;de tillsvidare-anst&auml;llda och tidsbegr&auml;nsat anst&auml;llda (t ex vikarier och extraanst&auml;llda) under en representativ m&aring;nad (mars\/april). Av detta l&ouml;neutrymme avs&auml;tts en del f&ouml;r generell f&ouml;rdelning och en del f&ouml;r individuell f&ouml;rdelning (pott). Timmar utf&ouml;rda av extraanst&auml;llda ska medr&auml;knas om de extraanst&auml;llda omfattas av l&ouml;nerevisionen, dvs. &auml;r anst&auml;llda den 1 juni 2014.<\/p>\n<p><strong>1.1 Utr&auml;kning av generell f&ouml;rdelning<\/strong><br \/>  Samtliga anst&auml;llda f&aring;r fr&aring;n och med den 1 juni 2014 en l&ouml;neh&ouml;jning med 1,44 kr\/tim, vilket motsvarar 45 % av 3,19 kr.<\/p>\n<p><strong>1.2 Utr&auml;kning av individuell f&ouml;rdelning<\/strong><br \/>  Det totala antalet arbetade timmar under den representativa perioden multipliceras med 1,75 kr (55 % av 3,19 kr). Detta utrymme st&auml;lls till lokala parternas f&ouml;rfogande f&ouml;r f&ouml;rdelning i enlighet med kriterierna f&ouml;r l&ouml;nes&auml;ttning och principerna om individuell f&ouml;rdelning enligt avtalet. Beloppet f&ouml;rdelas i f&ouml;rhandling, se vidare nedan.<\/p>\n<p>Notera att f&ouml;r de arbetstagare som har l&auml;gstl&ouml;n kan deras del av potten anv&auml;ndas s&aring; l&aring;ngt som det beh&ouml;vs f&ouml;r att n&aring; upp till ny l&auml;gstl&ouml;n, se punkt 4 nedan.<\/p>\n<p>En pott r&auml;knas ut f&ouml;r medlemmar i Teaterf&ouml;rbundet och en pott f&ouml;r de som &auml;r oorganiserade eller medlemmar i annan fackf&ouml;rening.<\/p>\n<h3>2.&nbsp;F&ouml;rdelning av lokalt l&ouml;neutrymme\/f&ouml;rhandlingar<\/h3>\n<p>F&ouml;rdelning av utrymmet sker genom &ouml;verenskommelse mellan de lokala parterna, i enlighet med f&ouml;rhandlingsordningen och med till&auml;mpningen av kriterierna f&ouml;r l&ouml;nes&auml;ttning.<\/p>\n<p>F&ouml;r f&ouml;retag med flera arbetsplatser f&ouml;rdelas utrymmet per ort, se punkt 3 i l&ouml;neavtalet.&nbsp; F&ouml;retag och Teaterf&ouml;rbundet centralt kan dock komma &ouml;verens att f&ouml;rdelning ska ske per arbetsplats.<\/p>\n<p>Det finns inget i kollektivavtalet som hindar att hela l&ouml;neutrymmet l&auml;ggs ut generellt p&aring; samtliga anst&auml;llda (3,19 kr\/tim).<\/p>\n<h3>3.&nbsp;Lokal och individuell l&ouml;nes&auml;ttning&nbsp;<\/h3>\n<h3>Medief&ouml;retagen och Teaterf&ouml;rbundet tog 2010 gemensamt fram en rekommendation om lokal och individuell l&ouml;nes&auml;ttning. Den kan anv&auml;ndas som ett hj&auml;lpmedel i l&ouml;neprocessen. Den &aring;terfinns som bilaga 8 i kollektivavtalet. I avtalets punkt 4, sid 29 finns kriterier f&ouml;r l&ouml;nes&auml;ttning.<\/p>\n<p>  4.&nbsp;L&auml;gstl&ouml;n 2014-06-01 &#8211; 2015-05-31<\/h3>\n<p>L&auml;gstl&ouml;nerna fr&aring;n och med den 1 juni 2014 &auml;r f&ouml;ljande:<\/p>\n<table border=\"0\" cellpadding=\"1\" cellspacing=\"1\" style=\"width: 500px\">\n<tbody>\n<tr>\n<td><strong>L&ouml;negrupp<\/strong><\/td>\n<td><strong>L&auml;gstl&ouml;n 2014-06-01<\/strong><\/td>\n<\/tr>\n<tr>\n<td>  <strong>1.Minimil&ouml;n f&ouml;r biografanst&auml;lld <\/strong><br \/>  (upp till 2000 arbetade timmar)<\/td>\n<td>94,93<\/td>\n<\/tr>\n<tr>\n<td>\n<p>  <strong>2.&nbsp;Biografanst&auml;lld<\/strong><br \/>  (mer &auml;n 2000 arbetade timmar<\/p>\n<\/td>\n<td>104,94<\/td>\n<\/tr>\n<\/tbody>\n<\/table>\n<p>En medarbetare som har l&auml;gstl&ouml;n f&ouml;re l&ouml;nerevisonen f&aring;r f&ouml;rst en h&ouml;jning med det generella p&aring;slaget (1,44 kr\/tim). D&auml;refter f&aring;r medarbetaren en h&ouml;jning med sin andel av potten upp till ny l&auml;gst l&ouml;n, se exempel nedan.<\/p>\n<p><em>Exempel<\/em><br \/>  En medarbetare som har l&auml;gstl&ouml;n p&aring; 92,40 kr\/tim f&aring;r efter den generella h&ouml;jningen p&aring; 1,44 kr en timl&ouml;n p&aring; 93,84 kr. D&auml;refter anv&auml;nds en del av medarbetares bidrag till potten (1,75 kr) f&ouml;r att h&ouml;ja upp till ny l&auml;gstl&ouml;n p&aring; 94,93 kr\/tim. Resterande del av potten p&aring; 0,66 kr (1,75 -1,09 kr = 0,66 kr) f&ouml;rdelas i f&ouml;rhandling.<\/p>\n<p>En medarbetare som har l&ouml;nen 93,50 kr\/tim f&aring;r efter den generella h&ouml;jningen p&aring; 1,44 kr en l&ouml;n p&aring; 94,94 kr, allts&aring; mer &auml;n ny l&auml;gstl&ouml;n. Hela medarbetarens bidrag till potten (1,75 kr) kan s&aring;ledes g&aring; till individuell f&ouml;rdelning.<\/p>\n<h3>F&ouml;rhandlingsordning<\/h3>\n<p>F&ouml;retaget och Teaterf&ouml;rbundet ska tr&auml;ffa &ouml;verenskommelse om hur den lokala l&ouml;nes&auml;ttningen ska ske.<\/p>\n<p>Den lokala fackliga representationen ska meddela arbetsgivaren vilka medarbetare de kommer att f&ouml;retr&auml;da i de kommande l&ouml;nef&ouml;rhandlingarna. De lokala f&ouml;rhandlingarna ska d&auml;refter p&aring;b&ouml;rjas, om inte parterna enas om annat. Senast i samband med den lokala f&ouml;rhandlingen ska de lokala parterna presentera sina f&ouml;rslag till f&ouml;rdelningen av det lokala l&ouml;neutrymmet utifr&aring;n kriterierna f&ouml;r l&ouml;nes&auml;ttning.<\/p>\n<p>Parterna har inte avtalat om n&aring;gra tidsfrister i f&ouml;rhandlingsordningen, med undantag f&ouml;r att central f&ouml;rhandling ska beg&auml;ras senast den 2 maj 2014, om de lokala parterna inte enas. Beg&auml;ran om s&aring;dan central f&ouml;rhandling skall ske skriftligen och p&aring;kallas hos Medief&ouml;retagen respektive Teaterf&ouml;rbundet senast den 2 maj 2014. Kan de centrala parterna inte enas l&auml;ggs hela l&ouml;neutrymmet ut generellt f&ouml;r Teaterf&ouml;rbundets medlemmar.<\/p>\n<\/p>\n","protected":false},"excerpt":{"rendered":"<p>Det \u00e4r dags att f\u00f6rbereda \u00e5rets l\u00f6nerevision och vi p\u00e5minner om f\u00f6ljande utg\u00e5ngspunkter i Biografavtalet Bilaga 1, sid 28.<\/p>\n","protected":false},"author":1,"featured_media":0,"comment_status":"closed","ping_status":"open","sticky":false,"template":"","format":"standard","meta":{"_acf_changed":false,"footnotes":""},"categories":[1],"tags":[],"article_type":[313],"agreement":[132],"class_list":["post-7058","post","type-post","status-publish","format-standard","hentry","category-okategoriserade","type-arbetsgivarnytt","agreement-12ce80f7-ff07-de11-b4e1-02bf9e69ca65"],"acf":[],"yoast_head":"<!-- This site is optimized with the Yoast SEO Premium plugin v26.8 (Yoast SEO v26.8) - https:\/\/yoast.com\/product\/yoast-seo-premium-wordpress\/ -->\n<title>\u00c5rets l\u00f6nerevision Biografavtalet med Teaterf\u00f6rbundet f\u00f6r tiden | Almega<\/title>\n<meta name=\"robots\" content=\"index, follow, max-snippet:-1, max-image-preview:large, max-video-preview:-1\" \/>\n<link rel=\"canonical\" href=\"https:\/\/www.almega.se\/2014\/03\/arets-lonerevision-biografavtalet-med-teaterforbundet-for-tiden\/\" \/>\n<meta property=\"og:locale\" content=\"sv_SE\" \/>\n<meta property=\"og:type\" content=\"article\" \/>\n<meta property=\"og:title\" content=\"\u00c5rets l\u00f6nerevision Biografavtalet med Teaterf\u00f6rbundet f\u00f6r tiden\" \/>\n<meta property=\"og:description\" content=\"Det \u00e4r dags att f\u00f6rbereda \u00e5rets l\u00f6nerevision och vi p\u00e5minner om f\u00f6ljande utg\u00e5ngspunkter i Biografavtalet Bilaga 1, sid 28.\" \/>\n<meta property=\"og:url\" content=\"https:\/\/www.almega.se\/2014\/03\/arets-lonerevision-biografavtalet-med-teaterforbundet-for-tiden\/\" \/>\n<meta property=\"og:site_name\" content=\"Almega\" \/>\n<meta property=\"article:published_time\" content=\"2014-03-27T15:00:00+00:00\" \/>\n<meta property=\"og:image\" content=\"https:\/\/www.almega.se\/app\/uploads\/2020\/12\/almega-share-logo.png\" \/>\n\t<meta property=\"og:image:width\" content=\"1200\" \/>\n\t<meta property=\"og:image:height\" content=\"630\" \/>\n\t<meta property=\"og:image:type\" content=\"image\/png\" \/>\n<meta name=\"author\" content=\"admin\" \/>\n<meta name=\"twitter:card\" content=\"summary_large_image\" \/>\n<meta name=\"twitter:label1\" content=\"Skriven av\" \/>\n\t<meta name=\"twitter:data1\" content=\"admin\" \/>\n\t<meta name=\"twitter:label2\" content=\"Ber\u00e4knad l\u00e4stid\" \/>\n\t<meta name=\"twitter:data2\" content=\"5 minuter\" \/>\n<!-- \/ Yoast SEO Premium plugin. -->","yoast_head_json":{"title":"\u00c5rets l\u00f6nerevision Biografavtalet med Teaterf\u00f6rbundet f\u00f6r tiden | Almega","robots":{"index":"index","follow":"follow","max-snippet":"max-snippet:-1","max-image-preview":"max-image-preview:large","max-video-preview":"max-video-preview:-1"},"canonical":"https:\/\/www.almega.se\/2014\/03\/arets-lonerevision-biografavtalet-med-teaterforbundet-for-tiden\/","og_locale":"sv_SE","og_type":"article","og_title":"\u00c5rets l\u00f6nerevision Biografavtalet med Teaterf\u00f6rbundet f\u00f6r tiden","og_description":"Det \u00e4r dags att f\u00f6rbereda \u00e5rets l\u00f6nerevision och vi p\u00e5minner om f\u00f6ljande utg\u00e5ngspunkter i Biografavtalet Bilaga 1, sid 28.","og_url":"https:\/\/www.almega.se\/2014\/03\/arets-lonerevision-biografavtalet-med-teaterforbundet-for-tiden\/","og_site_name":"Almega","article_published_time":"2014-03-27T15:00:00+00:00","og_image":[{"width":1200,"height":630,"url":"https:\/\/www.almega.se\/app\/uploads\/2020\/12\/almega-share-logo.png","type":"image\/png"}],"author":"admin","twitter_card":"summary_large_image","twitter_misc":{"Skriven av":"admin","Ber\u00e4knad l\u00e4stid":"5 minuter"},"schema":{"@context":"https:\/\/schema.org","@graph":[{"@type":"NewsArticle","@id":"https:\/\/www.almega.se\/2014\/03\/arets-lonerevision-biografavtalet-med-teaterforbundet-for-tiden\/#article","isPartOf":{"@id":"https:\/\/www.almega.se\/2014\/03\/arets-lonerevision-biografavtalet-med-teaterforbundet-for-tiden\/"},"author":{"name":"admin","@id":"https:\/\/www.almega.se\/#\/schema\/person\/9c3674d192fb8b2d1d8b7a3f31c5151d"},"headline":"\u00c5rets l\u00f6nerevision Biograf&shy;avtalet med Teater&shy;f\u00f6rbundet f\u00f6r tiden","datePublished":"2014-03-27T15:00:00+00:00","mainEntityOfPage":{"@id":"https:\/\/www.almega.se\/2014\/03\/arets-lonerevision-biografavtalet-med-teaterforbundet-for-tiden\/"},"wordCount":1017,"inLanguage":"sv-SE"},{"@type":"WebPage","@id":"https:\/\/www.almega.se\/2014\/03\/arets-lonerevision-biografavtalet-med-teaterforbundet-for-tiden\/","url":"https:\/\/www.almega.se\/2014\/03\/arets-lonerevision-biografavtalet-med-teaterforbundet-for-tiden\/","name":"\u00c5rets l\u00f6nerevision Biografavtalet med Teaterf\u00f6rbundet f\u00f6r tiden | Almega","isPartOf":{"@id":"https:\/\/www.almega.se\/#website"},"datePublished":"2014-03-27T15:00:00+00:00","author":{"@id":"https:\/\/www.almega.se\/#\/schema\/person\/9c3674d192fb8b2d1d8b7a3f31c5151d"},"breadcrumb":{"@id":"https:\/\/www.almega.se\/2014\/03\/arets-lonerevision-biografavtalet-med-teaterforbundet-for-tiden\/#breadcrumb"},"inLanguage":"sv-SE","potentialAction":[{"@type":"ReadAction","target":["https:\/\/www.almega.se\/2014\/03\/arets-lonerevision-biografavtalet-med-teaterforbundet-for-tiden\/"]}]},{"@type":"BreadcrumbList","@id":"https:\/\/www.almega.se\/2014\/03\/arets-lonerevision-biografavtalet-med-teaterforbundet-for-tiden\/#breadcrumb","itemListElement":[{"@type":"ListItem","position":1,"name":"Home","item":"https:\/\/www.almega.se\/"},{"@type":"ListItem","position":2,"name":"\u00c5rets l\u00f6nerevision Biograf&shy;avtalet med Teater&shy;f\u00f6rbundet f\u00f6r tiden"}]},{"@type":"WebSite","@id":"https:\/\/www.almega.se\/#website","url":"https:\/\/www.almega.se\/","name":"Almega","description":"","potentialAction":[{"@type":"SearchAction","target":{"@type":"EntryPoint","urlTemplate":"https:\/\/www.almega.se\/?s={search_term_string}"},"query-input":{"@type":"PropertyValueSpecification","valueRequired":true,"valueName":"search_term_string"}}],"inLanguage":"sv-SE"},{"@type":"Person","@id":"https:\/\/www.almega.se\/#\/schema\/person\/9c3674d192fb8b2d1d8b7a3f31c5151d","name":"admin","image":{"@type":"ImageObject","inLanguage":"sv-SE","@id":"https:\/\/www.almega.se\/#\/schema\/person\/image\/","url":"https:\/\/secure.gravatar.com\/avatar\/13aac7e7a7582f599e3ba7706cec051e12eac4ad6c2ffe6f9d24800e63294187?s=96&d=mm&r=g","contentUrl":"https:\/\/secure.gravatar.com\/avatar\/13aac7e7a7582f599e3ba7706cec051e12eac4ad6c2ffe6f9d24800e63294187?s=96&d=mm&r=g","caption":"admin"},"url":"https:\/\/www.almega.se\/person\/admin\/"}]}},"_links":{"self":[{"href":"https:\/\/www.almega.se\/api\/wp\/v2\/posts\/7058","targetHints":{"allow":["GET"]}}],"collection":[{"href":"https:\/\/www.almega.se\/api\/wp\/v2\/posts"}],"about":[{"href":"https:\/\/www.almega.se\/api\/wp\/v2\/types\/post"}],"author":[{"embeddable":true,"href":"https:\/\/www.almega.se\/api\/wp\/v2\/users\/1"}],"replies":[{"embeddable":true,"href":"https:\/\/www.almega.se\/api\/wp\/v2\/comments?post=7058"}],"version-history":[{"count":1,"href":"https:\/\/www.almega.se\/api\/wp\/v2\/posts\/7058\/revisions"}],"predecessor-version":[{"id":58638,"href":"https:\/\/www.almega.se\/api\/wp\/v2\/posts\/7058\/revisions\/58638"}],"wp:attachment":[{"href":"https:\/\/www.almega.se\/api\/wp\/v2\/media?parent=7058"}],"wp:term":[{"taxonomy":"category","embeddable":true,"href":"https:\/\/www.almega.se\/api\/wp\/v2\/categories?post=7058"},{"taxonomy":"post_tag","embeddable":true,"href":"https:\/\/www.almega.se\/api\/wp\/v2\/tags?post=7058"},{"taxonomy":"type","embeddable":true,"href":"https:\/\/www.almega.se\/api\/wp\/v2\/article_type?post=7058"},{"taxonomy":"agreement","embeddable":true,"href":"https:\/\/www.almega.se\/api\/wp\/v2\/agreement?post=7058"}],"curies":[{"name":"wp","href":"https:\/\/api.w.org\/{rel}","templated":true}]}}