{"id":70523,"date":"2024-01-18T14:19:14","date_gmt":"2024-01-18T13:19:14","guid":{"rendered":"https:\/\/www.almega.se\/?p=70523"},"modified":"2024-01-18T14:58:17","modified_gmt":"2024-01-18T13:58:17","slug":"arets-lonerevision-for-tjansteman-den-1-maj-2024","status":"publish","type":"post","link":"https:\/\/www.almega.se\/2024\/01\/arets-lonerevision-for-tjansteman-den-1-maj-2024\/","title":{"rendered":"\u00c5rets l\u00f6nerevision f\u00f6r tj\u00e4nstem\u00e4n den 1 maj 2024"},"content":{"rendered":"<p class=\"intro\">Det \u00e4r dags att f\u00f6rbereda \u00e5rets l\u00f6nerevision f\u00f6r tj\u00e4nstem\u00e4nnen. Vi p\u00e5minner d\u00e4rf\u00f6r om f\u00f6ljande utg\u00e5ngspunkter i l\u00f6neavtalet.<\/p>\n\n<ul class=\"wp-block-list\">\n<li>Det bildas en pott p\u00e5 3,1 procent att f\u00f6rdela till Unionens medlemmar per 1 maj 2024.<\/li>\n<\/ul>\n\n\n\n<ul class=\"wp-block-list\">\n<li>Avs\u00e4ttningen till flexpension \u00f6kar med 0,2 procent som en kostnad ut\u00f6ver l\u00f6nerevisionen.<\/li>\n<\/ul>\n\n\n\n<p>Det fullst\u00e4ndiga l\u00f6neavtalet hittar du som inloggad p\u00e5 <a href=\"https:\/\/medlem.arbetsgivarguiden.se\/oversikt\" target=\"_blank\" rel=\"noreferrer noopener\">arbetsgivarguiden.se<\/a>.<\/p>\n\n\n<a class='Share__link Share__link--url copy-text' href='#' rel='nofollow' data-text='loner---unionen' title='Dela url' data-confirmation='L\u00e4nken kopierades till urklipp'><svg class='icon icon--link'  width='18' height='18' viewBox='0 0 18 18' fill='none' xmlns='http:\/\/www.w3.org\/2000\/svg'>\n            <path d='M10.4142 0.514721L6.87868 4.05025L8.29289 5.46447L11.1213 2.63604L15.364 6.87868L12.5355 9.70711L13.9497 11.1213L17.4853 7.58579C17.8763 7.19476 17.8763 6.5626 17.4853 6.17158L11.8284 0.514721C11.4374 0.123691 10.8052 0.123691 10.4142 0.514721Z' fill='black'\/>\n            <path d='M9.7071 12.5355L6.87868 15.364L2.63604 11.1213L5.46446 8.2929L4.05025 6.87868L0.514716 10.4142C0.123686 10.8052 0.123686 11.4374 0.514716 11.8284L6.17157 17.4853C6.5626 17.8763 7.19475 17.8763 7.58578 17.4853L11.1213 13.9497L9.7071 12.5355Z' fill='black'\/>\n            <path d='M6.17157 11.8284C6.5626 12.2195 7.19475 12.2195 7.58578 11.8284L11.8284 7.58579C12.2195 7.19476 12.2195 6.56261 11.8284 6.17158C11.4374 5.78055 10.8052 5.78055 10.4142 6.17158L6.17157 10.4142C5.78054 10.8052 5.78054 11.4374 6.17157 11.8284Z' fill='black'\/>\n            <\/svg> <\/a>\n<h2 class=\"wp-block-heading\">L\u00f6ner &#8211; Unionen<\/h2>\n\n\n\n<p>\u00d6verenskommelsen&nbsp;betr\u00e4ffande l\u00f6ner best\u00e5r av tv\u00e5 alternativa m\u00f6jligheter:<\/p>\n\n\n\n<p>A. Centralt l\u00f6neavtal eller<br>B. Lokalt l\u00f6neavtal.<\/p>\n\n\n\n<p>L\u00f6neavtalet g\u00e4ller formellt endast tj\u00e4nstem\u00e4n som \u00e4r medlemmar i Unionen. V\u00e5r rekommendation \u00e4r dock att avtalet b\u00f6r till\u00e4mpas ocks\u00e5 p\u00e5 \u00f6vriga tj\u00e4nstem\u00e4n f\u00f6rutsatt att inte annat kollektivavtal g\u00e4ller f\u00f6r dem.<\/p>\n\n\n\n<p><\/p>\n\n\n<a class='Share__link Share__link--url copy-text' href='#' rel='nofollow' data-text='a.-centralt-loneavtal' title='Dela url' data-confirmation='L\u00e4nken kopierades till urklipp'><svg class='icon icon--link'  width='18' height='18' viewBox='0 0 18 18' fill='none' xmlns='http:\/\/www.w3.org\/2000\/svg'>\n            <path d='M10.4142 0.514721L6.87868 4.05025L8.29289 5.46447L11.1213 2.63604L15.364 6.87868L12.5355 9.70711L13.9497 11.1213L17.4853 7.58579C17.8763 7.19476 17.8763 6.5626 17.4853 6.17158L11.8284 0.514721C11.4374 0.123691 10.8052 0.123691 10.4142 0.514721Z' fill='black'\/>\n            <path d='M9.7071 12.5355L6.87868 15.364L2.63604 11.1213L5.46446 8.2929L4.05025 6.87868L0.514716 10.4142C0.123686 10.8052 0.123686 11.4374 0.514716 11.8284L6.17157 17.4853C6.5626 17.8763 7.19475 17.8763 7.58578 17.4853L11.1213 13.9497L9.7071 12.5355Z' fill='black'\/>\n            <path d='M6.17157 11.8284C6.5626 12.2195 7.19475 12.2195 7.58578 11.8284L11.8284 7.58579C12.2195 7.19476 12.2195 6.56261 11.8284 6.17158C11.4374 5.78055 10.8052 5.78055 10.4142 6.17158L6.17157 10.4142C5.78054 10.8052 5.78054 11.4374 6.17157 11.8284Z' fill='black'\/>\n            <\/svg> <\/a>\n<h2 class=\"wp-block-heading\">A. Centralt l\u00f6neavtal<\/h2>\n\n\n\n<p>Ett allm\u00e4nt utrymme (pott) ber\u00e4knas som 3,1 procent av summan av fasta kontanta l\u00f6nerna f\u00f6r tj\u00e4nstem\u00e4n den 30 april 2024. Det finns ingen individgaranti.<\/p>\n\n\n\n<p>Utg\u00e5ngspunkten i l\u00f6neavtalet \u00e4r att alla medverkar till f\u00f6retagets verksamhet och utveckling och d\u00e4rmed ska ha l\u00f6ne\u00f6kning i samband med l\u00f6nerevision. En tj\u00e4nsteman som inte uppvisar tillr\u00e4cklig prestation eller inte n\u00e5r uppsatta m\u00e5l kan f\u00e5 ingen eller m\u00e4rkbart l\u00e5g l\u00f6ne\u00f6kning. I de fallen ska en \u00e5tg\u00e4rdsplan uppr\u00e4ttas f\u00f6r ber\u00f6rda tj\u00e4nstem\u00e4n med tidplan och uppf\u00f6ljning av de planerade \u00e5tg\u00e4rderna.\u00a0Se vidare i l\u00f6neavtalet <a href=\"https:\/\/medlem.arbetsgivarguiden.se\/kollektivavtal\/78\/dokument\/238#section-482142\" target=\"_blank\" rel=\"noreferrer noopener\">\u00c5tg\u00e4rder vid l\u00e5g l\u00f6ne\u00f6kning<\/a> (inloggning kr\u00e4vs).<\/p>\n\n\n\n<p>\u00c5ldersgr\u00e4ns f\u00f6r att omfattas av l\u00f6nerevisionen har anpassats till h\u00f6jda \u00e5ldersgr\u00e4nser i lagen om anst\u00e4llningsskydd. De som inte fyllt 69 \u00e5r den 30 april 2023 omfattas av l\u00f6nerevisionen. &nbsp;<\/p>\n\n\n\n<p>Vi har tidigare tillsammans med Unionen tagit fram&nbsp;<a href=\"https:\/\/www.almega.se\/app\/uploads\/protected\/2024\/01\/Stodmaterial-lonerevision-Lagring-Distribution-Unionen.pdf\">St\u00f6dmaterial l\u00f6nerevison \u2013 Unionen<\/a> (inloggning kr\u00e4vs).<\/p>\n\n\n\n<p>Exempel p\u00e5 <a href=\"https:\/\/www.almega.se\/app\/uploads\/protected\/2024\/01\/Pottfordelning-foretag-med-Unionenklubb-2024-lagrdistrU.pdf\">pottf\u00f6rdelning f\u00f6r f\u00f6retag med Unionenklubb<\/a> och f\u00f6r <a href=\"https:\/\/www.almega.se\/app\/uploads\/protected\/2024\/01\/Pottfordelning-foretag-utan-Unionenklubb-2024-lagrdistrU.pdf\">f\u00f6retag utan Unionenklubb<\/a> 2024. (Inloggning kr\u00e4vs)<\/p>\n\n\n\n<h3 class=\"wp-block-heading\">L\u00e4gsta l\u00f6ner<\/h3>\n\n\n\n<p>Om tj\u00e4nstemannen senast den 30 april 2024 fyllt 20 respektive 24 \u00e5r ska l\u00f6nen uppg\u00e5 till l\u00e4gst;<\/p>\n\n\n\n<p><strong>Fr\u00e5n och med den 1 maj 2024<\/strong><\/p>\n\n\n\n<p>L\u00e4gsta l\u00f6n f\u00f6r 20-\u00e5ringar \u00e4r 20.704 kr\/m\u00e5n<\/p>\n\n\n\n<p>L\u00e4gsta l\u00f6n f\u00f6r 24-\u00e5ringar \u00e4r 23.769 kr\/m\u00e5n<\/p>\n\n\n\n<h3 class=\"wp-block-heading\">F\u00f6rhandlingsordning<\/h3>\n\n\n\n<p>S\u00e5 h\u00e4r g\u00e5r f\u00f6rhandlingarna till, se <a href=\"https:\/\/medlem.arbetsgivarguiden.se\/kollektivavtal\/78\/dokument\/238#section-482111\" target=\"_blank\" rel=\"noreferrer noopener\">f\u00f6rhandlingsordningen<\/a><strong> <\/strong>(inloggning kr\u00e4vs).<\/p>\n\n\n\n<p>Tj\u00e4nstem\u00e4nnen ska till f\u00f6retaget senast den <strong>9 februari 2024<\/strong> l\u00e4mna skriftlig uppgift p\u00e5 ber\u00f6rda medlemmar och av dem utsedda representanter. F\u00f6retaget ska senast den <strong>1 mars 2024<\/strong> skriftligen meddela f\u00f6rslag till nya l\u00f6ner till de utsedda representanterna. Om tj\u00e4nstem\u00e4nnen vill f\u00f6rhandla om l\u00f6ne\u00f6kningarna ska de beg\u00e4ra lokal f\u00f6rhandling hos arbetsgivaren senast den <strong>15 mars 2024<\/strong>. De lokala f\u00f6rhandlingarna ska vara avslutade senast den <strong>29 mars 2024<\/strong>. Eventuell central f\u00f6rhandling ska beg\u00e4ras senast den <strong>12 april 2024<\/strong> Kommer parterna inte \u00f6verens \u00e4r det arbetsgivaren som best\u00e4mmer hur l\u00f6ne\u00f6kningarna ska f\u00f6rdelas.<\/p>\n\n\n\n<p>Finns det ingen fackklubb p\u00e5 arbetsplatsen ska arbetsgivaren senast den <strong>1 mars 2024<\/strong> till ber\u00f6rda anst\u00e4llda l\u00e4mna meddelande till var och en om vilka l\u00f6ne\u00f6kningar han har f\u00f6r avsikt att ge. Unionen har r\u00e4tt att beg\u00e4ra f\u00f6rhandling om f\u00f6rdelningen senast den <strong>15 mars 2024<\/strong>. Om ingen f\u00f6rhandling beg\u00e4rs g\u00e4ller arbetsgivarens f\u00f6rslag.<\/p>\n\n\n<a class='Share__link Share__link--url copy-text' href='#' rel='nofollow' data-text='b.-lokalt-loneavtal' title='Dela url' data-confirmation='L\u00e4nken kopierades till urklipp'><svg class='icon icon--link'  width='18' height='18' viewBox='0 0 18 18' fill='none' xmlns='http:\/\/www.w3.org\/2000\/svg'>\n            <path d='M10.4142 0.514721L6.87868 4.05025L8.29289 5.46447L11.1213 2.63604L15.364 6.87868L12.5355 9.70711L13.9497 11.1213L17.4853 7.58579C17.8763 7.19476 17.8763 6.5626 17.4853 6.17158L11.8284 0.514721C11.4374 0.123691 10.8052 0.123691 10.4142 0.514721Z' fill='black'\/>\n            <path d='M9.7071 12.5355L6.87868 15.364L2.63604 11.1213L5.46446 8.2929L4.05025 6.87868L0.514716 10.4142C0.123686 10.8052 0.123686 11.4374 0.514716 11.8284L6.17157 17.4853C6.5626 17.8763 7.19475 17.8763 7.58578 17.4853L11.1213 13.9497L9.7071 12.5355Z' fill='black'\/>\n            <path d='M6.17157 11.8284C6.5626 12.2195 7.19475 12.2195 7.58578 11.8284L11.8284 7.58579C12.2195 7.19476 12.2195 6.56261 11.8284 6.17158C11.4374 5.78055 10.8052 5.78055 10.4142 6.17158L6.17157 10.4142C5.78054 10.8052 5.78054 11.4374 6.17157 11.8284Z' fill='black'\/>\n            <\/svg> <\/a>\n<h2 class=\"wp-block-heading\">B. Lokalt l\u00f6neavtal<\/h2>\n\n\n\n<p>Se\u00a0<a href=\"https:\/\/medlem.arbetsgivarguiden.se\/kollektivavtal\/78\/dokument\/238#section-482123\" target=\"_blank\" rel=\"noreferrer noopener\">lokalt l\u00f6neavtal<\/a> (inloggning kr\u00e4vs).<\/p>\n\n\n\n<p>Lokalt l\u00f6neavtal anger inte hur l\u00f6ne\u00f6kningarna ska r\u00e4knas fram. Det \u00e4r arbetsgivaren och den lokala fackliga organisationen som tillsammans kommer \u00f6verens om hur f\u00f6rhandlingarna ska g\u00e5 till, l\u00f6neutrymme samt den individuella f\u00f6rdelningen.<\/p>\n\n\n<a class='Share__link Share__link--url copy-text' href='#' rel='nofollow' data-text='flexpension' title='Dela url' data-confirmation='L\u00e4nken kopierades till urklipp'><svg class='icon icon--link'  width='18' height='18' viewBox='0 0 18 18' fill='none' xmlns='http:\/\/www.w3.org\/2000\/svg'>\n            <path d='M10.4142 0.514721L6.87868 4.05025L8.29289 5.46447L11.1213 2.63604L15.364 6.87868L12.5355 9.70711L13.9497 11.1213L17.4853 7.58579C17.8763 7.19476 17.8763 6.5626 17.4853 6.17158L11.8284 0.514721C11.4374 0.123691 10.8052 0.123691 10.4142 0.514721Z' fill='black'\/>\n            <path d='M9.7071 12.5355L6.87868 15.364L2.63604 11.1213L5.46446 8.2929L4.05025 6.87868L0.514716 10.4142C0.123686 10.8052 0.123686 11.4374 0.514716 11.8284L6.17157 17.4853C6.5626 17.8763 7.19475 17.8763 7.58578 17.4853L11.1213 13.9497L9.7071 12.5355Z' fill='black'\/>\n            <path d='M6.17157 11.8284C6.5626 12.2195 7.19475 12.2195 7.58578 11.8284L11.8284 7.58579C12.2195 7.19476 12.2195 6.56261 11.8284 6.17158C11.4374 5.78055 10.8052 5.78055 10.4142 6.17158L6.17157 10.4142C5.78054 10.8052 5.78054 11.4374 6.17157 11.8284Z' fill='black'\/>\n            <\/svg> <\/a>\n<h2 class=\"wp-block-heading\">Flexpension<\/h2>\n\n\n\n<p>Vid sidan av l\u00f6nerevision sker ytterligare avs\u00e4ttning till flexpension per 1 maj 2024 med 0,2 procent p\u00e5 pensionsmedf\u00f6rande l\u00f6n. Det faktureras av Collectum utan vidare \u00e5tg\u00e4rd fr\u00e5n arbetsgivaren. (Sammanlagd avs\u00e4ttning till flexpension blir d\u00e5 1,3 procent fr\u00e5n och med 1&nbsp;maj 2024.) L\u00e4s mer om <a href=\"https:\/\/medlem.arbetsgivarguiden.se\/a-till-o\/21\">flexpension<\/a> (inloggning kr\u00e4vs).<\/p>\n\n\n\n<p>F\u00f6r f\u00f6retag som till\u00e5ter att tj\u00e4nsteman avst\u00e5r flexpensionspremien g\u00e4ller f\u00f6ljande vid l\u00f6nerevision:<\/p>\n\n\n\n<p>De tj\u00e4nsteman som har flexpension f\u00e5r sin premie automatiskt h\u00f6jd med 0,2 procent den 1&nbsp;maj 2024. Motsvarande garanti g\u00e4ller inte f\u00f6r tj\u00e4nsteman som avst\u00e5tt fr\u00e5n flexpension. Arbetsgivaren kan dock ensidigt kompensera dem med motsvarande l\u00f6ne\u00f6kning. Den kompensationen ska i s\u00e5 fall ges individuellt ut\u00f6ver den ordinarie l\u00f6nerevisionen per 1&nbsp;maj 2024 det vill s\u00e4ga ut\u00f6ver 3,1 procent.<\/p>\n\n\n<a class='Share__link Share__link--url copy-text' href='#' rel='nofollow' data-text='\u00d6vrigt' title='Dela url' data-confirmation='L\u00e4nken kopierades till urklipp'><svg class='icon icon--link'  width='18' height='18' viewBox='0 0 18 18' fill='none' xmlns='http:\/\/www.w3.org\/2000\/svg'>\n            <path d='M10.4142 0.514721L6.87868 4.05025L8.29289 5.46447L11.1213 2.63604L15.364 6.87868L12.5355 9.70711L13.9497 11.1213L17.4853 7.58579C17.8763 7.19476 17.8763 6.5626 17.4853 6.17158L11.8284 0.514721C11.4374 0.123691 10.8052 0.123691 10.4142 0.514721Z' fill='black'\/>\n            <path d='M9.7071 12.5355L6.87868 15.364L2.63604 11.1213L5.46446 8.2929L4.05025 6.87868L0.514716 10.4142C0.123686 10.8052 0.123686 11.4374 0.514716 11.8284L6.17157 17.4853C6.5626 17.8763 7.19475 17.8763 7.58578 17.4853L11.1213 13.9497L9.7071 12.5355Z' fill='black'\/>\n            <path d='M6.17157 11.8284C6.5626 12.2195 7.19475 12.2195 7.58578 11.8284L11.8284 7.58579C12.2195 7.19476 12.2195 6.56261 11.8284 6.17158C11.4374 5.78055 10.8052 5.78055 10.4142 6.17158L6.17157 10.4142C5.78054 10.8052 5.78054 11.4374 6.17157 11.8284Z' fill='black'\/>\n            <\/svg> <\/a>\n<h2 class=\"wp-block-heading\">\u00d6vrigt<\/h2>\n\n\n\n<p>Betr\u00e4ffande regler f\u00f6r l\u00f6nes\u00e4ttning, omfattning och \u00f6vriga till\u00e4mpningsregler h\u00e4nvisar vi till <a href=\"https:\/\/medlem.arbetsgivarguiden.se\/kollektivavtal\/78\/dokument\/238#section-482101\" target=\"_blank\" rel=\"noreferrer noopener\">l\u00f6neavtalet<\/a> i Arbetsgivarguiden. D\u00e4r finns en kommentar till l\u00f6neavtalet.<\/p>\n\n\n\n<p>Har Du i \u00f6vrigt fr\u00e5gor som r\u00f6r avtalet \u00e4r Du v\u00e4lkommen att kontakta dina <a href=\"https:\/\/medlem.arbetsgivarguiden.se\/hjalp-och-kontakt\/arbetsrattsliga_fragor\" target=\"_blank\" rel=\"noreferrer noopener\">kontaktpersoner<\/a>.<\/p>\n\n\n\n<p><\/p>\n","protected":false},"excerpt":{"rendered":"<p>Det fullst\u00e4ndiga l\u00f6neavtalet hittar du som inloggad p\u00e5 arbetsgivarguiden.se. L\u00f6ner &#8211; Unionen \u00d6verenskommelsen&nbsp;betr\u00e4ffande l\u00f6ner best\u00e5r av tv\u00e5 alternativa m\u00f6jligheter: A. Centralt l\u00f6neavtal ellerB. Lokalt l\u00f6neavtal. L\u00f6neavtalet g\u00e4ller formellt endast tj\u00e4nstem\u00e4n som \u00e4r medlemmar i Unionen. &hellip;<\/p>\n","protected":false},"author":14836,"featured_media":0,"comment_status":"closed","ping_status":"closed","sticky":false,"template":"","format":"standard","meta":{"_acf_changed":false,"footnotes":""},"categories":[689],"tags":[690],"article_type":[313],"agreement":[180],"class_list":["post-70523","post","type-post","status-publish","format-standard","hentry","category-lon","tag-lonerevision","type-arbetsgivarnytt","agreement-8cce80f7-ff07-de11-b4e1-02bf9e69ca65"],"acf":[],"yoast_head":"<!-- This site is optimized with the Yoast SEO Premium plugin v26.8 (Yoast SEO v26.8) - https:\/\/yoast.com\/product\/yoast-seo-premium-wordpress\/ -->\n<title>\u00c5rets l\u00f6nerevision f\u00f6r tj\u00e4nstem\u00e4n den 1 maj 2024 | Almega<\/title>\n<meta name=\"robots\" content=\"index, follow, max-snippet:-1, max-image-preview:large, max-video-preview:-1\" \/>\n<link rel=\"canonical\" href=\"https:\/\/www.almega.se\/2024\/01\/arets-lonerevision-for-tjansteman-den-1-maj-2024\/\" \/>\n<meta property=\"og:locale\" content=\"sv_SE\" \/>\n<meta property=\"og:type\" content=\"article\" \/>\n<meta property=\"og:title\" content=\"\u00c5rets l\u00f6nerevision f\u00f6r tj\u00e4nstem\u00e4n den 1 maj 2024\" \/>\n<meta property=\"og:description\" content=\"Det fullst\u00e4ndiga l\u00f6neavtalet hittar du som inloggad p\u00e5 arbetsgivarguiden.se. L\u00f6ner &#8211; Unionen \u00d6verenskommelsen&nbsp;betr\u00e4ffande l\u00f6ner best\u00e5r av tv\u00e5 alternativa m\u00f6jligheter: A. Centralt l\u00f6neavtal ellerB. Lokalt l\u00f6neavtal. L\u00f6neavtalet g\u00e4ller formellt endast tj\u00e4nstem\u00e4n som \u00e4r medlemmar i Unionen. &hellip;\" \/>\n<meta property=\"og:url\" content=\"https:\/\/www.almega.se\/2024\/01\/arets-lonerevision-for-tjansteman-den-1-maj-2024\/\" \/>\n<meta property=\"og:site_name\" content=\"Almega\" \/>\n<meta property=\"article:published_time\" content=\"2024-01-18T13:19:14+00:00\" \/>\n<meta property=\"article:modified_time\" content=\"2024-01-18T13:58:17+00:00\" \/>\n<meta property=\"og:image\" content=\"https:\/\/www.almega.se\/app\/uploads\/2020\/12\/almega-share-logo.png\" \/>\n\t<meta property=\"og:image:width\" content=\"1200\" \/>\n\t<meta property=\"og:image:height\" content=\"630\" \/>\n\t<meta property=\"og:image:type\" content=\"image\/png\" \/>\n<meta name=\"author\" content=\"Eva Pettersson\" \/>\n<meta name=\"twitter:card\" content=\"summary_large_image\" \/>\n<meta name=\"twitter:label1\" content=\"Skriven av\" \/>\n\t<meta name=\"twitter:data1\" content=\"Eva Pettersson\" \/>\n\t<meta name=\"twitter:label2\" content=\"Ber\u00e4knad l\u00e4stid\" \/>\n\t<meta name=\"twitter:data2\" content=\"4 minuter\" \/>\n<!-- \/ Yoast SEO Premium plugin. -->","yoast_head_json":{"title":"\u00c5rets l\u00f6nerevision f\u00f6r tj\u00e4nstem\u00e4n den 1 maj 2024 | Almega","robots":{"index":"index","follow":"follow","max-snippet":"max-snippet:-1","max-image-preview":"max-image-preview:large","max-video-preview":"max-video-preview:-1"},"canonical":"https:\/\/www.almega.se\/2024\/01\/arets-lonerevision-for-tjansteman-den-1-maj-2024\/","og_locale":"sv_SE","og_type":"article","og_title":"\u00c5rets l\u00f6nerevision f\u00f6r tj\u00e4nstem\u00e4n den 1 maj 2024","og_description":"Det fullst\u00e4ndiga l\u00f6neavtalet hittar du som inloggad p\u00e5 arbetsgivarguiden.se. L\u00f6ner &#8211; Unionen \u00d6verenskommelsen&nbsp;betr\u00e4ffande l\u00f6ner best\u00e5r av tv\u00e5 alternativa m\u00f6jligheter: A. Centralt l\u00f6neavtal ellerB. Lokalt l\u00f6neavtal. L\u00f6neavtalet g\u00e4ller formellt endast tj\u00e4nstem\u00e4n som \u00e4r medlemmar i Unionen. &hellip;","og_url":"https:\/\/www.almega.se\/2024\/01\/arets-lonerevision-for-tjansteman-den-1-maj-2024\/","og_site_name":"Almega","article_published_time":"2024-01-18T13:19:14+00:00","article_modified_time":"2024-01-18T13:58:17+00:00","og_image":[{"width":1200,"height":630,"url":"https:\/\/www.almega.se\/app\/uploads\/2020\/12\/almega-share-logo.png","type":"image\/png"}],"author":"Eva Pettersson","twitter_card":"summary_large_image","twitter_misc":{"Skriven av":"Eva Pettersson","Ber\u00e4knad l\u00e4stid":"4 minuter"},"schema":{"@context":"https:\/\/schema.org","@graph":[{"@type":"NewsArticle","@id":"https:\/\/www.almega.se\/2024\/01\/arets-lonerevision-for-tjansteman-den-1-maj-2024\/#article","isPartOf":{"@id":"https:\/\/www.almega.se\/2024\/01\/arets-lonerevision-for-tjansteman-den-1-maj-2024\/"},"author":{"name":"Eva Pettersson","@id":"https:\/\/www.almega.se\/#\/schema\/person\/50d695bb8f918c77bd2be177892f84b1"},"headline":"\u00c5rets l\u00f6nerevision f\u00f6r tj\u00e4nstem\u00e4n den 1 maj 2024","datePublished":"2024-01-18T13:19:14+00:00","dateModified":"2024-01-18T13:58:17+00:00","mainEntityOfPage":{"@id":"https:\/\/www.almega.se\/2024\/01\/arets-lonerevision-for-tjansteman-den-1-maj-2024\/"},"wordCount":783,"keywords":["l\u00f6nerevision"],"articleSection":["L\u00f6n"],"inLanguage":"sv-SE"},{"@type":"WebPage","@id":"https:\/\/www.almega.se\/2024\/01\/arets-lonerevision-for-tjansteman-den-1-maj-2024\/","url":"https:\/\/www.almega.se\/2024\/01\/arets-lonerevision-for-tjansteman-den-1-maj-2024\/","name":"\u00c5rets l\u00f6nerevision f\u00f6r tj\u00e4nstem\u00e4n den 1 maj 2024 | Almega","isPartOf":{"@id":"https:\/\/www.almega.se\/#website"},"datePublished":"2024-01-18T13:19:14+00:00","dateModified":"2024-01-18T13:58:17+00:00","author":{"@id":"https:\/\/www.almega.se\/#\/schema\/person\/50d695bb8f918c77bd2be177892f84b1"},"breadcrumb":{"@id":"https:\/\/www.almega.se\/2024\/01\/arets-lonerevision-for-tjansteman-den-1-maj-2024\/#breadcrumb"},"inLanguage":"sv-SE","potentialAction":[{"@type":"ReadAction","target":["https:\/\/www.almega.se\/2024\/01\/arets-lonerevision-for-tjansteman-den-1-maj-2024\/"]}]},{"@type":"BreadcrumbList","@id":"https:\/\/www.almega.se\/2024\/01\/arets-lonerevision-for-tjansteman-den-1-maj-2024\/#breadcrumb","itemListElement":[{"@type":"ListItem","position":1,"name":"Home","item":"https:\/\/www.almega.se\/"},{"@type":"ListItem","position":2,"name":"\u00c5rets l\u00f6nerevision f\u00f6r tj\u00e4nstem\u00e4n den 1 maj 2024"}]},{"@type":"WebSite","@id":"https:\/\/www.almega.se\/#website","url":"https:\/\/www.almega.se\/","name":"Almega","description":"","potentialAction":[{"@type":"SearchAction","target":{"@type":"EntryPoint","urlTemplate":"https:\/\/www.almega.se\/?s={search_term_string}"},"query-input":{"@type":"PropertyValueSpecification","valueRequired":true,"valueName":"search_term_string"}}],"inLanguage":"sv-SE"},{"@type":"Person","@id":"https:\/\/www.almega.se\/#\/schema\/person\/50d695bb8f918c77bd2be177892f84b1","name":"Eva Pettersson","image":{"@type":"ImageObject","inLanguage":"sv-SE","@id":"https:\/\/www.almega.se\/#\/schema\/person\/image\/","url":"https:\/\/secure.gravatar.com\/avatar\/c4811d04bd37924073d3b0ce1984d0651f0f37902ffb665f3ca439bb5b3e306f?s=96&d=mm&r=g","contentUrl":"https:\/\/secure.gravatar.com\/avatar\/c4811d04bd37924073d3b0ce1984d0651f0f37902ffb665f3ca439bb5b3e306f?s=96&d=mm&r=g","caption":"Eva Pettersson"},"url":"https:\/\/www.almega.se\/person\/evapettersson-2\/"}]}},"_links":{"self":[{"href":"https:\/\/www.almega.se\/api\/wp\/v2\/posts\/70523","targetHints":{"allow":["GET"]}}],"collection":[{"href":"https:\/\/www.almega.se\/api\/wp\/v2\/posts"}],"about":[{"href":"https:\/\/www.almega.se\/api\/wp\/v2\/types\/post"}],"author":[{"embeddable":true,"href":"https:\/\/www.almega.se\/api\/wp\/v2\/users\/14836"}],"replies":[{"embeddable":true,"href":"https:\/\/www.almega.se\/api\/wp\/v2\/comments?post=70523"}],"version-history":[{"count":35,"href":"https:\/\/www.almega.se\/api\/wp\/v2\/posts\/70523\/revisions"}],"predecessor-version":[{"id":70560,"href":"https:\/\/www.almega.se\/api\/wp\/v2\/posts\/70523\/revisions\/70560"}],"wp:attachment":[{"href":"https:\/\/www.almega.se\/api\/wp\/v2\/media?parent=70523"}],"wp:term":[{"taxonomy":"category","embeddable":true,"href":"https:\/\/www.almega.se\/api\/wp\/v2\/categories?post=70523"},{"taxonomy":"post_tag","embeddable":true,"href":"https:\/\/www.almega.se\/api\/wp\/v2\/tags?post=70523"},{"taxonomy":"type","embeddable":true,"href":"https:\/\/www.almega.se\/api\/wp\/v2\/article_type?post=70523"},{"taxonomy":"agreement","embeddable":true,"href":"https:\/\/www.almega.se\/api\/wp\/v2\/agreement?post=70523"}],"curies":[{"name":"wp","href":"https:\/\/api.w.org\/{rel}","templated":true}]}}