{"id":70404,"date":"2024-01-15T15:48:41","date_gmt":"2024-01-15T14:48:41","guid":{"rendered":"https:\/\/www.almega.se\/?p=70404"},"modified":"2024-04-18T16:04:56","modified_gmt":"2024-04-18T14:04:56","slug":"det-har-saknas-i-regeringens-samhall-utredning-en-besvikelse","status":"publish","type":"post","link":"https:\/\/www.almega.se\/2024\/01\/det-har-saknas-i-regeringens-samhall-utredning-en-besvikelse\/","title":{"rendered":"Det h\u00e4r saknas i regeringens Samhall-utredning: \u201dEn besvikelse&#8221;"},"content":{"rendered":"<p class=\"ew-body\">Kritiken mot statliga Samhall har l\u00e4nge varit h\u00e5rd. Nu ska bolaget utredas \u2013 men utredningsdirektiven r\u00e4cker inte, menar bland andra Almega.<\/p>\n\n<p>Regeringen tills\u00e4tter en utredning f\u00f6r att se \u00f6ver statliga Samhall. Det meddelade arbetsmarknadsminister Johan Person p\u00e5 fredagen. Det \u00e4r en \u00f6versyn som l\u00e4nge har efterfr\u00e5gats fr\u00e5n arbetsgivarh\u00e5ll \u2013 men det finns brister i utredningsdirektiven. Det menar bland annat Fredrik \u00d6stbom, n\u00e4ringspolitisk chef p\u00e5 arbetsgivarorganisationen Almega.<\/p>\n\n\n\n<blockquote class=\"wp-block-quote is-layout-flow wp-block-quote-is-layout-flow\">\n<p>Vi v\u00e4lkomnar \u00f6versynen och delar i stort regeringens bild av vad som beh\u00f6ver utredas. Det \u00e4r bra att Riksrevisionens kritik mot Samhall och styrningen av dess verksamhet adresseras. Dock saknas en n\u00e4rmare granskning av konkurrensproblematiken mot n\u00e4ringslivet som hittills framf\u00f6r allt visat sig mot st\u00e4dbranschen. <\/p>\n<cite>Menar Fredrik \u00d6stbom, n\u00e4ringspolitisk chef, Almega. <\/cite><\/blockquote>\n\n\n\n<p>Samhall \u00e4r ett statligt bolag som anst\u00e4ller personer med funktionsneds\u00e4ttning som inte kan f\u00e5 jobb hos andra arbetsgivare eller genom andra insatser. Sedan Samhall ombildades till aktiebolag f\u00f6r drygt 30 \u00e5r sedan har det skett f\u00f6r\u00e4ndringar i fr\u00e5ga om s\u00e5v\u00e4l bolagets verksamhet och f\u00f6ruts\u00e4ttningar som behoven hos och sammans\u00e4ttningen av de personer som kan vara aktuella f\u00f6r anst\u00e4llning hos Samhall. Flera granskningar har ocks\u00e5 visat p\u00e5 brister i verksamheten.<\/p>\n\n\n\n<p>Utredningen ska bland annat se \u00f6ver den s\u00e5 kallade merkostnadsers\u00e4ttningen, allts\u00e5 den schabloners\u00e4ttning som Samhall f\u00e5r. Ers\u00e4ttningen har blivit kritiserad, inte minst f\u00f6r att\u00a0<a href=\"https:\/\/www.tn.se\/arbetsmarknad\/28096\/anstaller-dem-som-samhall-ratar-men-far-halva-skattepengen\/\" target=\"_blank\" rel=\"noreferrer noopener\">den \u00e4r betydligt h\u00f6gre \u00e4n vad arbetsintegrerande sociala f\u00f6retag f\u00e5r<\/a>\u00a0och f\u00f6r att det inte finns n\u00e5gon insyn i hur den anv\u00e4nds. En \u00f6versyn vore ett steg fram\u00e5t f\u00f6r att ge mer likv\u00e4rdiga f\u00f6ruts\u00e4ttningar f\u00f6r det statliga bolaget i f\u00f6rh\u00e5llande till andra privata akt\u00f6rer. <\/p>\n\n\n\n<p>Det finns d\u00e4remot inget inom utredningen n\u00e4r det g\u00e4ller \u00f6verv\u00e4ganden kring Samhalls omfattning och inriktning ska beakta hur bolaget p\u00e5verkar konkurrensen. Det hade varit \u00f6nskv\u00e4rt om det fanns med som en eller flera egna punkter i direktiven.<\/p>\n\n\n\n<p>\u2013 I m\u00e5nga fall har det visats sig att andra insatser \u00e4n Samhall \u00e4r mer effektiva och tr\u00e4ffs\u00e4kra f\u00f6r den tillt\u00e4nkta m\u00e5lgruppen, s\u00e4ger Fredrik \u00d6stbom och forts\u00e4tter:<\/p>\n\n\n\n<p>\u2013 Det \u00e4r sj\u00e4lvklart positivt att m\u00e5lgruppens behov av st\u00f6d ska utredas och vi hoppas att det leder till att \u00e4ven Samhalls kunduppdrag anpassas efter den tillt\u00e4nkta m\u00e5lgruppen som bolaget ska finnas till f\u00f6r. Samtidigt b\u00f6r en central del i utredningen best\u00e5 av att s\u00e4kerst\u00e4lla att n\u00e4ringslivet inte uts\u00e4tts f\u00f6r osund konkurrens p\u00e5 grund av Samhalls verksamhet.<\/p>\n\n\n\n<p>Uppdraget ska redovisas senast den 24 mars 2025.<\/p>\n\n\n\n\n<p><strong>Utredningen av Samhall ska bland annat<\/strong><\/p>\n\n\n\n<ul class=\"wp-block-list\">\n<li>kartl\u00e4gga Samhalls m\u00e5lgrupp i fr\u00e5ga om storlek och sammans\u00e4ttning och analysera dess st\u00f6dbehov,<\/li>\n\n\n\n<li>analysera om Samhalls verksamhet erbjuder meningsfulla och utvecklande arbeten f\u00f6r m\u00e5lgruppen,<\/li>\n\n\n\n<li>analysera de processer hos Arbetsf\u00f6rmedlingen och Samhall som leder fram till urval, anvisning och anst\u00e4llning hos Samhall,<\/li>\n\n\n\n<li>analysera om det finns behov av ytterligare st\u00f6dinsatser f\u00f6r individen f\u00f6re, vid sidan av, eller som en del av en anst\u00e4llning hos Samhall, och om id\u00e9burna akt\u00f6rer kan spela en st\u00f6rre roll i detta avseende,<\/li>\n\n\n\n<li>analysera om transparensen f\u00f6r och kontrollen av hur Samhall anv\u00e4nder den statliga merkostnadsers\u00e4ttningen kan utvecklas,<\/li>\n\n\n\n<li>vid behov l\u00e4mna f\u00f6rslag till f\u00f6r\u00e4ndringar av statens samlade styrning av Samhalls verksamhet.<\/li>\n<\/ul>\n\n","protected":false},"excerpt":{"rendered":"<p>Regeringen tills\u00e4tter en utredning f\u00f6r att se \u00f6ver statliga Samhall. Det meddelade arbetsmarknadsminister Johan Person p\u00e5 fredagen. Det \u00e4r en \u00f6versyn som l\u00e4nge har efterfr\u00e5gats fr\u00e5n arbetsgivarh\u00e5ll \u2013 men det finns brister i utredningsdirektiven. Det &hellip;<\/p>\n","protected":false},"author":16543,"featured_media":70408,"comment_status":"closed","ping_status":"closed","sticky":false,"template":"","format":"standard","meta":{"_acf_changed":false,"footnotes":""},"categories":[64,630,607],"tags":[],"article_type":[55,56],"agreement":[],"class_list":["post-70404","post","type-post","status-publish","format-standard","has-post-thumbnail","hentry","category-arbetsmarknad","category-konjunktur","category-osund-konkurrens","type-artiklar","type-nyheter"],"acf":[],"yoast_head":"<!-- This site is optimized with the Yoast SEO Premium plugin v26.8 (Yoast SEO v26.8) - https:\/\/yoast.com\/product\/yoast-seo-premium-wordpress\/ -->\n<title>Det h\u00e4r saknas i regeringens Samhall-utredning: \u201dEn besvikelse&quot; | Almega<\/title>\n<meta name=\"robots\" content=\"index, follow, max-snippet:-1, max-image-preview:large, max-video-preview:-1\" \/>\n<link rel=\"canonical\" href=\"https:\/\/www.almega.se\/2024\/01\/det-har-saknas-i-regeringens-samhall-utredning-en-besvikelse\/\" \/>\n<meta property=\"og:locale\" content=\"sv_SE\" \/>\n<meta property=\"og:type\" content=\"article\" \/>\n<meta property=\"og:title\" content=\"Det h\u00e4r saknas i regeringens Samhall-utredning: \u201dEn besvikelse&quot;\" \/>\n<meta property=\"og:description\" content=\"Regeringen tills\u00e4tter en utredning f\u00f6r att se \u00f6ver statliga Samhall. Det meddelade arbetsmarknadsminister Johan Person p\u00e5 fredagen. Det \u00e4r en \u00f6versyn som l\u00e4nge har efterfr\u00e5gats fr\u00e5n arbetsgivarh\u00e5ll \u2013 men det finns brister i utredningsdirektiven. Det &hellip;\" \/>\n<meta property=\"og:url\" content=\"https:\/\/www.almega.se\/2024\/01\/det-har-saknas-i-regeringens-samhall-utredning-en-besvikelse\/\" \/>\n<meta property=\"og:site_name\" content=\"Almega\" \/>\n<meta property=\"article:published_time\" content=\"2024-01-15T14:48:41+00:00\" \/>\n<meta property=\"article:modified_time\" content=\"2024-04-18T14:04:56+00:00\" \/>\n<meta property=\"og:image\" content=\"https:\/\/www.almega.se\/app\/uploads\/2024\/01\/samhall-fordon-1320x880-1.jpg\" \/>\n\t<meta property=\"og:image:width\" content=\"1320\" \/>\n\t<meta property=\"og:image:height\" content=\"880\" \/>\n\t<meta property=\"og:image:type\" content=\"image\/jpeg\" \/>\n<meta name=\"author\" content=\"R\u00e9ka Tolnai\" \/>\n<meta name=\"twitter:card\" content=\"summary_large_image\" \/>\n<meta name=\"twitter:label1\" content=\"Skriven av\" \/>\n\t<meta name=\"twitter:data1\" content=\"R\u00e9ka Tolnai\" \/>\n\t<meta name=\"twitter:label2\" content=\"Ber\u00e4knad l\u00e4stid\" \/>\n\t<meta name=\"twitter:data2\" content=\"3 minuter\" \/>\n<!-- \/ Yoast SEO Premium plugin. -->","yoast_head_json":{"title":"Det h\u00e4r saknas i regeringens Samhall-utredning: \u201dEn besvikelse\" | Almega","robots":{"index":"index","follow":"follow","max-snippet":"max-snippet:-1","max-image-preview":"max-image-preview:large","max-video-preview":"max-video-preview:-1"},"canonical":"https:\/\/www.almega.se\/2024\/01\/det-har-saknas-i-regeringens-samhall-utredning-en-besvikelse\/","og_locale":"sv_SE","og_type":"article","og_title":"Det h\u00e4r saknas i regeringens Samhall-utredning: \u201dEn besvikelse\"","og_description":"Regeringen tills\u00e4tter en utredning f\u00f6r att se \u00f6ver statliga Samhall. Det meddelade arbetsmarknadsminister Johan Person p\u00e5 fredagen. Det \u00e4r en \u00f6versyn som l\u00e4nge har efterfr\u00e5gats fr\u00e5n arbetsgivarh\u00e5ll \u2013 men det finns brister i utredningsdirektiven. Det &hellip;","og_url":"https:\/\/www.almega.se\/2024\/01\/det-har-saknas-i-regeringens-samhall-utredning-en-besvikelse\/","og_site_name":"Almega","article_published_time":"2024-01-15T14:48:41+00:00","article_modified_time":"2024-04-18T14:04:56+00:00","og_image":[{"width":1320,"height":880,"url":"https:\/\/www.almega.se\/app\/uploads\/2024\/01\/samhall-fordon-1320x880-1.jpg","type":"image\/jpeg"}],"author":"R\u00e9ka Tolnai","twitter_card":"summary_large_image","twitter_misc":{"Skriven av":"R\u00e9ka Tolnai","Ber\u00e4knad l\u00e4stid":"3 minuter"},"schema":{"@context":"https:\/\/schema.org","@graph":[{"@type":"NewsArticle","@id":"https:\/\/www.almega.se\/2024\/01\/det-har-saknas-i-regeringens-samhall-utredning-en-besvikelse\/#article","isPartOf":{"@id":"https:\/\/www.almega.se\/2024\/01\/det-har-saknas-i-regeringens-samhall-utredning-en-besvikelse\/"},"author":{"name":"R\u00e9ka Tolnai","@id":"https:\/\/www.almega.se\/#\/schema\/person\/e54aa110880538cf5ceac0ac54bbecf7"},"headline":"Det h\u00e4r saknas i regeringens Samhall-utredning: \u201dEn besvikelse&#8221;","datePublished":"2024-01-15T14:48:41+00:00","dateModified":"2024-04-18T14:04:56+00:00","mainEntityOfPage":{"@id":"https:\/\/www.almega.se\/2024\/01\/det-har-saknas-i-regeringens-samhall-utredning-en-besvikelse\/"},"wordCount":571,"image":{"@id":"https:\/\/www.almega.se\/2024\/01\/det-har-saknas-i-regeringens-samhall-utredning-en-besvikelse\/#primaryimage"},"thumbnailUrl":"https:\/\/www.almega.se\/app\/uploads\/2024\/01\/samhall-fordon-1320x880-1.jpg","articleSection":["Arbetsmarknad","Konjunktur","Osund konkurrens"],"inLanguage":"sv-SE"},{"@type":"WebPage","@id":"https:\/\/www.almega.se\/2024\/01\/det-har-saknas-i-regeringens-samhall-utredning-en-besvikelse\/","url":"https:\/\/www.almega.se\/2024\/01\/det-har-saknas-i-regeringens-samhall-utredning-en-besvikelse\/","name":"Det h\u00e4r saknas i regeringens Samhall-utredning: \u201dEn besvikelse\" | Almega","isPartOf":{"@id":"https:\/\/www.almega.se\/#website"},"primaryImageOfPage":{"@id":"https:\/\/www.almega.se\/2024\/01\/det-har-saknas-i-regeringens-samhall-utredning-en-besvikelse\/#primaryimage"},"image":{"@id":"https:\/\/www.almega.se\/2024\/01\/det-har-saknas-i-regeringens-samhall-utredning-en-besvikelse\/#primaryimage"},"thumbnailUrl":"https:\/\/www.almega.se\/app\/uploads\/2024\/01\/samhall-fordon-1320x880-1.jpg","datePublished":"2024-01-15T14:48:41+00:00","dateModified":"2024-04-18T14:04:56+00:00","author":{"@id":"https:\/\/www.almega.se\/#\/schema\/person\/e54aa110880538cf5ceac0ac54bbecf7"},"breadcrumb":{"@id":"https:\/\/www.almega.se\/2024\/01\/det-har-saknas-i-regeringens-samhall-utredning-en-besvikelse\/#breadcrumb"},"inLanguage":"sv-SE","potentialAction":[{"@type":"ReadAction","target":["https:\/\/www.almega.se\/2024\/01\/det-har-saknas-i-regeringens-samhall-utredning-en-besvikelse\/"]}]},{"@type":"ImageObject","inLanguage":"sv-SE","@id":"https:\/\/www.almega.se\/2024\/01\/det-har-saknas-i-regeringens-samhall-utredning-en-besvikelse\/#primaryimage","url":"https:\/\/www.almega.se\/app\/uploads\/2024\/01\/samhall-fordon-1320x880-1.jpg","contentUrl":"https:\/\/www.almega.se\/app\/uploads\/2024\/01\/samhall-fordon-1320x880-1.jpg","width":1320,"height":880,"caption":"Samhall"},{"@type":"BreadcrumbList","@id":"https:\/\/www.almega.se\/2024\/01\/det-har-saknas-i-regeringens-samhall-utredning-en-besvikelse\/#breadcrumb","itemListElement":[{"@type":"ListItem","position":1,"name":"Home","item":"https:\/\/www.almega.se\/"},{"@type":"ListItem","position":2,"name":"Det h\u00e4r saknas i regeringens Samhall-utredning: \u201dEn besvikelse&#8221;"}]},{"@type":"WebSite","@id":"https:\/\/www.almega.se\/#website","url":"https:\/\/www.almega.se\/","name":"Almega","description":"","potentialAction":[{"@type":"SearchAction","target":{"@type":"EntryPoint","urlTemplate":"https:\/\/www.almega.se\/?s={search_term_string}"},"query-input":{"@type":"PropertyValueSpecification","valueRequired":true,"valueName":"search_term_string"}}],"inLanguage":"sv-SE"},{"@type":"Person","@id":"https:\/\/www.almega.se\/#\/schema\/person\/e54aa110880538cf5ceac0ac54bbecf7","name":"R\u00e9ka Tolnai","image":{"@type":"ImageObject","inLanguage":"sv-SE","@id":"https:\/\/www.almega.se\/#\/schema\/person\/image\/","url":"https:\/\/secure.gravatar.com\/avatar\/c722d4a4ee787603df9df499a683d681bd2c463bde248da25aabc45883d614d2?s=96&d=mm&r=g","contentUrl":"https:\/\/secure.gravatar.com\/avatar\/c722d4a4ee787603df9df499a683d681bd2c463bde248da25aabc45883d614d2?s=96&d=mm&r=g","caption":"R\u00e9ka Tolnai"},"url":"https:\/\/www.almega.se\/person\/rekatolnai\/"}]}},"_links":{"self":[{"href":"https:\/\/www.almega.se\/api\/wp\/v2\/posts\/70404","targetHints":{"allow":["GET"]}}],"collection":[{"href":"https:\/\/www.almega.se\/api\/wp\/v2\/posts"}],"about":[{"href":"https:\/\/www.almega.se\/api\/wp\/v2\/types\/post"}],"author":[{"embeddable":true,"href":"https:\/\/www.almega.se\/api\/wp\/v2\/users\/16543"}],"replies":[{"embeddable":true,"href":"https:\/\/www.almega.se\/api\/wp\/v2\/comments?post=70404"}],"version-history":[{"count":5,"href":"https:\/\/www.almega.se\/api\/wp\/v2\/posts\/70404\/revisions"}],"predecessor-version":[{"id":70410,"href":"https:\/\/www.almega.se\/api\/wp\/v2\/posts\/70404\/revisions\/70410"}],"wp:featuredmedia":[{"embeddable":true,"href":"https:\/\/www.almega.se\/api\/wp\/v2\/media\/70408"}],"wp:attachment":[{"href":"https:\/\/www.almega.se\/api\/wp\/v2\/media?parent=70404"}],"wp:term":[{"taxonomy":"category","embeddable":true,"href":"https:\/\/www.almega.se\/api\/wp\/v2\/categories?post=70404"},{"taxonomy":"post_tag","embeddable":true,"href":"https:\/\/www.almega.se\/api\/wp\/v2\/tags?post=70404"},{"taxonomy":"type","embeddable":true,"href":"https:\/\/www.almega.se\/api\/wp\/v2\/article_type?post=70404"},{"taxonomy":"agreement","embeddable":true,"href":"https:\/\/www.almega.se\/api\/wp\/v2\/agreement?post=70404"}],"curies":[{"name":"wp","href":"https:\/\/api.w.org\/{rel}","templated":true}]}}