{"id":70396,"date":"2023-11-09T11:19:00","date_gmt":"2023-11-09T10:19:00","guid":{"rendered":"https:\/\/www.almega.se\/?p=70396"},"modified":"2024-04-03T14:36:21","modified_gmt":"2024-04-03T12:36:21","slug":"debatt-forskningspolitiken-maste-oka-samarbetet-med-naringslivet","status":"publish","type":"post","link":"https:\/\/www.almega.se\/2023\/11\/debatt-forskningspolitiken-maste-oka-samarbetet-med-naringslivet\/","title":{"rendered":"Debatt: Forskningspolitiken m\u00e5ste \u00f6ka sam&shy;arbetet med n\u00e4ringslivet"},"content":{"rendered":"<h2 class=\"subtitle t28 tm19 font-weight-normal m-font-weight-normal\">Kompetensbristen hindrar i dag f\u00f6retag fr\u00e5n att v\u00e4xa och utvecklas. Det \u00e4r d\u00e4rf\u00f6r bra att regeringen nu tar steg i r\u00e4tt riktning f\u00f6r att st\u00e4rka de tekniska och naturvetenskapliga utbildningarna p\u00e5 h\u00f6gskolan. Men det \u00e4r sm\u00e5 och otillr\u00e4ckliga steg, skriver Almega, Tech Sverige och Innovationsf\u00f6retagen i NyTeknik.<\/h2>\n\n<p>Det beh\u00f6ver g\u00f6ras mycket mer f\u00f6r att lyfta kunskapslandet Sverige och f\u00f6r att beh\u00e5lla v\u00e5r position som ett ledande innovationsland.&nbsp;<\/p>\n\n\n\n<p>\u00c5rtionden av passivitet och uteblivna reformer inom h\u00f6gskolesektorn har f\u00f6rsvagat v\u00e5r position. Samtidigt har andra l\u00e4nder accelererat sina strategiska satsningar p\u00e5 forskning, innovation och utbildning och den internationella konkurrensen om f\u00f6retagens forskningsinvesteringar har h\u00e5rdnat.<\/p>\n\n\n\n<blockquote class=\"wp-block-quote is-layout-flow wp-block-quote-is-layout-flow\">\n<p><em>F\u00f6r att v\u00e4nda utvecklingen m\u00e5ste n\u00e4sta \u00e5rs forskningspolitiska proposition styra mot h\u00f6gre kvalitet och relevans i b\u00e5de forskning och h\u00f6gre utbildning. Detta \u00e4r helt avg\u00f6rande f\u00f6r Sveriges framtida konkurrenskraft.\u00a0<\/em><\/p>\n<\/blockquote>\n\n\n\n<p>Nyligen kom tv\u00e5 orov\u00e4ckande kvitton p\u00e5 att utvecklingen g\u00e5r \u00e5t fel h\u00e5ll: Sverige har halkat ned fr\u00e5n pallplats i&nbsp;<a href=\"https:\/\/eur05.safelinks.protection.outlook.com\/?url=https%3A%2F%2Fwww.scb.se%2Fhitta-statistik%2Fstatistik-efter-amne%2Futbildning-och-forskning%2Fforskning%2Fforskning-och-utveckling-i-sverige%2Fpong%2Fstatistiknyhet%2Fforskning-och-utveckling-forskning-och-utveckling---regional-och-internationell-statistik-2021%2F&amp;data=05%7C01%7Canna.orring%40nyteknik.se%7C65b99429837f47e64b8308dbe0fcba29%7C0da515809ad44ffd87830ac778768813%7C1%7C0%7C638351148281282755%7CUnknown%7CTWFpbGZsb3d8eyJWIjoiMC4wLjAwMDAiLCJQIjoiV2luMzIiLCJBTiI6Ik1haWwiLCJXVCI6Mn0%3D%7C7000%7C%7C%7C&amp;sdata=So3OVvZgm5GEiHf8BSPfIVhW7Eb%2F%2Fh2Hw3kYNasT5gM%3D&amp;reserved=0\" target=\"_blank\" rel=\"noreferrer noopener\">OECD:s m\u00e4tning av l\u00e4nders forskningsintensitet<\/a>&nbsp;och&nbsp;<a href=\"https:\/\/www.iva.se\/publicerat\/fou-barometer-2023\/\" target=\"_blank\" rel=\"noreferrer noopener\">IVA:s FoU-barometer<\/a>&nbsp;varnar f\u00f6r att ingenj\u00f6rsbristen tvingar FoU-verksamhet fr\u00e5n Sverige. F\u00f6r att v\u00e4nda utvecklingen m\u00e5ste n\u00e4sta \u00e5rs forskningspolitiska proposition styra mot h\u00f6gre kvalitet och relevans i b\u00e5de forskning och h\u00f6gre utbildning.<\/p>\n\n\n\n<p>Detta \u00e4r helt avg\u00f6rande f\u00f6r Sveriges framtida konkurrenskraft. Inte minst f\u00f6r att kunna utveckla den kunskapsintensiva tj\u00e4nsteproduktionen som \u00e4r en av Sveriges fr\u00e4msta styrkor och jobbmotorer med 27 000 nya jobb bara under det senaste \u00e5ret.<\/p>\n\n\n\n<p>H\u00f6gpresterande universitet och h\u00f6gskolor \u00e4r avg\u00f6rande f\u00f6r att svenska f\u00f6retag ska kunna v\u00e4xa, utvecklas och konkurrera p\u00e5 v\u00e4rldsmarknaden. Men klockan tickar. Andra l\u00e4nder agerar kraftfullt och strategiskt. Regeringens budgetsatsningar r\u00e4cker inte. Mer kr\u00e4vs. Och det \u00e4r br\u00e5ttom.<\/p>\n\n\n\n<p><strong>1. St\u00e4rk samverkan mellan h\u00f6gskolor och f\u00f6retag.\u00a0<\/strong>Trots att de offentliga anslagen till svensk forskning har \u00f6kat med 13,8 miljarder kronor 2008\u20132020 s\u00e5 har kvaliteten, m\u00e4tt som andelen h\u00f6gciterad forskning, legat konstant. I j\u00e4mf\u00f6rbara konkurrentl\u00e4nder som Norge, Danmark och Schweiz har forskningskvaliteten i st\u00e4llet \u00f6kat.\u00a0<\/p>\n\n\n\n<p>FoU-intensitet i svenska f\u00f6retag \u00f6kar inte heller. De FoU-intensiva f\u00f6retagen f\u00f6rklarar det med d\u00e5lig eller mycket d\u00e5lig tillg\u00e5ng till forskningskompetens. En del av basanslaget till universiteten b\u00f6r d\u00e4rf\u00f6r f\u00f6rdelas om utifr\u00e5n hur framg\u00e5ngsrika l\u00e4ros\u00e4tena \u00e4r p\u00e5 att profilera sin forskning och samarbeta med n\u00e4ringslivet. Samtidigt m\u00e5ste regeringen \u00f6ka de totala investeringarna i forskning och utveckling f\u00f6r att st\u00e4rka Sveriges position som en ledande kunskapsnation.<\/p>\n\n\n\n<p><strong>2. Styr i st\u00f6rre utstr\u00e4ckning utbildningsutbudet mot f\u00f6retagens kompetensbehov.<\/strong>\u00a0Svenskarna har aldrig varit s\u00e5 v\u00e4lutbildade som i dag. \u00c4nd\u00e5 \u00e4r kompetensbristen f\u00f6retagens fr\u00e4msta tillv\u00e4xthinder. Trots dubbelt s\u00e5 m\u00e5nga utbildningsplatser inom h\u00f6gre utbildning sedan 1990-talet \u00e4r kompetensbristen stor. Kopplingen till arbetsmarknaden \u00e4r svagare i Sverige \u00e4n i j\u00e4mf\u00f6rbara l\u00e4nder som Danmark, Tyskland och Nederl\u00e4nderna. Undervisningstiden \u00e4r kortare, examensfrekvensen \u00e4r l\u00e5g och matchningen mellan utbildning och arbete \u00e4r otillr\u00e4cklig. Detta kan till exempel f\u00f6rb\u00e4ttras genom externa paneler p\u00e5 l\u00e4ros\u00e4tena som ger b\u00e4ttre bild av kompetensbehoven p\u00e5 kort och l\u00e5ng sikt samt genom att utveckla en modell f\u00f6r utbildningsdimensionering.<\/p>\n\n\n\n<p>Varje \u00e5r som passerar utan att staten styr l\u00e4ros\u00e4tena mot att producera v\u00e4rldsledande forskning och utbildningar som matchar n\u00e4ringslivets behov inneb\u00e4r f\u00f6rlorad svensk konkurrenskraft, minskad innovationsf\u00f6rm\u00e5ga och sv\u00e5righeter att m\u00f6ta strukturomvandlingen som f\u00f6ljer i klimatomst\u00e4llningens och digitaliseringens sp\u00e5r. S\u00e5 kan vi inte ha det. Sverige kan inte v\u00e4nta l\u00e4ngre.<\/p>\n\n\n\n<p><strong>Fredrik \u00d6stbom,<\/strong> n\u00e4ringspolitisk chef, Almega<\/p>\n\n\n\n<p><strong>Ana Andric,<\/strong> n\u00e4ringspolitisk expert, Tech Sverige<\/p>\n\n\n\n<p><strong>Joakim Bourelius<\/strong>, n\u00e4ringspolitisk expert, Innovationsf\u00f6retagen<\/p>\n","protected":false},"excerpt":{"rendered":"<p>Det beh\u00f6ver g\u00f6ras mycket mer f\u00f6r att lyfta kunskapslandet Sverige och f\u00f6r att beh\u00e5lla v\u00e5r position som ett ledande innovationsland.&nbsp; \u00c5rtionden av passivitet och uteblivna reformer inom h\u00f6gskolesektorn har f\u00f6rsvagat v\u00e5r position. Samtidigt har andra &hellip;<\/p>\n","protected":false},"author":16543,"featured_media":70397,"comment_status":"closed","ping_status":"closed","sticky":false,"template":"","format":"standard","meta":{"_acf_changed":false,"footnotes":""},"categories":[419],"tags":[],"article_type":[49],"agreement":[],"class_list":["post-70396","post","type-post","status-publish","format-standard","has-post-thumbnail","hentry","category-kompetensforsorjning","type-debattartiklar"],"acf":[],"yoast_head":"<!-- This site is optimized with the Yoast SEO Premium plugin v26.8 (Yoast SEO v26.8) - https:\/\/yoast.com\/product\/yoast-seo-premium-wordpress\/ -->\n<title>Debatt: Forskningspolitiken m\u00e5ste \u00f6ka samarbetet med n\u00e4ringslivet | Almega<\/title>\n<meta name=\"robots\" content=\"index, follow, max-snippet:-1, max-image-preview:large, max-video-preview:-1\" \/>\n<link rel=\"canonical\" href=\"https:\/\/www.almega.se\/2023\/11\/debatt-forskningspolitiken-maste-oka-samarbetet-med-naringslivet\/\" \/>\n<meta property=\"og:locale\" content=\"sv_SE\" \/>\n<meta property=\"og:type\" content=\"article\" \/>\n<meta property=\"og:title\" content=\"Debatt: Forskningspolitiken m\u00e5ste \u00f6ka samarbetet med n\u00e4ringslivet\" \/>\n<meta property=\"og:description\" content=\"Det beh\u00f6ver g\u00f6ras mycket mer f\u00f6r att lyfta kunskapslandet Sverige och f\u00f6r att beh\u00e5lla v\u00e5r position som ett ledande innovationsland.&nbsp; \u00c5rtionden av passivitet och uteblivna reformer inom h\u00f6gskolesektorn har f\u00f6rsvagat v\u00e5r position. Samtidigt har andra &hellip;\" \/>\n<meta property=\"og:url\" content=\"https:\/\/www.almega.se\/2023\/11\/debatt-forskningspolitiken-maste-oka-samarbetet-med-naringslivet\/\" \/>\n<meta property=\"og:site_name\" content=\"Almega\" \/>\n<meta property=\"article:published_time\" content=\"2023-11-09T10:19:00+00:00\" \/>\n<meta property=\"article:modified_time\" content=\"2024-04-03T12:36:21+00:00\" \/>\n<meta property=\"og:image\" content=\"https:\/\/www.almega.se\/app\/uploads\/2024\/01\/Skarmavbild-2024-01-15-kl.-11.23.13-1180x660.png\" \/>\n\t<meta property=\"og:image:width\" content=\"1180\" \/>\n\t<meta property=\"og:image:height\" content=\"660\" \/>\n\t<meta property=\"og:image:type\" content=\"image\/png\" \/>\n<meta name=\"author\" content=\"R\u00e9ka Tolnai\" \/>\n<meta name=\"twitter:card\" content=\"summary_large_image\" \/>\n<meta name=\"twitter:label1\" content=\"Skriven av\" \/>\n\t<meta name=\"twitter:data1\" content=\"R\u00e9ka Tolnai\" \/>\n\t<meta name=\"twitter:label2\" content=\"Ber\u00e4knad l\u00e4stid\" \/>\n\t<meta name=\"twitter:data2\" content=\"3 minuter\" \/>\n<!-- \/ Yoast SEO Premium plugin. -->","yoast_head_json":{"title":"Debatt: Forskningspolitiken m\u00e5ste \u00f6ka samarbetet med n\u00e4ringslivet | Almega","robots":{"index":"index","follow":"follow","max-snippet":"max-snippet:-1","max-image-preview":"max-image-preview:large","max-video-preview":"max-video-preview:-1"},"canonical":"https:\/\/www.almega.se\/2023\/11\/debatt-forskningspolitiken-maste-oka-samarbetet-med-naringslivet\/","og_locale":"sv_SE","og_type":"article","og_title":"Debatt: Forskningspolitiken m\u00e5ste \u00f6ka samarbetet med n\u00e4ringslivet","og_description":"Det beh\u00f6ver g\u00f6ras mycket mer f\u00f6r att lyfta kunskapslandet Sverige och f\u00f6r att beh\u00e5lla v\u00e5r position som ett ledande innovationsland.&nbsp; \u00c5rtionden av passivitet och uteblivna reformer inom h\u00f6gskolesektorn har f\u00f6rsvagat v\u00e5r position. Samtidigt har andra &hellip;","og_url":"https:\/\/www.almega.se\/2023\/11\/debatt-forskningspolitiken-maste-oka-samarbetet-med-naringslivet\/","og_site_name":"Almega","article_published_time":"2023-11-09T10:19:00+00:00","article_modified_time":"2024-04-03T12:36:21+00:00","og_image":[{"width":1180,"height":660,"url":"https:\/\/www.almega.se\/app\/uploads\/2024\/01\/Skarmavbild-2024-01-15-kl.-11.23.13-1180x660.png","type":"image\/png"}],"author":"R\u00e9ka Tolnai","twitter_card":"summary_large_image","twitter_misc":{"Skriven av":"R\u00e9ka Tolnai","Ber\u00e4knad l\u00e4stid":"3 minuter"},"schema":{"@context":"https:\/\/schema.org","@graph":[{"@type":"NewsArticle","@id":"https:\/\/www.almega.se\/2023\/11\/debatt-forskningspolitiken-maste-oka-samarbetet-med-naringslivet\/#article","isPartOf":{"@id":"https:\/\/www.almega.se\/2023\/11\/debatt-forskningspolitiken-maste-oka-samarbetet-med-naringslivet\/"},"author":{"name":"R\u00e9ka Tolnai","@id":"https:\/\/www.almega.se\/#\/schema\/person\/e54aa110880538cf5ceac0ac54bbecf7"},"headline":"Debatt: Forskningspolitiken m\u00e5ste \u00f6ka sam&shy;arbetet med n\u00e4ringslivet","datePublished":"2023-11-09T10:19:00+00:00","dateModified":"2024-04-03T12:36:21+00:00","mainEntityOfPage":{"@id":"https:\/\/www.almega.se\/2023\/11\/debatt-forskningspolitiken-maste-oka-samarbetet-med-naringslivet\/"},"wordCount":613,"image":{"@id":"https:\/\/www.almega.se\/2023\/11\/debatt-forskningspolitiken-maste-oka-samarbetet-med-naringslivet\/#primaryimage"},"thumbnailUrl":"https:\/\/www.almega.se\/app\/uploads\/2024\/01\/Skarmavbild-2024-01-15-kl.-11.23.13.png","articleSection":["Kompetensf\u00f6rs\u00f6rjning"],"inLanguage":"sv-SE"},{"@type":"WebPage","@id":"https:\/\/www.almega.se\/2023\/11\/debatt-forskningspolitiken-maste-oka-samarbetet-med-naringslivet\/","url":"https:\/\/www.almega.se\/2023\/11\/debatt-forskningspolitiken-maste-oka-samarbetet-med-naringslivet\/","name":"Debatt: Forskningspolitiken m\u00e5ste \u00f6ka samarbetet med n\u00e4ringslivet | Almega","isPartOf":{"@id":"https:\/\/www.almega.se\/#website"},"primaryImageOfPage":{"@id":"https:\/\/www.almega.se\/2023\/11\/debatt-forskningspolitiken-maste-oka-samarbetet-med-naringslivet\/#primaryimage"},"image":{"@id":"https:\/\/www.almega.se\/2023\/11\/debatt-forskningspolitiken-maste-oka-samarbetet-med-naringslivet\/#primaryimage"},"thumbnailUrl":"https:\/\/www.almega.se\/app\/uploads\/2024\/01\/Skarmavbild-2024-01-15-kl.-11.23.13.png","datePublished":"2023-11-09T10:19:00+00:00","dateModified":"2024-04-03T12:36:21+00:00","author":{"@id":"https:\/\/www.almega.se\/#\/schema\/person\/e54aa110880538cf5ceac0ac54bbecf7"},"breadcrumb":{"@id":"https:\/\/www.almega.se\/2023\/11\/debatt-forskningspolitiken-maste-oka-samarbetet-med-naringslivet\/#breadcrumb"},"inLanguage":"sv-SE","potentialAction":[{"@type":"ReadAction","target":["https:\/\/www.almega.se\/2023\/11\/debatt-forskningspolitiken-maste-oka-samarbetet-med-naringslivet\/"]}]},{"@type":"ImageObject","inLanguage":"sv-SE","@id":"https:\/\/www.almega.se\/2023\/11\/debatt-forskningspolitiken-maste-oka-samarbetet-med-naringslivet\/#primaryimage","url":"https:\/\/www.almega.se\/app\/uploads\/2024\/01\/Skarmavbild-2024-01-15-kl.-11.23.13.png","contentUrl":"https:\/\/www.almega.se\/app\/uploads\/2024\/01\/Skarmavbild-2024-01-15-kl.-11.23.13.png","width":2128,"height":1190,"caption":"Ana Andric, n\u00e4ringspolitisk expert Tech Sverige, Joakim Bourelius, n\u00e4ringspolitisk expert Innovationsf\u00f6retagen, Fredrik \u00d6stbom, n\u00e4ringspolitisk chef Almega"},{"@type":"BreadcrumbList","@id":"https:\/\/www.almega.se\/2023\/11\/debatt-forskningspolitiken-maste-oka-samarbetet-med-naringslivet\/#breadcrumb","itemListElement":[{"@type":"ListItem","position":1,"name":"Home","item":"https:\/\/www.almega.se\/"},{"@type":"ListItem","position":2,"name":"Debatt: Forskningspolitiken m\u00e5ste \u00f6ka sam&shy;arbetet med n\u00e4ringslivet"}]},{"@type":"WebSite","@id":"https:\/\/www.almega.se\/#website","url":"https:\/\/www.almega.se\/","name":"Almega","description":"","potentialAction":[{"@type":"SearchAction","target":{"@type":"EntryPoint","urlTemplate":"https:\/\/www.almega.se\/?s={search_term_string}"},"query-input":{"@type":"PropertyValueSpecification","valueRequired":true,"valueName":"search_term_string"}}],"inLanguage":"sv-SE"},{"@type":"Person","@id":"https:\/\/www.almega.se\/#\/schema\/person\/e54aa110880538cf5ceac0ac54bbecf7","name":"R\u00e9ka Tolnai","image":{"@type":"ImageObject","inLanguage":"sv-SE","@id":"https:\/\/www.almega.se\/#\/schema\/person\/image\/","url":"https:\/\/secure.gravatar.com\/avatar\/c722d4a4ee787603df9df499a683d681bd2c463bde248da25aabc45883d614d2?s=96&d=mm&r=g","contentUrl":"https:\/\/secure.gravatar.com\/avatar\/c722d4a4ee787603df9df499a683d681bd2c463bde248da25aabc45883d614d2?s=96&d=mm&r=g","caption":"R\u00e9ka Tolnai"},"url":"https:\/\/www.almega.se\/person\/rekatolnai\/"}]}},"_links":{"self":[{"href":"https:\/\/www.almega.se\/api\/wp\/v2\/posts\/70396","targetHints":{"allow":["GET"]}}],"collection":[{"href":"https:\/\/www.almega.se\/api\/wp\/v2\/posts"}],"about":[{"href":"https:\/\/www.almega.se\/api\/wp\/v2\/types\/post"}],"author":[{"embeddable":true,"href":"https:\/\/www.almega.se\/api\/wp\/v2\/users\/16543"}],"replies":[{"embeddable":true,"href":"https:\/\/www.almega.se\/api\/wp\/v2\/comments?post=70396"}],"version-history":[{"count":3,"href":"https:\/\/www.almega.se\/api\/wp\/v2\/posts\/70396\/revisions"}],"predecessor-version":[{"id":70400,"href":"https:\/\/www.almega.se\/api\/wp\/v2\/posts\/70396\/revisions\/70400"}],"wp:featuredmedia":[{"embeddable":true,"href":"https:\/\/www.almega.se\/api\/wp\/v2\/media\/70397"}],"wp:attachment":[{"href":"https:\/\/www.almega.se\/api\/wp\/v2\/media?parent=70396"}],"wp:term":[{"taxonomy":"category","embeddable":true,"href":"https:\/\/www.almega.se\/api\/wp\/v2\/categories?post=70396"},{"taxonomy":"post_tag","embeddable":true,"href":"https:\/\/www.almega.se\/api\/wp\/v2\/tags?post=70396"},{"taxonomy":"type","embeddable":true,"href":"https:\/\/www.almega.se\/api\/wp\/v2\/article_type?post=70396"},{"taxonomy":"agreement","embeddable":true,"href":"https:\/\/www.almega.se\/api\/wp\/v2\/agreement?post=70396"}],"curies":[{"name":"wp","href":"https:\/\/api.w.org\/{rel}","templated":true}]}}