{"id":70391,"date":"2023-02-02T11:08:00","date_gmt":"2023-02-02T10:08:00","guid":{"rendered":"https:\/\/www.almega.se\/?p=70391"},"modified":"2024-01-15T11:13:16","modified_gmt":"2024-01-15T10:13:16","slug":"debatt-sa-kan-den-nya-centerledningen-starka-tjanstesektorn","status":"publish","type":"post","link":"https:\/\/www.almega.se\/2023\/02\/debatt-sa-kan-den-nya-centerledningen-starka-tjanstesektorn\/","title":{"rendered":"Debatt: S\u00e5 kan den nya centerledningen st\u00e4rka tj\u00e4nstesektorn"},"content":{"rendered":"<p class=\"intro\">F\u00f6r att mildra l\u00e5gkonjunkturens effekt p\u00e5 Sveriges fortsatta utveckling \u00e4r det helt avg\u00f6rande att tj\u00e4nstesektorn ges \u00e4nnu b\u00e4ttre f\u00f6ruts\u00e4ttningar. Det skriver Ann \u00d6berg och Fredrik \u00d6stbom, Almega, och tipsar det nya ledarskapet f\u00f6r Centerpartiet om flera reformf\u00f6rslag.<\/p>\n\n<p>Mellan den 2 och 4 februari kommer hundratals centerpartister samlas i Helsingborg. De kommer att umg\u00e5s, n\u00e4tverka, tala och lyssna. Och f\u00f6rst\u00e5s, v\u00e4lja en ny partiledning. Vi hoppas givetvis att vi \u00e4ven efter partiets extrast\u00e4mma och kommundagar kommer kunna f\u00f6ra en god och konstruktiv dialog med den nya partiledningen kring hur vi kan skapa \u00e4nnu b\u00e4ttre f\u00f6ruts\u00e4ttningar f\u00f6r en v\u00e4xande tj\u00e4nstesektor att v\u00e4xa ytterligare.<\/p>\n\n\n<a class='Share__link Share__link--url copy-text' href='#' rel='nofollow' data-text='foretagen-starker-sverige' title='Dela url' data-confirmation='L\u00e4nken kopierades till urklipp'><svg class='icon icon--link'  width='18' height='18' viewBox='0 0 18 18' fill='none' xmlns='http:\/\/www.w3.org\/2000\/svg'>\n            <path d='M10.4142 0.514721L6.87868 4.05025L8.29289 5.46447L11.1213 2.63604L15.364 6.87868L12.5355 9.70711L13.9497 11.1213L17.4853 7.58579C17.8763 7.19476 17.8763 6.5626 17.4853 6.17158L11.8284 0.514721C11.4374 0.123691 10.8052 0.123691 10.4142 0.514721Z' fill='black'\/>\n            <path d='M9.7071 12.5355L6.87868 15.364L2.63604 11.1213L5.46446 8.2929L4.05025 6.87868L0.514716 10.4142C0.123686 10.8052 0.123686 11.4374 0.514716 11.8284L6.17157 17.4853C6.5626 17.8763 7.19475 17.8763 7.58578 17.4853L11.1213 13.9497L9.7071 12.5355Z' fill='black'\/>\n            <path d='M6.17157 11.8284C6.5626 12.2195 7.19475 12.2195 7.58578 11.8284L11.8284 7.58579C12.2195 7.19476 12.2195 6.56261 11.8284 6.17158C11.4374 5.78055 10.8052 5.78055 10.4142 6.17158L6.17157 10.4142C5.78054 10.8052 5.78054 11.4374 6.17157 11.8284Z' fill='black'\/>\n            <\/svg> <\/a>\n<h2 class=\"wp-block-heading\">F\u00f6retagen st\u00e4rker Sverige<\/h2>\n\n\n\n<p>j\u00e4nstesektorn \u00e4r Sveriges jobbmotor. Sex av tio jobb som skapats under de senaste tio \u00e5ren har tillkommit i den privata tj\u00e4nstesektorn. Sektorn \u00e4r ocks\u00e5 v\u00e4rdeskapande och st\u00e5r f\u00f6r mer \u00e4n h\u00e4lften av Sveriges samlade produktion.<\/p>\n\n\n\n<p>Sverige har blivit starkt tack vare v\u00e5rt f\u00f6retagande. Nya innovationer har gett oss ekonomisk tillv\u00e4xt, nya arbetstillf\u00e4llen och socialt v\u00e4lst\u00e5nd. N\u00e4r Sverige nu st\u00e5r inf\u00f6r stora utmaningar med v\u00e4xande utanf\u00f6rskap och stigande arbetsl\u00f6shet beh\u00f6vs detta entrepren\u00f6rskap mer \u00e4n n\u00e5gonsin. H\u00e4r har tj\u00e4nstesektorn en unik f\u00f6rm\u00e5ga att skapa jobb som ger m\u00e4nniskor m\u00f6jligheten att ta sig in i samh\u00e4llsgemenskapen.<\/p>\n\n\n\n<blockquote class=\"wp-block-quote is-layout-flow wp-block-quote-is-layout-flow\">\n<blockquote class=\"wp-block-quote is-layout-flow wp-block-quote-is-layout-flow\">\n<p>Ber\u00e4kningar g\u00f6r g\u00e4llande att om arbetsgivaravgifterna s\u00e4nks med tre procentenheter, skulle fler \u00e4n 100\u00a0000 nya jobb kunna skapas.<\/p>\n<\/blockquote>\n<\/blockquote>\n\n\n\n<p>I \u00e5r kommer Sverige att g\u00e5 in i en l\u00e5gkonjunktur. Det \u00e4r alla ekonomiska bed\u00f6mare \u00f6verens om. F\u00f6r att mildra l\u00e5gkonjunkturens effekt p\u00e5 Sveriges fortsatta utveckling \u00e4r det helt avg\u00f6rande att tj\u00e4nstesektorn ges \u00e4nnu b\u00e4ttre f\u00f6ruts\u00e4ttningar f\u00f6r att forts\u00e4tta skapa v\u00e4rde. Till Centerpartiet och dess nya ledning vill vi d\u00e4rf\u00f6r skicka med tre konkreta f\u00f6rslag, att reflektera \u00f6ver n\u00e4r de samlas i Helsingborg.<\/p>\n\n\n\n<p><strong>1. S\u00e4nk arbetsgivaravgifterna.<\/strong>\u00a0I Sverige h\u00e4mmas i dag tj\u00e4nstesektorns utveckling av h\u00f6ga svenska arbetskraftskostnader. Kostnaden att anst\u00e4lla \u00e4r h\u00f6gre i Sverige \u00e4n i de flesta av v\u00e5ra konkurrentl\u00e4nder, vilket till stor del beror p\u00e5 v\u00e5ra h\u00f6ga arbetsgivaravgifter. Om tj\u00e4nstesektorn \u00e4ven fortsatt ska kunna skapa v\u00e4lst\u00e5nd och jobb f\u00e5r vi inte straffbeskatta sektorns viktigaste resurs \u2013 kompetensen. Ber\u00e4kningar g\u00f6r g\u00e4llande att om arbetsgivaravgifterna s\u00e4nks med tre procentenheter, skulle fler \u00e4n 100\u00a0000 nya jobb kunna skapas.<\/p>\n\n\n\n<p><strong>2. Forts\u00e4tt reformera Arbetsf\u00f6rmedlingen<\/strong>. Reformeringen av Arbetsf\u00f6rmedlingen har i all v\u00e4sentlighet varit framg\u00e5ngsrik. Men mycket mer beh\u00f6ver g\u00f6ras f\u00f6r att rusta och matcha arbetsl\u00f6sa till jobb samt s\u00e4kra tj\u00e4nstesektorns kompetensf\u00f6rs\u00f6rjning. I den fortsatta reformeringen m\u00e5ste myndighetens uppdrag bli smalare men vassare och fokusera p\u00e5 att fatta beslut om insatser samt kontrollera och utv\u00e4rdera. L\u00e4mna matchning och kompetensutveckling av arbetsl\u00f6sa till jobb \u00e5t de som kan det b\u00e4st \u2013 de frist\u00e5ende jobbf\u00f6rmedlarna.<\/p>\n\n\n\n<p><strong>3. Utveckla den offentliga upphandlingen.<\/strong>\u00a0Fler tj\u00e4nstef\u00f6retag m\u00e5ste f\u00e5 m\u00f6jlighet att delta i offentliga upphandlingar och bidra till utvecklingen av de offentliga tj\u00e4nster som medborgarna ska ta del av. Det handlar dels om att regelverket ska utformas p\u00e5 ett \u00e4ndam\u00e5lsenligt s\u00e4tt, dels om att upphandlingarna ska genomf\u00f6ras p\u00e5 ett aff\u00e4rsm\u00e4ssigt s\u00e4tt och fr\u00e4mja konkurrens. Vi vill utveckla den offentliga upphandlingen och bidra till \u00f6kad dialog mellan upphandlande organisationer och leverant\u00f6rer \u2013 f\u00f6r \u00f6kad kvalitet i de offentliga aff\u00e4rerna.<\/p>\n\n\n<a class='Share__link Share__link--url copy-text' href='#' rel='nofollow' data-text='battre-forutsattningar-kravs' title='Dela url' data-confirmation='L\u00e4nken kopierades till urklipp'><svg class='icon icon--link'  width='18' height='18' viewBox='0 0 18 18' fill='none' xmlns='http:\/\/www.w3.org\/2000\/svg'>\n            <path d='M10.4142 0.514721L6.87868 4.05025L8.29289 5.46447L11.1213 2.63604L15.364 6.87868L12.5355 9.70711L13.9497 11.1213L17.4853 7.58579C17.8763 7.19476 17.8763 6.5626 17.4853 6.17158L11.8284 0.514721C11.4374 0.123691 10.8052 0.123691 10.4142 0.514721Z' fill='black'\/>\n            <path d='M9.7071 12.5355L6.87868 15.364L2.63604 11.1213L5.46446 8.2929L4.05025 6.87868L0.514716 10.4142C0.123686 10.8052 0.123686 11.4374 0.514716 11.8284L6.17157 17.4853C6.5626 17.8763 7.19475 17.8763 7.58578 17.4853L11.1213 13.9497L9.7071 12.5355Z' fill='black'\/>\n            <path d='M6.17157 11.8284C6.5626 12.2195 7.19475 12.2195 7.58578 11.8284L11.8284 7.58579C12.2195 7.19476 12.2195 6.56261 11.8284 6.17158C11.4374 5.78055 10.8052 5.78055 10.4142 6.17158L6.17157 10.4142C5.78054 10.8052 5.78054 11.4374 6.17157 11.8284Z' fill='black'\/>\n            <\/svg> <\/a>\n<h2 class=\"wp-block-heading\">B\u00e4ttre f\u00f6ruts\u00e4ttningar kr\u00e4vs<\/h2>\n\n\n\n<p>N\u00e4r politiken pr\u00e4glas av krishantering och kortsiktiga \u00e5tg\u00e4rder f\u00e5r man inte gl\u00f6mma bort att lyssna p\u00e5 de konstruktiva krafter som verkar f\u00f6r ett b\u00e4ttre Sverige. Vi inom Almega ser fram emot att tr\u00e4ffa den nya centerledningen (och givetvis alla andra intressenter) f\u00f6r att ber\u00e4tta mer om hur vi kan hj\u00e4lpa till att \u00f6vervinna utmaningarna.<\/p>\n\n\n\n<p>Att tj\u00e4nstesektorn ges goda f\u00f6ruts\u00e4ttningar \u00e4r helt centralt f\u00f6r att Sverige ska kunna m\u00f6ta och sedermera ta sig ur l\u00e5gkonjunkturen p\u00e5 b\u00e4sta s\u00e4tt. Tj\u00e4nstesektorn \u00e4r framtidssektorn och tj\u00e4nstef\u00f6retagen \u00e4r Sveriges jobb-, tillv\u00e4xt- och integrationsmotor.<\/p>\n\n\n\n<p><strong>Ann \u00d6berg<\/strong>, vd, Almega<\/p>\n\n\n\n<p><strong>Fredrik \u00d6stbom,<\/strong> n\u00e4ringspolitisk chef, Almega<\/p>\n","protected":false},"excerpt":{"rendered":"<p>Mellan den 2 och 4 februari kommer hundratals centerpartister samlas i Helsingborg. De kommer att umg\u00e5s, n\u00e4tverka, tala och lyssna. Och f\u00f6rst\u00e5s, v\u00e4lja en ny partiledning. Vi hoppas givetvis att vi \u00e4ven efter partiets extrast\u00e4mma &hellip;<\/p>\n","protected":false},"author":16543,"featured_media":70392,"comment_status":"closed","ping_status":"closed","sticky":false,"template":"","format":"standard","meta":{"_acf_changed":false,"footnotes":""},"categories":[581],"tags":[],"article_type":[49,56],"agreement":[],"class_list":["post-70391","post","type-post","status-publish","format-standard","has-post-thumbnail","hentry","category-tjanstesektorns-betydelse","type-debattartiklar","type-nyheter"],"acf":[],"yoast_head":"<!-- This site is optimized with the Yoast SEO Premium plugin v26.8 (Yoast SEO v26.8) - https:\/\/yoast.com\/product\/yoast-seo-premium-wordpress\/ -->\n<title>Debatt: S\u00e5 kan den nya centerledningen st\u00e4rka tj\u00e4nstesektorn | Almega<\/title>\n<meta name=\"robots\" content=\"index, follow, max-snippet:-1, max-image-preview:large, max-video-preview:-1\" \/>\n<link rel=\"canonical\" href=\"https:\/\/www.almega.se\/2023\/02\/debatt-sa-kan-den-nya-centerledningen-starka-tjanstesektorn\/\" \/>\n<meta property=\"og:locale\" content=\"sv_SE\" \/>\n<meta property=\"og:type\" content=\"article\" \/>\n<meta property=\"og:title\" content=\"Debatt: S\u00e5 kan den nya centerledningen st\u00e4rka tj\u00e4nstesektorn\" \/>\n<meta property=\"og:description\" content=\"Mellan den 2 och 4 februari kommer hundratals centerpartister samlas i Helsingborg. De kommer att umg\u00e5s, n\u00e4tverka, tala och lyssna. Och f\u00f6rst\u00e5s, v\u00e4lja en ny partiledning. Vi hoppas givetvis att vi \u00e4ven efter partiets extrast\u00e4mma &hellip;\" \/>\n<meta property=\"og:url\" content=\"https:\/\/www.almega.se\/2023\/02\/debatt-sa-kan-den-nya-centerledningen-starka-tjanstesektorn\/\" \/>\n<meta property=\"og:site_name\" content=\"Almega\" \/>\n<meta property=\"article:published_time\" content=\"2023-02-02T10:08:00+00:00\" \/>\n<meta property=\"article:modified_time\" content=\"2024-01-15T10:13:16+00:00\" \/>\n<meta property=\"og:image\" content=\"https:\/\/www.almega.se\/app\/uploads\/2024\/01\/407420.jpeg\" \/>\n\t<meta property=\"og:image:width\" content=\"960\" \/>\n\t<meta property=\"og:image:height\" content=\"496\" \/>\n\t<meta property=\"og:image:type\" content=\"image\/jpeg\" \/>\n<meta name=\"author\" content=\"R\u00e9ka Tolnai\" \/>\n<meta name=\"twitter:card\" content=\"summary_large_image\" \/>\n<meta name=\"twitter:label1\" content=\"Skriven av\" \/>\n\t<meta name=\"twitter:data1\" content=\"R\u00e9ka Tolnai\" \/>\n\t<meta name=\"twitter:label2\" content=\"Ber\u00e4knad l\u00e4stid\" \/>\n\t<meta name=\"twitter:data2\" content=\"3 minuter\" \/>\n<!-- \/ Yoast SEO Premium plugin. -->","yoast_head_json":{"title":"Debatt: S\u00e5 kan den nya centerledningen st\u00e4rka tj\u00e4nstesektorn | Almega","robots":{"index":"index","follow":"follow","max-snippet":"max-snippet:-1","max-image-preview":"max-image-preview:large","max-video-preview":"max-video-preview:-1"},"canonical":"https:\/\/www.almega.se\/2023\/02\/debatt-sa-kan-den-nya-centerledningen-starka-tjanstesektorn\/","og_locale":"sv_SE","og_type":"article","og_title":"Debatt: S\u00e5 kan den nya centerledningen st\u00e4rka tj\u00e4nstesektorn","og_description":"Mellan den 2 och 4 februari kommer hundratals centerpartister samlas i Helsingborg. De kommer att umg\u00e5s, n\u00e4tverka, tala och lyssna. Och f\u00f6rst\u00e5s, v\u00e4lja en ny partiledning. Vi hoppas givetvis att vi \u00e4ven efter partiets extrast\u00e4mma &hellip;","og_url":"https:\/\/www.almega.se\/2023\/02\/debatt-sa-kan-den-nya-centerledningen-starka-tjanstesektorn\/","og_site_name":"Almega","article_published_time":"2023-02-02T10:08:00+00:00","article_modified_time":"2024-01-15T10:13:16+00:00","og_image":[{"width":960,"height":496,"url":"https:\/\/www.almega.se\/app\/uploads\/2024\/01\/407420.jpeg","type":"image\/jpeg"}],"author":"R\u00e9ka Tolnai","twitter_card":"summary_large_image","twitter_misc":{"Skriven av":"R\u00e9ka Tolnai","Ber\u00e4knad l\u00e4stid":"3 minuter"},"schema":{"@context":"https:\/\/schema.org","@graph":[{"@type":"NewsArticle","@id":"https:\/\/www.almega.se\/2023\/02\/debatt-sa-kan-den-nya-centerledningen-starka-tjanstesektorn\/#article","isPartOf":{"@id":"https:\/\/www.almega.se\/2023\/02\/debatt-sa-kan-den-nya-centerledningen-starka-tjanstesektorn\/"},"author":{"name":"R\u00e9ka Tolnai","@id":"https:\/\/www.almega.se\/#\/schema\/person\/e54aa110880538cf5ceac0ac54bbecf7"},"headline":"Debatt: S\u00e5 kan den nya centerledningen st\u00e4rka tj\u00e4nstesektorn","datePublished":"2023-02-02T10:08:00+00:00","dateModified":"2024-01-15T10:13:16+00:00","mainEntityOfPage":{"@id":"https:\/\/www.almega.se\/2023\/02\/debatt-sa-kan-den-nya-centerledningen-starka-tjanstesektorn\/"},"wordCount":709,"image":{"@id":"https:\/\/www.almega.se\/2023\/02\/debatt-sa-kan-den-nya-centerledningen-starka-tjanstesektorn\/#primaryimage"},"thumbnailUrl":"https:\/\/www.almega.se\/app\/uploads\/2024\/01\/407420.jpeg","articleSection":["Tj\u00e4nstesektorns betydelse"],"inLanguage":"sv-SE"},{"@type":"WebPage","@id":"https:\/\/www.almega.se\/2023\/02\/debatt-sa-kan-den-nya-centerledningen-starka-tjanstesektorn\/","url":"https:\/\/www.almega.se\/2023\/02\/debatt-sa-kan-den-nya-centerledningen-starka-tjanstesektorn\/","name":"Debatt: S\u00e5 kan den nya centerledningen st\u00e4rka tj\u00e4nstesektorn | Almega","isPartOf":{"@id":"https:\/\/www.almega.se\/#website"},"primaryImageOfPage":{"@id":"https:\/\/www.almega.se\/2023\/02\/debatt-sa-kan-den-nya-centerledningen-starka-tjanstesektorn\/#primaryimage"},"image":{"@id":"https:\/\/www.almega.se\/2023\/02\/debatt-sa-kan-den-nya-centerledningen-starka-tjanstesektorn\/#primaryimage"},"thumbnailUrl":"https:\/\/www.almega.se\/app\/uploads\/2024\/01\/407420.jpeg","datePublished":"2023-02-02T10:08:00+00:00","dateModified":"2024-01-15T10:13:16+00:00","author":{"@id":"https:\/\/www.almega.se\/#\/schema\/person\/e54aa110880538cf5ceac0ac54bbecf7"},"breadcrumb":{"@id":"https:\/\/www.almega.se\/2023\/02\/debatt-sa-kan-den-nya-centerledningen-starka-tjanstesektorn\/#breadcrumb"},"inLanguage":"sv-SE","potentialAction":[{"@type":"ReadAction","target":["https:\/\/www.almega.se\/2023\/02\/debatt-sa-kan-den-nya-centerledningen-starka-tjanstesektorn\/"]}]},{"@type":"ImageObject","inLanguage":"sv-SE","@id":"https:\/\/www.almega.se\/2023\/02\/debatt-sa-kan-den-nya-centerledningen-starka-tjanstesektorn\/#primaryimage","url":"https:\/\/www.almega.se\/app\/uploads\/2024\/01\/407420.jpeg","contentUrl":"https:\/\/www.almega.se\/app\/uploads\/2024\/01\/407420.jpeg","width":960,"height":496,"caption":"Muharrem Demirok f\u00e5r tips fr\u00e5n Almega"},{"@type":"BreadcrumbList","@id":"https:\/\/www.almega.se\/2023\/02\/debatt-sa-kan-den-nya-centerledningen-starka-tjanstesektorn\/#breadcrumb","itemListElement":[{"@type":"ListItem","position":1,"name":"Home","item":"https:\/\/www.almega.se\/"},{"@type":"ListItem","position":2,"name":"Debatt: S\u00e5 kan den nya centerledningen st\u00e4rka tj\u00e4nstesektorn"}]},{"@type":"WebSite","@id":"https:\/\/www.almega.se\/#website","url":"https:\/\/www.almega.se\/","name":"Almega","description":"","potentialAction":[{"@type":"SearchAction","target":{"@type":"EntryPoint","urlTemplate":"https:\/\/www.almega.se\/?s={search_term_string}"},"query-input":{"@type":"PropertyValueSpecification","valueRequired":true,"valueName":"search_term_string"}}],"inLanguage":"sv-SE"},{"@type":"Person","@id":"https:\/\/www.almega.se\/#\/schema\/person\/e54aa110880538cf5ceac0ac54bbecf7","name":"R\u00e9ka Tolnai","image":{"@type":"ImageObject","inLanguage":"sv-SE","@id":"https:\/\/www.almega.se\/#\/schema\/person\/image\/","url":"https:\/\/secure.gravatar.com\/avatar\/c722d4a4ee787603df9df499a683d681bd2c463bde248da25aabc45883d614d2?s=96&d=mm&r=g","contentUrl":"https:\/\/secure.gravatar.com\/avatar\/c722d4a4ee787603df9df499a683d681bd2c463bde248da25aabc45883d614d2?s=96&d=mm&r=g","caption":"R\u00e9ka Tolnai"},"url":"https:\/\/www.almega.se\/person\/rekatolnai\/"}]}},"_links":{"self":[{"href":"https:\/\/www.almega.se\/api\/wp\/v2\/posts\/70391","targetHints":{"allow":["GET"]}}],"collection":[{"href":"https:\/\/www.almega.se\/api\/wp\/v2\/posts"}],"about":[{"href":"https:\/\/www.almega.se\/api\/wp\/v2\/types\/post"}],"author":[{"embeddable":true,"href":"https:\/\/www.almega.se\/api\/wp\/v2\/users\/16543"}],"replies":[{"embeddable":true,"href":"https:\/\/www.almega.se\/api\/wp\/v2\/comments?post=70391"}],"version-history":[{"count":2,"href":"https:\/\/www.almega.se\/api\/wp\/v2\/posts\/70391\/revisions"}],"predecessor-version":[{"id":70394,"href":"https:\/\/www.almega.se\/api\/wp\/v2\/posts\/70391\/revisions\/70394"}],"wp:featuredmedia":[{"embeddable":true,"href":"https:\/\/www.almega.se\/api\/wp\/v2\/media\/70392"}],"wp:attachment":[{"href":"https:\/\/www.almega.se\/api\/wp\/v2\/media?parent=70391"}],"wp:term":[{"taxonomy":"category","embeddable":true,"href":"https:\/\/www.almega.se\/api\/wp\/v2\/categories?post=70391"},{"taxonomy":"post_tag","embeddable":true,"href":"https:\/\/www.almega.se\/api\/wp\/v2\/tags?post=70391"},{"taxonomy":"type","embeddable":true,"href":"https:\/\/www.almega.se\/api\/wp\/v2\/article_type?post=70391"},{"taxonomy":"agreement","embeddable":true,"href":"https:\/\/www.almega.se\/api\/wp\/v2\/agreement?post=70391"}],"curies":[{"name":"wp","href":"https:\/\/api.w.org\/{rel}","templated":true}]}}