{"id":70385,"date":"2023-03-24T11:03:00","date_gmt":"2023-03-24T10:03:00","guid":{"rendered":"https:\/\/www.almega.se\/?p=70385"},"modified":"2024-01-15T11:07:35","modified_gmt":"2024-01-15T10:07:35","slug":"debatt-moderater-har-har-ni-nagot-att-prata-om","status":"publish","type":"post","link":"https:\/\/www.almega.se\/2023\/03\/debatt-moderater-har-har-ni-nagot-att-prata-om\/","title":{"rendered":"Debatt: Moderater, h\u00e4r har ni n\u00e5got att prata om"},"content":{"rendered":"<p class=\"intro\"><strong>Det ska alltid l\u00f6na sig mer att arbeta \u00e4n att g\u00e5 p\u00e5 bidrag. D\u00e4rf\u00f6r m\u00e5ste skatterna p\u00e5 arbete s\u00e4nkas, skriver Fredrik \u00d6stbom och Fredrik Segerfeldt.<\/strong><\/p>\n\n<p>I helgen samlas moderater fr\u00e5n hela landet i Karlstad f\u00f6r att diskutera de politiska utmaningarna i Sverige. Tiden vid regeringsmakten har hittills inte resulterat i n\u00e5got \u00f6verfl\u00f6d av l\u00e5ngsiktiga strukturreformer f\u00f6r ett starkare Sverige. D\u00e4rf\u00f6r vill vi bjuda p\u00e5 ett par reformer som skulle f\u00f6rb\u00e4ttra villkoren f\u00f6r att driva f\u00f6retag, st\u00e4rka arbetsmarknaden och d\u00e4rmed bryta utanf\u00f6rskapet.<\/p>\n\n\n\n<blockquote class=\"wp-block-quote is-layout-flow wp-block-quote-is-layout-flow\">\n<p>Tj\u00e4nstesektorn \u00e4r avg\u00f6rande f\u00f6r v\u00e4rdeskapandet i Sverige. Sex av tio jobb som skapats under de senaste tio \u00e5ren har tillkommit i den privata tj\u00e4nstesektorn och i dessa f\u00f6retag skapas v\u00e4rde som motsvarar mer \u00e4n h\u00e4lften av Sveriges samlade produktion varje \u00e5r.<\/p>\n<\/blockquote>\n\n\n\n<p><strong>Det \u00e4r f\u00f6retagande<\/strong>\u00a0som gjort Sverige rikt. Nya innovationer har gett ekonomisk tillv\u00e4xt, nya arbetstillf\u00e4llen och socialt v\u00e4lst\u00e5nd. Nu st\u00e5r Sverige inf\u00f6r sv\u00e5ra utmaningar med ett stort utanf\u00f6rskap och h\u00f6g arbetsl\u00f6shet. Behovet av entrepren\u00f6rskap och n\u00e4ringar som skapar nya jobb \u00e4r st\u00f6rre \u00e4n n\u00e5gonsin, d\u00e5 de erbjuder en m\u00f6jlighet f\u00f6r fler att ta sig in i samh\u00e4llsgemenskapen.<\/p>\n\n\n\n<p>2023 har b\u00f6rjat tufft. Sverige v\u00e4ntas som enda land i EU f\u00e5 negativ tillv\u00e4xt i \u00e5r. Om situationen p\u00e5 arbetsmarknaden f\u00f6rv\u00e4rras, riskerar de som redan st\u00e5r l\u00e4ngst fr\u00e5n arbetsmarknaden att f\u00e5 \u00e4nnu sv\u00e5rare att hitta egen f\u00f6rs\u00f6rjning. D\u00e4rf\u00f6r \u00e4r Almegas tre viktigaste medskick till Moderaterna f\u00f6ljande:<\/p>\n\n\n\n<p>1. S\u00e4nk skatten p\u00e5 jobb och f\u00f6retagande. Det ska alltid l\u00f6na sig mer att arbeta \u00e4n att g\u00e5 p\u00e5 bidrag. D\u00e4rf\u00f6r m\u00e5ste skatterna p\u00e5 arbete s\u00e4nkas. I dag l\u00f6nar det sig inte f\u00f6r vissa familjer som lever p\u00e5 bidrag att b\u00f6rja arbeta. Det m\u00e5ste \u00e4ven bli billigare f\u00f6r tj\u00e4nstef\u00f6retagen att anst\u00e4lla. Kostnaden f\u00f6r att anst\u00e4lla \u00e4r h\u00f6gre i Sverige \u00e4n i de flesta av v\u00e5ra konkurrentl\u00e4nder, vilket till stor del beror p\u00e5 v\u00e5ra h\u00f6ga arbetsgivaravgifter. Arbetsgivaravgifterna m\u00e5ste s\u00e4nkas s\u00e5 att f\u00f6retagen kan anst\u00e4lla fler.<\/p>\n\n\n\n<p>2. Ett perspektivskifte f\u00f6r tj\u00e4nstehandeln. Tj\u00e4nstefieringen av v\u00e4rldsekonomin har skett i ett rasande tempo. Tj\u00e4nsterna utg\u00f6r i\u2009dag mer \u00e4n h\u00e4lften av Sveriges export och sedan millenniumskiftet har tj\u00e4nstehandelns andel \u00f6kat med 50 procent medan varuhandeln legat stilla. De svenska tj\u00e4nstef\u00f6retagen verkar dock i en stenh\u00e5rd internationell konkurrens. D\u00e4rf\u00f6r \u00e4r det avg\u00f6rande att vi har goda f\u00f6ruts\u00e4ttningar att locka spjutspetskompetens f\u00f6r att stimulera fortsatt specialisering och d\u00e4rmed v\u00e4rna v\u00e5r starka st\u00e4llning i den internationella konkurrensen. Inte minst viktigt under p\u00e5g\u00e5ende l\u00e5gkonjunktur.<\/p>\n\n\n\n<p>3. St\u00e5 upp f\u00f6r v\u00e4lf\u00e4rdsf\u00f6retagen. R\u00e4tten att v\u00e4lja \u00e4r en central del i svensk v\u00e4lf\u00e4rd. Det handlar om att kunna g\u00e5 till den v\u00e5rdcentral som passar b\u00e4st, v\u00e4lja skola till sina barn eller \u00e4ldreomsorg tillsammans med en f\u00f6r\u00e4lder. Denna valfrihet f\u00f6ruts\u00e4tter att det finns n\u00e5got att v\u00e4lja mellan och endast n\u00e4ringslivet kan skapa den bredd p\u00e5 utbudet som g\u00f6r valfriheten m\u00f6jlig f\u00f6r landets inv\u00e5nare. F\u00f6retagandet inom v\u00e4lf\u00e4rden m\u00e5ste st\u00e4rkas \u2013 inte bek\u00e4mpas.<\/p>\n\n\n\n<p><strong>Vi ser fram emot att<\/strong>&nbsp;tr\u00e4ffa moderata f\u00f6retr\u00e4dare fr\u00e5n alla politiska niv\u00e5er och diskutera tj\u00e4nstef\u00f6retagens roll som l\u00f6sning p\u00e5 m\u00e5nga samh\u00e4llsutmaningar. Vi har stora f\u00f6rhoppningar p\u00e5 att kommande budgetar inneh\u00e5ller n\u00e4ringspolitiska reformer f\u00f6r att f\u00f6rb\u00e4ttra f\u00f6retagens villkor, f\u00e5 fler i arbete och d\u00e4rmed bryta utanf\u00f6rskapet.<\/p>\n\n\n\n<p>Att tj\u00e4nstesektorn ges goda f\u00f6ruts\u00e4ttningar \u00e4r avg\u00f6rande f\u00f6r att Sverige ska kunna klara sig v\u00e4l genom l\u00e5gkonjunkturen. Tj\u00e4nstesektorn \u00e4r framtidssektorn och tj\u00e4nstef\u00f6retagen \u00e4r Sveriges jobb-, tillv\u00e4xt- och integrationsmotor.<\/p>\n\n\n\n<p><strong>Fredrik \u00d6stbom<\/strong>, N\u00e4ringspolitisk chef, Almega<\/p>\n\n\n\n<p><strong>Fredrik Segerfeldt<\/strong>, N\u00e4ringspolitisk expert, Almega<\/p>\n","protected":false},"excerpt":{"rendered":"<p>I helgen samlas moderater fr\u00e5n hela landet i Karlstad f\u00f6r att diskutera de politiska utmaningarna i Sverige. Tiden vid regeringsmakten har hittills inte resulterat i n\u00e5got \u00f6verfl\u00f6d av l\u00e5ngsiktiga strukturreformer f\u00f6r ett starkare Sverige. D\u00e4rf\u00f6r &hellip;<\/p>\n","protected":false},"author":16543,"featured_media":70386,"comment_status":"closed","ping_status":"closed","sticky":false,"template":"","format":"standard","meta":{"_acf_changed":false,"footnotes":""},"categories":[581],"tags":[],"article_type":[49,56],"agreement":[],"class_list":["post-70385","post","type-post","status-publish","format-standard","has-post-thumbnail","hentry","category-tjanstesektorns-betydelse","type-debattartiklar","type-nyheter"],"acf":[],"yoast_head":"<!-- This site is optimized with the Yoast SEO Premium plugin v26.8 (Yoast SEO v26.8) - https:\/\/yoast.com\/product\/yoast-seo-premium-wordpress\/ -->\n<title>Debatt: Moderater, h\u00e4r har ni n\u00e5got att prata om | Almega<\/title>\n<meta name=\"robots\" content=\"index, follow, max-snippet:-1, max-image-preview:large, max-video-preview:-1\" \/>\n<link rel=\"canonical\" href=\"https:\/\/www.almega.se\/2023\/03\/debatt-moderater-har-har-ni-nagot-att-prata-om\/\" \/>\n<meta property=\"og:locale\" content=\"sv_SE\" \/>\n<meta property=\"og:type\" content=\"article\" \/>\n<meta property=\"og:title\" content=\"Debatt: Moderater, h\u00e4r har ni n\u00e5got att prata om\" \/>\n<meta property=\"og:description\" content=\"I helgen samlas moderater fr\u00e5n hela landet i Karlstad f\u00f6r att diskutera de politiska utmaningarna i Sverige. Tiden vid regeringsmakten har hittills inte resulterat i n\u00e5got \u00f6verfl\u00f6d av l\u00e5ngsiktiga strukturreformer f\u00f6r ett starkare Sverige. D\u00e4rf\u00f6r &hellip;\" \/>\n<meta property=\"og:url\" content=\"https:\/\/www.almega.se\/2023\/03\/debatt-moderater-har-har-ni-nagot-att-prata-om\/\" \/>\n<meta property=\"og:site_name\" content=\"Almega\" \/>\n<meta property=\"article:published_time\" content=\"2023-03-24T10:03:00+00:00\" \/>\n<meta property=\"article:modified_time\" content=\"2024-01-15T10:07:35+00:00\" \/>\n<meta property=\"og:image\" content=\"https:\/\/www.almega.se\/app\/uploads\/2024\/01\/image.jpeg\" \/>\n\t<meta property=\"og:image:width\" content=\"1024\" \/>\n\t<meta property=\"og:image:height\" content=\"683\" \/>\n\t<meta property=\"og:image:type\" content=\"image\/jpeg\" \/>\n<meta name=\"author\" content=\"R\u00e9ka Tolnai\" \/>\n<meta name=\"twitter:card\" content=\"summary_large_image\" \/>\n<meta name=\"twitter:label1\" content=\"Skriven av\" \/>\n\t<meta name=\"twitter:data1\" content=\"R\u00e9ka Tolnai\" \/>\n\t<meta name=\"twitter:label2\" content=\"Ber\u00e4knad l\u00e4stid\" \/>\n\t<meta name=\"twitter:data2\" content=\"3 minuter\" \/>\n<!-- \/ Yoast SEO Premium plugin. -->","yoast_head_json":{"title":"Debatt: Moderater, h\u00e4r har ni n\u00e5got att prata om | Almega","robots":{"index":"index","follow":"follow","max-snippet":"max-snippet:-1","max-image-preview":"max-image-preview:large","max-video-preview":"max-video-preview:-1"},"canonical":"https:\/\/www.almega.se\/2023\/03\/debatt-moderater-har-har-ni-nagot-att-prata-om\/","og_locale":"sv_SE","og_type":"article","og_title":"Debatt: Moderater, h\u00e4r har ni n\u00e5got att prata om","og_description":"I helgen samlas moderater fr\u00e5n hela landet i Karlstad f\u00f6r att diskutera de politiska utmaningarna i Sverige. Tiden vid regeringsmakten har hittills inte resulterat i n\u00e5got \u00f6verfl\u00f6d av l\u00e5ngsiktiga strukturreformer f\u00f6r ett starkare Sverige. D\u00e4rf\u00f6r &hellip;","og_url":"https:\/\/www.almega.se\/2023\/03\/debatt-moderater-har-har-ni-nagot-att-prata-om\/","og_site_name":"Almega","article_published_time":"2023-03-24T10:03:00+00:00","article_modified_time":"2024-01-15T10:07:35+00:00","og_image":[{"width":1024,"height":683,"url":"https:\/\/www.almega.se\/app\/uploads\/2024\/01\/image.jpeg","type":"image\/jpeg"}],"author":"R\u00e9ka Tolnai","twitter_card":"summary_large_image","twitter_misc":{"Skriven av":"R\u00e9ka Tolnai","Ber\u00e4knad l\u00e4stid":"3 minuter"},"schema":{"@context":"https:\/\/schema.org","@graph":[{"@type":"NewsArticle","@id":"https:\/\/www.almega.se\/2023\/03\/debatt-moderater-har-har-ni-nagot-att-prata-om\/#article","isPartOf":{"@id":"https:\/\/www.almega.se\/2023\/03\/debatt-moderater-har-har-ni-nagot-att-prata-om\/"},"author":{"name":"R\u00e9ka Tolnai","@id":"https:\/\/www.almega.se\/#\/schema\/person\/e54aa110880538cf5ceac0ac54bbecf7"},"headline":"Debatt: Moderater, h\u00e4r har ni n\u00e5got att prata om","datePublished":"2023-03-24T10:03:00+00:00","dateModified":"2024-01-15T10:07:35+00:00","mainEntityOfPage":{"@id":"https:\/\/www.almega.se\/2023\/03\/debatt-moderater-har-har-ni-nagot-att-prata-om\/"},"wordCount":691,"image":{"@id":"https:\/\/www.almega.se\/2023\/03\/debatt-moderater-har-har-ni-nagot-att-prata-om\/#primaryimage"},"thumbnailUrl":"https:\/\/www.almega.se\/app\/uploads\/2024\/01\/image.jpeg","articleSection":["Tj\u00e4nstesektorns betydelse"],"inLanguage":"sv-SE"},{"@type":"WebPage","@id":"https:\/\/www.almega.se\/2023\/03\/debatt-moderater-har-har-ni-nagot-att-prata-om\/","url":"https:\/\/www.almega.se\/2023\/03\/debatt-moderater-har-har-ni-nagot-att-prata-om\/","name":"Debatt: Moderater, h\u00e4r har ni n\u00e5got att prata om | Almega","isPartOf":{"@id":"https:\/\/www.almega.se\/#website"},"primaryImageOfPage":{"@id":"https:\/\/www.almega.se\/2023\/03\/debatt-moderater-har-har-ni-nagot-att-prata-om\/#primaryimage"},"image":{"@id":"https:\/\/www.almega.se\/2023\/03\/debatt-moderater-har-har-ni-nagot-att-prata-om\/#primaryimage"},"thumbnailUrl":"https:\/\/www.almega.se\/app\/uploads\/2024\/01\/image.jpeg","datePublished":"2023-03-24T10:03:00+00:00","dateModified":"2024-01-15T10:07:35+00:00","author":{"@id":"https:\/\/www.almega.se\/#\/schema\/person\/e54aa110880538cf5ceac0ac54bbecf7"},"breadcrumb":{"@id":"https:\/\/www.almega.se\/2023\/03\/debatt-moderater-har-har-ni-nagot-att-prata-om\/#breadcrumb"},"inLanguage":"sv-SE","potentialAction":[{"@type":"ReadAction","target":["https:\/\/www.almega.se\/2023\/03\/debatt-moderater-har-har-ni-nagot-att-prata-om\/"]}]},{"@type":"ImageObject","inLanguage":"sv-SE","@id":"https:\/\/www.almega.se\/2023\/03\/debatt-moderater-har-har-ni-nagot-att-prata-om\/#primaryimage","url":"https:\/\/www.almega.se\/app\/uploads\/2024\/01\/image.jpeg","contentUrl":"https:\/\/www.almega.se\/app\/uploads\/2024\/01\/image.jpeg","width":1024,"height":683,"caption":"R\u00e4tten att v\u00e4lja \u00e4r en central del i svensk v\u00e4lf\u00e4rd. Det handlar om att kunna g\u00e5 till den v\u00e5rdcentral som passar b\u00e4st, skriver Fredrik \u00d6stbom och Fredrik Segerfeldt."},{"@type":"BreadcrumbList","@id":"https:\/\/www.almega.se\/2023\/03\/debatt-moderater-har-har-ni-nagot-att-prata-om\/#breadcrumb","itemListElement":[{"@type":"ListItem","position":1,"name":"Home","item":"https:\/\/www.almega.se\/"},{"@type":"ListItem","position":2,"name":"Debatt: Moderater, h\u00e4r har ni n\u00e5got att prata om"}]},{"@type":"WebSite","@id":"https:\/\/www.almega.se\/#website","url":"https:\/\/www.almega.se\/","name":"Almega","description":"","potentialAction":[{"@type":"SearchAction","target":{"@type":"EntryPoint","urlTemplate":"https:\/\/www.almega.se\/?s={search_term_string}"},"query-input":{"@type":"PropertyValueSpecification","valueRequired":true,"valueName":"search_term_string"}}],"inLanguage":"sv-SE"},{"@type":"Person","@id":"https:\/\/www.almega.se\/#\/schema\/person\/e54aa110880538cf5ceac0ac54bbecf7","name":"R\u00e9ka Tolnai","image":{"@type":"ImageObject","inLanguage":"sv-SE","@id":"https:\/\/www.almega.se\/#\/schema\/person\/image\/","url":"https:\/\/secure.gravatar.com\/avatar\/c722d4a4ee787603df9df499a683d681bd2c463bde248da25aabc45883d614d2?s=96&d=mm&r=g","contentUrl":"https:\/\/secure.gravatar.com\/avatar\/c722d4a4ee787603df9df499a683d681bd2c463bde248da25aabc45883d614d2?s=96&d=mm&r=g","caption":"R\u00e9ka Tolnai"},"url":"https:\/\/www.almega.se\/person\/rekatolnai\/"}]}},"_links":{"self":[{"href":"https:\/\/www.almega.se\/api\/wp\/v2\/posts\/70385","targetHints":{"allow":["GET"]}}],"collection":[{"href":"https:\/\/www.almega.se\/api\/wp\/v2\/posts"}],"about":[{"href":"https:\/\/www.almega.se\/api\/wp\/v2\/types\/post"}],"author":[{"embeddable":true,"href":"https:\/\/www.almega.se\/api\/wp\/v2\/users\/16543"}],"replies":[{"embeddable":true,"href":"https:\/\/www.almega.se\/api\/wp\/v2\/comments?post=70385"}],"version-history":[{"count":4,"href":"https:\/\/www.almega.se\/api\/wp\/v2\/posts\/70385\/revisions"}],"predecessor-version":[{"id":70390,"href":"https:\/\/www.almega.se\/api\/wp\/v2\/posts\/70385\/revisions\/70390"}],"wp:featuredmedia":[{"embeddable":true,"href":"https:\/\/www.almega.se\/api\/wp\/v2\/media\/70386"}],"wp:attachment":[{"href":"https:\/\/www.almega.se\/api\/wp\/v2\/media?parent=70385"}],"wp:term":[{"taxonomy":"category","embeddable":true,"href":"https:\/\/www.almega.se\/api\/wp\/v2\/categories?post=70385"},{"taxonomy":"post_tag","embeddable":true,"href":"https:\/\/www.almega.se\/api\/wp\/v2\/tags?post=70385"},{"taxonomy":"type","embeddable":true,"href":"https:\/\/www.almega.se\/api\/wp\/v2\/article_type?post=70385"},{"taxonomy":"agreement","embeddable":true,"href":"https:\/\/www.almega.se\/api\/wp\/v2\/agreement?post=70385"}],"curies":[{"name":"wp","href":"https:\/\/api.w.org\/{rel}","templated":true}]}}