{"id":70379,"date":"2023-03-17T11:01:45","date_gmt":"2023-03-17T10:01:45","guid":{"rendered":"https:\/\/www.almega.se\/?p=70379"},"modified":"2024-01-15T11:03:10","modified_gmt":"2024-01-15T10:03:10","slug":"debatt-liberaler-har-har-ni-nagot-att-prata-om-i-linkoping","status":"publish","type":"post","link":"https:\/\/www.almega.se\/2023\/03\/debatt-liberaler-har-har-ni-nagot-att-prata-om-i-linkoping\/","title":{"rendered":"Debatt: Liberaler, h\u00e4r har ni n\u00e5got att prata om i Link\u00f6ping"},"content":{"rendered":"<h2 class=\"preamble\">Till helgen samlas hundratals liberaler i Link\u00f6ping f\u00f6r att diskutera de politiska utmaningarna i dagens Sverige. Ett tips p\u00e5 samtals\u00e4mne \u00e4r reformer som f\u00f6rb\u00e4ttrar villkoren f\u00f6r att driva f\u00f6retag, st\u00e4rker arbetsmarknaden och minskar utanf\u00f6rskapet, skriver Fredrik \u00d6stbom, Johannes Nathell och Per Hammar.<\/h2>\n\n<p>Tj\u00e4nstesektorn \u00e4r avg\u00f6rande f\u00f6r v\u00e4rdeskapandet i Sverige. Sex av tio jobb som skapats under de senaste tio \u00e5ren har tillkommit i den privata tj\u00e4nstesektorn och i dessa f\u00f6retag skapas v\u00e4rde som motsvarar mer \u00e4n h\u00e4lften av Sveriges samlade produktion varje \u00e5r.<\/p>\n\n\n\n<blockquote class=\"wp-block-quote is-layout-flow wp-block-quote-is-layout-flow\">\n<p>Det \u00e4r f\u00f6retagande som gjort Sverige rikt. Nya innovationer har gett ekonomisk tillv\u00e4xt, nya arbetstillf\u00e4llen och socialt v\u00e4lst\u00e5nd.<\/p>\n<\/blockquote>\n\n\n\n<p>Det \u00e4r f\u00f6retagande som gjort Sverige rikt. Nya innovationer har gett ekonomisk tillv\u00e4xt, nya arbetstillf\u00e4llen och socialt v\u00e4lst\u00e5nd. N\u00e4r Sverige st\u00e5r inf\u00f6r stora utmaningar med ett stort utanf\u00f6rskap och h\u00f6g arbetsl\u00f6shet, beh\u00f6vs entrepren\u00f6rskap och en servicen\u00e4ring som skapar nya jobb och ger alla m\u00e4nniskor m\u00f6jligheten att ta sig in i samh\u00e4llsgemenskapen.<\/p>\n\n\n\n<p>2023 har b\u00f6rjat tufft och Sverige v\u00e4ntas som enda land i EU f\u00e5 negativ tillv\u00e4xt i \u00e5r. Om situationen p\u00e5 arbetsmarknaden f\u00f6rv\u00e4rras kommer de som i dag st\u00e5r l\u00e4ngst fr\u00e5n arbetsmarknaden att ha \u00e4nnu mindre chans till en egen f\u00f6rs\u00f6rjning. Almegas fr\u00e4msta medskick till Liberalerna och den nya ledningen \u00e4r s\u00e5ledes f\u00f6ljande:<\/p>\n\n\n\n<p>1. S\u00e4nk skatten p\u00e5 jobb och f\u00f6retagande. Det ska alltid l\u00f6na sig mer att arbeta \u00e4n att g\u00e5 p\u00e5 bidrag. D\u00e4rf\u00f6r m\u00e5ste skatterna p\u00e5 arbete s\u00e4nkas. I dag l\u00f6nar det sig inte att g\u00e5 fr\u00e5n bidrag till arbete f\u00f6r vissa familjer. Det beh\u00f6ver ocks\u00e5 bli billigare att anst\u00e4lla. Kostnaden \u00e4r i dag h\u00f6gre i Sverige \u00e4n i de flesta av v\u00e5ra konkurrentl\u00e4nder, vilket till stor del beror p\u00e5 v\u00e5ra h\u00f6ga arbetsgivaravgifter. F\u00f6r tj\u00e4nstef\u00f6retagen \u00e4r medarbetarna den st\u00f6rsta tillg\u00e5ngen, men ocks\u00e5 den st\u00f6rsta kostnaden. Genom att s\u00e4nka arbetsgivaravgifterna, minskar arbetskraftskostnaderna och f\u00f6retagen kan anst\u00e4lla fler.<\/p>\n\n\n\n<p>2. Ett perspektivskifte f\u00f6r tj\u00e4nstehandeln. Tj\u00e4nstefieringen av v\u00e4rldsekonomin sker i ett rasande tempo. Tj\u00e4nstehandeln utg\u00f6r i dag mer \u00e4n h\u00e4lften av Sveriges export och sedan millenniumskiftet har tj\u00e4nstehandelns andel \u00f6kat med 50 procent medan varuhandeln legat stilla. De svenska tj\u00e4nstef\u00f6retagen verkar dock i en stenh\u00e5rd internationell konkurrens. F\u00f6ruts\u00e4ttningarna m\u00e5ste vara de b\u00e4sta m\u00f6jliga f\u00f6r att locka spjutspetskompetens och stimulera fortsatt specialisering. F\u00f6rst d\u00e5 kan vi s\u00e4kra v\u00e5r starka st\u00e4llning i den internationella konkurrensen, vilket kan bli avg\u00f6rande under l\u00e5gkonjunkturen.<\/p>\n\n\n\n<p>3. Ta kompetenskrisen p\u00e5 allvar \u2013 satsa p\u00e5 utbildning. Det beh\u00f6vs ett generellt kunskapslyft i hela utbildningskedjan fr\u00e5n grundskola till universitet och h\u00f6gskola. N\u00e5gra av de mest angel\u00e4gna reformerna \u00e4r att skapa ett utbildningsutbud f\u00f6r b\u00e5de anst\u00e4llda och arbetsl\u00f6sa som vill utbilda sig till bristyrken. D\u00e4rf\u00f6r beh\u00f6vs satsningar b\u00e5de p\u00e5 yrkesh\u00f6gskola och arbetsmarknadsutbildningar. Lika viktigt \u00e4r fortsatta satsningar p\u00e5 den h\u00f6gre utbildningen s\u00e5 att fler akademiker examineras och kan b\u00f6rja jobba som allt fr\u00e5n ingenj\u00f6rer till l\u00e4rare och sjuksk\u00f6terskor.<\/p>\n\n\n\n<p>N\u00e4r politiken pr\u00e4glas av krishantering och kortsiktiga \u00e5tg\u00e4rder \u00e4r det viktigt att lyssna p\u00e5 de konstruktiva krafter som verkar f\u00f6r ett b\u00e4ttre Sverige. Vi ser fram emot att tr\u00e4ffa alla liberaler f\u00f6r att ber\u00e4tta mer om hur vi kan hj\u00e4lpa till att \u00f6vervinna utmaningarna.<\/p>\n\n\n\n<p>Att tj\u00e4nstesektorn ges goda f\u00f6ruts\u00e4ttningar \u00e4r direkt avg\u00f6rande f\u00f6r att Sverige ska kunna m\u00f6ta och kunna ta sig ur l\u00e5gkonjunkturen. Tj\u00e4nstesektorn \u00e4r framtidssektorn och tj\u00e4nstef\u00f6retagen \u00e4r Sveriges jobb-, tillv\u00e4xt- och integrationsmotor.<\/p>\n\n\n\n<p><a href=\"https:\/\/corren.se\/av\/Fredrik_%C3%96stbom,_chef_n%C3%A4ringspolitik_och_opinionsbildning,_Almega\"><strong>Fredrik \u00d6stbom<\/strong>, chef n\u00e4ringspolitik och opinionsbildning<\/a>, <a href=\"https:\/\/corren.se\/av\/Fredrik_%C3%96stbom,_chef_n%C3%A4ringspolitik_och_opinionsbildning,_Almega\">Almega<\/a><\/p>\n\n\n\n<p><a href=\"https:\/\/corren.se\/av\/Johannes_Nathell,_n%C3%A4ringspolitisk_expert,_Almega\"><strong>Johannes Nathell<\/strong>, n\u00e4ringspolitisk expert, Almega<\/a><\/p>\n\n\n\n<p><a href=\"https:\/\/corren.se\/av\/Per_Hammar,_n%C3%A4ringspolitisk_expert,_Almega\"><strong>Per Hammar<\/strong>, n\u00e4ringspolitisk expert, Almega<\/a><\/p>\n\n\n\n<p><a href=\"https:\/\/corren.se\/av\/Fredrik_%C3%96stbom,_chef_n%C3%A4ringspolitik_och_opinionsbildning,_Almega\"><\/a><\/p>\n","protected":false},"excerpt":{"rendered":"<p>Tj\u00e4nstesektorn \u00e4r avg\u00f6rande f\u00f6r v\u00e4rdeskapandet i Sverige. Sex av tio jobb som skapats under de senaste tio \u00e5ren har tillkommit i den privata tj\u00e4nstesektorn och i dessa f\u00f6retag skapas v\u00e4rde som motsvarar mer \u00e4n h\u00e4lften &hellip;<\/p>\n","protected":false},"author":16543,"featured_media":70380,"comment_status":"closed","ping_status":"closed","sticky":false,"template":"","format":"standard","meta":{"_acf_changed":false,"footnotes":""},"categories":[581],"tags":[],"article_type":[49,56],"agreement":[],"class_list":["post-70379","post","type-post","status-publish","format-standard","has-post-thumbnail","hentry","category-tjanstesektorns-betydelse","type-debattartiklar","type-nyheter"],"acf":[],"yoast_head":"<!-- This site is optimized with the Yoast SEO Premium plugin v26.8 (Yoast SEO v26.8) - https:\/\/yoast.com\/product\/yoast-seo-premium-wordpress\/ -->\n<title>Debatt: Liberaler, h\u00e4r har ni n\u00e5got att prata om i Link\u00f6ping | Almega<\/title>\n<meta name=\"robots\" content=\"index, follow, max-snippet:-1, max-image-preview:large, max-video-preview:-1\" \/>\n<link rel=\"canonical\" href=\"https:\/\/www.almega.se\/2023\/03\/debatt-liberaler-har-har-ni-nagot-att-prata-om-i-linkoping\/\" \/>\n<meta property=\"og:locale\" content=\"sv_SE\" \/>\n<meta property=\"og:type\" content=\"article\" \/>\n<meta property=\"og:title\" content=\"Debatt: Liberaler, h\u00e4r har ni n\u00e5got att prata om i Link\u00f6ping\" \/>\n<meta property=\"og:description\" content=\"Tj\u00e4nstesektorn \u00e4r avg\u00f6rande f\u00f6r v\u00e4rdeskapandet i Sverige. Sex av tio jobb som skapats under de senaste tio \u00e5ren har tillkommit i den privata tj\u00e4nstesektorn och i dessa f\u00f6retag skapas v\u00e4rde som motsvarar mer \u00e4n h\u00e4lften &hellip;\" \/>\n<meta property=\"og:url\" content=\"https:\/\/www.almega.se\/2023\/03\/debatt-liberaler-har-har-ni-nagot-att-prata-om-i-linkoping\/\" \/>\n<meta property=\"og:site_name\" content=\"Almega\" \/>\n<meta property=\"article:published_time\" content=\"2023-03-17T10:01:45+00:00\" \/>\n<meta property=\"article:modified_time\" content=\"2024-01-15T10:03:10+00:00\" \/>\n<meta property=\"og:image\" content=\"https:\/\/www.almega.se\/app\/uploads\/2024\/01\/landsmote_4-scaled.jpg\" \/>\n\t<meta property=\"og:image:width\" content=\"2560\" \/>\n\t<meta property=\"og:image:height\" content=\"889\" \/>\n\t<meta property=\"og:image:type\" content=\"image\/jpeg\" \/>\n<meta name=\"author\" content=\"R\u00e9ka Tolnai\" \/>\n<meta name=\"twitter:card\" content=\"summary_large_image\" \/>\n<meta name=\"twitter:label1\" content=\"Skriven av\" \/>\n\t<meta name=\"twitter:data1\" content=\"R\u00e9ka Tolnai\" \/>\n\t<meta name=\"twitter:label2\" content=\"Ber\u00e4knad l\u00e4stid\" \/>\n\t<meta name=\"twitter:data2\" content=\"3 minuter\" \/>\n<!-- \/ Yoast SEO Premium plugin. -->","yoast_head_json":{"title":"Debatt: Liberaler, h\u00e4r har ni n\u00e5got att prata om i Link\u00f6ping | Almega","robots":{"index":"index","follow":"follow","max-snippet":"max-snippet:-1","max-image-preview":"max-image-preview:large","max-video-preview":"max-video-preview:-1"},"canonical":"https:\/\/www.almega.se\/2023\/03\/debatt-liberaler-har-har-ni-nagot-att-prata-om-i-linkoping\/","og_locale":"sv_SE","og_type":"article","og_title":"Debatt: Liberaler, h\u00e4r har ni n\u00e5got att prata om i Link\u00f6ping","og_description":"Tj\u00e4nstesektorn \u00e4r avg\u00f6rande f\u00f6r v\u00e4rdeskapandet i Sverige. Sex av tio jobb som skapats under de senaste tio \u00e5ren har tillkommit i den privata tj\u00e4nstesektorn och i dessa f\u00f6retag skapas v\u00e4rde som motsvarar mer \u00e4n h\u00e4lften &hellip;","og_url":"https:\/\/www.almega.se\/2023\/03\/debatt-liberaler-har-har-ni-nagot-att-prata-om-i-linkoping\/","og_site_name":"Almega","article_published_time":"2023-03-17T10:01:45+00:00","article_modified_time":"2024-01-15T10:03:10+00:00","og_image":[{"width":2560,"height":889,"url":"https:\/\/www.almega.se\/app\/uploads\/2024\/01\/landsmote_4-scaled.jpg","type":"image\/jpeg"}],"author":"R\u00e9ka Tolnai","twitter_card":"summary_large_image","twitter_misc":{"Skriven av":"R\u00e9ka Tolnai","Ber\u00e4knad l\u00e4stid":"3 minuter"},"schema":{"@context":"https:\/\/schema.org","@graph":[{"@type":"NewsArticle","@id":"https:\/\/www.almega.se\/2023\/03\/debatt-liberaler-har-har-ni-nagot-att-prata-om-i-linkoping\/#article","isPartOf":{"@id":"https:\/\/www.almega.se\/2023\/03\/debatt-liberaler-har-har-ni-nagot-att-prata-om-i-linkoping\/"},"author":{"name":"R\u00e9ka Tolnai","@id":"https:\/\/www.almega.se\/#\/schema\/person\/e54aa110880538cf5ceac0ac54bbecf7"},"headline":"Debatt: Liberaler, h\u00e4r har ni n\u00e5got att prata om i Link\u00f6ping","datePublished":"2023-03-17T10:01:45+00:00","dateModified":"2024-01-15T10:03:10+00:00","mainEntityOfPage":{"@id":"https:\/\/www.almega.se\/2023\/03\/debatt-liberaler-har-har-ni-nagot-att-prata-om-i-linkoping\/"},"wordCount":649,"image":{"@id":"https:\/\/www.almega.se\/2023\/03\/debatt-liberaler-har-har-ni-nagot-att-prata-om-i-linkoping\/#primaryimage"},"thumbnailUrl":"https:\/\/www.almega.se\/app\/uploads\/2024\/01\/landsmote_4-scaled.jpg","articleSection":["Tj\u00e4nstesektorns betydelse"],"inLanguage":"sv-SE"},{"@type":"WebPage","@id":"https:\/\/www.almega.se\/2023\/03\/debatt-liberaler-har-har-ni-nagot-att-prata-om-i-linkoping\/","url":"https:\/\/www.almega.se\/2023\/03\/debatt-liberaler-har-har-ni-nagot-att-prata-om-i-linkoping\/","name":"Debatt: Liberaler, h\u00e4r har ni n\u00e5got att prata om i Link\u00f6ping | Almega","isPartOf":{"@id":"https:\/\/www.almega.se\/#website"},"primaryImageOfPage":{"@id":"https:\/\/www.almega.se\/2023\/03\/debatt-liberaler-har-har-ni-nagot-att-prata-om-i-linkoping\/#primaryimage"},"image":{"@id":"https:\/\/www.almega.se\/2023\/03\/debatt-liberaler-har-har-ni-nagot-att-prata-om-i-linkoping\/#primaryimage"},"thumbnailUrl":"https:\/\/www.almega.se\/app\/uploads\/2024\/01\/landsmote_4-scaled.jpg","datePublished":"2023-03-17T10:01:45+00:00","dateModified":"2024-01-15T10:03:10+00:00","author":{"@id":"https:\/\/www.almega.se\/#\/schema\/person\/e54aa110880538cf5ceac0ac54bbecf7"},"breadcrumb":{"@id":"https:\/\/www.almega.se\/2023\/03\/debatt-liberaler-har-har-ni-nagot-att-prata-om-i-linkoping\/#breadcrumb"},"inLanguage":"sv-SE","potentialAction":[{"@type":"ReadAction","target":["https:\/\/www.almega.se\/2023\/03\/debatt-liberaler-har-har-ni-nagot-att-prata-om-i-linkoping\/"]}]},{"@type":"ImageObject","inLanguage":"sv-SE","@id":"https:\/\/www.almega.se\/2023\/03\/debatt-liberaler-har-har-ni-nagot-att-prata-om-i-linkoping\/#primaryimage","url":"https:\/\/www.almega.se\/app\/uploads\/2024\/01\/landsmote_4-scaled.jpg","contentUrl":"https:\/\/www.almega.se\/app\/uploads\/2024\/01\/landsmote_4-scaled.jpg","width":2560,"height":889,"caption":"Liberalernas landsm\u00f6te"},{"@type":"BreadcrumbList","@id":"https:\/\/www.almega.se\/2023\/03\/debatt-liberaler-har-har-ni-nagot-att-prata-om-i-linkoping\/#breadcrumb","itemListElement":[{"@type":"ListItem","position":1,"name":"Home","item":"https:\/\/www.almega.se\/"},{"@type":"ListItem","position":2,"name":"Debatt: Liberaler, h\u00e4r har ni n\u00e5got att prata om i Link\u00f6ping"}]},{"@type":"WebSite","@id":"https:\/\/www.almega.se\/#website","url":"https:\/\/www.almega.se\/","name":"Almega","description":"","potentialAction":[{"@type":"SearchAction","target":{"@type":"EntryPoint","urlTemplate":"https:\/\/www.almega.se\/?s={search_term_string}"},"query-input":{"@type":"PropertyValueSpecification","valueRequired":true,"valueName":"search_term_string"}}],"inLanguage":"sv-SE"},{"@type":"Person","@id":"https:\/\/www.almega.se\/#\/schema\/person\/e54aa110880538cf5ceac0ac54bbecf7","name":"R\u00e9ka Tolnai","image":{"@type":"ImageObject","inLanguage":"sv-SE","@id":"https:\/\/www.almega.se\/#\/schema\/person\/image\/","url":"https:\/\/secure.gravatar.com\/avatar\/c722d4a4ee787603df9df499a683d681bd2c463bde248da25aabc45883d614d2?s=96&d=mm&r=g","contentUrl":"https:\/\/secure.gravatar.com\/avatar\/c722d4a4ee787603df9df499a683d681bd2c463bde248da25aabc45883d614d2?s=96&d=mm&r=g","caption":"R\u00e9ka Tolnai"},"url":"https:\/\/www.almega.se\/person\/rekatolnai\/"}]}},"_links":{"self":[{"href":"https:\/\/www.almega.se\/api\/wp\/v2\/posts\/70379","targetHints":{"allow":["GET"]}}],"collection":[{"href":"https:\/\/www.almega.se\/api\/wp\/v2\/posts"}],"about":[{"href":"https:\/\/www.almega.se\/api\/wp\/v2\/types\/post"}],"author":[{"embeddable":true,"href":"https:\/\/www.almega.se\/api\/wp\/v2\/users\/16543"}],"replies":[{"embeddable":true,"href":"https:\/\/www.almega.se\/api\/wp\/v2\/comments?post=70379"}],"version-history":[{"count":4,"href":"https:\/\/www.almega.se\/api\/wp\/v2\/posts\/70379\/revisions"}],"predecessor-version":[{"id":70384,"href":"https:\/\/www.almega.se\/api\/wp\/v2\/posts\/70379\/revisions\/70384"}],"wp:featuredmedia":[{"embeddable":true,"href":"https:\/\/www.almega.se\/api\/wp\/v2\/media\/70380"}],"wp:attachment":[{"href":"https:\/\/www.almega.se\/api\/wp\/v2\/media?parent=70379"}],"wp:term":[{"taxonomy":"category","embeddable":true,"href":"https:\/\/www.almega.se\/api\/wp\/v2\/categories?post=70379"},{"taxonomy":"post_tag","embeddable":true,"href":"https:\/\/www.almega.se\/api\/wp\/v2\/tags?post=70379"},{"taxonomy":"type","embeddable":true,"href":"https:\/\/www.almega.se\/api\/wp\/v2\/article_type?post=70379"},{"taxonomy":"agreement","embeddable":true,"href":"https:\/\/www.almega.se\/api\/wp\/v2\/agreement?post=70379"}],"curies":[{"name":"wp","href":"https:\/\/api.w.org\/{rel}","templated":true}]}}