{"id":70273,"date":"2023-12-03T07:00:00","date_gmt":"2023-12-03T06:00:00","guid":{"rendered":"https:\/\/www.almega.se\/?p=70273"},"modified":"2024-04-18T16:05:00","modified_gmt":"2024-04-18T14:05:00","slug":"debatt-hur-kan-ni-strunta-i-arbetslosheten","status":"publish","type":"post","link":"https:\/\/www.almega.se\/2023\/12\/debatt-hur-kan-ni-strunta-i-arbetslosheten\/","title":{"rendered":"Debatt: Hur kan ni strunta i\u00a0arbetsl\u00f6sheten?"},"content":{"rendered":"<h2 class=\"subtitle hyperion-css-12fyudq\" data-test-tag=\"subtitle\">Tj\u00e4nstefel att regeringen rycker p\u00e5 axlarna \u00e5t Sveriges bottenplacering, det skriver Fredrik \u00d6stbom och Fredrik Segerfeldt, Almega.<\/h2>\n\n<p>Sverige har tredje h\u00f6gst arbetsl\u00f6shet i EU. Endast i Grekland och Spanien \u00e4r den h\u00f6gre. \u00c5tta procent av arbetskraften st\u00e5r utanf\u00f6r arbetsmarknaden. Och \u00e4nd\u00e5 \u00e4r det n\u00e4stan ingen som bryr sig. Det duger inte. Inte alls.<\/p>\n\n\n\n<p><a><\/a>Riksbankschefen Erik Thed\u00e9en har kallat den svenska arbetsmarknaden urstark. Under avtalsr\u00f6relsen tas ingen som helst h\u00e4nsyn till de som inte redan har ett arbete. Och regeringen har uppenbarligen resignerat inf\u00f6r massarbetsl\u00f6sheten. Det duger inte. Inte alls.<\/p>\n\n\n\n<p>Visst, regeringen har andra problem att hantera. Den v\u00e5ldsv\u00e5g som med exempell\u00f6s brutalitet och omfattning sveper \u00f6ver Sverige \u00e4r unik. Situationen \u00e4r kritisk och kr\u00e4ver en kraftfull politisk respons.<\/p>\n\n\n\n<blockquote class=\"wp-block-quote is-layout-flow wp-block-quote-is-layout-flow\">\n<p>Men regeringen \u00e4r stor och det finns m\u00e5nga ministrar. Att d\u00e5 fullst\u00e4ndigt sakna politiska ambitioner att adressera, och \u00e4n mindre \u00e5tg\u00e4rda, ett likas\u00e5 allvarligt problem \u00e4r tj\u00e4nstefel. \u00c5tta procents arbetsl\u00f6shet m\u00e5ste vara v\u00e4rt mer \u00e4n en axelryckning.<\/p>\n<cite>Fredrik \u00d6stbom &amp; Fredrik Segerfeldt, Almega <\/cite><\/blockquote>\n\n\n\n<p>Ulf Kristersson och Elisabeth Svantesson: ni var b\u00e5da ministrar i den alliansregering som gjorde arbetslinjen till sitt signum, numera salig i \u00e5minnelse. Ni f\u00f6retr\u00e4der en borgerlig regering som har gl\u00f6mt ett av borgerlighetens viktigaste bidrag till svensk politik. Detta duger inte. Inte alls.<\/p>\n\n\n\n<p>Samtidigt som Sverige med full kraft bek\u00e4mpar v\u00e5ldet m\u00e5ste vi t\u00e4nka l\u00e5ngsiktigt. N\u00e4r f\u00f6ruts\u00e4ttningar f\u00f6r en positiv samh\u00e4llsutveckling ska skapas g\u00e5r det inte att blunda f\u00f6r landets ekonomiska situation. Inte heller att tv\u00e5siffriga arbetsl\u00f6shetstal i vissa delar av Sverige \u00e4r norm snarare \u00e4n undantag.<\/p>\n\n\n\n<p>I debatten kring det \u00f6kade v\u00e5ldet i samh\u00e4llet har det talats mycket om vikten av att f\u00f6r\u00e4ndra det normbrytande beteende som pr\u00e4glar inte minst g\u00e4ngbrottsligheten. Det har talats mindre om att det i alltfler ungas tillvaro blivit allt vanligare att vuxna, arbetsf\u00f6ra personer inte f\u00f6rs\u00f6rjer sig sj\u00e4lva.<\/p>\n\n\n\n<p>Att fler har ett jobb \u00e4r n\u00e4mligen inte bara en fr\u00e5ga om tillv\u00e4xt och helt avg\u00f6rande f\u00f6r att klara v\u00e4lf\u00e4rd och framtida investeringar. Det \u00e4r ocks\u00e5 kittet i v\u00e5rt samh\u00e4llskontrakt, en f\u00f6ruts\u00e4ttning f\u00f6r social sammanh\u00e5llning. Att acceptera bilden av svensk arbetsmarknad som urstark \u2013 n\u00e4r h\u00f6g arbetsl\u00f6shet och ett stort utanf\u00f6rskap snarast \u00e4r normen \u2013 \u00e4r inget annat \u00e4n sj\u00e4lvbedr\u00e4geri.<\/p>\n\n\n\n<p>Det talas ofta om att syssels\u00e4ttningen i Sverige fortfarande \u00e4r h\u00f6g, under h\u00f6sten rapporterades till och med att den \u00f6kade bland utrikes f\u00f6dda. Detta \u00e4r naturligtvis goda nyheter. Men tyv\u00e4rr beh\u00f6ver det inte betyda s\u00e5 mycket. Att en person arbetar en timme under m\u00e4tveckan r\u00e4cker f\u00f6r att hen ska r\u00e4knas som sysselsatt i statistiken. Det \u00e4r d\u00e4remot l\u00e5ngt ifr\u00e5n tillr\u00e4ckligt f\u00f6r att hen ska f\u00f6rs\u00f6rja sig sj\u00e4lv. N\u00e4r personer som \u00e4r \u2013 och som uppfattas som \u2013 arbetsl\u00f6sa kan r\u00e4knas som sysselsatta blir statistiken missvisande.<\/p>\n\n\n\n<p>Paradoxalt nog har vi en ekonomi d\u00e4r f\u00f6retagen, parallellt med h\u00f6g arbetsl\u00f6shet, skriker efter kompetens. Kombinationen av m\u00e5nga lediga jobb, \u00f6kat antal varsel, ett svagt ekonomiskt l\u00e4ge och en mycket h\u00f6g andel icke sj\u00e4lvf\u00f6rs\u00f6rjande \u00e4r mycket oroande. Svensk arbetsmarknad \u00e4r allt annat \u00e4n stark.<\/p>\n\n\n\n<p>Sverige beh\u00f6ver en politik mot jobbkrisen. Vi ska ligga i topp i Europa, inte i botten. Att, som regeringen, bara rycka p\u00e5 axlarna \u00e5t \u00e5tta procents arbetsl\u00f6shet duger inte. Inte alls.<\/p>\n\n\n\n<p>Fredrik Segerfeldt, n\u00e4ringspolitisk expert, Almega<\/p>\n\n\n\n<p>Fredrik \u00d6stbom, n\u00e4ringspolitisk chef, Almega<\/p>\n\n\n\n      <a href=\"https:\/\/www.aftonbladet.se\/debatt\/a\/l3o78G\/almega-tjanstefel-nar-regeringen-struntar-i-arbetslosheten?fbclid=IwAR1R686rFPlaa0bUMHc3EEXNMlw0kUMfcHN-qklZ0VZq8N-WjEbUmg2_e30\" target=\"_blank\" class=\"Button is-text Button--squiggly-arrow-link\">\n      \n        Du hittar artikeln i Aftonbladet\n      \n      \n                \n                <svg class='icon icon--squiggly-arrow-link'  width=\"114\" height=\"36\" viewBox=\"0 0 114 36\" fill=\"none\" xmlns=\"http:\/\/www.w3.org\/2000\/svg\">\n<path d=\"M0.591797 18.5C7.0918 18.5 11.5209 19.9081 13.4345 14.5C14.3308 11.9657 14.3461 11.9541 15.0839 9.38315C15.7735 6.97969 17.3449 4.54993 19.8345 3.93399C22.9224 3.16984 26.0805 5.67017 27.0204 8.62798C27.9603 11.5851 27.243 14.7829 26.3407 17.751C25.4378 20.719 24.34 23.7256 24.5322 26.8156C24.7244 29.9049 26.6162 33.154 29.7193 33.8559C33.0114 34.5995 36.3563 32.146 37.6741 29.1234C38.9912 26.0995 38.7745 22.6791 38.4839 19.4082C38.1926 16.1373 37.8656 12.7464 38.9918 9.65134C40.1187 6.55559 43.1657 3.84801 46.5259 4.19961C49.9434 4.55763 52.3227 7.90617 52.8134 11.2104C53.3042 14.5147 52.3993 17.8408 51.8259 21.1322C51.2526 24.4237 51.0624 28.0141 52.8029 30.8923C54.221 33.2393 56.8902 34.826 59.6869 34.9864C62.4836 35.1468 65.3259 33.8758 67.0188 31.7072C69.5136 28.5126 69.3227 24.0689 68.5255 20.1345C67.7289 16.1996 66.4369 12.2139 67.1225 8.2597C67.8081 4.30548 71.3849 0.426331 75.4597 1.0705C78.5034 1.55171 80.6627 4.37413 81.4078 7.28189C82.1528 10.189 81.8133 13.2366 81.7711 16.2323C81.7288 19.2279 82.0551 22.4052 83.8874 24.8144C86.657 28.4555 91.9762 29.2197 96.6072 28.7147C101.239 28.2098 105.813 25.7501 110.457 26.1383\" stroke=\"black\" stroke-width=\"2\" stroke-miterlimit=\"10\"\/>\n<path d=\"M105.097 35L111.68 25.3613L102.457 18.2063\" stroke=\"black\" stroke-width=\"2\" stroke-miterlimit=\"10\"\/>\n<\/svg>\n\n        \n    <\/a>\n  \n","protected":false},"excerpt":{"rendered":"<p>Sverige har tredje h\u00f6gst arbetsl\u00f6shet i EU. Endast i Grekland och Spanien \u00e4r den h\u00f6gre. \u00c5tta procent av arbetskraften st\u00e5r utanf\u00f6r arbetsmarknaden. Och \u00e4nd\u00e5 \u00e4r det n\u00e4stan ingen som bryr sig. Det duger inte. Inte &hellip;<\/p>\n","protected":false},"author":16543,"featured_media":70274,"comment_status":"closed","ping_status":"closed","sticky":false,"template":"","format":"standard","meta":{"_acf_changed":false,"footnotes":""},"categories":[64,630,581],"tags":[686],"article_type":[49,56],"agreement":[],"class_list":["post-70273","post","type-post","status-publish","format-standard","has-post-thumbnail","hentry","category-arbetsmarknad","category-konjunktur","category-tjanstesektorns-betydelse","tag-sverigekanintevanta","type-debattartiklar","type-nyheter"],"acf":[],"yoast_head":"<!-- This site is optimized with the Yoast SEO Premium plugin v26.8 (Yoast SEO v26.8) - https:\/\/yoast.com\/product\/yoast-seo-premium-wordpress\/ -->\n<title>Debatt: Hur kan ni strunta i\u00a0arbetsl\u00f6sheten? | Almega<\/title>\n<meta name=\"robots\" content=\"index, follow, max-snippet:-1, max-image-preview:large, max-video-preview:-1\" \/>\n<link rel=\"canonical\" href=\"https:\/\/www.almega.se\/2023\/12\/debatt-hur-kan-ni-strunta-i-arbetslosheten\/\" \/>\n<meta property=\"og:locale\" content=\"sv_SE\" \/>\n<meta property=\"og:type\" content=\"article\" \/>\n<meta property=\"og:title\" content=\"Debatt: Hur kan ni strunta i\u00a0arbetsl\u00f6sheten?\" \/>\n<meta property=\"og:description\" content=\"Sverige har tredje h\u00f6gst arbetsl\u00f6shet i EU. Endast i Grekland och Spanien \u00e4r den h\u00f6gre. \u00c5tta procent av arbetskraften st\u00e5r utanf\u00f6r arbetsmarknaden. Och \u00e4nd\u00e5 \u00e4r det n\u00e4stan ingen som bryr sig. Det duger inte. Inte &hellip;\" \/>\n<meta property=\"og:url\" content=\"https:\/\/www.almega.se\/2023\/12\/debatt-hur-kan-ni-strunta-i-arbetslosheten\/\" \/>\n<meta property=\"og:site_name\" content=\"Almega\" \/>\n<meta property=\"article:published_time\" content=\"2023-12-03T06:00:00+00:00\" \/>\n<meta property=\"article:modified_time\" content=\"2024-04-18T14:05:00+00:00\" \/>\n<meta property=\"og:image\" content=\"https:\/\/www.almega.se\/app\/uploads\/2024\/01\/Skarmavbild-2024-01-11-kl.-16.12.09-1180x627.png\" \/>\n\t<meta property=\"og:image:width\" content=\"1180\" \/>\n\t<meta property=\"og:image:height\" content=\"627\" \/>\n\t<meta property=\"og:image:type\" content=\"image\/png\" \/>\n<meta name=\"author\" content=\"R\u00e9ka Tolnai\" \/>\n<meta name=\"twitter:card\" content=\"summary_large_image\" \/>\n<meta name=\"twitter:label1\" content=\"Skriven av\" \/>\n\t<meta name=\"twitter:data1\" content=\"R\u00e9ka Tolnai\" \/>\n\t<meta name=\"twitter:label2\" content=\"Ber\u00e4knad l\u00e4stid\" \/>\n\t<meta name=\"twitter:data2\" content=\"3 minuter\" \/>\n<!-- \/ Yoast SEO Premium plugin. -->","yoast_head_json":{"title":"Debatt: Hur kan ni strunta i\u00a0arbetsl\u00f6sheten? | Almega","robots":{"index":"index","follow":"follow","max-snippet":"max-snippet:-1","max-image-preview":"max-image-preview:large","max-video-preview":"max-video-preview:-1"},"canonical":"https:\/\/www.almega.se\/2023\/12\/debatt-hur-kan-ni-strunta-i-arbetslosheten\/","og_locale":"sv_SE","og_type":"article","og_title":"Debatt: Hur kan ni strunta i\u00a0arbetsl\u00f6sheten?","og_description":"Sverige har tredje h\u00f6gst arbetsl\u00f6shet i EU. Endast i Grekland och Spanien \u00e4r den h\u00f6gre. \u00c5tta procent av arbetskraften st\u00e5r utanf\u00f6r arbetsmarknaden. Och \u00e4nd\u00e5 \u00e4r det n\u00e4stan ingen som bryr sig. Det duger inte. Inte &hellip;","og_url":"https:\/\/www.almega.se\/2023\/12\/debatt-hur-kan-ni-strunta-i-arbetslosheten\/","og_site_name":"Almega","article_published_time":"2023-12-03T06:00:00+00:00","article_modified_time":"2024-04-18T14:05:00+00:00","og_image":[{"width":1180,"height":627,"url":"https:\/\/www.almega.se\/app\/uploads\/2024\/01\/Skarmavbild-2024-01-11-kl.-16.12.09-1180x627.png","type":"image\/png"}],"author":"R\u00e9ka Tolnai","twitter_card":"summary_large_image","twitter_misc":{"Skriven av":"R\u00e9ka Tolnai","Ber\u00e4knad l\u00e4stid":"3 minuter"},"schema":{"@context":"https:\/\/schema.org","@graph":[{"@type":"NewsArticle","@id":"https:\/\/www.almega.se\/2023\/12\/debatt-hur-kan-ni-strunta-i-arbetslosheten\/#article","isPartOf":{"@id":"https:\/\/www.almega.se\/2023\/12\/debatt-hur-kan-ni-strunta-i-arbetslosheten\/"},"author":{"name":"R\u00e9ka Tolnai","@id":"https:\/\/www.almega.se\/#\/schema\/person\/e54aa110880538cf5ceac0ac54bbecf7"},"headline":"Debatt: Hur kan ni strunta i\u00a0arbetsl\u00f6sheten?","datePublished":"2023-12-03T06:00:00+00:00","dateModified":"2024-04-18T14:05:00+00:00","mainEntityOfPage":{"@id":"https:\/\/www.almega.se\/2023\/12\/debatt-hur-kan-ni-strunta-i-arbetslosheten\/"},"wordCount":616,"image":{"@id":"https:\/\/www.almega.se\/2023\/12\/debatt-hur-kan-ni-strunta-i-arbetslosheten\/#primaryimage"},"thumbnailUrl":"https:\/\/www.almega.se\/app\/uploads\/2024\/01\/Skarmavbild-2024-01-11-kl.-16.12.09.png","keywords":["Sverige kan inte v\u00e4nta"],"articleSection":["Arbetsmarknad","Konjunktur","Tj\u00e4nstesektorns betydelse"],"inLanguage":"sv-SE"},{"@type":"WebPage","@id":"https:\/\/www.almega.se\/2023\/12\/debatt-hur-kan-ni-strunta-i-arbetslosheten\/","url":"https:\/\/www.almega.se\/2023\/12\/debatt-hur-kan-ni-strunta-i-arbetslosheten\/","name":"Debatt: Hur kan ni strunta i\u00a0arbetsl\u00f6sheten? | Almega","isPartOf":{"@id":"https:\/\/www.almega.se\/#website"},"primaryImageOfPage":{"@id":"https:\/\/www.almega.se\/2023\/12\/debatt-hur-kan-ni-strunta-i-arbetslosheten\/#primaryimage"},"image":{"@id":"https:\/\/www.almega.se\/2023\/12\/debatt-hur-kan-ni-strunta-i-arbetslosheten\/#primaryimage"},"thumbnailUrl":"https:\/\/www.almega.se\/app\/uploads\/2024\/01\/Skarmavbild-2024-01-11-kl.-16.12.09.png","datePublished":"2023-12-03T06:00:00+00:00","dateModified":"2024-04-18T14:05:00+00:00","author":{"@id":"https:\/\/www.almega.se\/#\/schema\/person\/e54aa110880538cf5ceac0ac54bbecf7"},"breadcrumb":{"@id":"https:\/\/www.almega.se\/2023\/12\/debatt-hur-kan-ni-strunta-i-arbetslosheten\/#breadcrumb"},"inLanguage":"sv-SE","potentialAction":[{"@type":"ReadAction","target":["https:\/\/www.almega.se\/2023\/12\/debatt-hur-kan-ni-strunta-i-arbetslosheten\/"]}]},{"@type":"ImageObject","inLanguage":"sv-SE","@id":"https:\/\/www.almega.se\/2023\/12\/debatt-hur-kan-ni-strunta-i-arbetslosheten\/#primaryimage","url":"https:\/\/www.almega.se\/app\/uploads\/2024\/01\/Skarmavbild-2024-01-11-kl.-16.12.09.png","contentUrl":"https:\/\/www.almega.se\/app\/uploads\/2024\/01\/Skarmavbild-2024-01-11-kl.-16.12.09.png","width":2618,"height":1392,"caption":"Sverige har Europas tredje h\u00f6gsta arbetsl\u00f6shet"},{"@type":"BreadcrumbList","@id":"https:\/\/www.almega.se\/2023\/12\/debatt-hur-kan-ni-strunta-i-arbetslosheten\/#breadcrumb","itemListElement":[{"@type":"ListItem","position":1,"name":"Home","item":"https:\/\/www.almega.se\/"},{"@type":"ListItem","position":2,"name":"Debatt: Hur kan ni strunta i\u00a0arbetsl\u00f6sheten?"}]},{"@type":"WebSite","@id":"https:\/\/www.almega.se\/#website","url":"https:\/\/www.almega.se\/","name":"Almega","description":"","potentialAction":[{"@type":"SearchAction","target":{"@type":"EntryPoint","urlTemplate":"https:\/\/www.almega.se\/?s={search_term_string}"},"query-input":{"@type":"PropertyValueSpecification","valueRequired":true,"valueName":"search_term_string"}}],"inLanguage":"sv-SE"},{"@type":"Person","@id":"https:\/\/www.almega.se\/#\/schema\/person\/e54aa110880538cf5ceac0ac54bbecf7","name":"R\u00e9ka Tolnai","image":{"@type":"ImageObject","inLanguage":"sv-SE","@id":"https:\/\/www.almega.se\/#\/schema\/person\/image\/","url":"https:\/\/secure.gravatar.com\/avatar\/c722d4a4ee787603df9df499a683d681bd2c463bde248da25aabc45883d614d2?s=96&d=mm&r=g","contentUrl":"https:\/\/secure.gravatar.com\/avatar\/c722d4a4ee787603df9df499a683d681bd2c463bde248da25aabc45883d614d2?s=96&d=mm&r=g","caption":"R\u00e9ka Tolnai"},"url":"https:\/\/www.almega.se\/person\/rekatolnai\/"}]}},"_links":{"self":[{"href":"https:\/\/www.almega.se\/api\/wp\/v2\/posts\/70273","targetHints":{"allow":["GET"]}}],"collection":[{"href":"https:\/\/www.almega.se\/api\/wp\/v2\/posts"}],"about":[{"href":"https:\/\/www.almega.se\/api\/wp\/v2\/types\/post"}],"author":[{"embeddable":true,"href":"https:\/\/www.almega.se\/api\/wp\/v2\/users\/16543"}],"replies":[{"embeddable":true,"href":"https:\/\/www.almega.se\/api\/wp\/v2\/comments?post=70273"}],"version-history":[{"count":7,"href":"https:\/\/www.almega.se\/api\/wp\/v2\/posts\/70273\/revisions"}],"predecessor-version":[{"id":70302,"href":"https:\/\/www.almega.se\/api\/wp\/v2\/posts\/70273\/revisions\/70302"}],"wp:featuredmedia":[{"embeddable":true,"href":"https:\/\/www.almega.se\/api\/wp\/v2\/media\/70274"}],"wp:attachment":[{"href":"https:\/\/www.almega.se\/api\/wp\/v2\/media?parent=70273"}],"wp:term":[{"taxonomy":"category","embeddable":true,"href":"https:\/\/www.almega.se\/api\/wp\/v2\/categories?post=70273"},{"taxonomy":"post_tag","embeddable":true,"href":"https:\/\/www.almega.se\/api\/wp\/v2\/tags?post=70273"},{"taxonomy":"type","embeddable":true,"href":"https:\/\/www.almega.se\/api\/wp\/v2\/article_type?post=70273"},{"taxonomy":"agreement","embeddable":true,"href":"https:\/\/www.almega.se\/api\/wp\/v2\/agreement?post=70273"}],"curies":[{"name":"wp","href":"https:\/\/api.w.org\/{rel}","templated":true}]}}