{"id":70213,"date":"2023-12-25T22:11:00","date_gmt":"2023-12-25T21:11:00","guid":{"rendered":"https:\/\/www.almega.se\/?p=70213"},"modified":"2024-01-11T11:20:11","modified_gmt":"2024-01-11T10:20:11","slug":"almega-i-svd-facken-far-inte-tveka-om-etableringsjobben","status":"publish","type":"post","link":"https:\/\/www.almega.se\/2023\/12\/almega-i-svd-facken-far-inte-tveka-om-etableringsjobben\/","title":{"rendered":"Almega i SvD: \u201dFacken f\u00e5r inte tveka om etableringsjobben\u201d"},"content":{"rendered":"<p class=\"intro\">Vi beh\u00f6ver en bred uppslutning f\u00f6r att g\u00f6ra skillnad p\u00e5 riktigt. L\u00e5t oss d\u00e4rf\u00f6r tillsammans g\u00f6ra etableringsjobben s\u00e5 framg\u00e5ngsrika som de har potential att bli \u2013 f\u00f6r b\u00e5de m\u00e4nniskor och f\u00f6retag, skriver \u00e5tta f\u00f6rbundsdirekt\u00f6rer inom Almega p\u00e5 SvD Debatt p\u00e5 juldagen.<\/p>\n\n<p>&#8221;P\u00e5 arbetsgivarsidan \u00e4r vi redo att hj\u00e4lpa de m\u00e4nniskor som st\u00e5r l\u00e5ngt fr\u00e5n arbetsmarknaden. Vi \u00e4r \u00f6vertygade om att etableringsjobben kan hj\u00e4lpa till att l\u00f6sa s\u00e5v\u00e4l Sveriges integrationsutmaning som f\u00f6retagens kompetensf\u00f6rs\u00f6rjning. Av facken har hittills fr\u00e4mst Unionen och Seko visat handlingskraft. Nu efterlyser vi motsvarande engagemang fr\u00e5n fler fackf\u00f6rbund, inte minst de inom LO&#8221;.<\/p>\n\n\n\n<p><\/p>\n\n\n\n<p>Det skriver <strong>Ann \u00d6berg<\/strong> vd Almega och f\u00f6rbundsdirekt\u00f6r Almega Tj\u00e4nstef\u00f6rbunden, <strong>Stefan Koskinen<\/strong> f\u00f6rbundsdirekt\u00f6r, Almega Tj\u00e4nstef\u00f6retagen, <strong>Elin Lydahl<\/strong> f\u00f6rbundsdirekt\u00f6r, Innovationsf\u00f6retagen<strong>, Patrik Eidfelt<\/strong> f\u00f6rbundsdirekt\u00f6r, Kompetensf\u00f6retagen, <strong>Maria M\u00f6ller<\/strong> f\u00f6rbundsdirekt\u00f6r, Medief\u00f6retagen, <strong>Richard Org\u00e5rd<\/strong> f\u00f6rbundsdirekt\u00f6r, S\u00e4kerhetsf\u00f6retagen, <strong>Pierre Sandberg<\/strong> f\u00f6rbundsdirekt\u00f6r, T\u00e5gf\u00f6retagen och <strong>Antje Dedering<\/strong> f\u00f6rbundsdirekt\u00f6r, V\u00e5rdf\u00f6retagarna p\u00e5 SvD Debatt 25\/12 2023.<\/p>\n\n\n\n<p><a href=\"https:\/\/www.svd.se\/a\/LlVX1P\/almega-facken-far-inte-tveka-om-etableringsjobben\">L\u00e4s hela debattartikeln p\u00e5 SvD.se.<\/a><\/p>\n","protected":false},"excerpt":{"rendered":"<p>&#8221;P\u00e5 arbetsgivarsidan \u00e4r vi redo att hj\u00e4lpa de m\u00e4nniskor som st\u00e5r l\u00e5ngt fr\u00e5n arbetsmarknaden. Vi \u00e4r \u00f6vertygade om att etableringsjobben kan hj\u00e4lpa till att l\u00f6sa s\u00e5v\u00e4l Sveriges integrationsutmaning som f\u00f6retagens kompetensf\u00f6rs\u00f6rjning. Av facken har hittills &hellip;<\/p>\n","protected":false},"author":14531,"featured_media":70216,"comment_status":"closed","ping_status":"closed","sticky":false,"template":"","format":"standard","meta":{"_acf_changed":false,"footnotes":""},"categories":[64,419],"tags":[],"article_type":[49],"agreement":[],"class_list":["post-70213","post","type-post","status-publish","format-standard","has-post-thumbnail","hentry","category-arbetsmarknad","category-kompetensforsorjning","type-debattartiklar"],"acf":[],"yoast_head":"<!-- This site is optimized with the Yoast SEO Premium plugin v26.8 (Yoast SEO v26.8) - https:\/\/yoast.com\/product\/yoast-seo-premium-wordpress\/ -->\n<title>Almega i SvD: \u201dFacken f\u00e5r inte tveka om etableringsjobben\u201d | Almega<\/title>\n<meta name=\"description\" content=\"Almegaf\u00f6rbund skriver om etableringsjobb p\u00e5 SvD debatt.\" \/>\n<meta name=\"robots\" content=\"index, follow, max-snippet:-1, max-image-preview:large, max-video-preview:-1\" \/>\n<link rel=\"canonical\" href=\"https:\/\/www.almega.se\/2023\/12\/almega-i-svd-facken-far-inte-tveka-om-etableringsjobben\/\" \/>\n<meta property=\"og:locale\" content=\"sv_SE\" \/>\n<meta property=\"og:type\" content=\"article\" \/>\n<meta property=\"og:title\" content=\"Almega i SvD: \u201dFacken f\u00e5r inte tveka om etableringsjobben\u201d\" \/>\n<meta property=\"og:description\" content=\"Almegaf\u00f6rbund skriver om etableringsjobb p\u00e5 SvD debatt.\" \/>\n<meta property=\"og:url\" content=\"https:\/\/www.almega.se\/2023\/12\/almega-i-svd-facken-far-inte-tveka-om-etableringsjobben\/\" \/>\n<meta property=\"og:site_name\" content=\"Almega\" \/>\n<meta property=\"article:published_time\" content=\"2023-12-25T21:11:00+00:00\" \/>\n<meta property=\"article:modified_time\" content=\"2024-01-11T10:20:11+00:00\" \/>\n<meta property=\"og:image\" content=\"https:\/\/www.almega.se\/app\/uploads\/2024\/01\/bibliotek-miljo-manniskor-oskarpa-1180x787.jpg\" \/>\n\t<meta property=\"og:image:width\" content=\"1180\" \/>\n\t<meta property=\"og:image:height\" content=\"787\" \/>\n\t<meta property=\"og:image:type\" content=\"image\/jpeg\" \/>\n<meta name=\"author\" content=\"Karin Nyg\u00e5rd\" \/>\n<meta name=\"twitter:card\" content=\"summary_large_image\" \/>\n<meta name=\"twitter:label1\" content=\"Skriven av\" \/>\n\t<meta name=\"twitter:data1\" content=\"Karin Nyg\u00e5rd\" \/>\n\t<meta name=\"twitter:label2\" content=\"Ber\u00e4knad l\u00e4stid\" \/>\n\t<meta name=\"twitter:data2\" content=\"1 minut\" \/>\n<!-- \/ Yoast SEO Premium plugin. -->","yoast_head_json":{"title":"Almega i SvD: \u201dFacken f\u00e5r inte tveka om etableringsjobben\u201d | Almega","description":"Almegaf\u00f6rbund skriver om etableringsjobb p\u00e5 SvD debatt.","robots":{"index":"index","follow":"follow","max-snippet":"max-snippet:-1","max-image-preview":"max-image-preview:large","max-video-preview":"max-video-preview:-1"},"canonical":"https:\/\/www.almega.se\/2023\/12\/almega-i-svd-facken-far-inte-tveka-om-etableringsjobben\/","og_locale":"sv_SE","og_type":"article","og_title":"Almega i SvD: \u201dFacken f\u00e5r inte tveka om etableringsjobben\u201d","og_description":"Almegaf\u00f6rbund skriver om etableringsjobb p\u00e5 SvD debatt.","og_url":"https:\/\/www.almega.se\/2023\/12\/almega-i-svd-facken-far-inte-tveka-om-etableringsjobben\/","og_site_name":"Almega","article_published_time":"2023-12-25T21:11:00+00:00","article_modified_time":"2024-01-11T10:20:11+00:00","og_image":[{"width":1180,"height":787,"url":"https:\/\/www.almega.se\/app\/uploads\/2024\/01\/bibliotek-miljo-manniskor-oskarpa-1180x787.jpg","type":"image\/jpeg"}],"author":"Karin Nyg\u00e5rd","twitter_card":"summary_large_image","twitter_misc":{"Skriven av":"Karin Nyg\u00e5rd","Ber\u00e4knad l\u00e4stid":"1 minut"},"schema":{"@context":"https:\/\/schema.org","@graph":[{"@type":"NewsArticle","@id":"https:\/\/www.almega.se\/2023\/12\/almega-i-svd-facken-far-inte-tveka-om-etableringsjobben\/#article","isPartOf":{"@id":"https:\/\/www.almega.se\/2023\/12\/almega-i-svd-facken-far-inte-tveka-om-etableringsjobben\/"},"author":{"name":"Karin Nyg\u00e5rd","@id":"https:\/\/www.almega.se\/#\/schema\/person\/eae58f3a71d6b7aa9f71f3139a740a02"},"headline":"Almega i SvD: \u201dFacken f\u00e5r inte tveka om etableringsjobben\u201d","datePublished":"2023-12-25T21:11:00+00:00","dateModified":"2024-01-11T10:20:11+00:00","mainEntityOfPage":{"@id":"https:\/\/www.almega.se\/2023\/12\/almega-i-svd-facken-far-inte-tveka-om-etableringsjobben\/"},"wordCount":160,"image":{"@id":"https:\/\/www.almega.se\/2023\/12\/almega-i-svd-facken-far-inte-tveka-om-etableringsjobben\/#primaryimage"},"thumbnailUrl":"https:\/\/www.almega.se\/app\/uploads\/2024\/01\/bibliotek-miljo-manniskor-oskarpa-e1704968257213.jpg","articleSection":["Arbetsmarknad","Kompetensf\u00f6rs\u00f6rjning"],"inLanguage":"sv-SE"},{"@type":"WebPage","@id":"https:\/\/www.almega.se\/2023\/12\/almega-i-svd-facken-far-inte-tveka-om-etableringsjobben\/","url":"https:\/\/www.almega.se\/2023\/12\/almega-i-svd-facken-far-inte-tveka-om-etableringsjobben\/","name":"Almega i SvD: \u201dFacken f\u00e5r inte tveka om etableringsjobben\u201d | Almega","isPartOf":{"@id":"https:\/\/www.almega.se\/#website"},"primaryImageOfPage":{"@id":"https:\/\/www.almega.se\/2023\/12\/almega-i-svd-facken-far-inte-tveka-om-etableringsjobben\/#primaryimage"},"image":{"@id":"https:\/\/www.almega.se\/2023\/12\/almega-i-svd-facken-far-inte-tveka-om-etableringsjobben\/#primaryimage"},"thumbnailUrl":"https:\/\/www.almega.se\/app\/uploads\/2024\/01\/bibliotek-miljo-manniskor-oskarpa-e1704968257213.jpg","datePublished":"2023-12-25T21:11:00+00:00","dateModified":"2024-01-11T10:20:11+00:00","author":{"@id":"https:\/\/www.almega.se\/#\/schema\/person\/eae58f3a71d6b7aa9f71f3139a740a02"},"description":"Almegaf\u00f6rbund skriver om etableringsjobb p\u00e5 SvD debatt.","breadcrumb":{"@id":"https:\/\/www.almega.se\/2023\/12\/almega-i-svd-facken-far-inte-tveka-om-etableringsjobben\/#breadcrumb"},"inLanguage":"sv-SE","potentialAction":[{"@type":"ReadAction","target":["https:\/\/www.almega.se\/2023\/12\/almega-i-svd-facken-far-inte-tveka-om-etableringsjobben\/"]}]},{"@type":"ImageObject","inLanguage":"sv-SE","@id":"https:\/\/www.almega.se\/2023\/12\/almega-i-svd-facken-far-inte-tveka-om-etableringsjobben\/#primaryimage","url":"https:\/\/www.almega.se\/app\/uploads\/2024\/01\/bibliotek-miljo-manniskor-oskarpa-e1704968257213.jpg","contentUrl":"https:\/\/www.almega.se\/app\/uploads\/2024\/01\/bibliotek-miljo-manniskor-oskarpa-e1704968257213.jpg","width":1000,"height":667,"caption":"M\u00e4nniskor i r\u00f6relse."},{"@type":"BreadcrumbList","@id":"https:\/\/www.almega.se\/2023\/12\/almega-i-svd-facken-far-inte-tveka-om-etableringsjobben\/#breadcrumb","itemListElement":[{"@type":"ListItem","position":1,"name":"Home","item":"https:\/\/www.almega.se\/"},{"@type":"ListItem","position":2,"name":"Almega i SvD: \u201dFacken f\u00e5r inte tveka om etableringsjobben\u201d"}]},{"@type":"WebSite","@id":"https:\/\/www.almega.se\/#website","url":"https:\/\/www.almega.se\/","name":"Almega","description":"","potentialAction":[{"@type":"SearchAction","target":{"@type":"EntryPoint","urlTemplate":"https:\/\/www.almega.se\/?s={search_term_string}"},"query-input":{"@type":"PropertyValueSpecification","valueRequired":true,"valueName":"search_term_string"}}],"inLanguage":"sv-SE"},{"@type":"Person","@id":"https:\/\/www.almega.se\/#\/schema\/person\/eae58f3a71d6b7aa9f71f3139a740a02","name":"Karin Nyg\u00e5rd","image":{"@type":"ImageObject","inLanguage":"sv-SE","@id":"https:\/\/www.almega.se\/#\/schema\/person\/image\/","url":"https:\/\/secure.gravatar.com\/avatar\/09e5ec3d12974ae686ad90a0a4bf5404c8a4cfdca18f97124f166ab274023818?s=96&d=mm&r=g","contentUrl":"https:\/\/secure.gravatar.com\/avatar\/09e5ec3d12974ae686ad90a0a4bf5404c8a4cfdca18f97124f166ab274023818?s=96&d=mm&r=g","caption":"Karin Nyg\u00e5rd"},"description":"Produkt\u00e4gare Almega.se, samordnar webbutveckling och utveckling av Arbetsgivarguiden.se","url":"https:\/\/www.almega.se\/person\/karinnygard\/"}]}},"_links":{"self":[{"href":"https:\/\/www.almega.se\/api\/wp\/v2\/posts\/70213","targetHints":{"allow":["GET"]}}],"collection":[{"href":"https:\/\/www.almega.se\/api\/wp\/v2\/posts"}],"about":[{"href":"https:\/\/www.almega.se\/api\/wp\/v2\/types\/post"}],"author":[{"embeddable":true,"href":"https:\/\/www.almega.se\/api\/wp\/v2\/users\/14531"}],"replies":[{"embeddable":true,"href":"https:\/\/www.almega.se\/api\/wp\/v2\/comments?post=70213"}],"version-history":[{"count":4,"href":"https:\/\/www.almega.se\/api\/wp\/v2\/posts\/70213\/revisions"}],"predecessor-version":[{"id":70218,"href":"https:\/\/www.almega.se\/api\/wp\/v2\/posts\/70213\/revisions\/70218"}],"wp:featuredmedia":[{"embeddable":true,"href":"https:\/\/www.almega.se\/api\/wp\/v2\/media\/70216"}],"wp:attachment":[{"href":"https:\/\/www.almega.se\/api\/wp\/v2\/media?parent=70213"}],"wp:term":[{"taxonomy":"category","embeddable":true,"href":"https:\/\/www.almega.se\/api\/wp\/v2\/categories?post=70213"},{"taxonomy":"post_tag","embeddable":true,"href":"https:\/\/www.almega.se\/api\/wp\/v2\/tags?post=70213"},{"taxonomy":"type","embeddable":true,"href":"https:\/\/www.almega.se\/api\/wp\/v2\/article_type?post=70213"},{"taxonomy":"agreement","embeddable":true,"href":"https:\/\/www.almega.se\/api\/wp\/v2\/agreement?post=70213"}],"curies":[{"name":"wp","href":"https:\/\/api.w.org\/{rel}","templated":true}]}}