{"id":69905,"date":"2023-12-20T11:28:36","date_gmt":"2023-12-20T10:28:36","guid":{"rendered":"https:\/\/www.almega.se\/?p=69905"},"modified":"2023-12-20T15:27:28","modified_gmt":"2023-12-20T14:27:28","slug":"vinst-for-arbetsgivaren-i-vaccinmal","status":"publish","type":"post","link":"https:\/\/www.almega.se\/2023\/12\/vinst-for-arbetsgivaren-i-vaccinmal\/","title":{"rendered":"Vinst f\u00f6r arbetsgivaren i vaccinm\u00e5l"},"content":{"rendered":"<p class=\"intro\">Idag kom Arbetsdomstolens dom i det s\u00e5 kallande vaccinationsm\u00e5let mellan Kommunal och V\u00e5rdf\u00f6retagarna och ett medlemsf\u00f6retag. Domstolen gick p\u00e5 arbetsgivarens linje och finner att f\u00f6retaget hade r\u00e4tt att med st\u00f6d av arbetsledningsr\u00e4tten fatta beslut om vaccinationspolicyn.<\/p>\n\n<p>M\u00e5let handlar om tre undersk\u00f6terskor som skickades hem fr\u00e5n arbetet under pandemin. Detta eftersom de inte uppfyllde de krav p\u00e5 vaccination mot Covid-19 som bolaget st\u00e4llde p\u00e5 alla medarbetare i patientn\u00e4ra arbete inom v\u00e5rden.<\/p>\n\n\n\n<p>Tvisten i domstolen har r\u00f6rt huruvida vaccinationskravet var ber\u00e4ttigat, om de tre undersk\u00f6terskorna skulle haft l\u00f6n under avst\u00e4ngningstiden, om bolagets agerande br\u00f6t mot g\u00e4llande kollektivavtal samt om bolagets agerande \u00e4ven var i strid med LAS.<\/p>\n\n\n\n<blockquote class=\"wp-block-quote is-layout-flow wp-block-quote-is-layout-flow\">\n<p>Det \u00e4r mycket positivt att domstolen v\u00e4ljer att s\u00e4tta patienternas liv och h\u00e4lsa, arbetsmilj\u00f6ansvaret och verksamheten f\u00f6re \u00f6vriga intressen.<\/p>\n<cite>Antje Dedering, f\u00f6rbundsdirekt\u00f6r, V\u00e5rdf\u00f6retagarna<\/cite><\/blockquote>\n\n\n\n<p>Av domen framg\u00e5r att bolaget, under de speciella omst\u00e4ndigheter och stora p\u00e5frestningar som covid-19-pandemin innebar, har gjort en korrekt bed\u00f6mning och att vaccinationskravet var ber\u00e4ttigat. Domstolen har g\u00e5tt p\u00e5 arbetsgivarparternas linje och konstaterar att bolaget varken har brutit mot kollektivavtalet eller LAS.<\/p>\n\n\n\n<p>\u2013 Det \u00e4r bra att fr\u00e5gan om vaccinationskrav \u00e4ntligen har pr\u00f6vats. Vi tycker det \u00e4r mycket positivt att domstolen v\u00e4ljer att s\u00e4tta patienternas liv och h\u00e4lsa, arbetsmilj\u00f6ansvaret och verksamheten f\u00f6re \u00f6vriga intressen, s\u00e4ger Antje Dedering, f\u00f6rbundsdirekt\u00f6r f\u00f6r V\u00e5rdf\u00f6retagarna.<\/p>\n\n\n\n<p>Vidare konstaterar domstolen att covid-19-pandemin var en stor utmaning f\u00f6r v\u00e5rden och att det r\u00e5tt extraordin\u00e4ra omst\u00e4ndigheter.<\/p>\n\n\n\n<p>\u2013 Det \u00e4r gl\u00e4djande att domstolen beaktar de s\u00e4rskilda f\u00f6ruts\u00e4ttningar som r\u00e5dde inom v\u00e5rden under covid-19 pandemin. Det s\u00e4tter ramarna f\u00f6r framtida, snarlika situationer, s\u00e4ger Antje Dedering.<\/p>\n\n\n\n<p>Arbetsgivarparterna har under processen f\u00f6retr\u00e4tts av Sophie Th\u00f6rne, arbetsr\u00e4ttsjurist p\u00e5 Almega.<\/p>\n\n\n\n<p>\u2013 Vi uppskattar de r\u00e5d och den st\u00f6ttning som b\u00e5de vi och v\u00e5rt medlemsf\u00f6retag f\u00e5tt fr\u00e5n Almega under processen, allt ifr\u00e5n framtagandet av vaccinpolicyn till hur de sk\u00f6tt processen i Arbetsdomstolen, s\u00e4ger Antje Dedering.<\/p>\n\n\n\n\n<h3 class=\"wp-block-heading\"><strong>Bakgrund i vaccinm\u00e5let<\/strong><\/h3>\n\n\n\n<ul class=\"wp-block-list\">\n<li>Bolaget inf\u00f6rde en vaccinationspolicy, med vaccinationskrav, f\u00f6r covid-19 under h\u00f6sten 2021 \u2013 med st\u00f6d av verksamhetshets- och arbetsledningsr\u00e4tten. Sk\u00e4len var patients\u00e4kerheten och s\u00e4kerst\u00e4llandet av en god och s\u00e4ker arbetsmilj\u00f6 f\u00f6r personalen. Bolaget f\u00f6ljde d\u00e4rmed Folkh\u00e4lsomyndighetens och Socialstyrelsens rekommendationer att personalen ska vara vaccinerad.&nbsp;<\/li>\n\n\n\n<li>Bolaget hade \u00e4ven ett ber\u00e4ttigat intresse av att uppst\u00e4lla vaccinationskravet f\u00f6r att s\u00e4kerst\u00e4lla bemanning och verksamhetens beh\u00f6riga g\u00e5ng, d.v.s. att kunna fullg\u00f6ra sina \u00e5taganden enligt v\u00e5rdavtal, samt f\u00f6r att uppr\u00e4tth\u00e5lla patienters, anh\u00f6rigas och allm\u00e4nhetens f\u00f6rtroende f\u00f6r den v\u00e5rd som bolaget bedriver.<\/li>\n\n\n\n<li>N\u00e5gra medarbetare, bland annat tre undersk\u00f6terskor, ville inte vaccinera sig. Enligt arbetsgivaren stod dessa d\u00e4rmed inte l\u00e4nge till f\u00f6rfogande f\u00f6r arbete med patienter och d\u00e5 det \u00e4ven saknades m\u00f6jligheter till omplacering skickades de hem utan l\u00f6n. Anst\u00e4llningarna bestod dock under avst\u00e4ngningstiden.&nbsp;<\/li>\n\n\n\n<li>Vaccinationspolicyn f\u00f6rblev of\u00f6r\u00e4ndrad till dess att Folkh\u00e4lsomyndighetens rekommendationer om vaccination f\u00f6r\u00e4ndrades, vilket skedde den 1 mars 2023.&nbsp;<\/li>\n\n\n\n<li>H\u00f6sten 2022 st\u00e4mde Kommunal arbetsgivarparterna i Arbetsdomstolen. Fackf\u00f6rbundet menade att bolaget inte haft r\u00e4tt att skicka hem de tre undersk\u00f6terskorna, att de skulle ha haft r\u00e4tt till l\u00f6n under avst\u00e4ngningstiden samt att bolaget hade brutit mot kollektivavtalet och LAS.<\/li>\n\n\n\n<li>Bolaget och V\u00e5rdf\u00f6retagarna vidh\u00f6ll att vaccinationskravet var ber\u00e4ttigat.&nbsp;<\/li>\n<\/ul>\n\n\n\n<p><strong>Domen:&nbsp;<a href=\"https:\/\/www.arbetsdomstolen.se\/sv\/meddelade-domar\/2023\/2023-12-20-ad-2023-nr-75\/\" target=\"_blank\" rel=\"noreferrer noopener\">2023-12-20 AD 2023 nr 75<\/a><\/strong><\/p>\n\n","protected":false},"excerpt":{"rendered":"<p>M\u00e5let handlar om tre undersk\u00f6terskor som skickades hem fr\u00e5n arbetet under pandemin. Detta eftersom de inte uppfyllde de krav p\u00e5 vaccination mot Covid-19 som bolaget st\u00e4llde p\u00e5 alla medarbetare i patientn\u00e4ra arbete inom v\u00e5rden. Tvisten &hellip;<\/p>\n","protected":false},"author":6356,"featured_media":69931,"comment_status":"closed","ping_status":"closed","sticky":false,"template":"","format":"standard","meta":{"_acf_changed":false,"footnotes":""},"categories":[682],"tags":[],"article_type":[55,56],"agreement":[],"class_list":["post-69905","post","type-post","status-publish","format-standard","has-post-thumbnail","hentry","category-ad-dom","type-artiklar","type-nyheter"],"acf":[],"yoast_head":"<!-- This site is optimized with the Yoast SEO Premium plugin v26.8 (Yoast SEO v26.8) - https:\/\/yoast.com\/product\/yoast-seo-premium-wordpress\/ -->\n<title>Vinst f\u00f6r arbetsgivaren i vaccinm\u00e5l | Almega<\/title>\n<meta name=\"description\" content=\"Dom i vaccinm\u00e5let. Arbetsdomstolen finner att f\u00f6retaget hade r\u00e4tt att med st\u00f6d av arbetsledningsr\u00e4tten fatta beslut om vaccinationspolicyn.\" \/>\n<meta name=\"robots\" content=\"index, follow, max-snippet:-1, max-image-preview:large, max-video-preview:-1\" \/>\n<link rel=\"canonical\" href=\"https:\/\/www.almega.se\/2023\/12\/vinst-for-arbetsgivaren-i-vaccinmal\/\" \/>\n<meta property=\"og:locale\" content=\"sv_SE\" \/>\n<meta property=\"og:type\" content=\"article\" \/>\n<meta property=\"og:title\" content=\"Vinst f\u00f6r arbetsgivaren i vaccinm\u00e5l\" \/>\n<meta property=\"og:description\" content=\"Dom i vaccinm\u00e5let. Arbetsdomstolen finner att f\u00f6retaget hade r\u00e4tt att med st\u00f6d av arbetsledningsr\u00e4tten fatta beslut om vaccinationspolicyn.\" \/>\n<meta property=\"og:url\" content=\"https:\/\/www.almega.se\/2023\/12\/vinst-for-arbetsgivaren-i-vaccinmal\/\" \/>\n<meta property=\"og:site_name\" content=\"Almega\" \/>\n<meta property=\"article:published_time\" content=\"2023-12-20T10:28:36+00:00\" \/>\n<meta property=\"article:modified_time\" content=\"2023-12-20T14:27:28+00:00\" \/>\n<meta property=\"og:image\" content=\"https:\/\/www.almega.se\/app\/uploads\/2023\/12\/Dedering_Antje-kopia-1180x787.png\" \/>\n\t<meta property=\"og:image:width\" content=\"1180\" \/>\n\t<meta property=\"og:image:height\" content=\"787\" \/>\n\t<meta property=\"og:image:type\" content=\"image\/png\" \/>\n<meta name=\"author\" content=\"Erik Juhlin\" \/>\n<meta name=\"twitter:card\" content=\"summary_large_image\" \/>\n<meta name=\"twitter:label1\" content=\"Skriven av\" \/>\n\t<meta name=\"twitter:data1\" content=\"Erik Juhlin\" \/>\n\t<meta name=\"twitter:label2\" content=\"Ber\u00e4knad l\u00e4stid\" \/>\n\t<meta name=\"twitter:data2\" content=\"3 minuter\" \/>\n<!-- \/ Yoast SEO Premium plugin. -->","yoast_head_json":{"title":"Vinst f\u00f6r arbetsgivaren i vaccinm\u00e5l | Almega","description":"Dom i vaccinm\u00e5let. Arbetsdomstolen finner att f\u00f6retaget hade r\u00e4tt att med st\u00f6d av arbetsledningsr\u00e4tten fatta beslut om vaccinationspolicyn.","robots":{"index":"index","follow":"follow","max-snippet":"max-snippet:-1","max-image-preview":"max-image-preview:large","max-video-preview":"max-video-preview:-1"},"canonical":"https:\/\/www.almega.se\/2023\/12\/vinst-for-arbetsgivaren-i-vaccinmal\/","og_locale":"sv_SE","og_type":"article","og_title":"Vinst f\u00f6r arbetsgivaren i vaccinm\u00e5l","og_description":"Dom i vaccinm\u00e5let. Arbetsdomstolen finner att f\u00f6retaget hade r\u00e4tt att med st\u00f6d av arbetsledningsr\u00e4tten fatta beslut om vaccinationspolicyn.","og_url":"https:\/\/www.almega.se\/2023\/12\/vinst-for-arbetsgivaren-i-vaccinmal\/","og_site_name":"Almega","article_published_time":"2023-12-20T10:28:36+00:00","article_modified_time":"2023-12-20T14:27:28+00:00","og_image":[{"width":1180,"height":787,"url":"https:\/\/www.almega.se\/app\/uploads\/2023\/12\/Dedering_Antje-kopia-1180x787.png","type":"image\/png"}],"author":"Erik Juhlin","twitter_card":"summary_large_image","twitter_misc":{"Skriven av":"Erik Juhlin","Ber\u00e4knad l\u00e4stid":"3 minuter"},"schema":{"@context":"https:\/\/schema.org","@graph":[{"@type":"NewsArticle","@id":"https:\/\/www.almega.se\/2023\/12\/vinst-for-arbetsgivaren-i-vaccinmal\/#article","isPartOf":{"@id":"https:\/\/www.almega.se\/2023\/12\/vinst-for-arbetsgivaren-i-vaccinmal\/"},"author":{"name":"Erik Juhlin","@id":"https:\/\/www.almega.se\/#\/schema\/person\/3c181ea7ead5ab7b14c61584637720f5"},"headline":"Vinst f\u00f6r arbetsgivaren i vaccinm\u00e5l","datePublished":"2023-12-20T10:28:36+00:00","dateModified":"2023-12-20T14:27:28+00:00","mainEntityOfPage":{"@id":"https:\/\/www.almega.se\/2023\/12\/vinst-for-arbetsgivaren-i-vaccinmal\/"},"wordCount":595,"image":{"@id":"https:\/\/www.almega.se\/2023\/12\/vinst-for-arbetsgivaren-i-vaccinmal\/#primaryimage"},"thumbnailUrl":"https:\/\/www.almega.se\/app\/uploads\/2023\/12\/Dedering_Antje-kopia.png","articleSection":["AD-dom"],"inLanguage":"sv-SE"},{"@type":"WebPage","@id":"https:\/\/www.almega.se\/2023\/12\/vinst-for-arbetsgivaren-i-vaccinmal\/","url":"https:\/\/www.almega.se\/2023\/12\/vinst-for-arbetsgivaren-i-vaccinmal\/","name":"Vinst f\u00f6r arbetsgivaren i vaccinm\u00e5l | Almega","isPartOf":{"@id":"https:\/\/www.almega.se\/#website"},"primaryImageOfPage":{"@id":"https:\/\/www.almega.se\/2023\/12\/vinst-for-arbetsgivaren-i-vaccinmal\/#primaryimage"},"image":{"@id":"https:\/\/www.almega.se\/2023\/12\/vinst-for-arbetsgivaren-i-vaccinmal\/#primaryimage"},"thumbnailUrl":"https:\/\/www.almega.se\/app\/uploads\/2023\/12\/Dedering_Antje-kopia.png","datePublished":"2023-12-20T10:28:36+00:00","dateModified":"2023-12-20T14:27:28+00:00","author":{"@id":"https:\/\/www.almega.se\/#\/schema\/person\/3c181ea7ead5ab7b14c61584637720f5"},"description":"Dom i vaccinm\u00e5let. Arbetsdomstolen finner att f\u00f6retaget hade r\u00e4tt att med st\u00f6d av arbetsledningsr\u00e4tten fatta beslut om vaccinationspolicyn.","breadcrumb":{"@id":"https:\/\/www.almega.se\/2023\/12\/vinst-for-arbetsgivaren-i-vaccinmal\/#breadcrumb"},"inLanguage":"sv-SE","potentialAction":[{"@type":"ReadAction","target":["https:\/\/www.almega.se\/2023\/12\/vinst-for-arbetsgivaren-i-vaccinmal\/"]}]},{"@type":"ImageObject","inLanguage":"sv-SE","@id":"https:\/\/www.almega.se\/2023\/12\/vinst-for-arbetsgivaren-i-vaccinmal\/#primaryimage","url":"https:\/\/www.almega.se\/app\/uploads\/2023\/12\/Dedering_Antje-kopia.png","contentUrl":"https:\/\/www.almega.se\/app\/uploads\/2023\/12\/Dedering_Antje-kopia.png","width":5568,"height":3712,"caption":"Bild p\u00e5 V\u00e5rdf\u00f6retagarnas f\u00f6rbundsdirekt\u00f6r Antje Dedering"},{"@type":"BreadcrumbList","@id":"https:\/\/www.almega.se\/2023\/12\/vinst-for-arbetsgivaren-i-vaccinmal\/#breadcrumb","itemListElement":[{"@type":"ListItem","position":1,"name":"Home","item":"https:\/\/www.almega.se\/"},{"@type":"ListItem","position":2,"name":"Vinst f\u00f6r arbetsgivaren i vaccinm\u00e5l"}]},{"@type":"WebSite","@id":"https:\/\/www.almega.se\/#website","url":"https:\/\/www.almega.se\/","name":"Almega","description":"","potentialAction":[{"@type":"SearchAction","target":{"@type":"EntryPoint","urlTemplate":"https:\/\/www.almega.se\/?s={search_term_string}"},"query-input":{"@type":"PropertyValueSpecification","valueRequired":true,"valueName":"search_term_string"}}],"inLanguage":"sv-SE"},{"@type":"Person","@id":"https:\/\/www.almega.se\/#\/schema\/person\/3c181ea7ead5ab7b14c61584637720f5","name":"Erik Juhlin","image":{"@type":"ImageObject","inLanguage":"sv-SE","@id":"https:\/\/www.almega.se\/#\/schema\/person\/image\/","url":"https:\/\/secure.gravatar.com\/avatar\/ef0e97454357041724f27ea1630fa5bf78b30eea6fc56998e6a03142ad5b1370?s=96&d=mm&r=g","contentUrl":"https:\/\/secure.gravatar.com\/avatar\/ef0e97454357041724f27ea1630fa5bf78b30eea6fc56998e6a03142ad5b1370?s=96&d=mm&r=g","caption":"Erik Juhlin"},"url":"https:\/\/www.almega.se\/person\/erikjuhlin\/"}]}},"_links":{"self":[{"href":"https:\/\/www.almega.se\/api\/wp\/v2\/posts\/69905","targetHints":{"allow":["GET"]}}],"collection":[{"href":"https:\/\/www.almega.se\/api\/wp\/v2\/posts"}],"about":[{"href":"https:\/\/www.almega.se\/api\/wp\/v2\/types\/post"}],"author":[{"embeddable":true,"href":"https:\/\/www.almega.se\/api\/wp\/v2\/users\/6356"}],"replies":[{"embeddable":true,"href":"https:\/\/www.almega.se\/api\/wp\/v2\/comments?post=69905"}],"version-history":[{"count":22,"href":"https:\/\/www.almega.se\/api\/wp\/v2\/posts\/69905\/revisions"}],"predecessor-version":[{"id":69952,"href":"https:\/\/www.almega.se\/api\/wp\/v2\/posts\/69905\/revisions\/69952"}],"wp:featuredmedia":[{"embeddable":true,"href":"https:\/\/www.almega.se\/api\/wp\/v2\/media\/69931"}],"wp:attachment":[{"href":"https:\/\/www.almega.se\/api\/wp\/v2\/media?parent=69905"}],"wp:term":[{"taxonomy":"category","embeddable":true,"href":"https:\/\/www.almega.se\/api\/wp\/v2\/categories?post=69905"},{"taxonomy":"post_tag","embeddable":true,"href":"https:\/\/www.almega.se\/api\/wp\/v2\/tags?post=69905"},{"taxonomy":"type","embeddable":true,"href":"https:\/\/www.almega.se\/api\/wp\/v2\/article_type?post=69905"},{"taxonomy":"agreement","embeddable":true,"href":"https:\/\/www.almega.se\/api\/wp\/v2\/agreement?post=69905"}],"curies":[{"name":"wp","href":"https:\/\/api.w.org\/{rel}","templated":true}]}}