{"id":69806,"date":"2023-12-18T07:30:00","date_gmt":"2023-12-18T06:30:00","guid":{"rendered":"https:\/\/www.almega.se\/2023\/12\/tjansteindikatorn-mindre-nedgang-an-befarat-men-jobben-blir-farre\/"},"modified":"2024-04-18T16:14:27","modified_gmt":"2024-04-18T14:14:27","slug":"tjansteindikatorn-mindre-nedgang-an-befarat-men-jobben-blir-farre","status":"publish","type":"post","link":"https:\/\/www.almega.se\/2023\/12\/tjansteindikatorn-mindre-nedgang-an-befarat-men-jobben-blir-farre\/","title":{"rendered":"Tj\u00e4nste&shy;indikatorn: Mindre nedg\u00e5ng \u00e4n befarat \u2013 men jobben blir f\u00e4rre"},"content":{"rendered":"\n<p class=\"intro\">Tillv\u00e4xten i tj\u00e4nstesektorn forts\u00e4tter att bromsa in, efterfr\u00e5gan p\u00e5 arbetskraft minskar och varslen \u00f6kar. Detta visar Almegas tj\u00e4nsteindikator. \u201cDet mest positiva \u00e4r att nedg\u00e5ngen \u00e4r mindre \u00e4n befarat\u201d, s\u00e4ger Patrick Joyce chefekonom p\u00e5 Almega.<\/p>\n<p>\u2013 Det tredje kvartalet var ocks\u00e5 det tredje i rad med minskande produktion inom den privata tj\u00e4nstesektorn. Ska man s\u00e4ga n\u00e5got positivt \u00e4r minskningen \u00e5tminstone mindre \u00e4n befarat. Men dessv\u00e4rre talar det mesta f\u00f6r att det kommer forts\u00e4tta ned\u00e5t, s\u00e4ger Patrick Joyce, chefekonom p\u00e5 Almega<\/p>\n<p>Att nedg\u00e5ngen \u00e4r mindre \u00e4n f\u00f6rv\u00e4ntat kan enligt Patrick Joyce f\u00f6rklaras med att efterfr\u00e5gan p\u00e5 flera viktiga f\u00f6retagstj\u00e4nster har h\u00e5llits uppe av stora investeringar inom industrin, ett h\u00f6gt anl\u00e4ggningsbyggande och en stabil tj\u00e4nsteexport.<\/p>\n<p>\u2013 Under tredje kvartalet \u00f6kade produktionen av konsulttj\u00e4nster inom teknik, juridik och ekonomi med 3,3 procent j\u00e4mf\u00f6rt med f\u00f6rra \u00e5ret, b\u00e4st g\u00e5r de tekniska konsulterna. D\u00e4remot mattas Techsektorn av, s\u00e4ger Patrick Joyce.<\/p>\n<p>En annan bransch som har det tufft \u00e4r bemanning, framf\u00f6r allt f\u00f6retag som hyr ut personal till lager och logistik. Branschens oms\u00e4ttning under tredje kvartalet var n\u00e4stan tio procent l\u00e4gre \u00e4n \u00e5ret innan och under det senaste \u00e5ret har 13 000 jobb f\u00f6rsvunnit.<\/p>\n<p>\u2013 Situationen skiljer sig verkligen \u00e5t mellan olika branscher, till exempel har \u00f6ver 10 000 nya jobb skapats bland tekniska konsulter trots den allm\u00e4nna nedg\u00e5ngen, s\u00e4ger Patrick Joyce.<\/p>\n<p>Under det tredje kvartalet var antalet anst\u00e4llda i den privata tj\u00e4nstesektorn, finans och f\u00f6rs\u00e4kring undantagna, 7 300 f\u00e4rre \u00e4n ett \u00e5r tidigare.<\/p>\n<p>\u2013 Den minskade efterfr\u00e5gan p\u00e5 arbetskraft m\u00e4rks ocks\u00e5 tydligt i antalet varsel. Under \u00e5rets f\u00f6rsta elva m\u00e5nader varslades 37 000 personer i tj\u00e4nstesektorn om upps\u00e4gning, en \u00f6kning med 87 procent j\u00e4mf\u00f6rt med \u00e5ret innan, s\u00e4ger Patrick Joyce.<\/p>\n","protected":false},"excerpt":{"rendered":"<p>Tillv\u00e4xten i tj\u00e4nstesektorn forts\u00e4tter att bromsa in, efterfr\u00e5gan p\u00e5 arbetskraft minskar och varslen \u00f6kar. Detta visar Almegas tj\u00e4nsteindikator. \u201cDet mest positiva \u00e4r att nedg\u00e5ngen \u00e4r mindre \u00e4n befarat\u201d, s\u00e4ger Patrick Joyce chefekonom p\u00e5 Almega.<\/p>\n","protected":false},"author":15264,"featured_media":69296,"comment_status":"closed","ping_status":"closed","sticky":false,"template":"","format":"standard","meta":{"_acf_changed":false,"footnotes":""},"categories":[630],"tags":[],"article_type":[93],"agreement":[],"class_list":["post-69806","post","type-post","status-publish","format-standard","has-post-thumbnail","hentry","category-konjunktur","type-pressmeddelanden"],"acf":[],"yoast_head":"<!-- This site is optimized with the Yoast SEO Premium plugin v26.8 (Yoast SEO v26.8) - https:\/\/yoast.com\/product\/yoast-seo-premium-wordpress\/ -->\n<title>Tj\u00e4nsteindikatorn: Mindre nedg\u00e5ng \u00e4n befarat \u2013 men jobben blir f\u00e4rre | Almega<\/title>\n<meta name=\"robots\" content=\"index, follow, max-snippet:-1, max-image-preview:large, max-video-preview:-1\" \/>\n<link rel=\"canonical\" href=\"https:\/\/www.almega.se\/2023\/12\/tjansteindikatorn-mindre-nedgang-an-befarat-men-jobben-blir-farre\/\" \/>\n<meta property=\"og:locale\" content=\"sv_SE\" \/>\n<meta property=\"og:type\" content=\"article\" \/>\n<meta property=\"og:title\" content=\"Tj\u00e4nsteindikatorn: Mindre nedg\u00e5ng \u00e4n befarat \u2013 men jobben blir f\u00e4rre\" \/>\n<meta property=\"og:description\" content=\"Tillv\u00e4xten i tj\u00e4nstesektorn forts\u00e4tter att bromsa in, efterfr\u00e5gan p\u00e5 arbetskraft minskar och varslen \u00f6kar. Detta visar Almegas tj\u00e4nsteindikator. \u201cDet mest positiva \u00e4r att nedg\u00e5ngen \u00e4r mindre \u00e4n befarat\u201d, s\u00e4ger Patrick Joyce chefekonom p\u00e5 Almega.\" \/>\n<meta property=\"og:url\" content=\"https:\/\/www.almega.se\/2023\/12\/tjansteindikatorn-mindre-nedgang-an-befarat-men-jobben-blir-farre\/\" \/>\n<meta property=\"og:site_name\" content=\"Almega\" \/>\n<meta property=\"article:published_time\" content=\"2023-12-18T06:30:00+00:00\" \/>\n<meta property=\"article:modified_time\" content=\"2024-04-18T14:14:27+00:00\" \/>\n<meta property=\"og:image\" content=\"https:\/\/www.almega.se\/app\/uploads\/2023\/12\/76be0dbb-81d8-48d7-938e-a5c83317c5f9-scaled.jpg\" \/>\n\t<meta property=\"og:image:width\" content=\"2560\" \/>\n\t<meta property=\"og:image:height\" content=\"1603\" \/>\n\t<meta property=\"og:image:type\" content=\"image\/jpeg\" \/>\n<meta name=\"author\" content=\"filippaostling\" \/>\n<meta name=\"twitter:card\" content=\"summary_large_image\" \/>\n<meta name=\"twitter:label1\" content=\"Skriven av\" \/>\n\t<meta name=\"twitter:data1\" content=\"filippaostling\" \/>\n\t<meta name=\"twitter:label2\" content=\"Ber\u00e4knad l\u00e4stid\" \/>\n\t<meta name=\"twitter:data2\" content=\"2 minuter\" \/>\n<!-- \/ Yoast SEO Premium plugin. -->","yoast_head_json":{"title":"Tj\u00e4nsteindikatorn: Mindre nedg\u00e5ng \u00e4n befarat \u2013 men jobben blir f\u00e4rre | Almega","robots":{"index":"index","follow":"follow","max-snippet":"max-snippet:-1","max-image-preview":"max-image-preview:large","max-video-preview":"max-video-preview:-1"},"canonical":"https:\/\/www.almega.se\/2023\/12\/tjansteindikatorn-mindre-nedgang-an-befarat-men-jobben-blir-farre\/","og_locale":"sv_SE","og_type":"article","og_title":"Tj\u00e4nsteindikatorn: Mindre nedg\u00e5ng \u00e4n befarat \u2013 men jobben blir f\u00e4rre","og_description":"Tillv\u00e4xten i tj\u00e4nstesektorn forts\u00e4tter att bromsa in, efterfr\u00e5gan p\u00e5 arbetskraft minskar och varslen \u00f6kar. Detta visar Almegas tj\u00e4nsteindikator. \u201cDet mest positiva \u00e4r att nedg\u00e5ngen \u00e4r mindre \u00e4n befarat\u201d, s\u00e4ger Patrick Joyce chefekonom p\u00e5 Almega.","og_url":"https:\/\/www.almega.se\/2023\/12\/tjansteindikatorn-mindre-nedgang-an-befarat-men-jobben-blir-farre\/","og_site_name":"Almega","article_published_time":"2023-12-18T06:30:00+00:00","article_modified_time":"2024-04-18T14:14:27+00:00","og_image":[{"width":2560,"height":1603,"url":"https:\/\/www.almega.se\/app\/uploads\/2023\/12\/76be0dbb-81d8-48d7-938e-a5c83317c5f9-scaled.jpg","type":"image\/jpeg"}],"author":"filippaostling","twitter_card":"summary_large_image","twitter_misc":{"Skriven av":"filippaostling","Ber\u00e4knad l\u00e4stid":"2 minuter"},"schema":{"@context":"https:\/\/schema.org","@graph":[{"@type":"NewsArticle","@id":"https:\/\/www.almega.se\/2023\/12\/tjansteindikatorn-mindre-nedgang-an-befarat-men-jobben-blir-farre\/#article","isPartOf":{"@id":"https:\/\/www.almega.se\/2023\/12\/tjansteindikatorn-mindre-nedgang-an-befarat-men-jobben-blir-farre\/"},"author":{"name":"filippaostling","@id":"https:\/\/www.almega.se\/#\/schema\/person\/6a769e8c64bfc060d97757abccc542a4"},"headline":"Tj\u00e4nste&shy;indikatorn: Mindre nedg\u00e5ng \u00e4n befarat \u2013 men jobben blir f\u00e4rre","datePublished":"2023-12-18T06:30:00+00:00","dateModified":"2024-04-18T14:14:27+00:00","mainEntityOfPage":{"@id":"https:\/\/www.almega.se\/2023\/12\/tjansteindikatorn-mindre-nedgang-an-befarat-men-jobben-blir-farre\/"},"wordCount":329,"image":{"@id":"https:\/\/www.almega.se\/2023\/12\/tjansteindikatorn-mindre-nedgang-an-befarat-men-jobben-blir-farre\/#primaryimage"},"thumbnailUrl":"https:\/\/www.almega.se\/app\/uploads\/2023\/12\/76be0dbb-81d8-48d7-938e-a5c83317c5f9-scaled.jpg","articleSection":["Konjunktur"],"inLanguage":"sv-SE"},{"@type":"WebPage","@id":"https:\/\/www.almega.se\/2023\/12\/tjansteindikatorn-mindre-nedgang-an-befarat-men-jobben-blir-farre\/","url":"https:\/\/www.almega.se\/2023\/12\/tjansteindikatorn-mindre-nedgang-an-befarat-men-jobben-blir-farre\/","name":"Tj\u00e4nsteindikatorn: Mindre nedg\u00e5ng \u00e4n befarat \u2013 men jobben blir f\u00e4rre | Almega","isPartOf":{"@id":"https:\/\/www.almega.se\/#website"},"primaryImageOfPage":{"@id":"https:\/\/www.almega.se\/2023\/12\/tjansteindikatorn-mindre-nedgang-an-befarat-men-jobben-blir-farre\/#primaryimage"},"image":{"@id":"https:\/\/www.almega.se\/2023\/12\/tjansteindikatorn-mindre-nedgang-an-befarat-men-jobben-blir-farre\/#primaryimage"},"thumbnailUrl":"https:\/\/www.almega.se\/app\/uploads\/2023\/12\/76be0dbb-81d8-48d7-938e-a5c83317c5f9-scaled.jpg","datePublished":"2023-12-18T06:30:00+00:00","dateModified":"2024-04-18T14:14:27+00:00","author":{"@id":"https:\/\/www.almega.se\/#\/schema\/person\/6a769e8c64bfc060d97757abccc542a4"},"breadcrumb":{"@id":"https:\/\/www.almega.se\/2023\/12\/tjansteindikatorn-mindre-nedgang-an-befarat-men-jobben-blir-farre\/#breadcrumb"},"inLanguage":"sv-SE","potentialAction":[{"@type":"ReadAction","target":["https:\/\/www.almega.se\/2023\/12\/tjansteindikatorn-mindre-nedgang-an-befarat-men-jobben-blir-farre\/"]}]},{"@type":"ImageObject","inLanguage":"sv-SE","@id":"https:\/\/www.almega.se\/2023\/12\/tjansteindikatorn-mindre-nedgang-an-befarat-men-jobben-blir-farre\/#primaryimage","url":"https:\/\/www.almega.se\/app\/uploads\/2023\/12\/76be0dbb-81d8-48d7-938e-a5c83317c5f9-scaled.jpg","contentUrl":"https:\/\/www.almega.se\/app\/uploads\/2023\/12\/76be0dbb-81d8-48d7-938e-a5c83317c5f9-scaled.jpg","width":2560,"height":1603,"caption":"Patrick Joyce, chefekonom p\u00e5 Almega"},{"@type":"BreadcrumbList","@id":"https:\/\/www.almega.se\/2023\/12\/tjansteindikatorn-mindre-nedgang-an-befarat-men-jobben-blir-farre\/#breadcrumb","itemListElement":[{"@type":"ListItem","position":1,"name":"Home","item":"https:\/\/www.almega.se\/"},{"@type":"ListItem","position":2,"name":"Tj\u00e4nste&shy;indikatorn: Mindre nedg\u00e5ng \u00e4n befarat \u2013 men jobben blir f\u00e4rre"}]},{"@type":"WebSite","@id":"https:\/\/www.almega.se\/#website","url":"https:\/\/www.almega.se\/","name":"Almega","description":"","potentialAction":[{"@type":"SearchAction","target":{"@type":"EntryPoint","urlTemplate":"https:\/\/www.almega.se\/?s={search_term_string}"},"query-input":{"@type":"PropertyValueSpecification","valueRequired":true,"valueName":"search_term_string"}}],"inLanguage":"sv-SE"},{"@type":"Person","@id":"https:\/\/www.almega.se\/#\/schema\/person\/6a769e8c64bfc060d97757abccc542a4","name":"filippaostling","image":{"@type":"ImageObject","inLanguage":"sv-SE","@id":"https:\/\/www.almega.se\/#\/schema\/person\/image\/","url":"https:\/\/secure.gravatar.com\/avatar\/e9de4cc4600aa1657856eb831cc6fdfe64510cceefd71a933b69e2a42ac5b31f?s=96&d=mm&r=g","contentUrl":"https:\/\/secure.gravatar.com\/avatar\/e9de4cc4600aa1657856eb831cc6fdfe64510cceefd71a933b69e2a42ac5b31f?s=96&d=mm&r=g","caption":"filippaostling"},"url":"https:\/\/www.almega.se\/person\/filippaostling\/"}]}},"_links":{"self":[{"href":"https:\/\/www.almega.se\/api\/wp\/v2\/posts\/69806","targetHints":{"allow":["GET"]}}],"collection":[{"href":"https:\/\/www.almega.se\/api\/wp\/v2\/posts"}],"about":[{"href":"https:\/\/www.almega.se\/api\/wp\/v2\/types\/post"}],"author":[{"embeddable":true,"href":"https:\/\/www.almega.se\/api\/wp\/v2\/users\/15264"}],"replies":[{"embeddable":true,"href":"https:\/\/www.almega.se\/api\/wp\/v2\/comments?post=69806"}],"version-history":[{"count":2,"href":"https:\/\/www.almega.se\/api\/wp\/v2\/posts\/69806\/revisions"}],"predecessor-version":[{"id":69912,"href":"https:\/\/www.almega.se\/api\/wp\/v2\/posts\/69806\/revisions\/69912"}],"wp:featuredmedia":[{"embeddable":true,"href":"https:\/\/www.almega.se\/api\/wp\/v2\/media\/69296"}],"wp:attachment":[{"href":"https:\/\/www.almega.se\/api\/wp\/v2\/media?parent=69806"}],"wp:term":[{"taxonomy":"category","embeddable":true,"href":"https:\/\/www.almega.se\/api\/wp\/v2\/categories?post=69806"},{"taxonomy":"post_tag","embeddable":true,"href":"https:\/\/www.almega.se\/api\/wp\/v2\/tags?post=69806"},{"taxonomy":"type","embeddable":true,"href":"https:\/\/www.almega.se\/api\/wp\/v2\/article_type?post=69806"},{"taxonomy":"agreement","embeddable":true,"href":"https:\/\/www.almega.se\/api\/wp\/v2\/agreement?post=69806"}],"curies":[{"name":"wp","href":"https:\/\/api.w.org\/{rel}","templated":true}]}}