{"id":69671,"date":"2023-12-13T13:11:37","date_gmt":"2023-12-13T12:11:37","guid":{"rendered":"https:\/\/www.almega.se\/2023\/12\/dags-for-regeringen-att-satta-ned-foten-om-samhall\/"},"modified":"2024-04-18T16:14:51","modified_gmt":"2024-04-18T14:14:51","slug":"dags-for-regeringen-att-satta-ned-foten-om-samhall","status":"publish","type":"post","link":"https:\/\/www.almega.se\/2023\/12\/dags-for-regeringen-att-satta-ned-foten-om-samhall\/","title":{"rendered":"Dags f\u00f6r regeringen att s\u00e4tta ned foten om Samhall"},"content":{"rendered":"\n<p class=\"intro\">Samhall ska ses \u00f6ver igen. Men formuleringarna i regeringens skrivelse \u00e4r inte \u00f6vertygande, enligt Almega. &#8221;Stor risk f\u00f6r att det bli ytterligare ett slag i luften&#8221;, s\u00e4ger Fredrik \u00d6stbom, n\u00e4ringspolitisk chef p\u00e5 Almega.<\/p>\n<p>Almega och flera medlemsf\u00f6rbund \u00e4r kritiska till regeringens flyktigt formulerade skrivelse om Riksrevisionens rapport om Samhalls samh\u00e4llsuppdrag,\u00a0<a href=\"https:\/\/www.regeringen.se\/contentassets\/595ac47c931d451eb8a3f097b46c5962\/riksrevisionens-rapport-om-samhalls-samhallsuppdrag-skr.-2023-24-51.pdf\">2023\/24:51<\/a>.<\/p>\n<p>\u2013 Risken \u00e4r att en ny \u00f6versyn blir ytterligare ett slag i luften n\u00e4r det kommer till Samhall. Med tanke p\u00e5 de omfattande brister som framkommit har Almega sedan l\u00e4nge efterlyst omfattande f\u00f6r\u00e4ndringar i styrningen av Samhall, s\u00e4ger Fredrik \u00d6stbom, n\u00e4ringspolitisk chef, Almega.<\/p>\n<p>Samhall har varit f\u00f6rem\u00e5l f\u00f6r olika utredningar i \u00f6ver 20 \u00e5rs tid. De flesta granskningar pekar p\u00e5 samma problem, en ineffektivitet i det arbetsmarknadspolitiska systemet f\u00f6r den tillt\u00e4nkta m\u00e5lgruppen. Det har ocks\u00e5 konstaterats att Samhall bedriver en osund konkurrens mot n\u00e4ringslivet.<\/p>\n<p>\u2013 I sin nuvarande form orsakar Samhall en ordenltligt snedvriden konkurrenssituation, bland annat p\u00e5 st\u00e4dmarknaden. Och detta med hj\u00e4lp av statliga medel. Att g\u00f6ra mindre \u00e4ndringar av bolagets avkastningskrav kommer p\u00e5 intet s\u00e4tt f\u00f6r\u00e4ndra Samhalls spelregler, s\u00e4ger Marcus Lindstr\u00f6m, chef, Almega Servicef\u00f6retagen.<\/p>\n<p>Han menar att en ny utredning kr\u00e4ver tydliga och helt\u00e4ckande direktiv, d\u00e4r avsikten \u00e4r att utreda vilken roll ett statligt bolag med detta samh\u00e4llsuppdrag ska spela i den arbetsmarknadspolitiska floran av insatser. Dessutom m\u00e5ste utredningen noga titta p\u00e5 betydelsen av likv\u00e4rdiga villkor och transparens \u00f6ver hur medlen anv\u00e4nds.<\/p>\n<p>\u2013 Vi vet redan idag att Samhall st\u00e5r sig sl\u00e4tt j\u00e4mf\u00f6rt med andra arbetsmarknadspolitiska insatser i form av utvecklande syssels\u00e4ttning f\u00f6r m\u00e5lgruppen. Nu m\u00e5ste regeringen visa prov p\u00e5 handlingskraft och s\u00e4tta ner foten kring Samhall, s\u00e4ger Fredrik \u00d6stbom.<\/p>\n\n","protected":false},"excerpt":{"rendered":"<p>Samhall ska ses \u00f6ver igen. Men formuleringarna i regeringens skrivelse \u00e4r inte \u00f6vertygande, enligt Almega. &#8221;Stor risk f\u00f6r att det bli ytterligare ett slag i luften&#8221;, s\u00e4ger Fredrik \u00d6stbom, n\u00e4ringspolitisk chef p\u00e5 Almega.<\/p>\n","protected":false},"author":6356,"featured_media":69672,"comment_status":"closed","ping_status":"closed","sticky":false,"template":"","format":"standard","meta":{"_acf_changed":false,"footnotes":""},"categories":[607],"tags":[],"article_type":[93],"agreement":[],"class_list":["post-69671","post","type-post","status-publish","format-standard","has-post-thumbnail","hentry","category-osund-konkurrens","type-pressmeddelanden"],"acf":[],"yoast_head":"<!-- This site is optimized with the Yoast SEO Premium plugin v26.8 (Yoast SEO v26.8) - https:\/\/yoast.com\/product\/yoast-seo-premium-wordpress\/ -->\n<title>Dags f\u00f6r regeringen att s\u00e4tta ned foten om Samhall | Almega<\/title>\n<meta name=\"robots\" content=\"index, follow, max-snippet:-1, max-image-preview:large, max-video-preview:-1\" \/>\n<link rel=\"canonical\" href=\"https:\/\/www.almega.se\/2023\/12\/dags-for-regeringen-att-satta-ned-foten-om-samhall\/\" \/>\n<meta property=\"og:locale\" content=\"sv_SE\" \/>\n<meta property=\"og:type\" content=\"article\" \/>\n<meta property=\"og:title\" content=\"Dags f\u00f6r regeringen att s\u00e4tta ned foten om Samhall\" \/>\n<meta property=\"og:description\" content=\"Samhall ska ses \u00f6ver igen. Men formuleringarna i regeringens skrivelse \u00e4r inte \u00f6vertygande, enligt Almega. &quot;Stor risk f\u00f6r att det bli ytterligare ett slag i luften&quot;, s\u00e4ger Fredrik \u00d6stbom, n\u00e4ringspolitisk chef p\u00e5 Almega.\" \/>\n<meta property=\"og:url\" content=\"https:\/\/www.almega.se\/2023\/12\/dags-for-regeringen-att-satta-ned-foten-om-samhall\/\" \/>\n<meta property=\"og:site_name\" content=\"Almega\" \/>\n<meta property=\"article:published_time\" content=\"2023-12-13T12:11:37+00:00\" \/>\n<meta property=\"article:modified_time\" content=\"2024-04-18T14:14:51+00:00\" \/>\n<meta property=\"og:image\" content=\"https:\/\/www.almega.se\/app\/uploads\/2023\/12\/6515b4cc-dbce-4be6-8b61-d00f01c9efdd-scaled.jpg\" \/>\n\t<meta property=\"og:image:width\" content=\"2560\" \/>\n\t<meta property=\"og:image:height\" content=\"1281\" \/>\n\t<meta property=\"og:image:type\" content=\"image\/jpeg\" \/>\n<meta name=\"author\" content=\"Erik Juhlin\" \/>\n<meta name=\"twitter:card\" content=\"summary_large_image\" \/>\n<meta name=\"twitter:label1\" content=\"Skriven av\" \/>\n\t<meta name=\"twitter:data1\" content=\"Erik Juhlin\" \/>\n\t<meta name=\"twitter:label2\" content=\"Ber\u00e4knad l\u00e4stid\" \/>\n\t<meta name=\"twitter:data2\" content=\"2 minuter\" \/>\n<!-- \/ Yoast SEO Premium plugin. -->","yoast_head_json":{"title":"Dags f\u00f6r regeringen att s\u00e4tta ned foten om Samhall | Almega","robots":{"index":"index","follow":"follow","max-snippet":"max-snippet:-1","max-image-preview":"max-image-preview:large","max-video-preview":"max-video-preview:-1"},"canonical":"https:\/\/www.almega.se\/2023\/12\/dags-for-regeringen-att-satta-ned-foten-om-samhall\/","og_locale":"sv_SE","og_type":"article","og_title":"Dags f\u00f6r regeringen att s\u00e4tta ned foten om Samhall","og_description":"Samhall ska ses \u00f6ver igen. Men formuleringarna i regeringens skrivelse \u00e4r inte \u00f6vertygande, enligt Almega. \"Stor risk f\u00f6r att det bli ytterligare ett slag i luften\", s\u00e4ger Fredrik \u00d6stbom, n\u00e4ringspolitisk chef p\u00e5 Almega.","og_url":"https:\/\/www.almega.se\/2023\/12\/dags-for-regeringen-att-satta-ned-foten-om-samhall\/","og_site_name":"Almega","article_published_time":"2023-12-13T12:11:37+00:00","article_modified_time":"2024-04-18T14:14:51+00:00","og_image":[{"width":2560,"height":1281,"url":"https:\/\/www.almega.se\/app\/uploads\/2023\/12\/6515b4cc-dbce-4be6-8b61-d00f01c9efdd-scaled.jpg","type":"image\/jpeg"}],"author":"Erik Juhlin","twitter_card":"summary_large_image","twitter_misc":{"Skriven av":"Erik Juhlin","Ber\u00e4knad l\u00e4stid":"2 minuter"},"schema":{"@context":"https:\/\/schema.org","@graph":[{"@type":"NewsArticle","@id":"https:\/\/www.almega.se\/2023\/12\/dags-for-regeringen-att-satta-ned-foten-om-samhall\/#article","isPartOf":{"@id":"https:\/\/www.almega.se\/2023\/12\/dags-for-regeringen-att-satta-ned-foten-om-samhall\/"},"author":{"name":"Erik Juhlin","@id":"https:\/\/www.almega.se\/#\/schema\/person\/3c181ea7ead5ab7b14c61584637720f5"},"headline":"Dags f\u00f6r regeringen att s\u00e4tta ned foten om Samhall","datePublished":"2023-12-13T12:11:37+00:00","dateModified":"2024-04-18T14:14:51+00:00","mainEntityOfPage":{"@id":"https:\/\/www.almega.se\/2023\/12\/dags-for-regeringen-att-satta-ned-foten-om-samhall\/"},"wordCount":313,"image":{"@id":"https:\/\/www.almega.se\/2023\/12\/dags-for-regeringen-att-satta-ned-foten-om-samhall\/#primaryimage"},"thumbnailUrl":"https:\/\/www.almega.se\/app\/uploads\/2023\/12\/6515b4cc-dbce-4be6-8b61-d00f01c9efdd-scaled.jpg","articleSection":["Osund konkurrens"],"inLanguage":"sv-SE"},{"@type":"WebPage","@id":"https:\/\/www.almega.se\/2023\/12\/dags-for-regeringen-att-satta-ned-foten-om-samhall\/","url":"https:\/\/www.almega.se\/2023\/12\/dags-for-regeringen-att-satta-ned-foten-om-samhall\/","name":"Dags f\u00f6r regeringen att s\u00e4tta ned foten om Samhall | Almega","isPartOf":{"@id":"https:\/\/www.almega.se\/#website"},"primaryImageOfPage":{"@id":"https:\/\/www.almega.se\/2023\/12\/dags-for-regeringen-att-satta-ned-foten-om-samhall\/#primaryimage"},"image":{"@id":"https:\/\/www.almega.se\/2023\/12\/dags-for-regeringen-att-satta-ned-foten-om-samhall\/#primaryimage"},"thumbnailUrl":"https:\/\/www.almega.se\/app\/uploads\/2023\/12\/6515b4cc-dbce-4be6-8b61-d00f01c9efdd-scaled.jpg","datePublished":"2023-12-13T12:11:37+00:00","dateModified":"2024-04-18T14:14:51+00:00","author":{"@id":"https:\/\/www.almega.se\/#\/schema\/person\/3c181ea7ead5ab7b14c61584637720f5"},"breadcrumb":{"@id":"https:\/\/www.almega.se\/2023\/12\/dags-for-regeringen-att-satta-ned-foten-om-samhall\/#breadcrumb"},"inLanguage":"sv-SE","potentialAction":[{"@type":"ReadAction","target":["https:\/\/www.almega.se\/2023\/12\/dags-for-regeringen-att-satta-ned-foten-om-samhall\/"]}]},{"@type":"ImageObject","inLanguage":"sv-SE","@id":"https:\/\/www.almega.se\/2023\/12\/dags-for-regeringen-att-satta-ned-foten-om-samhall\/#primaryimage","url":"https:\/\/www.almega.se\/app\/uploads\/2023\/12\/6515b4cc-dbce-4be6-8b61-d00f01c9efdd-scaled.jpg","contentUrl":"https:\/\/www.almega.se\/app\/uploads\/2023\/12\/6515b4cc-dbce-4be6-8b61-d00f01c9efdd-scaled.jpg","width":2560,"height":1281,"caption":"Fredrik \u00d6stbom, n\u00e4ringspolitisk chef p\u00e5 Almega"},{"@type":"BreadcrumbList","@id":"https:\/\/www.almega.se\/2023\/12\/dags-for-regeringen-att-satta-ned-foten-om-samhall\/#breadcrumb","itemListElement":[{"@type":"ListItem","position":1,"name":"Home","item":"https:\/\/www.almega.se\/"},{"@type":"ListItem","position":2,"name":"Dags f\u00f6r regeringen att s\u00e4tta ned foten om Samhall"}]},{"@type":"WebSite","@id":"https:\/\/www.almega.se\/#website","url":"https:\/\/www.almega.se\/","name":"Almega","description":"","potentialAction":[{"@type":"SearchAction","target":{"@type":"EntryPoint","urlTemplate":"https:\/\/www.almega.se\/?s={search_term_string}"},"query-input":{"@type":"PropertyValueSpecification","valueRequired":true,"valueName":"search_term_string"}}],"inLanguage":"sv-SE"},{"@type":"Person","@id":"https:\/\/www.almega.se\/#\/schema\/person\/3c181ea7ead5ab7b14c61584637720f5","name":"Erik Juhlin","image":{"@type":"ImageObject","inLanguage":"sv-SE","@id":"https:\/\/www.almega.se\/#\/schema\/person\/image\/","url":"https:\/\/secure.gravatar.com\/avatar\/ef0e97454357041724f27ea1630fa5bf78b30eea6fc56998e6a03142ad5b1370?s=96&d=mm&r=g","contentUrl":"https:\/\/secure.gravatar.com\/avatar\/ef0e97454357041724f27ea1630fa5bf78b30eea6fc56998e6a03142ad5b1370?s=96&d=mm&r=g","caption":"Erik Juhlin"},"url":"https:\/\/www.almega.se\/person\/erikjuhlin\/"}]}},"_links":{"self":[{"href":"https:\/\/www.almega.se\/api\/wp\/v2\/posts\/69671","targetHints":{"allow":["GET"]}}],"collection":[{"href":"https:\/\/www.almega.se\/api\/wp\/v2\/posts"}],"about":[{"href":"https:\/\/www.almega.se\/api\/wp\/v2\/types\/post"}],"author":[{"embeddable":true,"href":"https:\/\/www.almega.se\/api\/wp\/v2\/users\/6356"}],"replies":[{"embeddable":true,"href":"https:\/\/www.almega.se\/api\/wp\/v2\/comments?post=69671"}],"version-history":[{"count":1,"href":"https:\/\/www.almega.se\/api\/wp\/v2\/posts\/69671\/revisions"}],"predecessor-version":[{"id":73007,"href":"https:\/\/www.almega.se\/api\/wp\/v2\/posts\/69671\/revisions\/73007"}],"wp:featuredmedia":[{"embeddable":true,"href":"https:\/\/www.almega.se\/api\/wp\/v2\/media\/69672"}],"wp:attachment":[{"href":"https:\/\/www.almega.se\/api\/wp\/v2\/media?parent=69671"}],"wp:term":[{"taxonomy":"category","embeddable":true,"href":"https:\/\/www.almega.se\/api\/wp\/v2\/categories?post=69671"},{"taxonomy":"post_tag","embeddable":true,"href":"https:\/\/www.almega.se\/api\/wp\/v2\/tags?post=69671"},{"taxonomy":"type","embeddable":true,"href":"https:\/\/www.almega.se\/api\/wp\/v2\/article_type?post=69671"},{"taxonomy":"agreement","embeddable":true,"href":"https:\/\/www.almega.se\/api\/wp\/v2\/agreement?post=69671"}],"curies":[{"name":"wp","href":"https:\/\/api.w.org\/{rel}","templated":true}]}}