{"id":69629,"date":"2023-12-13T13:34:21","date_gmt":"2023-12-13T12:34:21","guid":{"rendered":"https:\/\/www.almega.se\/?p=69629"},"modified":"2024-04-24T17:17:03","modified_gmt":"2024-04-24T15:17:03","slug":"regeringens-ai-kommission-glom-inte-halva-sveriges-naringsliv","status":"publish","type":"post","link":"https:\/\/www.almega.se\/2023\/12\/regeringens-ai-kommission-glom-inte-halva-sveriges-naringsliv\/","title":{"rendered":"Regeringens AI-kommission \u2013 gl\u00f6m inte halva Sveriges n\u00e4ringsliv"},"content":{"rendered":"<p class=\"intro\"><span class=\"EOP SCXW44477301 BCX0\" data-ccp-props=\"{&quot;335559739&quot;:160}\">Regeringen har tillsatt en AI-kommission i syfte att st\u00e4rka svensk konkurrenskraft. Bra att regeringen \u00e4ntligen \u00e4r p\u00e5 bollen och arbetar f\u00f6r att tillvarata teknikutvecklingens m\u00f6jligheter. Men i uppdraget riskerar h\u00e4lften av Sveriges n\u00e4ringsliv att gl\u00f6mmas bort.\u00a0<\/span><\/p>\n\n<p><strong>Moa Tivell<\/strong>, n\u00e4ringspolitisk expert med fokus p\u00e5 AI, kommenterar regeringens nytillsatta AI-kommission.<\/p>\n\n\n\n<p>I slutet av f\u00f6rra veckan tillsatte regeringen en ny AI-kommission som ska ledas av <strong>Carl-Henric Svanberg <\/strong>med uppdraget att analysera och komma med konkreta f\u00f6rslag hur artificiell intelligens (AI) kan fr\u00e4mja Sverige som ledande forskningsnation, avancerad industrination och ambiti\u00f6s v\u00e4lf\u00e4rdsnation. Ett uppdrag som d\u00e4rmed helt utesluter tj\u00e4nstesektorn som representerar ungef\u00e4r h\u00e4lften av Sveriges n\u00e4ringsliv.\u00a0\u00a0<\/p>\n\n\n\n<p>V\u00e5r uppmaning till regeringen och ansvarigt statsr\u00e5d, <strong>Erik Slottner <\/strong>\u00e4r d\u00e4rf\u00f6r:\u00a0Gl\u00f6m inte Sveriges tillv\u00e4xtmotor \u2013 tj\u00e4nstesektorn!\u00a0<\/p>\n\n\n<a class='Share__link Share__link--url copy-text' href='#' rel='nofollow' data-text='tjanstesektorn-maste-inkluderas' title='Dela url' data-confirmation='L\u00e4nken kopierades till urklipp'><svg class='icon icon--link'  width='18' height='18' viewBox='0 0 18 18' fill='none' xmlns='http:\/\/www.w3.org\/2000\/svg'>\n            <path d='M10.4142 0.514721L6.87868 4.05025L8.29289 5.46447L11.1213 2.63604L15.364 6.87868L12.5355 9.70711L13.9497 11.1213L17.4853 7.58579C17.8763 7.19476 17.8763 6.5626 17.4853 6.17158L11.8284 0.514721C11.4374 0.123691 10.8052 0.123691 10.4142 0.514721Z' fill='black'\/>\n            <path d='M9.7071 12.5355L6.87868 15.364L2.63604 11.1213L5.46446 8.2929L4.05025 6.87868L0.514716 10.4142C0.123686 10.8052 0.123686 11.4374 0.514716 11.8284L6.17157 17.4853C6.5626 17.8763 7.19475 17.8763 7.58578 17.4853L11.1213 13.9497L9.7071 12.5355Z' fill='black'\/>\n            <path d='M6.17157 11.8284C6.5626 12.2195 7.19475 12.2195 7.58578 11.8284L11.8284 7.58579C12.2195 7.19476 12.2195 6.56261 11.8284 6.17158C11.4374 5.78055 10.8052 5.78055 10.4142 6.17158L6.17157 10.4142C5.78054 10.8052 5.78054 11.4374 6.17157 11.8284Z' fill='black'\/>\n            <\/svg> <\/a>\n<h2 class=\"wp-block-heading\">Tj\u00e4nstesektorn m\u00e5ste inkluderas <\/h2>\n\n\n\n<p>Idag st\u00e5r tj\u00e4nstef\u00f6retagen f\u00f6r ungef\u00e4r h\u00e4lften av Sveriges BNP och h\u00e4lften av alla arbetstillf\u00e4llen. F\u00f6rra \u00e5ret skapades sju av \u00e5tta nytillkomna jobb inom sektorn. Det vill s\u00e4ga inom exempelvis v\u00e5rden, omsorgen, skolan, kommunikationer, tech och inom just de f\u00f6retag som utvecklar den AI som regeringen vill tillvarata.&nbsp;<\/p>\n\n\n\n<p>Tj\u00e4nstesektorn m\u00e5ste d\u00e4rf\u00f6r helt uppenbart inkluderas i AI-kommissionens uppdrag om m\u00e5ls\u00e4ttningen ska uppn\u00e5s om att st\u00e4rka svensk konkurrenskraft och tillv\u00e4xt.&nbsp;&nbsp;<\/p>\n\n\n\n<p>Ett bra steg i r\u00e4tt riktning vore att AI-kommissionens ordf\u00f6rande Carl-Henric Svanberg, som lyfts fram som en betydelsefull representant fr\u00e5n industrin, kompletteras med en vice ordf\u00f6rande fr\u00e5n tj\u00e4nstesektorn.\u00a0<\/p>\n\n\n\n<p>Regeringen beh\u00f6ver inkludera hela det svenska n\u00e4ringslivet i AI-kommissionens viktiga uppdrag \u2013 inte som nu, endast h\u00e4lften.&nbsp;&nbsp;<\/p>\n","protected":false},"excerpt":{"rendered":"<p>Moa Tivell, n\u00e4ringspolitisk expert med fokus p\u00e5 AI, kommenterar regeringens nytillsatta AI-kommission. I slutet av f\u00f6rra veckan tillsatte regeringen en ny AI-kommission som ska ledas av Carl-Henric Svanberg med uppdraget att analysera och komma med &hellip;<\/p>\n","protected":false},"author":15264,"featured_media":69675,"comment_status":"closed","ping_status":"closed","sticky":false,"template":"","format":"standard","meta":{"_acf_changed":false,"footnotes":""},"categories":[692,64,630],"tags":[],"article_type":[55,49],"agreement":[],"class_list":["post-69629","post","type-post","status-publish","format-standard","has-post-thumbnail","hentry","category-ai","category-arbetsmarknad","category-konjunktur","type-artiklar","type-debattartiklar"],"acf":[],"yoast_head":"<!-- This site is optimized with the Yoast SEO Premium plugin v26.8 (Yoast SEO v26.8) - https:\/\/yoast.com\/product\/yoast-seo-premium-wordpress\/ -->\n<title>Regeringens AI-kommission \u2013 gl\u00f6m inte halva Sveriges n\u00e4ringsliv | Almega<\/title>\n<meta name=\"description\" content=\"Regeringen har tillsatt en AI-kommission i syfte att st\u00e4rka svensk konkurrenskraft. Moa Tivell, n\u00e4ringspolitisk expert kommenterar regerings nytillsatta AI-kommission.\u00a0\" \/>\n<meta name=\"robots\" content=\"index, follow, max-snippet:-1, max-image-preview:large, max-video-preview:-1\" \/>\n<link rel=\"canonical\" href=\"https:\/\/www.almega.se\/2023\/12\/regeringens-ai-kommission-glom-inte-halva-sveriges-naringsliv\/\" \/>\n<meta property=\"og:locale\" content=\"sv_SE\" \/>\n<meta property=\"og:type\" content=\"article\" \/>\n<meta property=\"og:title\" content=\"Regeringens AI-kommission \u2013 gl\u00f6m inte halva Sveriges n\u00e4ringsliv\" \/>\n<meta property=\"og:description\" content=\"Regeringen har tillsatt en AI-kommission i syfte att st\u00e4rka svensk konkurrenskraft. Moa Tivell, n\u00e4ringspolitisk expert kommenterar regerings nytillsatta AI-kommission.\u00a0\" \/>\n<meta property=\"og:url\" content=\"https:\/\/www.almega.se\/2023\/12\/regeringens-ai-kommission-glom-inte-halva-sveriges-naringsliv\/\" \/>\n<meta property=\"og:site_name\" content=\"Almega\" \/>\n<meta property=\"article:published_time\" content=\"2023-12-13T12:34:21+00:00\" \/>\n<meta property=\"article:modified_time\" content=\"2024-04-24T15:17:03+00:00\" \/>\n<meta property=\"og:image\" content=\"https:\/\/www.almega.se\/app\/uploads\/2023\/12\/Tivell_Moa_3073-scaled.jpg\" \/>\n\t<meta property=\"og:image:width\" content=\"2560\" \/>\n\t<meta property=\"og:image:height\" content=\"1707\" \/>\n\t<meta property=\"og:image:type\" content=\"image\/jpeg\" \/>\n<meta name=\"author\" content=\"filippaostling\" \/>\n<meta name=\"twitter:card\" content=\"summary_large_image\" \/>\n<meta name=\"twitter:label1\" content=\"Skriven av\" \/>\n\t<meta name=\"twitter:data1\" content=\"filippaostling\" \/>\n\t<meta name=\"twitter:label2\" content=\"Ber\u00e4knad l\u00e4stid\" \/>\n\t<meta name=\"twitter:data2\" content=\"1 minut\" \/>\n<!-- \/ Yoast SEO Premium plugin. -->","yoast_head_json":{"title":"Regeringens AI-kommission \u2013 gl\u00f6m inte halva Sveriges n\u00e4ringsliv | Almega","description":"Regeringen har tillsatt en AI-kommission i syfte att st\u00e4rka svensk konkurrenskraft. Moa Tivell, n\u00e4ringspolitisk expert kommenterar regerings nytillsatta AI-kommission.\u00a0","robots":{"index":"index","follow":"follow","max-snippet":"max-snippet:-1","max-image-preview":"max-image-preview:large","max-video-preview":"max-video-preview:-1"},"canonical":"https:\/\/www.almega.se\/2023\/12\/regeringens-ai-kommission-glom-inte-halva-sveriges-naringsliv\/","og_locale":"sv_SE","og_type":"article","og_title":"Regeringens AI-kommission \u2013 gl\u00f6m inte halva Sveriges n\u00e4ringsliv","og_description":"Regeringen har tillsatt en AI-kommission i syfte att st\u00e4rka svensk konkurrenskraft. Moa Tivell, n\u00e4ringspolitisk expert kommenterar regerings nytillsatta AI-kommission.\u00a0","og_url":"https:\/\/www.almega.se\/2023\/12\/regeringens-ai-kommission-glom-inte-halva-sveriges-naringsliv\/","og_site_name":"Almega","article_published_time":"2023-12-13T12:34:21+00:00","article_modified_time":"2024-04-24T15:17:03+00:00","og_image":[{"width":2560,"height":1707,"url":"https:\/\/www.almega.se\/app\/uploads\/2023\/12\/Tivell_Moa_3073-scaled.jpg","type":"image\/jpeg"}],"author":"filippaostling","twitter_card":"summary_large_image","twitter_misc":{"Skriven av":"filippaostling","Ber\u00e4knad l\u00e4stid":"1 minut"},"schema":{"@context":"https:\/\/schema.org","@graph":[{"@type":"NewsArticle","@id":"https:\/\/www.almega.se\/2023\/12\/regeringens-ai-kommission-glom-inte-halva-sveriges-naringsliv\/#article","isPartOf":{"@id":"https:\/\/www.almega.se\/2023\/12\/regeringens-ai-kommission-glom-inte-halva-sveriges-naringsliv\/"},"author":{"name":"filippaostling","@id":"https:\/\/www.almega.se\/#\/schema\/person\/6a769e8c64bfc060d97757abccc542a4"},"headline":"Regeringens AI-kommission \u2013 gl\u00f6m inte halva Sveriges n\u00e4ringsliv","datePublished":"2023-12-13T12:34:21+00:00","dateModified":"2024-04-24T15:17:03+00:00","mainEntityOfPage":{"@id":"https:\/\/www.almega.se\/2023\/12\/regeringens-ai-kommission-glom-inte-halva-sveriges-naringsliv\/"},"wordCount":261,"image":{"@id":"https:\/\/www.almega.se\/2023\/12\/regeringens-ai-kommission-glom-inte-halva-sveriges-naringsliv\/#primaryimage"},"thumbnailUrl":"https:\/\/www.almega.se\/app\/uploads\/2023\/12\/Tivell_Moa_3073-scaled.jpg","articleSection":["AI","Arbetsmarknad","Konjunktur"],"inLanguage":"sv-SE"},{"@type":"WebPage","@id":"https:\/\/www.almega.se\/2023\/12\/regeringens-ai-kommission-glom-inte-halva-sveriges-naringsliv\/","url":"https:\/\/www.almega.se\/2023\/12\/regeringens-ai-kommission-glom-inte-halva-sveriges-naringsliv\/","name":"Regeringens AI-kommission \u2013 gl\u00f6m inte halva Sveriges n\u00e4ringsliv | Almega","isPartOf":{"@id":"https:\/\/www.almega.se\/#website"},"primaryImageOfPage":{"@id":"https:\/\/www.almega.se\/2023\/12\/regeringens-ai-kommission-glom-inte-halva-sveriges-naringsliv\/#primaryimage"},"image":{"@id":"https:\/\/www.almega.se\/2023\/12\/regeringens-ai-kommission-glom-inte-halva-sveriges-naringsliv\/#primaryimage"},"thumbnailUrl":"https:\/\/www.almega.se\/app\/uploads\/2023\/12\/Tivell_Moa_3073-scaled.jpg","datePublished":"2023-12-13T12:34:21+00:00","dateModified":"2024-04-24T15:17:03+00:00","author":{"@id":"https:\/\/www.almega.se\/#\/schema\/person\/6a769e8c64bfc060d97757abccc542a4"},"description":"Regeringen har tillsatt en AI-kommission i syfte att st\u00e4rka svensk konkurrenskraft. Moa Tivell, n\u00e4ringspolitisk expert kommenterar regerings nytillsatta AI-kommission.\u00a0","breadcrumb":{"@id":"https:\/\/www.almega.se\/2023\/12\/regeringens-ai-kommission-glom-inte-halva-sveriges-naringsliv\/#breadcrumb"},"inLanguage":"sv-SE","potentialAction":[{"@type":"ReadAction","target":["https:\/\/www.almega.se\/2023\/12\/regeringens-ai-kommission-glom-inte-halva-sveriges-naringsliv\/"]}]},{"@type":"ImageObject","inLanguage":"sv-SE","@id":"https:\/\/www.almega.se\/2023\/12\/regeringens-ai-kommission-glom-inte-halva-sveriges-naringsliv\/#primaryimage","url":"https:\/\/www.almega.se\/app\/uploads\/2023\/12\/Tivell_Moa_3073-scaled.jpg","contentUrl":"https:\/\/www.almega.se\/app\/uploads\/2023\/12\/Tivell_Moa_3073-scaled.jpg","width":2560,"height":1707,"caption":"Moa Tivell"},{"@type":"BreadcrumbList","@id":"https:\/\/www.almega.se\/2023\/12\/regeringens-ai-kommission-glom-inte-halva-sveriges-naringsliv\/#breadcrumb","itemListElement":[{"@type":"ListItem","position":1,"name":"Home","item":"https:\/\/www.almega.se\/"},{"@type":"ListItem","position":2,"name":"Regeringens AI-kommission \u2013 gl\u00f6m inte halva Sveriges n\u00e4ringsliv"}]},{"@type":"WebSite","@id":"https:\/\/www.almega.se\/#website","url":"https:\/\/www.almega.se\/","name":"Almega","description":"","potentialAction":[{"@type":"SearchAction","target":{"@type":"EntryPoint","urlTemplate":"https:\/\/www.almega.se\/?s={search_term_string}"},"query-input":{"@type":"PropertyValueSpecification","valueRequired":true,"valueName":"search_term_string"}}],"inLanguage":"sv-SE"},{"@type":"Person","@id":"https:\/\/www.almega.se\/#\/schema\/person\/6a769e8c64bfc060d97757abccc542a4","name":"filippaostling","image":{"@type":"ImageObject","inLanguage":"sv-SE","@id":"https:\/\/www.almega.se\/#\/schema\/person\/image\/","url":"https:\/\/secure.gravatar.com\/avatar\/e9de4cc4600aa1657856eb831cc6fdfe64510cceefd71a933b69e2a42ac5b31f?s=96&d=mm&r=g","contentUrl":"https:\/\/secure.gravatar.com\/avatar\/e9de4cc4600aa1657856eb831cc6fdfe64510cceefd71a933b69e2a42ac5b31f?s=96&d=mm&r=g","caption":"filippaostling"},"url":"https:\/\/www.almega.se\/person\/filippaostling\/"}]}},"_links":{"self":[{"href":"https:\/\/www.almega.se\/api\/wp\/v2\/posts\/69629","targetHints":{"allow":["GET"]}}],"collection":[{"href":"https:\/\/www.almega.se\/api\/wp\/v2\/posts"}],"about":[{"href":"https:\/\/www.almega.se\/api\/wp\/v2\/types\/post"}],"author":[{"embeddable":true,"href":"https:\/\/www.almega.se\/api\/wp\/v2\/users\/15264"}],"replies":[{"embeddable":true,"href":"https:\/\/www.almega.se\/api\/wp\/v2\/comments?post=69629"}],"version-history":[{"count":34,"href":"https:\/\/www.almega.se\/api\/wp\/v2\/posts\/69629\/revisions"}],"predecessor-version":[{"id":73237,"href":"https:\/\/www.almega.se\/api\/wp\/v2\/posts\/69629\/revisions\/73237"}],"wp:featuredmedia":[{"embeddable":true,"href":"https:\/\/www.almega.se\/api\/wp\/v2\/media\/69675"}],"wp:attachment":[{"href":"https:\/\/www.almega.se\/api\/wp\/v2\/media?parent=69629"}],"wp:term":[{"taxonomy":"category","embeddable":true,"href":"https:\/\/www.almega.se\/api\/wp\/v2\/categories?post=69629"},{"taxonomy":"post_tag","embeddable":true,"href":"https:\/\/www.almega.se\/api\/wp\/v2\/tags?post=69629"},{"taxonomy":"type","embeddable":true,"href":"https:\/\/www.almega.se\/api\/wp\/v2\/article_type?post=69629"},{"taxonomy":"agreement","embeddable":true,"href":"https:\/\/www.almega.se\/api\/wp\/v2\/agreement?post=69629"}],"curies":[{"name":"wp","href":"https:\/\/api.w.org\/{rel}","templated":true}]}}