{"id":69295,"date":"2023-12-05T11:02:09","date_gmt":"2023-12-05T10:02:09","guid":{"rendered":"https:\/\/www.almega.se\/2023\/12\/fortsatt-trogt-for-tjanstesektorn\/"},"modified":"2024-04-18T16:15:08","modified_gmt":"2024-04-18T14:15:08","slug":"fortsatt-trogt-for-tjanstesektorn","status":"publish","type":"post","link":"https:\/\/www.almega.se\/2023\/12\/fortsatt-trogt-for-tjanstesektorn\/","title":{"rendered":"Fortsatt tr\u00f6gt f\u00f6r tj\u00e4nstesektorn"},"content":{"rendered":"\n<p class=\"intro\">Tj\u00e4nstekonjunkturen forts\u00e4tter att f\u00f6rsvagas. Nedg\u00e5ngen omfattar alla branscher och nu v\u00e4nder \u00e4ven arbetsmarknaden ned\u00e5t.<\/p>\n<p>\u2013 Tj\u00e4nstef\u00f6retagen kl\u00e4ms av minskad efterfr\u00e5gan fr\u00e5n hush\u00e5llen samtidigt som en svagare export inneb\u00e4r att industrins ink\u00f6p av tj\u00e4nster minskar. Ovanp\u00e5 detta sl\u00e5r raset i byggsektorn h\u00e5rt mot vissa tj\u00e4nstebranscher, s\u00e4ger Patrick Joyce, chefekonom p\u00e5 tj\u00e4nstef\u00f6retagens organisation Almega.<\/p>\n<p>Ink\u00f6pschefsindex (PMI) f\u00f6r den privata tj\u00e4nstesektorn f\u00f6ll i november till 48,3 j\u00e4mf\u00f6rt med 48,5 i oktober. PMI har nu visat fallande produktion i tj\u00e4nstesektorn under \u00e5tta av elva m\u00e5nader hittills i \u00e5r. &nbsp;<\/p>\n<p>\u2013 Orderstocken hos tj\u00e4nstef\u00f6retagen \u00e4r den minsta sedan pandemin. Och den forts\u00e4tter att minska. Detta tyder p\u00e5 att v\u00e4ndpunkten kommer dr\u00f6ja, s\u00e4ger Patrick Joyce.<\/p>\n<p>Enligt ink\u00f6pschefsindex forts\u00e4tter tj\u00e4nstef\u00f6retagen visserligen att nyanst\u00e4lla, trots den fallande konjunkturen. Men andra data som Almega har tillg\u00e5ng till tyder p\u00e5 att arbetsmarknaden redan har v\u00e4nt ned\u00e5t och att tj\u00e4nstef\u00f6retagen nu minskar antalet anst\u00e4llda.<\/p>\n<p>\u2013 Under f\u00f6rra \u00e5ret skapades sju av \u00e5tta nya jobb i den privata tj\u00e4nstesektorn. Under n\u00e4sta \u00e5r kommer jobben i tj\u00e4nstesektorn att bli f\u00e4rre, vilket tyv\u00e4rr inneb\u00e4r att arbetsl\u00f6sheten kommer att stiga markant, s\u00e4ger Patrick Joyce.<\/p>\n","protected":false},"excerpt":{"rendered":"<p>Tj\u00e4nstekonjunkturen forts\u00e4tter att f\u00f6rsvagas. Nedg\u00e5ngen omfattar alla branscher och nu v\u00e4nder \u00e4ven arbetsmarknaden ned\u00e5t.<\/p>\n","protected":false},"author":6356,"featured_media":69296,"comment_status":"closed","ping_status":"closed","sticky":false,"template":"","format":"standard","meta":{"_acf_changed":false,"footnotes":""},"categories":[630],"tags":[],"article_type":[93],"agreement":[],"class_list":["post-69295","post","type-post","status-publish","format-standard","has-post-thumbnail","hentry","category-konjunktur","type-pressmeddelanden"],"acf":[],"yoast_head":"<!-- This site is optimized with the Yoast SEO Premium plugin v26.8 (Yoast SEO v26.8) - https:\/\/yoast.com\/product\/yoast-seo-premium-wordpress\/ -->\n<title>Fortsatt tr\u00f6gt f\u00f6r tj\u00e4nstesektorn | Almega<\/title>\n<meta name=\"robots\" content=\"index, follow, max-snippet:-1, max-image-preview:large, max-video-preview:-1\" \/>\n<link rel=\"canonical\" href=\"https:\/\/www.almega.se\/2023\/12\/fortsatt-trogt-for-tjanstesektorn\/\" \/>\n<meta property=\"og:locale\" content=\"sv_SE\" \/>\n<meta property=\"og:type\" content=\"article\" \/>\n<meta property=\"og:title\" content=\"Fortsatt tr\u00f6gt f\u00f6r tj\u00e4nstesektorn\" \/>\n<meta property=\"og:description\" content=\"Tj\u00e4nstekonjunkturen forts\u00e4tter att f\u00f6rsvagas. Nedg\u00e5ngen omfattar alla branscher och nu v\u00e4nder \u00e4ven arbetsmarknaden ned\u00e5t.\" \/>\n<meta property=\"og:url\" content=\"https:\/\/www.almega.se\/2023\/12\/fortsatt-trogt-for-tjanstesektorn\/\" \/>\n<meta property=\"og:site_name\" content=\"Almega\" \/>\n<meta property=\"article:published_time\" content=\"2023-12-05T10:02:09+00:00\" \/>\n<meta property=\"article:modified_time\" content=\"2024-04-18T14:15:08+00:00\" \/>\n<meta property=\"og:image\" content=\"https:\/\/www.almega.se\/app\/uploads\/2023\/12\/76be0dbb-81d8-48d7-938e-a5c83317c5f9-scaled.jpg\" \/>\n\t<meta property=\"og:image:width\" content=\"2560\" \/>\n\t<meta property=\"og:image:height\" content=\"1603\" \/>\n\t<meta property=\"og:image:type\" content=\"image\/jpeg\" \/>\n<meta name=\"author\" content=\"Erik Juhlin\" \/>\n<meta name=\"twitter:card\" content=\"summary_large_image\" \/>\n<meta name=\"twitter:label1\" content=\"Skriven av\" \/>\n\t<meta name=\"twitter:data1\" content=\"Erik Juhlin\" \/>\n\t<meta name=\"twitter:label2\" content=\"Ber\u00e4knad l\u00e4stid\" \/>\n\t<meta name=\"twitter:data2\" content=\"1 minut\" \/>\n<!-- \/ Yoast SEO Premium plugin. -->","yoast_head_json":{"title":"Fortsatt tr\u00f6gt f\u00f6r tj\u00e4nstesektorn | Almega","robots":{"index":"index","follow":"follow","max-snippet":"max-snippet:-1","max-image-preview":"max-image-preview:large","max-video-preview":"max-video-preview:-1"},"canonical":"https:\/\/www.almega.se\/2023\/12\/fortsatt-trogt-for-tjanstesektorn\/","og_locale":"sv_SE","og_type":"article","og_title":"Fortsatt tr\u00f6gt f\u00f6r tj\u00e4nstesektorn","og_description":"Tj\u00e4nstekonjunkturen forts\u00e4tter att f\u00f6rsvagas. Nedg\u00e5ngen omfattar alla branscher och nu v\u00e4nder \u00e4ven arbetsmarknaden ned\u00e5t.","og_url":"https:\/\/www.almega.se\/2023\/12\/fortsatt-trogt-for-tjanstesektorn\/","og_site_name":"Almega","article_published_time":"2023-12-05T10:02:09+00:00","article_modified_time":"2024-04-18T14:15:08+00:00","og_image":[{"width":2560,"height":1603,"url":"https:\/\/www.almega.se\/app\/uploads\/2023\/12\/76be0dbb-81d8-48d7-938e-a5c83317c5f9-scaled.jpg","type":"image\/jpeg"}],"author":"Erik Juhlin","twitter_card":"summary_large_image","twitter_misc":{"Skriven av":"Erik Juhlin","Ber\u00e4knad l\u00e4stid":"1 minut"},"schema":{"@context":"https:\/\/schema.org","@graph":[{"@type":"NewsArticle","@id":"https:\/\/www.almega.se\/2023\/12\/fortsatt-trogt-for-tjanstesektorn\/#article","isPartOf":{"@id":"https:\/\/www.almega.se\/2023\/12\/fortsatt-trogt-for-tjanstesektorn\/"},"author":{"name":"Erik Juhlin","@id":"https:\/\/www.almega.se\/#\/schema\/person\/3c181ea7ead5ab7b14c61584637720f5"},"headline":"Fortsatt tr\u00f6gt f\u00f6r tj\u00e4nstesektorn","datePublished":"2023-12-05T10:02:09+00:00","dateModified":"2024-04-18T14:15:08+00:00","mainEntityOfPage":{"@id":"https:\/\/www.almega.se\/2023\/12\/fortsatt-trogt-for-tjanstesektorn\/"},"wordCount":236,"image":{"@id":"https:\/\/www.almega.se\/2023\/12\/fortsatt-trogt-for-tjanstesektorn\/#primaryimage"},"thumbnailUrl":"https:\/\/www.almega.se\/app\/uploads\/2023\/12\/76be0dbb-81d8-48d7-938e-a5c83317c5f9-scaled.jpg","articleSection":["Konjunktur"],"inLanguage":"sv-SE"},{"@type":"WebPage","@id":"https:\/\/www.almega.se\/2023\/12\/fortsatt-trogt-for-tjanstesektorn\/","url":"https:\/\/www.almega.se\/2023\/12\/fortsatt-trogt-for-tjanstesektorn\/","name":"Fortsatt tr\u00f6gt f\u00f6r tj\u00e4nstesektorn | Almega","isPartOf":{"@id":"https:\/\/www.almega.se\/#website"},"primaryImageOfPage":{"@id":"https:\/\/www.almega.se\/2023\/12\/fortsatt-trogt-for-tjanstesektorn\/#primaryimage"},"image":{"@id":"https:\/\/www.almega.se\/2023\/12\/fortsatt-trogt-for-tjanstesektorn\/#primaryimage"},"thumbnailUrl":"https:\/\/www.almega.se\/app\/uploads\/2023\/12\/76be0dbb-81d8-48d7-938e-a5c83317c5f9-scaled.jpg","datePublished":"2023-12-05T10:02:09+00:00","dateModified":"2024-04-18T14:15:08+00:00","author":{"@id":"https:\/\/www.almega.se\/#\/schema\/person\/3c181ea7ead5ab7b14c61584637720f5"},"breadcrumb":{"@id":"https:\/\/www.almega.se\/2023\/12\/fortsatt-trogt-for-tjanstesektorn\/#breadcrumb"},"inLanguage":"sv-SE","potentialAction":[{"@type":"ReadAction","target":["https:\/\/www.almega.se\/2023\/12\/fortsatt-trogt-for-tjanstesektorn\/"]}]},{"@type":"ImageObject","inLanguage":"sv-SE","@id":"https:\/\/www.almega.se\/2023\/12\/fortsatt-trogt-for-tjanstesektorn\/#primaryimage","url":"https:\/\/www.almega.se\/app\/uploads\/2023\/12\/76be0dbb-81d8-48d7-938e-a5c83317c5f9-scaled.jpg","contentUrl":"https:\/\/www.almega.se\/app\/uploads\/2023\/12\/76be0dbb-81d8-48d7-938e-a5c83317c5f9-scaled.jpg","width":2560,"height":1603,"caption":"Patrick Joyce, chefekonom p\u00e5 Almega"},{"@type":"BreadcrumbList","@id":"https:\/\/www.almega.se\/2023\/12\/fortsatt-trogt-for-tjanstesektorn\/#breadcrumb","itemListElement":[{"@type":"ListItem","position":1,"name":"Home","item":"https:\/\/www.almega.se\/"},{"@type":"ListItem","position":2,"name":"Fortsatt tr\u00f6gt f\u00f6r tj\u00e4nstesektorn"}]},{"@type":"WebSite","@id":"https:\/\/www.almega.se\/#website","url":"https:\/\/www.almega.se\/","name":"Almega","description":"","potentialAction":[{"@type":"SearchAction","target":{"@type":"EntryPoint","urlTemplate":"https:\/\/www.almega.se\/?s={search_term_string}"},"query-input":{"@type":"PropertyValueSpecification","valueRequired":true,"valueName":"search_term_string"}}],"inLanguage":"sv-SE"},{"@type":"Person","@id":"https:\/\/www.almega.se\/#\/schema\/person\/3c181ea7ead5ab7b14c61584637720f5","name":"Erik Juhlin","image":{"@type":"ImageObject","inLanguage":"sv-SE","@id":"https:\/\/www.almega.se\/#\/schema\/person\/image\/","url":"https:\/\/secure.gravatar.com\/avatar\/ef0e97454357041724f27ea1630fa5bf78b30eea6fc56998e6a03142ad5b1370?s=96&d=mm&r=g","contentUrl":"https:\/\/secure.gravatar.com\/avatar\/ef0e97454357041724f27ea1630fa5bf78b30eea6fc56998e6a03142ad5b1370?s=96&d=mm&r=g","caption":"Erik Juhlin"},"url":"https:\/\/www.almega.se\/person\/erikjuhlin\/"}]}},"_links":{"self":[{"href":"https:\/\/www.almega.se\/api\/wp\/v2\/posts\/69295","targetHints":{"allow":["GET"]}}],"collection":[{"href":"https:\/\/www.almega.se\/api\/wp\/v2\/posts"}],"about":[{"href":"https:\/\/www.almega.se\/api\/wp\/v2\/types\/post"}],"author":[{"embeddable":true,"href":"https:\/\/www.almega.se\/api\/wp\/v2\/users\/6356"}],"replies":[{"embeddable":true,"href":"https:\/\/www.almega.se\/api\/wp\/v2\/comments?post=69295"}],"version-history":[{"count":1,"href":"https:\/\/www.almega.se\/api\/wp\/v2\/posts\/69295\/revisions"}],"predecessor-version":[{"id":73008,"href":"https:\/\/www.almega.se\/api\/wp\/v2\/posts\/69295\/revisions\/73008"}],"wp:featuredmedia":[{"embeddable":true,"href":"https:\/\/www.almega.se\/api\/wp\/v2\/media\/69296"}],"wp:attachment":[{"href":"https:\/\/www.almega.se\/api\/wp\/v2\/media?parent=69295"}],"wp:term":[{"taxonomy":"category","embeddable":true,"href":"https:\/\/www.almega.se\/api\/wp\/v2\/categories?post=69295"},{"taxonomy":"post_tag","embeddable":true,"href":"https:\/\/www.almega.se\/api\/wp\/v2\/tags?post=69295"},{"taxonomy":"type","embeddable":true,"href":"https:\/\/www.almega.se\/api\/wp\/v2\/article_type?post=69295"},{"taxonomy":"agreement","embeddable":true,"href":"https:\/\/www.almega.se\/api\/wp\/v2\/agreement?post=69295"}],"curies":[{"name":"wp","href":"https:\/\/api.w.org\/{rel}","templated":true}]}}