{"id":69098,"date":"2023-06-30T13:42:00","date_gmt":"2023-06-30T11:42:00","guid":{"rendered":"https:\/\/www.almega.se\/?p=69098"},"modified":"2023-12-06T14:37:17","modified_gmt":"2023-12-06T13:37:17","slug":"finansministern-glom-inte-tjansteforetagen","status":"publish","type":"post","link":"https:\/\/www.almega.se\/2023\/06\/finansministern-glom-inte-tjansteforetagen\/","title":{"rendered":"Gl\u00f6m inte tj\u00e4nste&shy;f\u00f6retagen, finans&shy;ministern!"},"content":{"rendered":"<p class=\"intro\">Den 27 juni publicerade Dagens industri en\u00a0intervju\u00a0med finansminister Elisabeth Svantesson d\u00e4r temat var att st\u00e4rka Sverige som industrination.<\/p>\n\n<p><a href=\"https:\/\/www.di.se\/nyheter\/svantesson-vi-behover-starka-sverige-som-industrination\/\" target=\"_blank\" rel=\"noreferrer noopener\">I artikeln kommenterar<\/a> finansministern att det beh\u00f6vs mer investeringar i infrastruktur och annonserar att investerare och industrif\u00f6retr\u00e4dare kommer att bjudas in till ett m\u00f6te under h\u00f6sten. Almega delar bilden att mer satsningar beh\u00f6vs, men det \u00e4r olyckligt att finansministern ensidigt lyfter industrin, och inte Sveriges tj\u00e4nstef\u00f6retag. Digitaliseringen och den gr\u00f6na omst\u00e4llningen inneb\u00e4r stora m\u00f6jligheter f\u00f6r Sverige. Men f\u00f6r att ta vara p\u00e5 m\u00f6jligheterna \u00e4r b\u00e5de industrin och Sveriges tj\u00e4nstef\u00f6retag lika viktiga.&nbsp;<\/p>\n\n\n\n<p>Tj\u00e4nstef\u00f6retagen har skapat sex av tio nya jobb det senaste decenniet. Genom s\u00e4nkta arbetsgivaravgifter, \u00e5tg\u00e4rder f\u00f6r att underl\u00e4tta omst\u00e4llning och utbildning, och b\u00e4ttre matchning p\u00e5 arbetsmarknaden kan vi skapa fler jobb och \u00f6ka den ekonomiska tillv\u00e4xten. Det skulle tj\u00e4nstef\u00f6retagen, industrif\u00f6retagen och hela Sverige st\u00e4rkas av.<\/p>\n\n\n\n<h3 class=\"wp-block-heading\"><strong>Stora utmaningar<\/strong><\/h3>\n\n\n\n<p>Sverige har l\u00e4gst tillv\u00e4xt i EU och en j\u00e4mviktsarbetsl\u00f6shet kring sju procent. Utan b\u00e4ttre ekonomisk tillv\u00e4xt s\u00e5 kommer vi inte att kunna l\u00f6sa vare sig klimat-, industri- eller integrationsfr\u00e5gan. En v\u00e4xande ekonomi \u00e4r en f\u00f6ruts\u00e4ttning f\u00f6r allt annat.<\/p>\n\n\n\n<h3 class=\"wp-block-heading\"><strong>Sverige kan inte v\u00e4nta&nbsp;<\/strong><\/h3>\n\n\n\n<p>Diskussionen om tillv\u00e4xt, syssels\u00e4ttning och kompetensf\u00f6rs\u00f6rjning har kommit i skymundan, och har prioriterats ned, f\u00f6r att andra akuta fr\u00e5gor har tagit allt syre i debatten. Och under tiden har utmaningarna vuxit sig st\u00f6rre.&nbsp;Det m\u00e5ste vi \u00e4ndra p\u00e5. Sverige \u00e4r nu i stort behov av kraftfulla reformer f\u00f6r att f\u00e5 fart p\u00e5 tillv\u00e4xt, jobbskapande och investeringar.<\/p>\n\n\n\n<p>Sverige kan inte v\u00e4nta och regeringen m\u00e5ste f\u00f6rm\u00e5 att agera p\u00e5 flera utmaningar samtidigt. Det beh\u00f6vs klok politik f\u00f6r att st\u00e4rka villkoren f\u00f6r b\u00e5de industrin och tj\u00e4nstef\u00f6retagen. Med r\u00e4tt f\u00f6ruts\u00e4ttningar kan tj\u00e4nstef\u00f6retagen vara med och f\u00e5 fart p\u00e5 tillv\u00e4xt och jobbskapande.<\/p>\n\n\n\n<p><a href=\"https:\/\/www.di.se\/nyheter\/svantesson-vi-behover-starka-sverige-som-industrination\/\" target=\"_blank\" rel=\"noreferrer noopener\"><strong><mark style=\"background-color:rgba(0, 0, 0, 0)\" class=\"has-inline-color has-black-color\">L\u00e4s hela artikeln i Dagens Industri.<\/mark><\/strong><\/a><\/p>\n","protected":false},"excerpt":{"rendered":"<p>Den 27 juni publicerade Dagens industri en\u00a0intervju\u00a0med finansminister Elisabeth Svantesson d\u00e4r temat var att st\u00e4rka Sverige som industrination.<\/p>\n","protected":false},"author":15264,"featured_media":65108,"comment_status":"closed","ping_status":"closed","sticky":false,"template":"","format":"standard","meta":{"_acf_changed":false,"footnotes":""},"categories":[581],"tags":[686],"article_type":[55],"agreement":[],"class_list":["post-69098","post","type-post","status-publish","format-standard","has-post-thumbnail","hentry","category-tjanstesektorns-betydelse","tag-sverigekanintevanta","type-artiklar"],"acf":[],"yoast_head":"<!-- This site is optimized with the Yoast SEO Premium plugin v26.8 (Yoast SEO v26.8) - https:\/\/yoast.com\/product\/yoast-seo-premium-wordpress\/ -->\n<title>Gl\u00f6m inte tj\u00e4nstef\u00f6retagen, finansministern! | Almega<\/title>\n<meta name=\"robots\" content=\"index, follow, max-snippet:-1, max-image-preview:large, max-video-preview:-1\" \/>\n<link rel=\"canonical\" href=\"https:\/\/www.almega.se\/2023\/06\/finansministern-glom-inte-tjansteforetagen\/\" \/>\n<meta property=\"og:locale\" content=\"sv_SE\" \/>\n<meta property=\"og:type\" content=\"article\" \/>\n<meta property=\"og:title\" content=\"Gl\u00f6m inte tj\u00e4nstef\u00f6retagen, finansministern!\" \/>\n<meta property=\"og:description\" content=\"Den 27 juni publicerade Dagens industri en\u00a0intervju\u00a0med finansminister Elisabeth Svantesson d\u00e4r temat var att st\u00e4rka Sverige som industrination.\" \/>\n<meta property=\"og:url\" content=\"https:\/\/www.almega.se\/2023\/06\/finansministern-glom-inte-tjansteforetagen\/\" \/>\n<meta property=\"og:site_name\" content=\"Almega\" \/>\n<meta property=\"article:published_time\" content=\"2023-06-30T11:42:00+00:00\" \/>\n<meta property=\"article:modified_time\" content=\"2023-12-06T13:37:17+00:00\" \/>\n<meta property=\"og:image\" content=\"https:\/\/www.almega.se\/app\/uploads\/2023\/06\/Tomt-kontor.jpg\" \/>\n\t<meta property=\"og:image:width\" content=\"640\" \/>\n\t<meta property=\"og:image:height\" content=\"427\" \/>\n\t<meta property=\"og:image:type\" content=\"image\/jpeg\" \/>\n<meta name=\"author\" content=\"filippaostling\" \/>\n<meta name=\"twitter:card\" content=\"summary_large_image\" \/>\n<meta name=\"twitter:label1\" content=\"Skriven av\" \/>\n\t<meta name=\"twitter:data1\" content=\"filippaostling\" \/>\n\t<meta name=\"twitter:label2\" content=\"Ber\u00e4knad l\u00e4stid\" \/>\n\t<meta name=\"twitter:data2\" content=\"2 minuter\" \/>\n<!-- \/ Yoast SEO Premium plugin. -->","yoast_head_json":{"title":"Gl\u00f6m inte tj\u00e4nstef\u00f6retagen, finansministern! | Almega","robots":{"index":"index","follow":"follow","max-snippet":"max-snippet:-1","max-image-preview":"max-image-preview:large","max-video-preview":"max-video-preview:-1"},"canonical":"https:\/\/www.almega.se\/2023\/06\/finansministern-glom-inte-tjansteforetagen\/","og_locale":"sv_SE","og_type":"article","og_title":"Gl\u00f6m inte tj\u00e4nstef\u00f6retagen, finansministern!","og_description":"Den 27 juni publicerade Dagens industri en\u00a0intervju\u00a0med finansminister Elisabeth Svantesson d\u00e4r temat var att st\u00e4rka Sverige som industrination.","og_url":"https:\/\/www.almega.se\/2023\/06\/finansministern-glom-inte-tjansteforetagen\/","og_site_name":"Almega","article_published_time":"2023-06-30T11:42:00+00:00","article_modified_time":"2023-12-06T13:37:17+00:00","og_image":[{"width":640,"height":427,"url":"https:\/\/www.almega.se\/app\/uploads\/2023\/06\/Tomt-kontor.jpg","type":"image\/jpeg"}],"author":"filippaostling","twitter_card":"summary_large_image","twitter_misc":{"Skriven av":"filippaostling","Ber\u00e4knad l\u00e4stid":"2 minuter"},"schema":{"@context":"https:\/\/schema.org","@graph":[{"@type":"NewsArticle","@id":"https:\/\/www.almega.se\/2023\/06\/finansministern-glom-inte-tjansteforetagen\/#article","isPartOf":{"@id":"https:\/\/www.almega.se\/2023\/06\/finansministern-glom-inte-tjansteforetagen\/"},"author":{"name":"filippaostling","@id":"https:\/\/www.almega.se\/#\/schema\/person\/6a769e8c64bfc060d97757abccc542a4"},"headline":"Gl\u00f6m inte tj\u00e4nste&shy;f\u00f6retagen, finans&shy;ministern!","datePublished":"2023-06-30T11:42:00+00:00","dateModified":"2023-12-06T13:37:17+00:00","mainEntityOfPage":{"@id":"https:\/\/www.almega.se\/2023\/06\/finansministern-glom-inte-tjansteforetagen\/"},"wordCount":344,"image":{"@id":"https:\/\/www.almega.se\/2023\/06\/finansministern-glom-inte-tjansteforetagen\/#primaryimage"},"thumbnailUrl":"https:\/\/www.almega.se\/app\/uploads\/2023\/06\/Tomt-kontor.jpg","keywords":["Sverige kan inte v\u00e4nta"],"articleSection":["Tj\u00e4nstesektorns betydelse"],"inLanguage":"sv-SE"},{"@type":"WebPage","@id":"https:\/\/www.almega.se\/2023\/06\/finansministern-glom-inte-tjansteforetagen\/","url":"https:\/\/www.almega.se\/2023\/06\/finansministern-glom-inte-tjansteforetagen\/","name":"Gl\u00f6m inte tj\u00e4nstef\u00f6retagen, finansministern! | Almega","isPartOf":{"@id":"https:\/\/www.almega.se\/#website"},"primaryImageOfPage":{"@id":"https:\/\/www.almega.se\/2023\/06\/finansministern-glom-inte-tjansteforetagen\/#primaryimage"},"image":{"@id":"https:\/\/www.almega.se\/2023\/06\/finansministern-glom-inte-tjansteforetagen\/#primaryimage"},"thumbnailUrl":"https:\/\/www.almega.se\/app\/uploads\/2023\/06\/Tomt-kontor.jpg","datePublished":"2023-06-30T11:42:00+00:00","dateModified":"2023-12-06T13:37:17+00:00","author":{"@id":"https:\/\/www.almega.se\/#\/schema\/person\/6a769e8c64bfc060d97757abccc542a4"},"breadcrumb":{"@id":"https:\/\/www.almega.se\/2023\/06\/finansministern-glom-inte-tjansteforetagen\/#breadcrumb"},"inLanguage":"sv-SE","potentialAction":[{"@type":"ReadAction","target":["https:\/\/www.almega.se\/2023\/06\/finansministern-glom-inte-tjansteforetagen\/"]}]},{"@type":"ImageObject","inLanguage":"sv-SE","@id":"https:\/\/www.almega.se\/2023\/06\/finansministern-glom-inte-tjansteforetagen\/#primaryimage","url":"https:\/\/www.almega.se\/app\/uploads\/2023\/06\/Tomt-kontor.jpg","contentUrl":"https:\/\/www.almega.se\/app\/uploads\/2023\/06\/Tomt-kontor.jpg","width":640,"height":427,"caption":"Conference table in empty office meeting room"},{"@type":"BreadcrumbList","@id":"https:\/\/www.almega.se\/2023\/06\/finansministern-glom-inte-tjansteforetagen\/#breadcrumb","itemListElement":[{"@type":"ListItem","position":1,"name":"Home","item":"https:\/\/www.almega.se\/"},{"@type":"ListItem","position":2,"name":"Gl\u00f6m inte tj\u00e4nste&shy;f\u00f6retagen, finans&shy;ministern!"}]},{"@type":"WebSite","@id":"https:\/\/www.almega.se\/#website","url":"https:\/\/www.almega.se\/","name":"Almega","description":"","potentialAction":[{"@type":"SearchAction","target":{"@type":"EntryPoint","urlTemplate":"https:\/\/www.almega.se\/?s={search_term_string}"},"query-input":{"@type":"PropertyValueSpecification","valueRequired":true,"valueName":"search_term_string"}}],"inLanguage":"sv-SE"},{"@type":"Person","@id":"https:\/\/www.almega.se\/#\/schema\/person\/6a769e8c64bfc060d97757abccc542a4","name":"filippaostling","image":{"@type":"ImageObject","inLanguage":"sv-SE","@id":"https:\/\/www.almega.se\/#\/schema\/person\/image\/","url":"https:\/\/secure.gravatar.com\/avatar\/e9de4cc4600aa1657856eb831cc6fdfe64510cceefd71a933b69e2a42ac5b31f?s=96&d=mm&r=g","contentUrl":"https:\/\/secure.gravatar.com\/avatar\/e9de4cc4600aa1657856eb831cc6fdfe64510cceefd71a933b69e2a42ac5b31f?s=96&d=mm&r=g","caption":"filippaostling"},"url":"https:\/\/www.almega.se\/person\/filippaostling\/"}]}},"_links":{"self":[{"href":"https:\/\/www.almega.se\/api\/wp\/v2\/posts\/69098","targetHints":{"allow":["GET"]}}],"collection":[{"href":"https:\/\/www.almega.se\/api\/wp\/v2\/posts"}],"about":[{"href":"https:\/\/www.almega.se\/api\/wp\/v2\/types\/post"}],"author":[{"embeddable":true,"href":"https:\/\/www.almega.se\/api\/wp\/v2\/users\/15264"}],"replies":[{"embeddable":true,"href":"https:\/\/www.almega.se\/api\/wp\/v2\/comments?post=69098"}],"version-history":[{"count":14,"href":"https:\/\/www.almega.se\/api\/wp\/v2\/posts\/69098\/revisions"}],"predecessor-version":[{"id":69115,"href":"https:\/\/www.almega.se\/api\/wp\/v2\/posts\/69098\/revisions\/69115"}],"wp:featuredmedia":[{"embeddable":true,"href":"https:\/\/www.almega.se\/api\/wp\/v2\/media\/65108"}],"wp:attachment":[{"href":"https:\/\/www.almega.se\/api\/wp\/v2\/media?parent=69098"}],"wp:term":[{"taxonomy":"category","embeddable":true,"href":"https:\/\/www.almega.se\/api\/wp\/v2\/categories?post=69098"},{"taxonomy":"post_tag","embeddable":true,"href":"https:\/\/www.almega.se\/api\/wp\/v2\/tags?post=69098"},{"taxonomy":"type","embeddable":true,"href":"https:\/\/www.almega.se\/api\/wp\/v2\/article_type?post=69098"},{"taxonomy":"agreement","embeddable":true,"href":"https:\/\/www.almega.se\/api\/wp\/v2\/agreement?post=69098"}],"curies":[{"name":"wp","href":"https:\/\/api.w.org\/{rel}","templated":true}]}}