{"id":68927,"date":"2023-11-22T13:44:20","date_gmt":"2023-11-22T12:44:20","guid":{"rendered":"https:\/\/www.almega.se\/?p=68927"},"modified":"2023-11-22T13:44:21","modified_gmt":"2023-11-22T12:44:21","slug":"kollektivavtal-ar-inte-en-vat-filt","status":"publish","type":"post","link":"https:\/\/www.almega.se\/2023\/11\/kollektivavtal-ar-inte-en-vat-filt\/","title":{"rendered":"&#8221;Kollektivavtal \u00e4r inte en v\u00e5t filt&#8221;"},"content":{"rendered":"<p class=\"intro\">Det \u00e4r h\u00f6g tid f\u00f6r n\u00e4sta systemskifte med en ny partsmodell skriver Almega och Ledarna i en gemensam debattartikel p\u00e5 Dagens Industri.<\/p>\n\n<p>\u201dLedarna och Almega f\u00f6rst\u00e5r att kollektivavtalen m\u00e5ste anpassas. Det beh\u00f6ver utvecklas h\u00e5llbar och flexibla avtal som tar h\u00e4nsyn till dagens specifika behov\u201d.<\/p>\n\n\n\n<p>Det skriver <strong>Ann \u00d6berg<\/strong>, vd Almega, och <strong>Andreas Miller<\/strong>, f\u00f6rbundsordf\u00f6rande Ledarna, <a href=\"https:\/\/www.di.se\/debatt\/kollektivavtal-ar-inte-en-vat-filt\/\" target=\"_blank\" rel=\"noreferrer noopener\">i en debattartikel p\u00e5 Dagens Industri 22\/11.<\/a><\/p>\n\n\n\n<p>Tack vare kollektivavtal har vi en v\u00e4lfungerande arbetsmarknad i Sverige och fredsplikt s\u00e5 att f\u00f6retag slipper hantera konflikter. Men m\u00e5nga unga innovativa f\u00f6retag menar att kollektivavtal inte motsvarar de villkor och f\u00f6rm\u00e5ner som de anst\u00e4llda redan har.&nbsp;<\/p>\n\n\n\n<p>\u201dOm de nya f\u00f6retagen inte tycker att den svenska modellen tillf\u00f6r n\u00e5got, varken f\u00f6r \u00e4gare eller medarbetare, \u00e4r det modellen som m\u00e5ste \u00e4ndras. I st\u00e4llet f\u00f6r att reflexm\u00e4ssigt rygga tillbaka ber vi er att ta chansen att utveckla en partsmodell som syftar till f\u00e4rre konflikter, b\u00e4ttre arbetsvillkor, en h\u00e5llbar arbetsmarknad, mer fokus p\u00e5 k\u00e4rnverksamheten och \u00f6kad konkurrenskraft. Vad har ni att f\u00f6rlora?\u201d, skriver Almega och Ledarna.\u00a0<\/p>\n\n\n\n      <a href=\"https:\/\/www.di.se\/debatt\/kollektivavtal-ar-inte-en-vat-filt\/\" target=\"_blank\" class=\"Button is-text Button--arrow-tip\">\n      \n        L\u00e4s hela artikeln p\u00e5 DI Debatt Industri\n      \n      \n                \n                <svg class='icon icon--arrow-tip'  width=\"11\" height=\"16\" viewBox=\"0 0 11 16\" fill=\"none\" xmlns=\"http:\/\/www.w3.org\/2000\/svg\">\n<path d=\"M0.858398 15L9.2304 7.99664L0.967732 1.00001\" stroke=\"black\" stroke-width=\"2\" stroke-miterlimit=\"10\"\/>\n<\/svg>\n\n        \n    <\/a>\n  \n","protected":false},"excerpt":{"rendered":"<p>Det \u00e4r h\u00f6g tid f\u00f6r n\u00e4sta systemskifte med en ny partsmodell skriver Almega och Ledarna i en gemensam debattartikel p\u00e5 Dagens Industri.<\/p>\n","protected":false},"author":15264,"featured_media":40588,"comment_status":"closed","ping_status":"closed","sticky":false,"template":"","format":"standard","meta":{"_acf_changed":false,"footnotes":""},"categories":[64],"tags":[],"article_type":[56],"agreement":[],"class_list":["post-68927","post","type-post","status-publish","format-standard","has-post-thumbnail","hentry","category-arbetsmarknad","type-nyheter"],"acf":[],"yoast_head":"<!-- This site is optimized with the Yoast SEO Premium plugin v26.8 (Yoast SEO v26.8) - https:\/\/yoast.com\/product\/yoast-seo-premium-wordpress\/ -->\n<title>&quot;Kollektivavtal \u00e4r inte en v\u00e5t filt&quot; | Almega<\/title>\n<meta name=\"description\" content=\"Det \u00e4r h\u00f6g tid f\u00f6r n\u00e4sta systemskifte med en ny partsmodell skriver Almega och Ledarna i en gemensam debattartikel p\u00e5 Dagens Industri.\" \/>\n<meta name=\"robots\" content=\"index, follow, max-snippet:-1, max-image-preview:large, max-video-preview:-1\" \/>\n<link rel=\"canonical\" href=\"https:\/\/www.almega.se\/2023\/11\/kollektivavtal-ar-inte-en-vat-filt\/\" \/>\n<meta property=\"og:locale\" content=\"sv_SE\" \/>\n<meta property=\"og:type\" content=\"article\" \/>\n<meta property=\"og:title\" content=\"&quot;Kollektivavtal \u00e4r inte en v\u00e5t filt&quot;\" \/>\n<meta property=\"og:description\" content=\"Det \u00e4r h\u00f6g tid f\u00f6r n\u00e4sta systemskifte med en ny partsmodell skriver Almega och Ledarna i en gemensam debattartikel p\u00e5 Dagens Industri.\" \/>\n<meta property=\"og:url\" content=\"https:\/\/www.almega.se\/2023\/11\/kollektivavtal-ar-inte-en-vat-filt\/\" \/>\n<meta property=\"og:site_name\" content=\"Almega\" \/>\n<meta property=\"article:published_time\" content=\"2023-11-22T12:44:20+00:00\" \/>\n<meta property=\"article:modified_time\" content=\"2023-11-22T12:44:21+00:00\" \/>\n<meta property=\"og:image\" content=\"https:\/\/www.almega.se\/app\/uploads\/2021\/10\/ann-oberg.jpg\" \/>\n\t<meta property=\"og:image:width\" content=\"960\" \/>\n\t<meta property=\"og:image:height\" content=\"640\" \/>\n\t<meta property=\"og:image:type\" content=\"image\/jpeg\" \/>\n<meta name=\"author\" content=\"filippaostling\" \/>\n<meta name=\"twitter:card\" content=\"summary_large_image\" \/>\n<meta name=\"twitter:label1\" content=\"Skriven av\" \/>\n\t<meta name=\"twitter:data1\" content=\"filippaostling\" \/>\n\t<meta name=\"twitter:label2\" content=\"Ber\u00e4knad l\u00e4stid\" \/>\n\t<meta name=\"twitter:data2\" content=\"1 minut\" \/>\n<!-- \/ Yoast SEO Premium plugin. -->","yoast_head_json":{"title":"\"Kollektivavtal \u00e4r inte en v\u00e5t filt\" | Almega","description":"Det \u00e4r h\u00f6g tid f\u00f6r n\u00e4sta systemskifte med en ny partsmodell skriver Almega och Ledarna i en gemensam debattartikel p\u00e5 Dagens Industri.","robots":{"index":"index","follow":"follow","max-snippet":"max-snippet:-1","max-image-preview":"max-image-preview:large","max-video-preview":"max-video-preview:-1"},"canonical":"https:\/\/www.almega.se\/2023\/11\/kollektivavtal-ar-inte-en-vat-filt\/","og_locale":"sv_SE","og_type":"article","og_title":"\"Kollektivavtal \u00e4r inte en v\u00e5t filt\"","og_description":"Det \u00e4r h\u00f6g tid f\u00f6r n\u00e4sta systemskifte med en ny partsmodell skriver Almega och Ledarna i en gemensam debattartikel p\u00e5 Dagens Industri.","og_url":"https:\/\/www.almega.se\/2023\/11\/kollektivavtal-ar-inte-en-vat-filt\/","og_site_name":"Almega","article_published_time":"2023-11-22T12:44:20+00:00","article_modified_time":"2023-11-22T12:44:21+00:00","og_image":[{"width":960,"height":640,"url":"https:\/\/www.almega.se\/app\/uploads\/2021\/10\/ann-oberg.jpg","type":"image\/jpeg"}],"author":"filippaostling","twitter_card":"summary_large_image","twitter_misc":{"Skriven av":"filippaostling","Ber\u00e4knad l\u00e4stid":"1 minut"},"schema":{"@context":"https:\/\/schema.org","@graph":[{"@type":"NewsArticle","@id":"https:\/\/www.almega.se\/2023\/11\/kollektivavtal-ar-inte-en-vat-filt\/#article","isPartOf":{"@id":"https:\/\/www.almega.se\/2023\/11\/kollektivavtal-ar-inte-en-vat-filt\/"},"author":{"name":"filippaostling","@id":"https:\/\/www.almega.se\/#\/schema\/person\/6a769e8c64bfc060d97757abccc542a4"},"headline":"&#8221;Kollektivavtal \u00e4r inte en v\u00e5t filt&#8221;","datePublished":"2023-11-22T12:44:20+00:00","dateModified":"2023-11-22T12:44:21+00:00","mainEntityOfPage":{"@id":"https:\/\/www.almega.se\/2023\/11\/kollektivavtal-ar-inte-en-vat-filt\/"},"wordCount":178,"image":{"@id":"https:\/\/www.almega.se\/2023\/11\/kollektivavtal-ar-inte-en-vat-filt\/#primaryimage"},"thumbnailUrl":"https:\/\/www.almega.se\/app\/uploads\/2021\/10\/ann-oberg.jpg","articleSection":["Arbetsmarknad"],"inLanguage":"sv-SE"},{"@type":"WebPage","@id":"https:\/\/www.almega.se\/2023\/11\/kollektivavtal-ar-inte-en-vat-filt\/","url":"https:\/\/www.almega.se\/2023\/11\/kollektivavtal-ar-inte-en-vat-filt\/","name":"\"Kollektivavtal \u00e4r inte en v\u00e5t filt\" | Almega","isPartOf":{"@id":"https:\/\/www.almega.se\/#website"},"primaryImageOfPage":{"@id":"https:\/\/www.almega.se\/2023\/11\/kollektivavtal-ar-inte-en-vat-filt\/#primaryimage"},"image":{"@id":"https:\/\/www.almega.se\/2023\/11\/kollektivavtal-ar-inte-en-vat-filt\/#primaryimage"},"thumbnailUrl":"https:\/\/www.almega.se\/app\/uploads\/2021\/10\/ann-oberg.jpg","datePublished":"2023-11-22T12:44:20+00:00","dateModified":"2023-11-22T12:44:21+00:00","author":{"@id":"https:\/\/www.almega.se\/#\/schema\/person\/6a769e8c64bfc060d97757abccc542a4"},"description":"Det \u00e4r h\u00f6g tid f\u00f6r n\u00e4sta systemskifte med en ny partsmodell skriver Almega och Ledarna i en gemensam debattartikel p\u00e5 Dagens Industri.","breadcrumb":{"@id":"https:\/\/www.almega.se\/2023\/11\/kollektivavtal-ar-inte-en-vat-filt\/#breadcrumb"},"inLanguage":"sv-SE","potentialAction":[{"@type":"ReadAction","target":["https:\/\/www.almega.se\/2023\/11\/kollektivavtal-ar-inte-en-vat-filt\/"]}]},{"@type":"ImageObject","inLanguage":"sv-SE","@id":"https:\/\/www.almega.se\/2023\/11\/kollektivavtal-ar-inte-en-vat-filt\/#primaryimage","url":"https:\/\/www.almega.se\/app\/uploads\/2021\/10\/ann-oberg.jpg","contentUrl":"https:\/\/www.almega.se\/app\/uploads\/2021\/10\/ann-oberg.jpg","width":960,"height":640,"caption":"Ann \u00d6berg, vd Almega"},{"@type":"BreadcrumbList","@id":"https:\/\/www.almega.se\/2023\/11\/kollektivavtal-ar-inte-en-vat-filt\/#breadcrumb","itemListElement":[{"@type":"ListItem","position":1,"name":"Home","item":"https:\/\/www.almega.se\/"},{"@type":"ListItem","position":2,"name":"&#8221;Kollektivavtal \u00e4r inte en v\u00e5t filt&#8221;"}]},{"@type":"WebSite","@id":"https:\/\/www.almega.se\/#website","url":"https:\/\/www.almega.se\/","name":"Almega","description":"","potentialAction":[{"@type":"SearchAction","target":{"@type":"EntryPoint","urlTemplate":"https:\/\/www.almega.se\/?s={search_term_string}"},"query-input":{"@type":"PropertyValueSpecification","valueRequired":true,"valueName":"search_term_string"}}],"inLanguage":"sv-SE"},{"@type":"Person","@id":"https:\/\/www.almega.se\/#\/schema\/person\/6a769e8c64bfc060d97757abccc542a4","name":"filippaostling","image":{"@type":"ImageObject","inLanguage":"sv-SE","@id":"https:\/\/www.almega.se\/#\/schema\/person\/image\/","url":"https:\/\/secure.gravatar.com\/avatar\/e9de4cc4600aa1657856eb831cc6fdfe64510cceefd71a933b69e2a42ac5b31f?s=96&d=mm&r=g","contentUrl":"https:\/\/secure.gravatar.com\/avatar\/e9de4cc4600aa1657856eb831cc6fdfe64510cceefd71a933b69e2a42ac5b31f?s=96&d=mm&r=g","caption":"filippaostling"},"url":"https:\/\/www.almega.se\/person\/filippaostling\/"}]}},"_links":{"self":[{"href":"https:\/\/www.almega.se\/api\/wp\/v2\/posts\/68927","targetHints":{"allow":["GET"]}}],"collection":[{"href":"https:\/\/www.almega.se\/api\/wp\/v2\/posts"}],"about":[{"href":"https:\/\/www.almega.se\/api\/wp\/v2\/types\/post"}],"author":[{"embeddable":true,"href":"https:\/\/www.almega.se\/api\/wp\/v2\/users\/15264"}],"replies":[{"embeddable":true,"href":"https:\/\/www.almega.se\/api\/wp\/v2\/comments?post=68927"}],"version-history":[{"count":9,"href":"https:\/\/www.almega.se\/api\/wp\/v2\/posts\/68927\/revisions"}],"predecessor-version":[{"id":68936,"href":"https:\/\/www.almega.se\/api\/wp\/v2\/posts\/68927\/revisions\/68936"}],"wp:featuredmedia":[{"embeddable":true,"href":"https:\/\/www.almega.se\/api\/wp\/v2\/media\/40588"}],"wp:attachment":[{"href":"https:\/\/www.almega.se\/api\/wp\/v2\/media?parent=68927"}],"wp:term":[{"taxonomy":"category","embeddable":true,"href":"https:\/\/www.almega.se\/api\/wp\/v2\/categories?post=68927"},{"taxonomy":"post_tag","embeddable":true,"href":"https:\/\/www.almega.se\/api\/wp\/v2\/tags?post=68927"},{"taxonomy":"type","embeddable":true,"href":"https:\/\/www.almega.se\/api\/wp\/v2\/article_type?post=68927"},{"taxonomy":"agreement","embeddable":true,"href":"https:\/\/www.almega.se\/api\/wp\/v2\/agreement?post=68927"}],"curies":[{"name":"wp","href":"https:\/\/api.w.org\/{rel}","templated":true}]}}