{"id":68878,"date":"2023-11-17T14:31:53","date_gmt":"2023-11-17T13:31:53","guid":{"rendered":"https:\/\/www.almega.se\/?p=68878"},"modified":"2023-11-17T14:31:55","modified_gmt":"2023-11-17T13:31:55","slug":"hog-tid-att-reformera-strejkratten","status":"publish","type":"post","link":"https:\/\/www.almega.se\/2023\/11\/hog-tid-att-reformera-strejkratten\/","title":{"rendered":"&#8221;H\u00f6g tid att reformera strejkr\u00e4tten&#8221;"},"content":{"rendered":"<p class=\"intro\">Dagens regler riskerar att minska viljan att teckna kollektivavtal och utg\u00f6r d\u00e4rmed ett hot mot den svenska modellen, skriver f\u00f6retr\u00e4dare fr\u00e5n Almega i en debattartikel p\u00e5 DN Debatt.<\/p>\n\n<p>&#8221;Det \u00e4r h\u00f6g tid att reformera strejkr\u00e4tten. Reglerna om sympatikonflikter b\u00f6r sk\u00e4rpas och nya regler om proportionalitet m\u00e5ste inf\u00f6ras. Om inte fack och n\u00e4ringsliv kan komma \u00f6verens sinsemellan f\u00e5r politikerna hota med lagstiftning&#8221;. <\/p>\n\n\n\n<p>Det skriver <strong>Ann \u00d6berg<\/strong>, vd p\u00e5 Almega, <strong>Jonas Stenmo,<\/strong> chefsjurist p\u00e5 Almega och <strong>Stefan Koskinen, <\/strong>arbetsgivarpolitisk chef p\u00e5 Almega <a href=\"https:\/\/www.dn.se\/debatt\/tesla-visar-att-strejkreglerna-maste-moderniseras\/\">i en debattartikel p\u00e5 DN Debatt 17\/11.<\/a><\/p>\n\n\n\n<p>Tv\u00e5 konflikter har aktualiserat fr\u00e5gan om sympativarsel under h\u00f6sten: Unionens konflikt med betaltj\u00e4nstf\u00f6retaget Klarna och IF Metalls konflikt med elbilstillverkaren Tesla.<\/p>\n\n\n\n<p>&#8221;Dagens regler riskerar att minska viljan att teckna kollektivavtal och utg\u00f6r d\u00e4rmed ett hot mot den svenska modellen. Dessutom, vilket \u00e4r betydligt allvarligare, kan de p\u00e5verka svenska f\u00f6retags konkurrenskraft och m\u00f6jligheterna att beh\u00e5lla och skapa jobb i Sverige.<\/p>\n\n\n\n<p>I dag \u00e4r utsikterna goda f\u00f6r att en parlamentarisk majoritet ska st\u00e4lla sig bakom en modernisering av strejk\u00adreglerna. Den senaste tidens utveckling och h\u00e4ndelser \u00e4r ytterligare bevis f\u00f6r att det \u00e4r dags. Sverige kan inte v\u00e4nta.&#8221; skriver Almegas f\u00f6retr\u00e4dare.<\/p>\n\n\n\n      <a href=\"https:\/\/www.dn.se\/debatt\/tesla-visar-att-strejkreglerna-maste-moderniseras\/\" target=\"\" class=\"Button is-text Button--external-link\">\n      \n        L\u00e4s hela artikeln p\u00e5 DN Debatt.\n      \n      \n                <svg class='icon icon--external-link'  width=\"16\" height=\"16\" viewBox=\"0 0 16 16\" fill=\"none\" xmlns=\"http:\/\/www.w3.org\/2000\/svg\">\n<path d=\"M9 1H15V7\" stroke=\"black\" stroke-width=\"2\" stroke-miterlimit=\"10\"\/>\n<path d=\"M5 2H1V15H14V11\" stroke=\"black\" stroke-width=\"2\" stroke-miterlimit=\"10\"\/>\n<path d=\"M15 1L6 10\" stroke=\"black\" stroke-width=\"2\" stroke-miterlimit=\"10\"\/>\n<\/svg>\n\n        \n    <\/a>\n  \n","protected":false},"excerpt":{"rendered":"<p>&#8221;Det \u00e4r h\u00f6g tid att reformera strejkr\u00e4tten. Reglerna om sympatikonflikter b\u00f6r sk\u00e4rpas och nya regler om proportionalitet m\u00e5ste inf\u00f6ras. Om inte fack och n\u00e4ringsliv kan komma \u00f6verens sinsemellan f\u00e5r politikerna hota med lagstiftning&#8221;. Det skriver &hellip;<\/p>\n","protected":false},"author":14531,"featured_media":43339,"comment_status":"closed","ping_status":"closed","sticky":false,"template":"","format":"standard","meta":{"_acf_changed":false,"footnotes":""},"categories":[64],"tags":[],"article_type":[56],"agreement":[],"class_list":["post-68878","post","type-post","status-publish","format-standard","has-post-thumbnail","hentry","category-arbetsmarknad","type-nyheter"],"acf":[],"yoast_head":"<!-- This site is optimized with the Yoast SEO Premium plugin v26.8 (Yoast SEO v26.8) - https:\/\/yoast.com\/product\/yoast-seo-premium-wordpress\/ -->\n<title>&quot;H\u00f6g tid att reformera strejkr\u00e4tten&quot; | Almega<\/title>\n<meta name=\"robots\" content=\"index, follow, max-snippet:-1, max-image-preview:large, max-video-preview:-1\" \/>\n<link rel=\"canonical\" href=\"https:\/\/www.almega.se\/2023\/11\/hog-tid-att-reformera-strejkratten\/\" \/>\n<meta property=\"og:locale\" content=\"sv_SE\" \/>\n<meta property=\"og:type\" content=\"article\" \/>\n<meta property=\"og:title\" content=\"&quot;H\u00f6g tid att reformera strejkr\u00e4tten&quot;\" \/>\n<meta property=\"og:description\" content=\"&#8221;Det \u00e4r h\u00f6g tid att reformera strejkr\u00e4tten. Reglerna om sympatikonflikter b\u00f6r sk\u00e4rpas och nya regler om proportionalitet m\u00e5ste inf\u00f6ras. Om inte fack och n\u00e4ringsliv kan komma \u00f6verens sinsemellan f\u00e5r politikerna hota med lagstiftning&#8221;. Det skriver &hellip;\" \/>\n<meta property=\"og:url\" content=\"https:\/\/www.almega.se\/2023\/11\/hog-tid-att-reformera-strejkratten\/\" \/>\n<meta property=\"og:site_name\" content=\"Almega\" \/>\n<meta property=\"article:published_time\" content=\"2023-11-17T13:31:53+00:00\" \/>\n<meta property=\"article:modified_time\" content=\"2023-11-17T13:31:55+00:00\" \/>\n<meta property=\"og:image\" content=\"https:\/\/www.almega.se\/app\/uploads\/2022\/03\/invasionen-av-ukraina_kronika-ann-oberg_toppbild-1180x708.png\" \/>\n\t<meta property=\"og:image:width\" content=\"1180\" \/>\n\t<meta property=\"og:image:height\" content=\"708\" \/>\n\t<meta property=\"og:image:type\" content=\"image\/png\" \/>\n<meta name=\"author\" content=\"Karin Nyg\u00e5rd\" \/>\n<meta name=\"twitter:card\" content=\"summary_large_image\" \/>\n<meta name=\"twitter:label1\" content=\"Skriven av\" \/>\n\t<meta name=\"twitter:data1\" content=\"Karin Nyg\u00e5rd\" \/>\n\t<meta name=\"twitter:label2\" content=\"Ber\u00e4knad l\u00e4stid\" \/>\n\t<meta name=\"twitter:data2\" content=\"1 minut\" \/>\n<!-- \/ Yoast SEO Premium plugin. -->","yoast_head_json":{"title":"\"H\u00f6g tid att reformera strejkr\u00e4tten\" | Almega","robots":{"index":"index","follow":"follow","max-snippet":"max-snippet:-1","max-image-preview":"max-image-preview:large","max-video-preview":"max-video-preview:-1"},"canonical":"https:\/\/www.almega.se\/2023\/11\/hog-tid-att-reformera-strejkratten\/","og_locale":"sv_SE","og_type":"article","og_title":"\"H\u00f6g tid att reformera strejkr\u00e4tten\"","og_description":"&#8221;Det \u00e4r h\u00f6g tid att reformera strejkr\u00e4tten. Reglerna om sympatikonflikter b\u00f6r sk\u00e4rpas och nya regler om proportionalitet m\u00e5ste inf\u00f6ras. Om inte fack och n\u00e4ringsliv kan komma \u00f6verens sinsemellan f\u00e5r politikerna hota med lagstiftning&#8221;. Det skriver &hellip;","og_url":"https:\/\/www.almega.se\/2023\/11\/hog-tid-att-reformera-strejkratten\/","og_site_name":"Almega","article_published_time":"2023-11-17T13:31:53+00:00","article_modified_time":"2023-11-17T13:31:55+00:00","og_image":[{"width":1180,"height":708,"url":"https:\/\/www.almega.se\/app\/uploads\/2022\/03\/invasionen-av-ukraina_kronika-ann-oberg_toppbild-1180x708.png","type":"image\/png"}],"author":"Karin Nyg\u00e5rd","twitter_card":"summary_large_image","twitter_misc":{"Skriven av":"Karin Nyg\u00e5rd","Ber\u00e4knad l\u00e4stid":"1 minut"},"schema":{"@context":"https:\/\/schema.org","@graph":[{"@type":"NewsArticle","@id":"https:\/\/www.almega.se\/2023\/11\/hog-tid-att-reformera-strejkratten\/#article","isPartOf":{"@id":"https:\/\/www.almega.se\/2023\/11\/hog-tid-att-reformera-strejkratten\/"},"author":{"name":"Karin Nyg\u00e5rd","@id":"https:\/\/www.almega.se\/#\/schema\/person\/eae58f3a71d6b7aa9f71f3139a740a02"},"headline":"&#8221;H\u00f6g tid att reformera strejkr\u00e4tten&#8221;","datePublished":"2023-11-17T13:31:53+00:00","dateModified":"2023-11-17T13:31:55+00:00","mainEntityOfPage":{"@id":"https:\/\/www.almega.se\/2023\/11\/hog-tid-att-reformera-strejkratten\/"},"wordCount":189,"image":{"@id":"https:\/\/www.almega.se\/2023\/11\/hog-tid-att-reformera-strejkratten\/#primaryimage"},"thumbnailUrl":"https:\/\/www.almega.se\/app\/uploads\/2022\/03\/invasionen-av-ukraina_kronika-ann-oberg_toppbild.png","articleSection":["Arbetsmarknad"],"inLanguage":"sv-SE"},{"@type":"WebPage","@id":"https:\/\/www.almega.se\/2023\/11\/hog-tid-att-reformera-strejkratten\/","url":"https:\/\/www.almega.se\/2023\/11\/hog-tid-att-reformera-strejkratten\/","name":"\"H\u00f6g tid att reformera strejkr\u00e4tten\" | Almega","isPartOf":{"@id":"https:\/\/www.almega.se\/#website"},"primaryImageOfPage":{"@id":"https:\/\/www.almega.se\/2023\/11\/hog-tid-att-reformera-strejkratten\/#primaryimage"},"image":{"@id":"https:\/\/www.almega.se\/2023\/11\/hog-tid-att-reformera-strejkratten\/#primaryimage"},"thumbnailUrl":"https:\/\/www.almega.se\/app\/uploads\/2022\/03\/invasionen-av-ukraina_kronika-ann-oberg_toppbild.png","datePublished":"2023-11-17T13:31:53+00:00","dateModified":"2023-11-17T13:31:55+00:00","author":{"@id":"https:\/\/www.almega.se\/#\/schema\/person\/eae58f3a71d6b7aa9f71f3139a740a02"},"breadcrumb":{"@id":"https:\/\/www.almega.se\/2023\/11\/hog-tid-att-reformera-strejkratten\/#breadcrumb"},"inLanguage":"sv-SE","potentialAction":[{"@type":"ReadAction","target":["https:\/\/www.almega.se\/2023\/11\/hog-tid-att-reformera-strejkratten\/"]}]},{"@type":"ImageObject","inLanguage":"sv-SE","@id":"https:\/\/www.almega.se\/2023\/11\/hog-tid-att-reformera-strejkratten\/#primaryimage","url":"https:\/\/www.almega.se\/app\/uploads\/2022\/03\/invasionen-av-ukraina_kronika-ann-oberg_toppbild.png","contentUrl":"https:\/\/www.almega.se\/app\/uploads\/2022\/03\/invasionen-av-ukraina_kronika-ann-oberg_toppbild.png","width":2000,"height":1200,"caption":"Ann \u00d6berg, vd Almega"},{"@type":"BreadcrumbList","@id":"https:\/\/www.almega.se\/2023\/11\/hog-tid-att-reformera-strejkratten\/#breadcrumb","itemListElement":[{"@type":"ListItem","position":1,"name":"Home","item":"https:\/\/www.almega.se\/"},{"@type":"ListItem","position":2,"name":"&#8221;H\u00f6g tid att reformera strejkr\u00e4tten&#8221;"}]},{"@type":"WebSite","@id":"https:\/\/www.almega.se\/#website","url":"https:\/\/www.almega.se\/","name":"Almega","description":"","potentialAction":[{"@type":"SearchAction","target":{"@type":"EntryPoint","urlTemplate":"https:\/\/www.almega.se\/?s={search_term_string}"},"query-input":{"@type":"PropertyValueSpecification","valueRequired":true,"valueName":"search_term_string"}}],"inLanguage":"sv-SE"},{"@type":"Person","@id":"https:\/\/www.almega.se\/#\/schema\/person\/eae58f3a71d6b7aa9f71f3139a740a02","name":"Karin Nyg\u00e5rd","image":{"@type":"ImageObject","inLanguage":"sv-SE","@id":"https:\/\/www.almega.se\/#\/schema\/person\/image\/","url":"https:\/\/secure.gravatar.com\/avatar\/09e5ec3d12974ae686ad90a0a4bf5404c8a4cfdca18f97124f166ab274023818?s=96&d=mm&r=g","contentUrl":"https:\/\/secure.gravatar.com\/avatar\/09e5ec3d12974ae686ad90a0a4bf5404c8a4cfdca18f97124f166ab274023818?s=96&d=mm&r=g","caption":"Karin Nyg\u00e5rd"},"description":"Produkt\u00e4gare Almega.se, samordnar webbutveckling och utveckling av Arbetsgivarguiden.se","url":"https:\/\/www.almega.se\/person\/karinnygard\/"}]}},"_links":{"self":[{"href":"https:\/\/www.almega.se\/api\/wp\/v2\/posts\/68878","targetHints":{"allow":["GET"]}}],"collection":[{"href":"https:\/\/www.almega.se\/api\/wp\/v2\/posts"}],"about":[{"href":"https:\/\/www.almega.se\/api\/wp\/v2\/types\/post"}],"author":[{"embeddable":true,"href":"https:\/\/www.almega.se\/api\/wp\/v2\/users\/14531"}],"replies":[{"embeddable":true,"href":"https:\/\/www.almega.se\/api\/wp\/v2\/comments?post=68878"}],"version-history":[{"count":4,"href":"https:\/\/www.almega.se\/api\/wp\/v2\/posts\/68878\/revisions"}],"predecessor-version":[{"id":68882,"href":"https:\/\/www.almega.se\/api\/wp\/v2\/posts\/68878\/revisions\/68882"}],"wp:featuredmedia":[{"embeddable":true,"href":"https:\/\/www.almega.se\/api\/wp\/v2\/media\/43339"}],"wp:attachment":[{"href":"https:\/\/www.almega.se\/api\/wp\/v2\/media?parent=68878"}],"wp:term":[{"taxonomy":"category","embeddable":true,"href":"https:\/\/www.almega.se\/api\/wp\/v2\/categories?post=68878"},{"taxonomy":"post_tag","embeddable":true,"href":"https:\/\/www.almega.se\/api\/wp\/v2\/tags?post=68878"},{"taxonomy":"type","embeddable":true,"href":"https:\/\/www.almega.se\/api\/wp\/v2\/article_type?post=68878"},{"taxonomy":"agreement","embeddable":true,"href":"https:\/\/www.almega.se\/api\/wp\/v2\/agreement?post=68878"}],"curies":[{"name":"wp","href":"https:\/\/api.w.org\/{rel}","templated":true}]}}