{"id":68753,"date":"2023-11-15T08:35:00","date_gmt":"2023-11-15T07:35:00","guid":{"rendered":"https:\/\/www.almega.se\/?p=68753"},"modified":"2023-11-17T14:35:50","modified_gmt":"2023-11-17T13:35:50","slug":"livesandning-arbetsmarknadsutbildningar-snabbaste-vagen-till-jobb-for-arbetslosa","status":"publish","type":"post","link":"https:\/\/www.almega.se\/2023\/11\/livesandning-arbetsmarknadsutbildningar-snabbaste-vagen-till-jobb-for-arbetslosa\/","title":{"rendered":"Arbetsmarknads&shy;utbildningar \u2013 snabbaste v\u00e4gen till jobb f\u00f6r arbetsl\u00f6sa?"},"content":{"rendered":"<p class=\"intro\">Vilken roll ska arbetsmarknadsutbildningarna spela de kommande \u00e5ren? \u00e4r en av fr\u00e5gorna som diskuterades p\u00e5 ett seminarium i riksdagen, arrangerat av bland andra Almega Utbildningsf\u00f6retagen.<\/p>\n\n<p>\u00c4r arbetsmarknadsutbildningar snabbaste v\u00e4gen till jobb f\u00f6r arbetsl\u00f6sa? Varf\u00f6r driver arbetsmarknadens parter p\u00e5 f\u00f6r fler utbildningsplatser? Hur vill ansvariga politiker svara upp emot kraven p\u00e5 expansion av arbetsmarknadsutbildningarna? <\/p>\n\n\n\n<p><strong>Oliver Rosengren<\/strong>, Moderaterna, och <strong>Serkan K\u00f6se<\/strong>, Socialdemokraterna, bjuder tillsammans med <a href=\"https:\/\/www.utbildningsforetagen.se\/\">Almega Utbildningsf\u00f6retagen <\/a>och LO in till frukostseminarium i riksdagen om arbetsmarknadsutbildningarna i framtiden.<\/p>\n\n\n<a class='Share__link Share__link--url copy-text' href='#' rel='nofollow' data-text='se-seminariet-i-efterhand' title='Dela url' data-confirmation='L\u00e4nken kopierades till urklipp'><svg class='icon icon--link'  width='18' height='18' viewBox='0 0 18 18' fill='none' xmlns='http:\/\/www.w3.org\/2000\/svg'>\n            <path d='M10.4142 0.514721L6.87868 4.05025L8.29289 5.46447L11.1213 2.63604L15.364 6.87868L12.5355 9.70711L13.9497 11.1213L17.4853 7.58579C17.8763 7.19476 17.8763 6.5626 17.4853 6.17158L11.8284 0.514721C11.4374 0.123691 10.8052 0.123691 10.4142 0.514721Z' fill='black'\/>\n            <path d='M9.7071 12.5355L6.87868 15.364L2.63604 11.1213L5.46446 8.2929L4.05025 6.87868L0.514716 10.4142C0.123686 10.8052 0.123686 11.4374 0.514716 11.8284L6.17157 17.4853C6.5626 17.8763 7.19475 17.8763 7.58578 17.4853L11.1213 13.9497L9.7071 12.5355Z' fill='black'\/>\n            <path d='M6.17157 11.8284C6.5626 12.2195 7.19475 12.2195 7.58578 11.8284L11.8284 7.58579C12.2195 7.19476 12.2195 6.56261 11.8284 6.17158C11.4374 5.78055 10.8052 5.78055 10.4142 6.17158L6.17157 10.4142C5.78054 10.8052 5.78054 11.4374 6.17157 11.8284Z' fill='black'\/>\n            <\/svg> <\/a>\n<h2 class=\"wp-block-heading\">Se seminariet i efterhand<\/h2>\n\n\n\n<p><em>Seminariet spelades in och s\u00e4ndes live den 16 november 2023.<\/em><\/p>\n\n\n\n      <a href=\"https:\/\/youtube.com\/live\/uLzxohKGGs4\" target=\"\" class=\"Button is-button is-style-fill has-primary-background-color has-primary-border-color Button--arrow-tip\">\n      \n        Se s\u00e4ndningen (Youtube)\n      \n      \n                \n                <svg class='icon icon--arrow-tip'  width=\"11\" height=\"16\" viewBox=\"0 0 11 16\" fill=\"none\" xmlns=\"http:\/\/www.w3.org\/2000\/svg\">\n<path d=\"M0.858398 15L9.2304 7.99664L0.967732 1.00001\" stroke=\"black\" stroke-width=\"2\" stroke-miterlimit=\"10\"\/>\n<\/svg>\n\n        \n    <\/a>\n  \n\n\n\n<p>Almega Utbildnings\u00adf\u00f6retagen \u00e4r bransch- och arbetsgivar\u00adorganisation f\u00f6r f\u00f6retag som arbetar med vuxnas l\u00e4rande och arbetsf\u00f6rmedlingstj\u00e4nster. Vi \u00e4r ett st\u00f6d f\u00f6r dig som s\u00e4krar Sveriges kompetensf\u00f6rs\u00f6rjning.<\/p>\n\n\n\n      <a href=\"http:\/\/www.utbildningsforetagen.se\" target=\"\" class=\"Button is-text Button--external-link\">\n      \n        L\u00e4s mer om Almega Utbildningsf\u00f6retagen\n      \n      \n                <svg class='icon icon--external-link'  width=\"16\" height=\"16\" viewBox=\"0 0 16 16\" fill=\"none\" xmlns=\"http:\/\/www.w3.org\/2000\/svg\">\n<path d=\"M9 1H15V7\" stroke=\"black\" stroke-width=\"2\" stroke-miterlimit=\"10\"\/>\n<path d=\"M5 2H1V15H14V11\" stroke=\"black\" stroke-width=\"2\" stroke-miterlimit=\"10\"\/>\n<path d=\"M15 1L6 10\" stroke=\"black\" stroke-width=\"2\" stroke-miterlimit=\"10\"\/>\n<\/svg>\n\n        \n    <\/a>\n  \n","protected":false},"excerpt":{"rendered":"<p>\u00c4r arbetsmarknadsutbildningar snabbaste v\u00e4gen till jobb f\u00f6r arbetsl\u00f6sa? Varf\u00f6r driver arbetsmarknadens parter p\u00e5 f\u00f6r fler utbildningsplatser? Hur vill ansvariga politiker svara upp emot kraven p\u00e5 expansion av arbetsmarknadsutbildningarna? Oliver Rosengren, Moderaterna, och Serkan K\u00f6se, Socialdemokraterna, &hellip;<\/p>\n","protected":false},"author":14531,"featured_media":68767,"comment_status":"closed","ping_status":"closed","sticky":false,"template":"","format":"standard","meta":{"_acf_changed":false,"footnotes":""},"categories":[64,419],"tags":[],"article_type":[56],"agreement":[],"class_list":["post-68753","post","type-post","status-publish","format-standard","has-post-thumbnail","hentry","category-arbetsmarknad","category-kompetensforsorjning","type-nyheter"],"acf":[],"yoast_head":"<!-- This site is optimized with the Yoast SEO Premium plugin v26.8 (Yoast SEO v26.8) - https:\/\/yoast.com\/product\/yoast-seo-premium-wordpress\/ -->\n<title>Lives\u00e4ndning om arbetsmarknadsutbildningar<\/title>\n<meta name=\"description\" content=\"Se lives\u00e4ndningen fr\u00e5n Almega Utbildningsf\u00f6retagen och LOs frukostseminarium i Riksdagen om arbetsmarknadsutbildningarna i framtiden.\" \/>\n<meta name=\"robots\" content=\"index, follow, max-snippet:-1, max-image-preview:large, max-video-preview:-1\" \/>\n<link rel=\"canonical\" href=\"https:\/\/www.almega.se\/2023\/11\/livesandning-arbetsmarknadsutbildningar-snabbaste-vagen-till-jobb-for-arbetslosa\/\" \/>\n<meta property=\"og:locale\" content=\"sv_SE\" \/>\n<meta property=\"og:type\" content=\"article\" \/>\n<meta property=\"og:title\" content=\"Arbetsmarknadsutbildningar \u2013 snabbaste v\u00e4gen till jobb f\u00f6r arbetsl\u00f6sa?\" \/>\n<meta property=\"og:description\" content=\"Se lives\u00e4ndningen fr\u00e5n Almega Utbildningsf\u00f6retagen och LOs frukostseminarium i Riksdagen om arbetsmarknadsutbildningarna i framtiden.\" \/>\n<meta property=\"og:url\" content=\"https:\/\/www.almega.se\/2023\/11\/livesandning-arbetsmarknadsutbildningar-snabbaste-vagen-till-jobb-for-arbetslosa\/\" \/>\n<meta property=\"og:site_name\" content=\"Almega\" \/>\n<meta property=\"article:published_time\" content=\"2023-11-15T07:35:00+00:00\" \/>\n<meta property=\"article:modified_time\" content=\"2023-11-17T13:35:50+00:00\" \/>\n<meta property=\"og:image\" content=\"https:\/\/www.almega.se\/app\/uploads\/2023\/11\/ima220923.jpg\" \/>\n\t<meta property=\"og:image:width\" content=\"439\" \/>\n\t<meta property=\"og:image:height\" content=\"310\" \/>\n\t<meta property=\"og:image:type\" content=\"image\/jpeg\" \/>\n<meta name=\"author\" content=\"Karin Nyg\u00e5rd\" \/>\n<meta name=\"twitter:card\" content=\"summary_large_image\" \/>\n<meta name=\"twitter:label1\" content=\"Skriven av\" \/>\n\t<meta name=\"twitter:data1\" content=\"Karin Nyg\u00e5rd\" \/>\n\t<meta name=\"twitter:label2\" content=\"Ber\u00e4knad l\u00e4stid\" \/>\n\t<meta name=\"twitter:data2\" content=\"1 minut\" \/>\n<!-- \/ Yoast SEO Premium plugin. -->","yoast_head_json":{"title":"Lives\u00e4ndning om arbetsmarknadsutbildningar","description":"Se lives\u00e4ndningen fr\u00e5n Almega Utbildningsf\u00f6retagen och LOs frukostseminarium i Riksdagen om arbetsmarknadsutbildningarna i framtiden.","robots":{"index":"index","follow":"follow","max-snippet":"max-snippet:-1","max-image-preview":"max-image-preview:large","max-video-preview":"max-video-preview:-1"},"canonical":"https:\/\/www.almega.se\/2023\/11\/livesandning-arbetsmarknadsutbildningar-snabbaste-vagen-till-jobb-for-arbetslosa\/","og_locale":"sv_SE","og_type":"article","og_title":"Arbetsmarknadsutbildningar \u2013 snabbaste v\u00e4gen till jobb f\u00f6r arbetsl\u00f6sa?","og_description":"Se lives\u00e4ndningen fr\u00e5n Almega Utbildningsf\u00f6retagen och LOs frukostseminarium i Riksdagen om arbetsmarknadsutbildningarna i framtiden.","og_url":"https:\/\/www.almega.se\/2023\/11\/livesandning-arbetsmarknadsutbildningar-snabbaste-vagen-till-jobb-for-arbetslosa\/","og_site_name":"Almega","article_published_time":"2023-11-15T07:35:00+00:00","article_modified_time":"2023-11-17T13:35:50+00:00","og_image":[{"width":439,"height":310,"url":"https:\/\/www.almega.se\/app\/uploads\/2023\/11\/ima220923.jpg","type":"image\/jpeg"}],"author":"Karin Nyg\u00e5rd","twitter_card":"summary_large_image","twitter_misc":{"Skriven av":"Karin Nyg\u00e5rd","Ber\u00e4knad l\u00e4stid":"1 minut"},"schema":{"@context":"https:\/\/schema.org","@graph":[{"@type":"NewsArticle","@id":"https:\/\/www.almega.se\/2023\/11\/livesandning-arbetsmarknadsutbildningar-snabbaste-vagen-till-jobb-for-arbetslosa\/#article","isPartOf":{"@id":"https:\/\/www.almega.se\/2023\/11\/livesandning-arbetsmarknadsutbildningar-snabbaste-vagen-till-jobb-for-arbetslosa\/"},"author":{"name":"Karin Nyg\u00e5rd","@id":"https:\/\/www.almega.se\/#\/schema\/person\/eae58f3a71d6b7aa9f71f3139a740a02"},"headline":"Arbetsmarknads&shy;utbildningar \u2013 snabbaste v\u00e4gen till jobb f\u00f6r arbetsl\u00f6sa?","datePublished":"2023-11-15T07:35:00+00:00","dateModified":"2023-11-17T13:35:50+00:00","mainEntityOfPage":{"@id":"https:\/\/www.almega.se\/2023\/11\/livesandning-arbetsmarknadsutbildningar-snabbaste-vagen-till-jobb-for-arbetslosa\/"},"wordCount":119,"image":{"@id":"https:\/\/www.almega.se\/2023\/11\/livesandning-arbetsmarknadsutbildningar-snabbaste-vagen-till-jobb-for-arbetslosa\/#primaryimage"},"thumbnailUrl":"https:\/\/www.almega.se\/app\/uploads\/2023\/11\/ima220923.jpg","articleSection":["Arbetsmarknad","Kompetensf\u00f6rs\u00f6rjning"],"inLanguage":"sv-SE"},{"@type":"WebPage","@id":"https:\/\/www.almega.se\/2023\/11\/livesandning-arbetsmarknadsutbildningar-snabbaste-vagen-till-jobb-for-arbetslosa\/","url":"https:\/\/www.almega.se\/2023\/11\/livesandning-arbetsmarknadsutbildningar-snabbaste-vagen-till-jobb-for-arbetslosa\/","name":"Lives\u00e4ndning om arbetsmarknadsutbildningar","isPartOf":{"@id":"https:\/\/www.almega.se\/#website"},"primaryImageOfPage":{"@id":"https:\/\/www.almega.se\/2023\/11\/livesandning-arbetsmarknadsutbildningar-snabbaste-vagen-till-jobb-for-arbetslosa\/#primaryimage"},"image":{"@id":"https:\/\/www.almega.se\/2023\/11\/livesandning-arbetsmarknadsutbildningar-snabbaste-vagen-till-jobb-for-arbetslosa\/#primaryimage"},"thumbnailUrl":"https:\/\/www.almega.se\/app\/uploads\/2023\/11\/ima220923.jpg","datePublished":"2023-11-15T07:35:00+00:00","dateModified":"2023-11-17T13:35:50+00:00","author":{"@id":"https:\/\/www.almega.se\/#\/schema\/person\/eae58f3a71d6b7aa9f71f3139a740a02"},"description":"Se lives\u00e4ndningen fr\u00e5n Almega Utbildningsf\u00f6retagen och LOs frukostseminarium i Riksdagen om arbetsmarknadsutbildningarna i framtiden.","breadcrumb":{"@id":"https:\/\/www.almega.se\/2023\/11\/livesandning-arbetsmarknadsutbildningar-snabbaste-vagen-till-jobb-for-arbetslosa\/#breadcrumb"},"inLanguage":"sv-SE","potentialAction":[{"@type":"ReadAction","target":["https:\/\/www.almega.se\/2023\/11\/livesandning-arbetsmarknadsutbildningar-snabbaste-vagen-till-jobb-for-arbetslosa\/"]}]},{"@type":"ImageObject","inLanguage":"sv-SE","@id":"https:\/\/www.almega.se\/2023\/11\/livesandning-arbetsmarknadsutbildningar-snabbaste-vagen-till-jobb-for-arbetslosa\/#primaryimage","url":"https:\/\/www.almega.se\/app\/uploads\/2023\/11\/ima220923.jpg","contentUrl":"https:\/\/www.almega.se\/app\/uploads\/2023\/11\/ima220923.jpg","width":439,"height":310,"caption":"Webbinarium"},{"@type":"BreadcrumbList","@id":"https:\/\/www.almega.se\/2023\/11\/livesandning-arbetsmarknadsutbildningar-snabbaste-vagen-till-jobb-for-arbetslosa\/#breadcrumb","itemListElement":[{"@type":"ListItem","position":1,"name":"Home","item":"https:\/\/www.almega.se\/"},{"@type":"ListItem","position":2,"name":"Arbetsmarknads&shy;utbildningar \u2013 snabbaste v\u00e4gen till jobb f\u00f6r arbetsl\u00f6sa?"}]},{"@type":"WebSite","@id":"https:\/\/www.almega.se\/#website","url":"https:\/\/www.almega.se\/","name":"Almega","description":"","potentialAction":[{"@type":"SearchAction","target":{"@type":"EntryPoint","urlTemplate":"https:\/\/www.almega.se\/?s={search_term_string}"},"query-input":{"@type":"PropertyValueSpecification","valueRequired":true,"valueName":"search_term_string"}}],"inLanguage":"sv-SE"},{"@type":"Person","@id":"https:\/\/www.almega.se\/#\/schema\/person\/eae58f3a71d6b7aa9f71f3139a740a02","name":"Karin Nyg\u00e5rd","image":{"@type":"ImageObject","inLanguage":"sv-SE","@id":"https:\/\/www.almega.se\/#\/schema\/person\/image\/","url":"https:\/\/secure.gravatar.com\/avatar\/09e5ec3d12974ae686ad90a0a4bf5404c8a4cfdca18f97124f166ab274023818?s=96&d=mm&r=g","contentUrl":"https:\/\/secure.gravatar.com\/avatar\/09e5ec3d12974ae686ad90a0a4bf5404c8a4cfdca18f97124f166ab274023818?s=96&d=mm&r=g","caption":"Karin Nyg\u00e5rd"},"description":"Produkt\u00e4gare Almega.se, samordnar webbutveckling och utveckling av Arbetsgivarguiden.se","url":"https:\/\/www.almega.se\/person\/karinnygard\/"}]}},"_links":{"self":[{"href":"https:\/\/www.almega.se\/api\/wp\/v2\/posts\/68753","targetHints":{"allow":["GET"]}}],"collection":[{"href":"https:\/\/www.almega.se\/api\/wp\/v2\/posts"}],"about":[{"href":"https:\/\/www.almega.se\/api\/wp\/v2\/types\/post"}],"author":[{"embeddable":true,"href":"https:\/\/www.almega.se\/api\/wp\/v2\/users\/14531"}],"replies":[{"embeddable":true,"href":"https:\/\/www.almega.se\/api\/wp\/v2\/comments?post=68753"}],"version-history":[{"count":16,"href":"https:\/\/www.almega.se\/api\/wp\/v2\/posts\/68753\/revisions"}],"predecessor-version":[{"id":68885,"href":"https:\/\/www.almega.se\/api\/wp\/v2\/posts\/68753\/revisions\/68885"}],"wp:featuredmedia":[{"embeddable":true,"href":"https:\/\/www.almega.se\/api\/wp\/v2\/media\/68767"}],"wp:attachment":[{"href":"https:\/\/www.almega.se\/api\/wp\/v2\/media?parent=68753"}],"wp:term":[{"taxonomy":"category","embeddable":true,"href":"https:\/\/www.almega.se\/api\/wp\/v2\/categories?post=68753"},{"taxonomy":"post_tag","embeddable":true,"href":"https:\/\/www.almega.se\/api\/wp\/v2\/tags?post=68753"},{"taxonomy":"type","embeddable":true,"href":"https:\/\/www.almega.se\/api\/wp\/v2\/article_type?post=68753"},{"taxonomy":"agreement","embeddable":true,"href":"https:\/\/www.almega.se\/api\/wp\/v2\/agreement?post=68753"}],"curies":[{"name":"wp","href":"https:\/\/api.w.org\/{rel}","templated":true}]}}