{"id":68426,"date":"2023-11-06T09:58:10","date_gmt":"2023-11-06T08:58:10","guid":{"rendered":"https:\/\/www.almega.se\/?p=68426"},"modified":"2024-04-18T16:05:07","modified_gmt":"2024-04-18T14:05:07","slug":"en-besvikelse-for-alla-som-vill-se-reformer-for-okad-tillvaxt","status":"publish","type":"post","link":"https:\/\/www.almega.se\/2023\/11\/en-besvikelse-for-alla-som-vill-se-reformer-for-okad-tillvaxt\/","title":{"rendered":"En besvikelse f\u00f6r alla som vill se reformer f\u00f6r \u00f6kad tillv\u00e4xt"},"content":{"rendered":"<a class='Share__link Share__link--url copy-text' href='#' rel='nofollow' data-text='fredrik-\u00d6stbom-om-budgetlaget' title='Dela url' data-confirmation='L\u00e4nken kopierades till urklipp'><svg class='icon icon--link'  width='18' height='18' viewBox='0 0 18 18' fill='none' xmlns='http:\/\/www.w3.org\/2000\/svg'>\n            <path d='M10.4142 0.514721L6.87868 4.05025L8.29289 5.46447L11.1213 2.63604L15.364 6.87868L12.5355 9.70711L13.9497 11.1213L17.4853 7.58579C17.8763 7.19476 17.8763 6.5626 17.4853 6.17158L11.8284 0.514721C11.4374 0.123691 10.8052 0.123691 10.4142 0.514721Z' fill='black'\/>\n            <path d='M9.7071 12.5355L6.87868 15.364L2.63604 11.1213L5.46446 8.2929L4.05025 6.87868L0.514716 10.4142C0.123686 10.8052 0.123686 11.4374 0.514716 11.8284L6.17157 17.4853C6.5626 17.8763 7.19475 17.8763 7.58578 17.4853L11.1213 13.9497L9.7071 12.5355Z' fill='black'\/>\n            <path d='M6.17157 11.8284C6.5626 12.2195 7.19475 12.2195 7.58578 11.8284L11.8284 7.58579C12.2195 7.19476 12.2195 6.56261 11.8284 6.17158C11.4374 5.78055 10.8052 5.78055 10.4142 6.17158L6.17157 10.4142C5.78054 10.8052 5.78054 11.4374 6.17157 11.8284Z' fill='black'\/>\n            <\/svg> <\/a>\n<h2 class=\"wp-block-heading\">Fredrik \u00d6stbom om budgetl\u00e4get<\/h2>\n\n\n\n<p>F\u00f6r den som v\u00e4ntade sig en \u00f6kad reformtakt blev budgeten till stora delar en besvikelse. Regeringen br\u00f6t praxis n\u00e4r de valde att inte justera upp brytpunkten f\u00f6r statlig inkomstskatt. Samtidigt som Sverige tappar mark s\u00e5 lyser n\u00f6dv\u00e4ndiga reformer f\u00f6r att \u00f6ka tillv\u00e4xten och st\u00e4rka konkurrenskraften med sin fr\u00e5nvaro.<\/p>\n\n\n\n<p>Mycket b\u00e4ttre blir det inte n\u00e4r man tittar n\u00e4rmare p\u00e5 oppositionens budgetar \u2013 \u00e4ven om det inte helt saknas ljusglimtar.<\/p>\n\n\n\n<p>I Centerpartiets budget \u00e5terfinns bland annat s\u00e4nkta arbetsgivaravgifter f\u00f6r de med l\u00e4gst inkomster.<\/p>\n\n\n\n<ul class=\"wp-block-list\">\n<li>Det skulle ge fler m\u00f6jlighet att komma in p\u00e5 arbetsmarknaden, vilket hade d\u00e4mpat b\u00e5de f\u00f6retagens kostnader och inflationen. N\u00e5got s\u00e5dant motsvarande f\u00f6rslag finns inte i regeringens budget och det \u00e4r d\u00e5ligt f\u00f6r Sverige, s\u00e4ger Fredrik \u00d6stbom, chef f\u00f6r n\u00e4ringspolitik och opinionsbildning p\u00e5 Almega.<\/li>\n<\/ul>\n\n\n\n\n\n<blockquote class=\"wp-block-quote is-layout-flow wp-block-quote-is-layout-flow\">\n<p>&#8221;Men b\u00e5de regeringens budget och i alla budgetmotioner saknas det n\u00e4stan helt en politik f\u00f6r tillv\u00e4xt. Det \u00e4r allvarligt.&#8221;<\/p>\n<cite>Fredrik \u00d6stbom, Chef N\u00e4ringspolitik och Opinionsbildning<\/cite><\/blockquote>\n\n\n\n\n\n<figure class=\"wp-block-image aligncenter size-large\"><img loading=\"lazy\" decoding=\"async\" width=\"1180\" height=\"787\" src=\"https:\/\/www.almega.se\/app\/uploads\/2023\/11\/FredrikOstbom_0727-1180x787.jpg\" alt=\"Fredrik \u00d6stbom, Chef N\u00e4ringspolitik och Opinionsbildning\" class=\"wp-image-68485\" srcset=\"https:\/\/www.almega.se\/app\/uploads\/2023\/11\/FredrikOstbom_0727-1180x787.jpg 1180w, https:\/\/www.almega.se\/app\/uploads\/2023\/11\/FredrikOstbom_0727-580x387.jpg 580w, https:\/\/www.almega.se\/app\/uploads\/2023\/11\/FredrikOstbom_0727-380x253.jpg 380w, https:\/\/www.almega.se\/app\/uploads\/2023\/11\/FredrikOstbom_0727-768x512.jpg 768w, https:\/\/www.almega.se\/app\/uploads\/2023\/11\/FredrikOstbom_0727.jpg 1200w\" sizes=\"auto, (max-width: 1180px) 100vw, 1180px\" \/><\/figure>\n\n\n\n\n\n<p>Kostnaderna f\u00f6r att anst\u00e4lla \u00e4r fortsatt dyra. En ny rapport fr\u00e5n Almega visar att Sveriges arbetskraftskostnader \u00e4r bland de h\u00f6gsta i hela Europa, vilket beror p\u00e5 de h\u00f6ga arbetsgivaravgifterna som tiodubblats sedan de inf\u00f6rdes 1960.<\/p>\n\n\n\n<ul class=\"wp-block-list\">\n<li>Vi har l\u00e4gst tillv\u00e4xt i EU och den femte h\u00f6gsta arbetsl\u00f6sheten \u2013 samtidigt spelar vi i toppligan n\u00e4r det kommer till kostnaderna f\u00f6r arbetskraft. Det g\u00e5r inte ihop.<\/li>\n<\/ul>\n\n\n\n<p>Den sammantagna bilden, b\u00e5de fr\u00e5n regeringens budget och oppositionens budgetmotioner \u00e4r att reformer p\u00e5 det ekonomiska omr\u00e5det prioriteras ned.<\/p>\n\n\n\n<ul class=\"wp-block-list\">\n<li>Man lappar och lagar med f\u00f6rslag p\u00e5 lite riktade subventioner eller snabbare tillst\u00e5ndsprocesser. Men b\u00e5de regeringens budget och i alla budgetmotioner saknas det n\u00e4stan helt en politik f\u00f6r tillv\u00e4xt. Det \u00e4r allvarligt.<\/li>\n<\/ul>\n\n\n\n<p>Arbetsl\u00f6sheten stiger och ligger nu p\u00e5 7,7 procent. Samtidigt \u00e4r det sv\u00e5rt f\u00f6r m\u00e5nga f\u00f6retag att rekrytera r\u00e4tt kompetens och hitta personer att anst\u00e4lla, inte minst i tj\u00e4nstesektorn.<\/p>\n\n\n\n<ul class=\"wp-block-list\">\n<li>Vi beh\u00f6ver en \u00e5teruppr\u00e4ttad arbetslinje. Det \u00e4r v\u00e4lkommet att regeringen inf\u00f6r ett nytt jobbskatteavdrag och att etableringsjobben nu ser ut att sj\u00f6s\u00e4ttas. Men det kommer kr\u00e4vas fler \u00e5tg\u00e4rder. I Centerpartiets skuggbudget s\u00e4nker man A-kassan. Det hade varit en v\u00e4lkommen komplettering till det bidragstak som Tid\u00f6-partierna vill inf\u00f6ra, s\u00e4ger Fredrik \u00d6stbom.<\/li>\n<\/ul>\n\n\n\n<p>Ytterligare en budget som inte r\u00f6r h\u00f6ga arbetsgivaravgifter eller marginalskatter \u00e4r inte ett alternativ. Om inte regeringen i kommande budgetar l\u00e4gger grunden f\u00f6r \u00f6kad tillv\u00e4xt s\u00e5 kommer vi inte ha r\u00e5d med satsningar p\u00e5 den gr\u00f6na omst\u00e4llningen, v\u00e4lf\u00e4rden och f\u00f6rsvaret.<\/p>\n\n\n\n<ul class=\"wp-block-list\">\n<li>Vi beh\u00f6ver reformer nu, inte om ett \u00e5r eller n\u00e4sta mandatperiod. Sverige kan inte v\u00e4nta, avslutar Fredrik \u00d6stbom.<\/li>\n<\/ul>\n","protected":false},"excerpt":{"rendered":"<p>Fredrik \u00d6stbom om budgetl\u00e4get F\u00f6r den som v\u00e4ntade sig en \u00f6kad reformtakt blev budgeten till stora delar en besvikelse. Regeringen br\u00f6t praxis n\u00e4r de valde att inte justera upp brytpunkten f\u00f6r statlig inkomstskatt. Samtidigt som &hellip;<\/p>\n","protected":false},"author":15264,"featured_media":68485,"comment_status":"closed","ping_status":"closed","sticky":false,"template":"","format":"standard","meta":{"_acf_changed":false,"footnotes":""},"categories":[64,630],"tags":[686],"article_type":[55],"agreement":[],"class_list":["post-68426","post","type-post","status-publish","format-standard","has-post-thumbnail","hentry","category-arbetsmarknad","category-konjunktur","tag-sverigekanintevanta","type-artiklar"],"acf":[],"yoast_head":"<!-- This site is optimized with the Yoast SEO Premium plugin v26.8 (Yoast SEO v26.8) - https:\/\/yoast.com\/product\/yoast-seo-premium-wordpress\/ -->\n<title>En besvikelse f\u00f6r alla som vill se reformer f\u00f6r \u00f6kad tillv\u00e4xt | Almega<\/title>\n<meta name=\"robots\" content=\"index, follow, max-snippet:-1, max-image-preview:large, max-video-preview:-1\" \/>\n<link rel=\"canonical\" href=\"https:\/\/www.almega.se\/2023\/11\/en-besvikelse-for-alla-som-vill-se-reformer-for-okad-tillvaxt\/\" \/>\n<meta property=\"og:locale\" content=\"sv_SE\" \/>\n<meta property=\"og:type\" content=\"article\" \/>\n<meta property=\"og:title\" content=\"En besvikelse f\u00f6r alla som vill se reformer f\u00f6r \u00f6kad tillv\u00e4xt\" \/>\n<meta property=\"og:description\" content=\"Fredrik \u00d6stbom om budgetl\u00e4get F\u00f6r den som v\u00e4ntade sig en \u00f6kad reformtakt blev budgeten till stora delar en besvikelse. Regeringen br\u00f6t praxis n\u00e4r de valde att inte justera upp brytpunkten f\u00f6r statlig inkomstskatt. Samtidigt som &hellip;\" \/>\n<meta property=\"og:url\" content=\"https:\/\/www.almega.se\/2023\/11\/en-besvikelse-for-alla-som-vill-se-reformer-for-okad-tillvaxt\/\" \/>\n<meta property=\"og:site_name\" content=\"Almega\" \/>\n<meta property=\"article:published_time\" content=\"2023-11-06T08:58:10+00:00\" \/>\n<meta property=\"article:modified_time\" content=\"2024-04-18T14:05:07+00:00\" \/>\n<meta property=\"og:image\" content=\"https:\/\/www.almega.se\/app\/uploads\/2023\/11\/FredrikOstbom_0727.jpg\" \/>\n\t<meta property=\"og:image:width\" content=\"1200\" \/>\n\t<meta property=\"og:image:height\" content=\"800\" \/>\n\t<meta property=\"og:image:type\" content=\"image\/jpeg\" \/>\n<meta name=\"author\" content=\"filippaostling\" \/>\n<meta name=\"twitter:card\" content=\"summary_large_image\" \/>\n<meta name=\"twitter:label1\" content=\"Skriven av\" \/>\n\t<meta name=\"twitter:data1\" content=\"filippaostling\" \/>\n\t<meta name=\"twitter:label2\" content=\"Ber\u00e4knad l\u00e4stid\" \/>\n\t<meta name=\"twitter:data2\" content=\"3 minuter\" \/>\n<!-- \/ Yoast SEO Premium plugin. -->","yoast_head_json":{"title":"En besvikelse f\u00f6r alla som vill se reformer f\u00f6r \u00f6kad tillv\u00e4xt | Almega","robots":{"index":"index","follow":"follow","max-snippet":"max-snippet:-1","max-image-preview":"max-image-preview:large","max-video-preview":"max-video-preview:-1"},"canonical":"https:\/\/www.almega.se\/2023\/11\/en-besvikelse-for-alla-som-vill-se-reformer-for-okad-tillvaxt\/","og_locale":"sv_SE","og_type":"article","og_title":"En besvikelse f\u00f6r alla som vill se reformer f\u00f6r \u00f6kad tillv\u00e4xt","og_description":"Fredrik \u00d6stbom om budgetl\u00e4get F\u00f6r den som v\u00e4ntade sig en \u00f6kad reformtakt blev budgeten till stora delar en besvikelse. Regeringen br\u00f6t praxis n\u00e4r de valde att inte justera upp brytpunkten f\u00f6r statlig inkomstskatt. Samtidigt som &hellip;","og_url":"https:\/\/www.almega.se\/2023\/11\/en-besvikelse-for-alla-som-vill-se-reformer-for-okad-tillvaxt\/","og_site_name":"Almega","article_published_time":"2023-11-06T08:58:10+00:00","article_modified_time":"2024-04-18T14:05:07+00:00","og_image":[{"width":1200,"height":800,"url":"https:\/\/www.almega.se\/app\/uploads\/2023\/11\/FredrikOstbom_0727.jpg","type":"image\/jpeg"}],"author":"filippaostling","twitter_card":"summary_large_image","twitter_misc":{"Skriven av":"filippaostling","Ber\u00e4knad l\u00e4stid":"3 minuter"},"schema":{"@context":"https:\/\/schema.org","@graph":[{"@type":"NewsArticle","@id":"https:\/\/www.almega.se\/2023\/11\/en-besvikelse-for-alla-som-vill-se-reformer-for-okad-tillvaxt\/#article","isPartOf":{"@id":"https:\/\/www.almega.se\/2023\/11\/en-besvikelse-for-alla-som-vill-se-reformer-for-okad-tillvaxt\/"},"author":{"name":"filippaostling","@id":"https:\/\/www.almega.se\/#\/schema\/person\/6a769e8c64bfc060d97757abccc542a4"},"headline":"En besvikelse f\u00f6r alla som vill se reformer f\u00f6r \u00f6kad tillv\u00e4xt","datePublished":"2023-11-06T08:58:10+00:00","dateModified":"2024-04-18T14:05:07+00:00","mainEntityOfPage":{"@id":"https:\/\/www.almega.se\/2023\/11\/en-besvikelse-for-alla-som-vill-se-reformer-for-okad-tillvaxt\/"},"wordCount":505,"image":{"@id":"https:\/\/www.almega.se\/2023\/11\/en-besvikelse-for-alla-som-vill-se-reformer-for-okad-tillvaxt\/#primaryimage"},"thumbnailUrl":"https:\/\/www.almega.se\/app\/uploads\/2023\/11\/FredrikOstbom_0727.jpg","keywords":["Sverige kan inte v\u00e4nta"],"articleSection":["Arbetsmarknad","Konjunktur"],"inLanguage":"sv-SE"},{"@type":"WebPage","@id":"https:\/\/www.almega.se\/2023\/11\/en-besvikelse-for-alla-som-vill-se-reformer-for-okad-tillvaxt\/","url":"https:\/\/www.almega.se\/2023\/11\/en-besvikelse-for-alla-som-vill-se-reformer-for-okad-tillvaxt\/","name":"En besvikelse f\u00f6r alla som vill se reformer f\u00f6r \u00f6kad tillv\u00e4xt | Almega","isPartOf":{"@id":"https:\/\/www.almega.se\/#website"},"primaryImageOfPage":{"@id":"https:\/\/www.almega.se\/2023\/11\/en-besvikelse-for-alla-som-vill-se-reformer-for-okad-tillvaxt\/#primaryimage"},"image":{"@id":"https:\/\/www.almega.se\/2023\/11\/en-besvikelse-for-alla-som-vill-se-reformer-for-okad-tillvaxt\/#primaryimage"},"thumbnailUrl":"https:\/\/www.almega.se\/app\/uploads\/2023\/11\/FredrikOstbom_0727.jpg","datePublished":"2023-11-06T08:58:10+00:00","dateModified":"2024-04-18T14:05:07+00:00","author":{"@id":"https:\/\/www.almega.se\/#\/schema\/person\/6a769e8c64bfc060d97757abccc542a4"},"breadcrumb":{"@id":"https:\/\/www.almega.se\/2023\/11\/en-besvikelse-for-alla-som-vill-se-reformer-for-okad-tillvaxt\/#breadcrumb"},"inLanguage":"sv-SE","potentialAction":[{"@type":"ReadAction","target":["https:\/\/www.almega.se\/2023\/11\/en-besvikelse-for-alla-som-vill-se-reformer-for-okad-tillvaxt\/"]}]},{"@type":"ImageObject","inLanguage":"sv-SE","@id":"https:\/\/www.almega.se\/2023\/11\/en-besvikelse-for-alla-som-vill-se-reformer-for-okad-tillvaxt\/#primaryimage","url":"https:\/\/www.almega.se\/app\/uploads\/2023\/11\/FredrikOstbom_0727.jpg","contentUrl":"https:\/\/www.almega.se\/app\/uploads\/2023\/11\/FredrikOstbom_0727.jpg","width":1200,"height":800,"caption":"Fredrik \u00d6stbom, Chef N\u00e4ringspolitik och Opinionsbildning"},{"@type":"BreadcrumbList","@id":"https:\/\/www.almega.se\/2023\/11\/en-besvikelse-for-alla-som-vill-se-reformer-for-okad-tillvaxt\/#breadcrumb","itemListElement":[{"@type":"ListItem","position":1,"name":"Home","item":"https:\/\/www.almega.se\/"},{"@type":"ListItem","position":2,"name":"En besvikelse f\u00f6r alla som vill se reformer f\u00f6r \u00f6kad tillv\u00e4xt"}]},{"@type":"WebSite","@id":"https:\/\/www.almega.se\/#website","url":"https:\/\/www.almega.se\/","name":"Almega","description":"","potentialAction":[{"@type":"SearchAction","target":{"@type":"EntryPoint","urlTemplate":"https:\/\/www.almega.se\/?s={search_term_string}"},"query-input":{"@type":"PropertyValueSpecification","valueRequired":true,"valueName":"search_term_string"}}],"inLanguage":"sv-SE"},{"@type":"Person","@id":"https:\/\/www.almega.se\/#\/schema\/person\/6a769e8c64bfc060d97757abccc542a4","name":"filippaostling","image":{"@type":"ImageObject","inLanguage":"sv-SE","@id":"https:\/\/www.almega.se\/#\/schema\/person\/image\/","url":"https:\/\/secure.gravatar.com\/avatar\/e9de4cc4600aa1657856eb831cc6fdfe64510cceefd71a933b69e2a42ac5b31f?s=96&d=mm&r=g","contentUrl":"https:\/\/secure.gravatar.com\/avatar\/e9de4cc4600aa1657856eb831cc6fdfe64510cceefd71a933b69e2a42ac5b31f?s=96&d=mm&r=g","caption":"filippaostling"},"url":"https:\/\/www.almega.se\/person\/filippaostling\/"}]}},"_links":{"self":[{"href":"https:\/\/www.almega.se\/api\/wp\/v2\/posts\/68426","targetHints":{"allow":["GET"]}}],"collection":[{"href":"https:\/\/www.almega.se\/api\/wp\/v2\/posts"}],"about":[{"href":"https:\/\/www.almega.se\/api\/wp\/v2\/types\/post"}],"author":[{"embeddable":true,"href":"https:\/\/www.almega.se\/api\/wp\/v2\/users\/15264"}],"replies":[{"embeddable":true,"href":"https:\/\/www.almega.se\/api\/wp\/v2\/comments?post=68426"}],"version-history":[{"count":12,"href":"https:\/\/www.almega.se\/api\/wp\/v2\/posts\/68426\/revisions"}],"predecessor-version":[{"id":73005,"href":"https:\/\/www.almega.se\/api\/wp\/v2\/posts\/68426\/revisions\/73005"}],"wp:featuredmedia":[{"embeddable":true,"href":"https:\/\/www.almega.se\/api\/wp\/v2\/media\/68485"}],"wp:attachment":[{"href":"https:\/\/www.almega.se\/api\/wp\/v2\/media?parent=68426"}],"wp:term":[{"taxonomy":"category","embeddable":true,"href":"https:\/\/www.almega.se\/api\/wp\/v2\/categories?post=68426"},{"taxonomy":"post_tag","embeddable":true,"href":"https:\/\/www.almega.se\/api\/wp\/v2\/tags?post=68426"},{"taxonomy":"type","embeddable":true,"href":"https:\/\/www.almega.se\/api\/wp\/v2\/article_type?post=68426"},{"taxonomy":"agreement","embeddable":true,"href":"https:\/\/www.almega.se\/api\/wp\/v2\/agreement?post=68426"}],"curies":[{"name":"wp","href":"https:\/\/api.w.org\/{rel}","templated":true}]}}