{"id":68195,"date":"2023-11-01T13:47:42","date_gmt":"2023-11-01T12:47:42","guid":{"rendered":"https:\/\/www.almega.se\/?p=68195"},"modified":"2023-11-01T13:59:25","modified_gmt":"2023-11-01T12:59:25","slug":"ge-larosatena-incitament-att-starka-svensk-kompetens","status":"publish","type":"post","link":"https:\/\/www.almega.se\/2023\/11\/ge-larosatena-incitament-att-starka-svensk-kompetens\/","title":{"rendered":"Ge l\u00e4ros\u00e4tena incitament att st\u00e4rka svensk kompetens"},"content":{"rendered":"<p class=\"intro\">\u201dDet \u00e4r h\u00f6g tid f\u00f6r reformer inom forskning och h\u00f6gre utbildning&#8221; konstaterar Fredrik \u00d6stbom, n\u00e4ringspolitisk chef p\u00e5 Almega, i Almegas inspel till regeringens forsknings- och innovationsproposition.<\/p>\n\n<p>\u201dKompetensbristen hos m\u00e5nga av Almegas medlemsf\u00f6retag \u00e4r h\u00f6g och det \u00e4r p\u00e5 tiden att lyfta svensk forskning och h\u00f6gre utbildning till en niv\u00e5 d\u00e4r dessa verksamheter \u00e5ter utg\u00f6r en betydande konkurrensf\u00f6rdel f\u00f6r Sverige. Om kompetensbristen kan minska kan tj\u00e4nstef\u00f6retagen forts\u00e4tta anst\u00e4lla, v\u00e4xa och d\u00e4rmed st\u00e4rka Sverige \u2026 Det \u00e4r h\u00f6g tid f\u00f6r reformer inom forskning och h\u00f6gre utbildning.\u201d<\/p>\n\n\n\n<p>Det skriver Almegas n\u00e4ringspolitiska chef Fredrik \u00d6stbom i f\u00f6rordet till \u201d<a href=\"http:\/\/www.almega.se\">Ge <\/a><a href=\"https:\/\/www.almega.se\/app\/uploads\/2023\/11\/Almega-inspels-PM-till-forsknings-och-innovationspropositionen-okt-2023.pdf\">l\u00e4ros\u00e4tena <\/a><a href=\"http:\/\/www.almega.se\">incitament att st\u00e4rka svensk kompetens<\/a>\u201d, Almegas inspel till regeringens forsknings- och innovationsproposition.<\/p>\n\n\n\n<p>\u201dUniversitet och h\u00f6gskolor \u00e4r i dag en av de st\u00f6rsta statliga sektorerna med en oms\u00e4ttning p\u00e5 80 miljarder kronor och 68 000 anst\u00e4llda. Att verksamheten levererar i form av ny kunskap genom kvalitativ forskning och spridning av kunskap genom utbildning som st\u00e4rker n\u00e4ringslivet \u00e4r centralt om Sverige ska kunna kalla sig en kunskapsnation.&#8221;<\/p>\n\n\n\n<p>Inspelet \u00e4r en sammanfattning av Almegas rapport&nbsp;<em>\u201d<\/em>Ge l\u00e4ros\u00e4tena incitament att st\u00e4rka svensk kompetens \u2013 H\u00f6g tid f\u00f6r kvalitetsh\u00f6jande reformer inom h\u00f6gre utbildning och forskning\u201d,&nbsp;d\u00e4r djupare resonemang och referenser finns, och som har tagits fram av Almega, Innovationsf\u00f6retagen och TechSverige.<\/p>\n\n\n\n      <a href=\"https:\/\/www.almega.se\/app\/uploads\/2023\/11\/Almega-inspels-PM-till-forsknings-och-innovationspropositionen-okt-2023.pdf\" target=\"\" class=\"Button is-text Button--download\">\n      \n        L\u00e4s hela inspelet &#8221;Ge l\u00e4ros\u00e4tena incitament att st\u00e4rka svensk kompetens&#8221; (pdf)\n      \n      \n                <svg class='icon icon--download'  width=\"16\" height=\"16\" viewBox=\"0 0 16 16\" fill=\"none\" xmlns=\"http:\/\/www.w3.org\/2000\/svg\">\n<path d=\"M8 -2.18557e-07L8 10M8 10L13 5M8 10L3 5\" stroke=\"black\" stroke-width=\"2\" stroke-miterlimit=\"10\"\/>\n<path d=\"M15 11.5V15H1V11.5\" stroke=\"black\" stroke-width=\"2\" stroke-miterlimit=\"10\"\/>\n<\/svg>\n\n        \n    <\/a>\n  \n","protected":false},"excerpt":{"rendered":"<p>\u201dKompetensbristen hos m\u00e5nga av Almegas medlemsf\u00f6retag \u00e4r h\u00f6g och det \u00e4r p\u00e5 tiden att lyfta svensk forskning och h\u00f6gre utbildning till en niv\u00e5 d\u00e4r dessa verksamheter \u00e5ter utg\u00f6r en betydande konkurrensf\u00f6rdel f\u00f6r Sverige. Om kompetensbristen &hellip;<\/p>\n","protected":false},"author":14531,"featured_media":54863,"comment_status":"closed","ping_status":"closed","sticky":false,"template":"","format":"standard","meta":{"_acf_changed":false,"footnotes":""},"categories":[419],"tags":[],"article_type":[56],"agreement":[],"class_list":["post-68195","post","type-post","status-publish","format-standard","has-post-thumbnail","hentry","category-kompetensforsorjning","type-nyheter"],"acf":[],"yoast_head":"<!-- This site is optimized with the Yoast SEO Premium plugin v26.8 (Yoast SEO v26.8) - https:\/\/yoast.com\/product\/yoast-seo-premium-wordpress\/ -->\n<title>Ge l\u00e4ros\u00e4tena incitament att st\u00e4rka svensk kompetens | Almega<\/title>\n<meta name=\"robots\" content=\"index, follow, max-snippet:-1, max-image-preview:large, max-video-preview:-1\" \/>\n<link rel=\"canonical\" href=\"https:\/\/www.almega.se\/2023\/11\/ge-larosatena-incitament-att-starka-svensk-kompetens\/\" \/>\n<meta property=\"og:locale\" content=\"sv_SE\" \/>\n<meta property=\"og:type\" content=\"article\" \/>\n<meta property=\"og:title\" content=\"Ge l\u00e4ros\u00e4tena incitament att st\u00e4rka svensk kompetens\" \/>\n<meta property=\"og:description\" content=\"\u201dKompetensbristen hos m\u00e5nga av Almegas medlemsf\u00f6retag \u00e4r h\u00f6g och det \u00e4r p\u00e5 tiden att lyfta svensk forskning och h\u00f6gre utbildning till en niv\u00e5 d\u00e4r dessa verksamheter \u00e5ter utg\u00f6r en betydande konkurrensf\u00f6rdel f\u00f6r Sverige. Om kompetensbristen &hellip;\" \/>\n<meta property=\"og:url\" content=\"https:\/\/www.almega.se\/2023\/11\/ge-larosatena-incitament-att-starka-svensk-kompetens\/\" \/>\n<meta property=\"og:site_name\" content=\"Almega\" \/>\n<meta property=\"article:published_time\" content=\"2023-11-01T12:47:42+00:00\" \/>\n<meta property=\"article:modified_time\" content=\"2023-11-01T12:59:25+00:00\" \/>\n<meta property=\"og:image\" content=\"https:\/\/www.almega.se\/app\/uploads\/2023\/01\/fredrik-ostbom-1180x778-1.png\" \/>\n\t<meta property=\"og:image:width\" content=\"1180\" \/>\n\t<meta property=\"og:image:height\" content=\"778\" \/>\n\t<meta property=\"og:image:type\" content=\"image\/png\" \/>\n<meta name=\"author\" content=\"Karin Nyg\u00e5rd\" \/>\n<meta name=\"twitter:card\" content=\"summary_large_image\" \/>\n<meta name=\"twitter:label1\" content=\"Skriven av\" \/>\n\t<meta name=\"twitter:data1\" content=\"Karin Nyg\u00e5rd\" \/>\n\t<meta name=\"twitter:label2\" content=\"Ber\u00e4knad l\u00e4stid\" \/>\n\t<meta name=\"twitter:data2\" content=\"1 minut\" \/>\n<!-- \/ Yoast SEO Premium plugin. -->","yoast_head_json":{"title":"Ge l\u00e4ros\u00e4tena incitament att st\u00e4rka svensk kompetens | Almega","robots":{"index":"index","follow":"follow","max-snippet":"max-snippet:-1","max-image-preview":"max-image-preview:large","max-video-preview":"max-video-preview:-1"},"canonical":"https:\/\/www.almega.se\/2023\/11\/ge-larosatena-incitament-att-starka-svensk-kompetens\/","og_locale":"sv_SE","og_type":"article","og_title":"Ge l\u00e4ros\u00e4tena incitament att st\u00e4rka svensk kompetens","og_description":"\u201dKompetensbristen hos m\u00e5nga av Almegas medlemsf\u00f6retag \u00e4r h\u00f6g och det \u00e4r p\u00e5 tiden att lyfta svensk forskning och h\u00f6gre utbildning till en niv\u00e5 d\u00e4r dessa verksamheter \u00e5ter utg\u00f6r en betydande konkurrensf\u00f6rdel f\u00f6r Sverige. Om kompetensbristen &hellip;","og_url":"https:\/\/www.almega.se\/2023\/11\/ge-larosatena-incitament-att-starka-svensk-kompetens\/","og_site_name":"Almega","article_published_time":"2023-11-01T12:47:42+00:00","article_modified_time":"2023-11-01T12:59:25+00:00","og_image":[{"width":1180,"height":778,"url":"https:\/\/www.almega.se\/app\/uploads\/2023\/01\/fredrik-ostbom-1180x778-1.png","type":"image\/png"}],"author":"Karin Nyg\u00e5rd","twitter_card":"summary_large_image","twitter_misc":{"Skriven av":"Karin Nyg\u00e5rd","Ber\u00e4knad l\u00e4stid":"1 minut"},"schema":{"@context":"https:\/\/schema.org","@graph":[{"@type":"NewsArticle","@id":"https:\/\/www.almega.se\/2023\/11\/ge-larosatena-incitament-att-starka-svensk-kompetens\/#article","isPartOf":{"@id":"https:\/\/www.almega.se\/2023\/11\/ge-larosatena-incitament-att-starka-svensk-kompetens\/"},"author":{"name":"Karin Nyg\u00e5rd","@id":"https:\/\/www.almega.se\/#\/schema\/person\/eae58f3a71d6b7aa9f71f3139a740a02"},"headline":"Ge l\u00e4ros\u00e4tena incitament att st\u00e4rka svensk kompetens","datePublished":"2023-11-01T12:47:42+00:00","dateModified":"2023-11-01T12:59:25+00:00","mainEntityOfPage":{"@id":"https:\/\/www.almega.se\/2023\/11\/ge-larosatena-incitament-att-starka-svensk-kompetens\/"},"wordCount":221,"image":{"@id":"https:\/\/www.almega.se\/2023\/11\/ge-larosatena-incitament-att-starka-svensk-kompetens\/#primaryimage"},"thumbnailUrl":"https:\/\/www.almega.se\/app\/uploads\/2023\/01\/fredrik-ostbom-1180x778-1.png","articleSection":["Kompetensf\u00f6rs\u00f6rjning"],"inLanguage":"sv-SE"},{"@type":"WebPage","@id":"https:\/\/www.almega.se\/2023\/11\/ge-larosatena-incitament-att-starka-svensk-kompetens\/","url":"https:\/\/www.almega.se\/2023\/11\/ge-larosatena-incitament-att-starka-svensk-kompetens\/","name":"Ge l\u00e4ros\u00e4tena incitament att st\u00e4rka svensk kompetens | Almega","isPartOf":{"@id":"https:\/\/www.almega.se\/#website"},"primaryImageOfPage":{"@id":"https:\/\/www.almega.se\/2023\/11\/ge-larosatena-incitament-att-starka-svensk-kompetens\/#primaryimage"},"image":{"@id":"https:\/\/www.almega.se\/2023\/11\/ge-larosatena-incitament-att-starka-svensk-kompetens\/#primaryimage"},"thumbnailUrl":"https:\/\/www.almega.se\/app\/uploads\/2023\/01\/fredrik-ostbom-1180x778-1.png","datePublished":"2023-11-01T12:47:42+00:00","dateModified":"2023-11-01T12:59:25+00:00","author":{"@id":"https:\/\/www.almega.se\/#\/schema\/person\/eae58f3a71d6b7aa9f71f3139a740a02"},"breadcrumb":{"@id":"https:\/\/www.almega.se\/2023\/11\/ge-larosatena-incitament-att-starka-svensk-kompetens\/#breadcrumb"},"inLanguage":"sv-SE","potentialAction":[{"@type":"ReadAction","target":["https:\/\/www.almega.se\/2023\/11\/ge-larosatena-incitament-att-starka-svensk-kompetens\/"]}]},{"@type":"ImageObject","inLanguage":"sv-SE","@id":"https:\/\/www.almega.se\/2023\/11\/ge-larosatena-incitament-att-starka-svensk-kompetens\/#primaryimage","url":"https:\/\/www.almega.se\/app\/uploads\/2023\/01\/fredrik-ostbom-1180x778-1.png","contentUrl":"https:\/\/www.almega.se\/app\/uploads\/2023\/01\/fredrik-ostbom-1180x778-1.png","width":1180,"height":778,"caption":"Fredrik \u00d6stbom Almega"},{"@type":"BreadcrumbList","@id":"https:\/\/www.almega.se\/2023\/11\/ge-larosatena-incitament-att-starka-svensk-kompetens\/#breadcrumb","itemListElement":[{"@type":"ListItem","position":1,"name":"Home","item":"https:\/\/www.almega.se\/"},{"@type":"ListItem","position":2,"name":"Ge l\u00e4ros\u00e4tena incitament att st\u00e4rka svensk kompetens"}]},{"@type":"WebSite","@id":"https:\/\/www.almega.se\/#website","url":"https:\/\/www.almega.se\/","name":"Almega","description":"","potentialAction":[{"@type":"SearchAction","target":{"@type":"EntryPoint","urlTemplate":"https:\/\/www.almega.se\/?s={search_term_string}"},"query-input":{"@type":"PropertyValueSpecification","valueRequired":true,"valueName":"search_term_string"}}],"inLanguage":"sv-SE"},{"@type":"Person","@id":"https:\/\/www.almega.se\/#\/schema\/person\/eae58f3a71d6b7aa9f71f3139a740a02","name":"Karin Nyg\u00e5rd","image":{"@type":"ImageObject","inLanguage":"sv-SE","@id":"https:\/\/www.almega.se\/#\/schema\/person\/image\/","url":"https:\/\/secure.gravatar.com\/avatar\/09e5ec3d12974ae686ad90a0a4bf5404c8a4cfdca18f97124f166ab274023818?s=96&d=mm&r=g","contentUrl":"https:\/\/secure.gravatar.com\/avatar\/09e5ec3d12974ae686ad90a0a4bf5404c8a4cfdca18f97124f166ab274023818?s=96&d=mm&r=g","caption":"Karin Nyg\u00e5rd"},"description":"Produkt\u00e4gare Almega.se, samordnar webbutveckling och utveckling av Arbetsgivarguiden.se","url":"https:\/\/www.almega.se\/person\/karinnygard\/"}]}},"_links":{"self":[{"href":"https:\/\/www.almega.se\/api\/wp\/v2\/posts\/68195","targetHints":{"allow":["GET"]}}],"collection":[{"href":"https:\/\/www.almega.se\/api\/wp\/v2\/posts"}],"about":[{"href":"https:\/\/www.almega.se\/api\/wp\/v2\/types\/post"}],"author":[{"embeddable":true,"href":"https:\/\/www.almega.se\/api\/wp\/v2\/users\/14531"}],"replies":[{"embeddable":true,"href":"https:\/\/www.almega.se\/api\/wp\/v2\/comments?post=68195"}],"version-history":[{"count":14,"href":"https:\/\/www.almega.se\/api\/wp\/v2\/posts\/68195\/revisions"}],"predecessor-version":[{"id":68217,"href":"https:\/\/www.almega.se\/api\/wp\/v2\/posts\/68195\/revisions\/68217"}],"wp:featuredmedia":[{"embeddable":true,"href":"https:\/\/www.almega.se\/api\/wp\/v2\/media\/54863"}],"wp:attachment":[{"href":"https:\/\/www.almega.se\/api\/wp\/v2\/media?parent=68195"}],"wp:term":[{"taxonomy":"category","embeddable":true,"href":"https:\/\/www.almega.se\/api\/wp\/v2\/categories?post=68195"},{"taxonomy":"post_tag","embeddable":true,"href":"https:\/\/www.almega.se\/api\/wp\/v2\/tags?post=68195"},{"taxonomy":"type","embeddable":true,"href":"https:\/\/www.almega.se\/api\/wp\/v2\/article_type?post=68195"},{"taxonomy":"agreement","embeddable":true,"href":"https:\/\/www.almega.se\/api\/wp\/v2\/agreement?post=68195"}],"curies":[{"name":"wp","href":"https:\/\/api.w.org\/{rel}","templated":true}]}}