{"id":66363,"date":"2023-09-18T06:00:00","date_gmt":"2023-09-18T04:00:00","guid":{"rendered":"https:\/\/www.almega.se\/2023\/09\/tjansteindikatorn-avtagande-prisokningar-hoppfullt-for-inflationen\/"},"modified":"2023-10-02T09:26:49","modified_gmt":"2023-10-02T07:26:49","slug":"tjansteindikatorn-avtagande-prisokningar-hoppfullt-for-inflationen","status":"publish","type":"post","link":"https:\/\/www.almega.se\/2023\/09\/tjansteindikatorn-avtagande-prisokningar-hoppfullt-for-inflationen\/","title":{"rendered":"Tj\u00e4nste&shy;indikatorn: Avtagande pris\u00f6kningar \u2013 hoppfullt f\u00f6r inflationen"},"content":{"rendered":"\n<p>Tillv\u00e4xten i den privata tj\u00e4nstesektorn bromsar in, efterfr\u00e5gan p\u00e5 arbetskraft minskar och pris\u00f6kningarna avtar. Detta visar Almegas tj\u00e4nsteindikator f\u00f6r det tredje kvartalet. \u201cDet mest positiva \u00e4r att inflationen \u00e4r p\u00e5 v\u00e4g ned\u201d, s\u00e4ger Patrick Joyce chefekonom p\u00e5 Almega.<\/p>\n\n\n\n<p>\u2013 Under \u00e5rets andra kvartal f\u00f6ll produktionen i tj\u00e4nstesektorn med 0,9 procent. Och enligt v\u00e5r tj\u00e4nsteindikator tycks nedg\u00e5ngen h\u00e5lla i sig \u00e5tminstone under resten av 2023, s\u00e4ger Patrick Joyce, chefekonom Almega.<\/p>\n\n\n\n<p>Nedg\u00e5ngen ses bland annat inom IT- och kommunikationsbranschen som efter en l\u00e5ng period av god tillv\u00e4xt nu bromsar in. Tekniska konsulter utvecklas fortfarande bra medan arkitektf\u00f6retagen tyngs av ett minskat bostadsbyggande. \u00c4ven tillv\u00e4xten inom bemanningsbranschen har stannat av.<\/p>\n\n\n\n<p>\u2013 Oms\u00e4ttningen i bemanningsbranschen under \u00e5rets andra kvartal var visserligen h\u00f6g, men om man v\u00e4ger in prish\u00f6jningarna var den faktiskt l\u00e4gre \u00e4n samma kvartal i fjol. Detta tyder p\u00e5 att efterfr\u00e5gan p\u00e5 arbetskraft minskar, s\u00e4ger Patrick Joyce.<\/p>\n\n\n\n      <a href=\"https:\/\/www.almega.se\/aktiviteter\/hur-klarar-tjansteforetagen-krisen\/\" target=\"_blank\" class=\"Button is-button is-style-fill has-black-background-color has-black-border-color has-white-color Button--external-link\">\n      \n        Vill du veta mer? Missa inte webbinariet den 20 september! \n      \n      \n                <svg class='icon icon--external-link'  width=\"16\" height=\"16\" viewBox=\"0 0 16 16\" fill=\"none\" xmlns=\"http:\/\/www.w3.org\/2000\/svg\">\n<path d=\"M9 1H15V7\" stroke=\"black\" stroke-width=\"2\" stroke-miterlimit=\"10\"\/>\n<path d=\"M5 2H1V15H14V11\" stroke=\"black\" stroke-width=\"2\" stroke-miterlimit=\"10\"\/>\n<path d=\"M15 1L6 10\" stroke=\"black\" stroke-width=\"2\" stroke-miterlimit=\"10\"\/>\n<\/svg>\n\n        \n    <\/a>\n  \n\n\n\n<p>En positiv nyhet i tj\u00e4nsteindikator \u00e4r att tj\u00e4nstef\u00f6retagens f\u00f6rs\u00e4ljningspriser \u2013 som omfattar b\u00e5de tj\u00e4nster till f\u00f6retag och konsumenter &#8211; \u00f6kar allt l\u00e5ngsammare. \u00d6kningstakten har halverats p\u00e5 ett \u00e5r, fr\u00e5n 7,9 till 4,1 procent.<\/p>\n\n\n\n<p>\u2013 Almegas prisindikator f\u00f6r tj\u00e4nstesektorn visar att pris\u00f6kningarna kommer avta ytterligare under det tredje kvartalet. Detta inneb\u00e4r att \u00f6kningstakten kan vara tillbaka p\u00e5 drygt tv\u00e5 procent i b\u00f6rjan av n\u00e4sta \u00e5r, forts\u00e4tter Patrick Joyce.<\/p>\n\n\n\n<p>Prisnedg\u00e5ngen f\u00f6rklaras fr\u00e4mst av att effekterna av de kraftiga kostnads\u00f6kningarna p\u00e5 energi och andra r\u00e5varor under f\u00f6rra \u00e5ret b\u00f6rjar klinga av. Priserna p\u00e5 transporter har i princip slutat att \u00f6ka. Samtidigt \u00f6kar den svaga kronan kostnaderna f\u00f6r insatsvaror och insatstj\u00e4nster f\u00f6r m\u00e5nga konsultbranscher.<\/p>\n\n\n\n<p>\u2013 F\u00f6retagstj\u00e4nster \u00e4r viktiga insatstj\u00e4nster i v\u00e4ldigt m\u00e5nga andra branscher. N\u00e4r pris\u00f6kningarna p\u00e5 tj\u00e4nster avtar f\u00e5r det en stor p\u00e5verkan p\u00e5 den allm\u00e4nna inflationen som kommer att forts\u00e4tta att falla tillbaka, s\u00e4ger Patrick Joyce.<\/p>\n\n\n\n<p><\/p>\n\n\n\n<p>Hela rapporten \u00e5terfinns <a href=\"https:\/\/www.almega.se\/app\/uploads\/2023\/09\/Tjansteindikatorn-Kvartal-tre-2023.pdf\">h\u00e4r<\/a>.<\/p>\n","protected":false},"excerpt":{"rendered":"<p>Tillv\u00e4xten i den privata tj\u00e4nstesektorn bromsar in, efterfr\u00e5gan p\u00e5 arbetskraft minskar och pris\u00f6kningarna avtar. Detta visar Almegas tj\u00e4nsteindikator f\u00f6r det tredje kvartalet. \u201cDet mest positiva \u00e4r att inflationen \u00e4r p\u00e5 v\u00e4g ned\u201d, s\u00e4ger Patrick Joyce chefekonom p\u00e5 Almega.<\/p>\n","protected":false},"author":6058,"featured_media":60934,"comment_status":"closed","ping_status":"closed","sticky":false,"template":"","format":"standard","meta":{"_acf_changed":false,"footnotes":""},"categories":[630],"tags":[50],"article_type":[56,93,42],"agreement":[],"class_list":["post-66363","post","type-post","status-publish","format-standard","has-post-thumbnail","hentry","category-konjunktur","tag-tjanstesektorns-utveckling","type-nyheter","type-pressmeddelanden","type-rapporter"],"acf":[],"yoast_head":"<!-- This site is optimized with the Yoast SEO Premium plugin v26.8 (Yoast SEO v26.8) - https:\/\/yoast.com\/product\/yoast-seo-premium-wordpress\/ -->\n<title>Tj\u00e4nsteindikatorn: Avtagande pris\u00f6kningar \u2013 hoppfullt f\u00f6r inflationen | Almega<\/title>\n<meta name=\"robots\" content=\"index, follow, max-snippet:-1, max-image-preview:large, max-video-preview:-1\" \/>\n<link rel=\"canonical\" href=\"https:\/\/www.almega.se\/2023\/09\/tjansteindikatorn-avtagande-prisokningar-hoppfullt-for-inflationen\/\" \/>\n<meta property=\"og:locale\" content=\"sv_SE\" \/>\n<meta property=\"og:type\" content=\"article\" \/>\n<meta property=\"og:title\" content=\"Tj\u00e4nsteindikatorn: Avtagande pris\u00f6kningar \u2013 hoppfullt f\u00f6r inflationen\" \/>\n<meta property=\"og:description\" content=\"Tillv\u00e4xten i den privata tj\u00e4nstesektorn bromsar in, efterfr\u00e5gan p\u00e5 arbetskraft minskar och pris\u00f6kningarna avtar. Detta visar Almegas tj\u00e4nsteindikator f\u00f6r det tredje kvartalet. \u201cDet mest positiva \u00e4r att inflationen \u00e4r p\u00e5 v\u00e4g ned\u201d, s\u00e4ger Patrick Joyce chefekonom p\u00e5 Almega.\" \/>\n<meta property=\"og:url\" content=\"https:\/\/www.almega.se\/2023\/09\/tjansteindikatorn-avtagande-prisokningar-hoppfullt-for-inflationen\/\" \/>\n<meta property=\"og:site_name\" content=\"Almega\" \/>\n<meta property=\"article:published_time\" content=\"2023-09-18T04:00:00+00:00\" \/>\n<meta property=\"article:modified_time\" content=\"2023-10-02T07:26:49+00:00\" \/>\n<meta property=\"og:image\" content=\"https:\/\/www.almega.se\/app\/uploads\/2023\/04\/4dff96fa-4d2e-4122-bc13-5b6215f8510c-scaled.jpg\" \/>\n\t<meta property=\"og:image:width\" content=\"2560\" \/>\n\t<meta property=\"og:image:height\" content=\"1329\" \/>\n\t<meta property=\"og:image:type\" content=\"image\/jpeg\" \/>\n<meta name=\"author\" content=\"Shashika Sellgren\" \/>\n<meta name=\"twitter:card\" content=\"summary_large_image\" \/>\n<meta name=\"twitter:label1\" content=\"Skriven av\" \/>\n\t<meta name=\"twitter:data1\" content=\"Shashika Sellgren\" \/>\n\t<meta name=\"twitter:label2\" content=\"Ber\u00e4knad l\u00e4stid\" \/>\n\t<meta name=\"twitter:data2\" content=\"2 minuter\" \/>\n<!-- \/ Yoast SEO Premium plugin. -->","yoast_head_json":{"title":"Tj\u00e4nsteindikatorn: Avtagande pris\u00f6kningar \u2013 hoppfullt f\u00f6r inflationen | Almega","robots":{"index":"index","follow":"follow","max-snippet":"max-snippet:-1","max-image-preview":"max-image-preview:large","max-video-preview":"max-video-preview:-1"},"canonical":"https:\/\/www.almega.se\/2023\/09\/tjansteindikatorn-avtagande-prisokningar-hoppfullt-for-inflationen\/","og_locale":"sv_SE","og_type":"article","og_title":"Tj\u00e4nsteindikatorn: Avtagande pris\u00f6kningar \u2013 hoppfullt f\u00f6r inflationen","og_description":"Tillv\u00e4xten i den privata tj\u00e4nstesektorn bromsar in, efterfr\u00e5gan p\u00e5 arbetskraft minskar och pris\u00f6kningarna avtar. Detta visar Almegas tj\u00e4nsteindikator f\u00f6r det tredje kvartalet. \u201cDet mest positiva \u00e4r att inflationen \u00e4r p\u00e5 v\u00e4g ned\u201d, s\u00e4ger Patrick Joyce chefekonom p\u00e5 Almega.","og_url":"https:\/\/www.almega.se\/2023\/09\/tjansteindikatorn-avtagande-prisokningar-hoppfullt-for-inflationen\/","og_site_name":"Almega","article_published_time":"2023-09-18T04:00:00+00:00","article_modified_time":"2023-10-02T07:26:49+00:00","og_image":[{"width":2560,"height":1329,"url":"https:\/\/www.almega.se\/app\/uploads\/2023\/04\/4dff96fa-4d2e-4122-bc13-5b6215f8510c-scaled.jpg","type":"image\/jpeg"}],"author":"Shashika Sellgren","twitter_card":"summary_large_image","twitter_misc":{"Skriven av":"Shashika Sellgren","Ber\u00e4knad l\u00e4stid":"2 minuter"},"schema":{"@context":"https:\/\/schema.org","@graph":[{"@type":"NewsArticle","@id":"https:\/\/www.almega.se\/2023\/09\/tjansteindikatorn-avtagande-prisokningar-hoppfullt-for-inflationen\/#article","isPartOf":{"@id":"https:\/\/www.almega.se\/2023\/09\/tjansteindikatorn-avtagande-prisokningar-hoppfullt-for-inflationen\/"},"author":{"name":"Shashika Sellgren","@id":"https:\/\/www.almega.se\/#\/schema\/person\/38c6b37b81c530c93246c3d1993d5662"},"headline":"Tj\u00e4nste&shy;indikatorn: Avtagande pris\u00f6kningar \u2013 hoppfullt f\u00f6r inflationen","datePublished":"2023-09-18T04:00:00+00:00","dateModified":"2023-10-02T07:26:49+00:00","mainEntityOfPage":{"@id":"https:\/\/www.almega.se\/2023\/09\/tjansteindikatorn-avtagande-prisokningar-hoppfullt-for-inflationen\/"},"wordCount":361,"image":{"@id":"https:\/\/www.almega.se\/2023\/09\/tjansteindikatorn-avtagande-prisokningar-hoppfullt-for-inflationen\/#primaryimage"},"thumbnailUrl":"https:\/\/www.almega.se\/app\/uploads\/2023\/04\/4dff96fa-4d2e-4122-bc13-5b6215f8510c-scaled.jpg","keywords":["Tj\u00e4nstesektorns utveckling"],"articleSection":["Konjunktur"],"inLanguage":"sv-SE"},{"@type":"WebPage","@id":"https:\/\/www.almega.se\/2023\/09\/tjansteindikatorn-avtagande-prisokningar-hoppfullt-for-inflationen\/","url":"https:\/\/www.almega.se\/2023\/09\/tjansteindikatorn-avtagande-prisokningar-hoppfullt-for-inflationen\/","name":"Tj\u00e4nsteindikatorn: Avtagande pris\u00f6kningar \u2013 hoppfullt f\u00f6r inflationen | Almega","isPartOf":{"@id":"https:\/\/www.almega.se\/#website"},"primaryImageOfPage":{"@id":"https:\/\/www.almega.se\/2023\/09\/tjansteindikatorn-avtagande-prisokningar-hoppfullt-for-inflationen\/#primaryimage"},"image":{"@id":"https:\/\/www.almega.se\/2023\/09\/tjansteindikatorn-avtagande-prisokningar-hoppfullt-for-inflationen\/#primaryimage"},"thumbnailUrl":"https:\/\/www.almega.se\/app\/uploads\/2023\/04\/4dff96fa-4d2e-4122-bc13-5b6215f8510c-scaled.jpg","datePublished":"2023-09-18T04:00:00+00:00","dateModified":"2023-10-02T07:26:49+00:00","author":{"@id":"https:\/\/www.almega.se\/#\/schema\/person\/38c6b37b81c530c93246c3d1993d5662"},"breadcrumb":{"@id":"https:\/\/www.almega.se\/2023\/09\/tjansteindikatorn-avtagande-prisokningar-hoppfullt-for-inflationen\/#breadcrumb"},"inLanguage":"sv-SE","potentialAction":[{"@type":"ReadAction","target":["https:\/\/www.almega.se\/2023\/09\/tjansteindikatorn-avtagande-prisokningar-hoppfullt-for-inflationen\/"]}]},{"@type":"ImageObject","inLanguage":"sv-SE","@id":"https:\/\/www.almega.se\/2023\/09\/tjansteindikatorn-avtagande-prisokningar-hoppfullt-for-inflationen\/#primaryimage","url":"https:\/\/www.almega.se\/app\/uploads\/2023\/04\/4dff96fa-4d2e-4122-bc13-5b6215f8510c-scaled.jpg","contentUrl":"https:\/\/www.almega.se\/app\/uploads\/2023\/04\/4dff96fa-4d2e-4122-bc13-5b6215f8510c-scaled.jpg","width":2560,"height":1329,"caption":"Patrick Joyce, chefekonom p\u00e5 Almega"},{"@type":"BreadcrumbList","@id":"https:\/\/www.almega.se\/2023\/09\/tjansteindikatorn-avtagande-prisokningar-hoppfullt-for-inflationen\/#breadcrumb","itemListElement":[{"@type":"ListItem","position":1,"name":"Home","item":"https:\/\/www.almega.se\/"},{"@type":"ListItem","position":2,"name":"Tj\u00e4nste&shy;indikatorn: Avtagande pris\u00f6kningar \u2013 hoppfullt f\u00f6r inflationen"}]},{"@type":"WebSite","@id":"https:\/\/www.almega.se\/#website","url":"https:\/\/www.almega.se\/","name":"Almega","description":"","potentialAction":[{"@type":"SearchAction","target":{"@type":"EntryPoint","urlTemplate":"https:\/\/www.almega.se\/?s={search_term_string}"},"query-input":{"@type":"PropertyValueSpecification","valueRequired":true,"valueName":"search_term_string"}}],"inLanguage":"sv-SE"},{"@type":"Person","@id":"https:\/\/www.almega.se\/#\/schema\/person\/38c6b37b81c530c93246c3d1993d5662","name":"Shashika Sellgren","image":{"@type":"ImageObject","inLanguage":"sv-SE","@id":"https:\/\/www.almega.se\/#\/schema\/person\/image\/","url":"https:\/\/secure.gravatar.com\/avatar\/b225c479880df9eb82d1501dd105dd8040f27c8563f3d4bf5dd62ce0a1630abd?s=96&d=mm&r=g","contentUrl":"https:\/\/secure.gravatar.com\/avatar\/b225c479880df9eb82d1501dd105dd8040f27c8563f3d4bf5dd62ce0a1630abd?s=96&d=mm&r=g","caption":"Shashika Sellgren"},"url":"https:\/\/www.almega.se\/person\/shashikasellgren\/"}]}},"_links":{"self":[{"href":"https:\/\/www.almega.se\/api\/wp\/v2\/posts\/66363","targetHints":{"allow":["GET"]}}],"collection":[{"href":"https:\/\/www.almega.se\/api\/wp\/v2\/posts"}],"about":[{"href":"https:\/\/www.almega.se\/api\/wp\/v2\/types\/post"}],"author":[{"embeddable":true,"href":"https:\/\/www.almega.se\/api\/wp\/v2\/users\/6058"}],"replies":[{"embeddable":true,"href":"https:\/\/www.almega.se\/api\/wp\/v2\/comments?post=66363"}],"version-history":[{"count":4,"href":"https:\/\/www.almega.se\/api\/wp\/v2\/posts\/66363\/revisions"}],"predecessor-version":[{"id":66477,"href":"https:\/\/www.almega.se\/api\/wp\/v2\/posts\/66363\/revisions\/66477"}],"wp:featuredmedia":[{"embeddable":true,"href":"https:\/\/www.almega.se\/api\/wp\/v2\/media\/60934"}],"wp:attachment":[{"href":"https:\/\/www.almega.se\/api\/wp\/v2\/media?parent=66363"}],"wp:term":[{"taxonomy":"category","embeddable":true,"href":"https:\/\/www.almega.se\/api\/wp\/v2\/categories?post=66363"},{"taxonomy":"post_tag","embeddable":true,"href":"https:\/\/www.almega.se\/api\/wp\/v2\/tags?post=66363"},{"taxonomy":"type","embeddable":true,"href":"https:\/\/www.almega.se\/api\/wp\/v2\/article_type?post=66363"},{"taxonomy":"agreement","embeddable":true,"href":"https:\/\/www.almega.se\/api\/wp\/v2\/agreement?post=66363"}],"curies":[{"name":"wp","href":"https:\/\/api.w.org\/{rel}","templated":true}]}}