{"id":65590,"date":"2023-06-28T15:00:00","date_gmt":"2023-06-28T13:00:00","guid":{"rendered":"https:\/\/www.almega.se\/?p=65590"},"modified":"2023-12-06T14:53:45","modified_gmt":"2023-12-06T13:53:45","slug":"vad-mer-kan-det-privata-ta-over-2","status":"publish","type":"post","link":"https:\/\/www.almega.se\/2023\/06\/vad-mer-kan-det-privata-ta-over-2\/","title":{"rendered":"Vad mer kan det privata ta \u00f6ver?"},"content":{"rendered":"<p class=\"intro\">I en ny id\u00e9skrift fr\u00e5n Almega presenteras elva omr\u00e5den d\u00e4r det privata p\u00e5 olika s\u00e4tt skulle kunna \u00f6ver fr\u00e5n det offentliga och \u00f6ka tillv\u00e4xten i Sverige.<\/p>\n<a class='Share__link Share__link--url copy-text' href='#' rel='nofollow' data-text='ladda-ner-id\u00e9skriften' title='Dela url' data-confirmation='L\u00e4nken kopierades till urklipp'><svg class='icon icon--link'  width='18' height='18' viewBox='0 0 18 18' fill='none' xmlns='http:\/\/www.w3.org\/2000\/svg'>\n            <path d='M10.4142 0.514721L6.87868 4.05025L8.29289 5.46447L11.1213 2.63604L15.364 6.87868L12.5355 9.70711L13.9497 11.1213L17.4853 7.58579C17.8763 7.19476 17.8763 6.5626 17.4853 6.17158L11.8284 0.514721C11.4374 0.123691 10.8052 0.123691 10.4142 0.514721Z' fill='black'\/>\n            <path d='M9.7071 12.5355L6.87868 15.364L2.63604 11.1213L5.46446 8.2929L4.05025 6.87868L0.514716 10.4142C0.123686 10.8052 0.123686 11.4374 0.514716 11.8284L6.17157 17.4853C6.5626 17.8763 7.19475 17.8763 7.58578 17.4853L11.1213 13.9497L9.7071 12.5355Z' fill='black'\/>\n            <path d='M6.17157 11.8284C6.5626 12.2195 7.19475 12.2195 7.58578 11.8284L11.8284 7.58579C12.2195 7.19476 12.2195 6.56261 11.8284 6.17158C11.4374 5.78055 10.8052 5.78055 10.4142 6.17158L6.17157 10.4142C5.78054 10.8052 5.78054 11.4374 6.17157 11.8284Z' fill='black'\/>\n            <\/svg> <\/a>\n<h2 class=\"wp-block-heading\">Ladda ner id\u00e9skriften <\/h2>\n\n\n\n<p>Id\u00e9skriften finns i sin helhet p\u00e5 denna sida men kan ocks\u00e5 h\u00e4mtas som pdf-fil.<\/p>\n\n\n\n      <a href=\"https:\/\/www.almega.se\/app\/uploads\/2023\/09\/230918-Vad-mer-skulle-det-privata-kunna-ta-over.pdf\" target=\"_blank\" class=\"Button is-button is-style-fill has-black-background-color has-black-border-color has-white-color Button--download\">\n      \n        Ladda ner id\u00e9skriften h\u00e4r (pdf)\n      \n      \n                <svg class='icon icon--download'  width=\"16\" height=\"16\" viewBox=\"0 0 16 16\" fill=\"none\" xmlns=\"http:\/\/www.w3.org\/2000\/svg\">\n<path d=\"M8 -2.18557e-07L8 10M8 10L13 5M8 10L3 5\" stroke=\"black\" stroke-width=\"2\" stroke-miterlimit=\"10\"\/>\n<path d=\"M15 11.5V15H1V11.5\" stroke=\"black\" stroke-width=\"2\" stroke-miterlimit=\"10\"\/>\n<\/svg>\n\n        \n    <\/a>\n  \n\n\n<a class='Share__link Share__link--url copy-text' href='#' rel='nofollow' data-text='inledning' title='Dela url' data-confirmation='L\u00e4nken kopierades till urklipp'><svg class='icon icon--link'  width='18' height='18' viewBox='0 0 18 18' fill='none' xmlns='http:\/\/www.w3.org\/2000\/svg'>\n            <path d='M10.4142 0.514721L6.87868 4.05025L8.29289 5.46447L11.1213 2.63604L15.364 6.87868L12.5355 9.70711L13.9497 11.1213L17.4853 7.58579C17.8763 7.19476 17.8763 6.5626 17.4853 6.17158L11.8284 0.514721C11.4374 0.123691 10.8052 0.123691 10.4142 0.514721Z' fill='black'\/>\n            <path d='M9.7071 12.5355L6.87868 15.364L2.63604 11.1213L5.46446 8.2929L4.05025 6.87868L0.514716 10.4142C0.123686 10.8052 0.123686 11.4374 0.514716 11.8284L6.17157 17.4853C6.5626 17.8763 7.19475 17.8763 7.58578 17.4853L11.1213 13.9497L9.7071 12.5355Z' fill='black'\/>\n            <path d='M6.17157 11.8284C6.5626 12.2195 7.19475 12.2195 7.58578 11.8284L11.8284 7.58579C12.2195 7.19476 12.2195 6.56261 11.8284 6.17158C11.4374 5.78055 10.8052 5.78055 10.4142 6.17158L6.17157 10.4142C5.78054 10.8052 5.78054 11.4374 6.17157 11.8284Z' fill='black'\/>\n            <\/svg> <\/a>\n<h2 class=\"wp-block-heading\">Inledning <\/h2>\n\n\n\n<p>P\u00e5 1970- och 1980-talen var Sverige ett stagnerande land. Tillv\u00e4xten var l\u00e5g, \u00e5ren 1975\u20131995 stod reall\u00f6nerna stilla och Sverige f\u00f6rvandlades fr\u00e5n ett Schweiz till ett Italien n\u00e4r det g\u00e4ller levnadsstandard. <\/p>\n\n\n\n<p>Skattetrycket l\u00e5g \u00e5r 1990 p\u00e5 49,8 procent av BNP, Sverige stod utanf\u00f6r EU och staten hade monopol p\u00e5 el, tele, flyg, t\u00e5g, etermedia samt de olika formerna av v\u00e4lf\u00e4rdsproduktion. <\/p>\n\n\n\n<p>Maktutredningen 1990 visade att m\u00e4nniskor k\u00e4nde vanmakt i kontakt med det offentliga. Den produktivitetsdelegation som den socialdemokratiska regerigen hade tillsatt 1989 konstaterade att Sverige led av l\u00e5g produktivitetsutveckling, och f\u00f6reslog d\u00e4rf\u00f6r \u00e5tg\u00e4rder f\u00f6r bland annat st\u00e4rkta drivkrafter f\u00f6r arbete, utbildning och kapitalbildning samt st\u00e4rkt konkurrens. <\/p>\n\n\n\n<p>Det var mot denna bakgrund som ett omfattande f\u00f6r\u00e4ndringsprogram genomf\u00f6rdes, av s\u00e5v\u00e4l socialdemokratiska som borgerliga regeringar. Ett st\u00f6rre paradigmskifte, f\u00f6r att anv\u00e4nda ett samtidspopul\u00e4rt uttryck, inleddes i mitten av 1980-talet, och fram till mitten av 1990-talet genomf\u00f6rdes ett antal reformer. Den offentliga sektorn slutade v\u00e4xa, offentliga monopol avskaffades, marknader avreglerades och Sverige gick med i EU.<\/p>\n\n\n\n<p>Detta reformpaket var relevant f\u00f6r den svenska tj\u00e4nstesektorn ur minst tv\u00e5 perspektiv. Dels f\u00f6rb\u00e4ttrades f\u00f6ruts\u00e4ttningarna f\u00f6r att starta och driva f\u00f6retag i allm\u00e4nhet. Och dels finns en stor del av Almegas medlemsf\u00f6retag till tack vare dessa politiska f\u00f6r\u00e4ndringar. <\/p>\n\n\n\n<p>Fram till 1990-talets mitt var det i stort sett f\u00f6rbjudet att hyra ut arbetskraft. Medlemmarna i Kompetensf\u00f6retagen, det som tidigare kallades Bemanningsf\u00f6retagen, har kunnat uppst\u00e5 och v\u00e4xa genom f\u00f6r\u00e4ndringar i lagstiftningen. P\u00e5 samma s\u00e4tt finns m\u00e5nga av V\u00e5rdf\u00f6retagarnas medlemmar till f\u00f6r att politiken har gjort det m\u00f6jligt att bedriva privat v\u00e5rd och omsorg med offentlig finansiering. Detsamma g\u00e4ller de friskolef\u00f6retag som \u00e4r medlemmar i Almega Tj\u00e4nstef\u00f6retagen. T\u00e5gf\u00f6retagens medlemmar, f\u00f6rutom SJ, existerar f\u00f6r att det har blivit till\u00e5tet med privata t\u00e5goperat\u00f6rer, medan Utbildningsf\u00f6retagen inom Almega Tj\u00e4nstef\u00f6rbunden existerar f\u00f6r att&nbsp; Arbetsf\u00f6rmedlingen&nbsp; numera ofta handlar upp arbetsmarknadsutbildningar. De privata TV- och radiof\u00f6retagen inom Medief\u00f6retagen finns f\u00f6r att det har blivit till\u00e5tet med s\u00e5dana.<\/p>\n\n\n\n<p>Reformerna var ocks\u00e5 viktiga f\u00f6r landet som helhet. Sverige blev friare, b\u00e4ttre och rikare. Sedan 1995 har svenska reall\u00f6ner stigit med 70 procent. I flera decennier surfade vi vidare p\u00e5 den v\u00e5g som skapades d\u00e5, p\u00e5 1980- och 1990-talen. Visserligen har n\u00e5gra mindre \u00e5tg\u00e4rder vidtagits sedan dess, som omregleringen av apoteket (2009), d\u00e4r m\u00e5nga f\u00f6retag \u00e4r medlemmar i Almega Tj\u00e4nstef\u00f6rbunden, och bilprovningen (2010). Detta var naturligtvis inte n\u00e5gon \u201dmindre\u201d f\u00f6r\u00e4ndring f\u00f6r de f\u00f6retag som kunde se dagens ljus, men p\u00e5 det stora hela, n\u00e4r det g\u00e4ller ett brett liberaliserings- och tillv\u00e4xt- perspektiv, var det inga avg\u00f6rande re- former. Vidare var alliansregeringens skattes\u00e4nkningar 2006\u20132014 omfattande, men Sverige har fortfarande en av v\u00e4rldens st\u00f6rsta offentliga sektorer, med v\u00e4rldens sj\u00e4tte h\u00f6gsta skattetryck. N\u00e5got bredare reformprogram har allts\u00e5 inte genomf\u00f6rts p\u00e5 m\u00e5nga decennier.<\/p>\n\n\n\n<p>Det kommer inte att g\u00e5 i l\u00e4ngden. Vi kan inte vila p\u00e5 lagrarna och leva p\u00e5 gamla meriter f\u00f6r evigt. EU-kommissionen f\u00f6rutsp\u00e5r att Sverige under 2023 kommer att ha l\u00e4gst tillv\u00e4xt i unionen.Vi beh\u00f6ver nya reformer, f\u00f6r \u00f6kad valfrihet, mer f\u00f6retagande och h\u00f6gre tillv\u00e4xt. Tyv\u00e4rr \u00e4r det ont om id\u00e9er i den riktningen, s\u00e4rskilt fr\u00e5n politiken. Det finns f\u00e5 f\u00f6rslag om att minska det offentligas omf\u00e5ng, om att privatisera eller om att konkurrensuts\u00e4tta offentlig verksamhet. Om att ge marknad, f\u00f6retag och individer st\u00f6rre utrymme p\u00e5 politikens bekostnad. I st\u00e4llet handlar debatten om det motsatta, det vill s\u00e4ga att \u201d\u00e5terta den demokratiska kontrollen\u201d eller om att \u201dv\u00e5rda reformer\u201d, det vill s\u00e4ga att ge politiken st\u00f6rre utrymme p\u00e5 bekostnad av marknad, individer och f\u00f6retag. Tid\u00f6avtalet inneh\u00e5ller inte n\u00e5gra tankar om ut\u00f6kad valfrihet.<\/p>\n\n\n\n<p>Det finns d\u00e4rf\u00f6r anledning att unders\u00f6ka hur Sverige kan \u00e5teruppliva den tidigare s\u00e5 framg\u00e5ngsrika v\u00e4gen. Vad finns det f\u00f6r verksamheter som idag bedrivs av det offentliga som skulle kunna privatiseras, upphandlas eller p\u00e5 n\u00e5got annat s\u00e4tt konkurrensuts\u00e4ttas? F\u00f6r att ta reda p\u00e5 det och f\u00f6r att samtidigt ge inspiration till de politiker som vill g\u00e5 vidare presenterar denna id\u00e9skrift n\u00e5gra verksamheter som i Sverige bedrivs av det offentliga men som i andra rika l\u00e4nder sk\u00f6ts av det privata eller p\u00e5 n\u00e5got annat s\u00e4tt pr\u00e4glas av konkurrens. Syftet \u00e4r att inleda en diskussion om vi i Sverige inte skulle kunna inspireras av dessa exempel.<\/p>\n\n\n\n<p>F\u00f6rst ska vi dock g\u00e5 igenom lite av utvecklingen av Sveriges ekonomiska och politiska historia, f\u00f6r att r\u00e4tta till n\u00e5gra missuppfattningar som \u00e4r vanligt f\u00f6rekommande.<\/p>\n\n\n<a class='Share__link Share__link--url copy-text' href='#' rel='nofollow' data-text='missuppfattningar-om-sveriges-ekonomiska-historia' title='Dela url' data-confirmation='L\u00e4nken kopierades till urklipp'><svg class='icon icon--link'  width='18' height='18' viewBox='0 0 18 18' fill='none' xmlns='http:\/\/www.w3.org\/2000\/svg'>\n            <path d='M10.4142 0.514721L6.87868 4.05025L8.29289 5.46447L11.1213 2.63604L15.364 6.87868L12.5355 9.70711L13.9497 11.1213L17.4853 7.58579C17.8763 7.19476 17.8763 6.5626 17.4853 6.17158L11.8284 0.514721C11.4374 0.123691 10.8052 0.123691 10.4142 0.514721Z' fill='black'\/>\n            <path d='M9.7071 12.5355L6.87868 15.364L2.63604 11.1213L5.46446 8.2929L4.05025 6.87868L0.514716 10.4142C0.123686 10.8052 0.123686 11.4374 0.514716 11.8284L6.17157 17.4853C6.5626 17.8763 7.19475 17.8763 7.58578 17.4853L11.1213 13.9497L9.7071 12.5355Z' fill='black'\/>\n            <path d='M6.17157 11.8284C6.5626 12.2195 7.19475 12.2195 7.58578 11.8284L11.8284 7.58579C12.2195 7.19476 12.2195 6.56261 11.8284 6.17158C11.4374 5.78055 10.8052 5.78055 10.4142 6.17158L6.17157 10.4142C5.78054 10.8052 5.78054 11.4374 6.17157 11.8284Z' fill='black'\/>\n            <\/svg> <\/a>\n<h2 class=\"wp-block-heading\">Missuppfattningar om Sveriges ekonomiska historia <\/h2>\n\n\n\n<p><strong>Den f\u00f6rsta <\/strong>missuppfattningen handlar om att Sveriges relativa ekonomiska styrka skulle ha byggts upp under rekord\u00e5ren efter andra v\u00e4rldskriget. Det \u00e4r helt enkelt inte sant. I boken En modern svensk ekonomisk historia: Tillv\u00e4xt och omvandling under tv\u00e5 sekel visade den numera avlidne professorn i ekonomisk historia Lennart Sch\u00f6n att mellan 1949 och 1974 var den \u00e5rliga standardf\u00f6rb\u00e4ttringen i Sverige 3,2 procent, mot 3,4 procent i \u00f6vriga Norden och 3,8 procent i \u00f6vriga Europa.V\u00e5r tillv\u00e4xttakt var under denna period allts\u00e5 l\u00e4gre, inte h\u00f6gre, \u00e4n liknande l\u00e4nders. I st\u00e4llet var det mellan 1890 och 1950 som Sverige hade h\u00f6gst tillv\u00e4xttakt i v\u00e4rlden.<\/p>\n\n\n\n<p><strong>Den andra <\/strong>missuppfattningen, som \u00e4r t\u00e4tt f\u00f6rknippad med den f\u00f6rsta, \u00e4r att Sverige under den period d\u00e5 vi blev rika j\u00e4mf\u00f6rt med andra l\u00e4nder skulle haft h\u00f6gre skatter och en st\u00f6rre offentlig sektor \u00e4n de. Det \u00e4r en id\u00e9 eller uppfattning som f\u00f6ljer av p\u00e5st\u00e5endet att vi skulle utvecklats b\u00e4ttre \u00e4n andra l\u00e4nder under rekord\u00e5ren, d\u00e5 skatterna steg och offentlig sektor byggdes ut. Fr\u00e5n b\u00f6rjan av 1950-talet till mitten av 1970-talet f\u00f6rdubblades skattetrycket.<\/p>\n\n\n\n<p>Men det \u00e4r allts\u00e5 en missuppfattning. Som vi redan sett var det inte under rekord\u00e5ren som Sverige utvecklades snabbare \u00e4n andra l\u00e4nder, utan mellan 1890 och 1950.Och under denna period hade Sverige ett skattetryck som var l\u00e4gre eller i niv\u00e5 med liknande l\u00e4nder.<\/p>\n\n\n\n<p><strong>Tabell 1: Skatter som andel av BNP, procent<\/strong><\/p>\n\n\n\n<figure class=\"wp-block-table is-style-stripes\"><table class=\"has-white-background-color has-background\"><thead><tr><th>Land<strong>\\<\/strong>\u00c5rtal<\/th><th>1900<\/th><th>1928<\/th><th>1938<\/th><th>1950<\/th><\/tr><\/thead><tbody><tr><td><strong>Frankrike<\/strong><\/td><td><strong>8,7<\/strong><\/td><td><strong>16,8<\/strong><\/td><td><strong>18,4<\/strong><\/td><td><strong>28,5<\/strong><\/td><\/tr><tr><td><strong>Storbritannien<\/strong><\/td><td><strong>7,9<\/strong><\/td><td>Ingen uppgift<\/td><td><strong>&nbsp;<\/strong> Ingen uppgift<\/td><td><strong>&nbsp;<\/strong> <strong>36,9<\/strong><\/td><\/tr><tr><td><strong>&nbsp;<\/strong> <strong>USA<\/strong><\/td><td>Ingen uppgift<\/td><td><strong>&nbsp;<\/strong> <strong>11,3<\/strong><\/td><td><strong>&nbsp;<\/strong> <strong>17,9<\/strong><\/td><td><strong>&nbsp;<\/strong> <strong>20,6<\/strong><\/td><\/tr><tr><td><strong>&nbsp;<\/strong> <strong>Sverige<\/strong><\/td><td><strong>8,2<\/strong><\/td><td><strong>&nbsp;<\/strong> <strong>10,5<\/strong><\/td><td><strong>&nbsp;<\/strong> <strong>13,9<\/strong><\/td><td><strong>&nbsp;<\/strong> <strong>21,3<\/strong><\/td><\/tr><\/tbody><\/table><figcaption class=\"wp-element-caption\">Tabell 1 <\/figcaption><\/figure>\n\n\n\n<p>I Tabell 1 ovan ser vi, exempelvis, att skattetrycket i Sverige var l\u00e4gre \u00e4n i b\u00e5de Frankrike och USA, s\u00e5v\u00e4l 1928 som 1938. Till saken h\u00f6r att forskningen har visat att h\u00f6gt skattetryck f\u00f6rknippas med l\u00e4gre tillv\u00e4xttakt, \u00e4ven om det inte \u00e4r det enda som avg\u00f6r v\u00e4lst\u00e5ndsutvecklingen i ett samh\u00e4lle.<\/p>\n\n\n\n<p><strong>Den tredje <\/strong>missuppfattningen \u00e4r att 1980-talet \u00e4r den norm vi ska j\u00e4mf\u00f6ra med, som vore det n\u00e5gon slags sj\u00e4lvklar referenspunkt, n\u00e4r denna period i sj\u00e4lva verket var ett undantag i svensk ekonomisk-politisk historia. Aldrig tidigare hade politikens grepp om f\u00f6retag och m\u00e4nniskor varit st\u00f6rre, och det har det inte heller varit sedan dess. Dessutom var 1980-talet en tid som utgjorde k\u00e4rnan i det enda undantaget i den historiska v\u00e4lst\u00e5nds\u00f6kningen. Det verkar allts\u00e5 vara en d\u00e5lig tid att inspireras av eftersom det gick s\u00e4rdeles d\u00e5ligt f\u00f6r Sverige under denna period.<\/p>\n\n\n\n<p>Apotekens historia \u00e4r ett exempel p\u00e5 hur tid och normer samspelar. P\u00e5 00-talet, n\u00e4r fr\u00e5gan diskuterades, var det m\u00e5nga som motsatte sig konkurrens och privata f\u00f6retag i apotekssektorn och som utgick fr\u00e5n att normen, det som inte hade bevisb\u00f6rdan, var just statligt monopol. Men det faktum att privata apotek var f\u00f6rbjudna var inte n\u00e5gon historisk norm i Sverige, utan ett kort undantag som var resultatet av en ideologisk v\u00e4nsterv\u00e5g. Det hade funnits privata apotek i flera hundra \u00e5r i Sverige, n\u00e4r de 1970 f\u00f6rstatligades. Ett Sverige utan privata apotek \u00e4r allts\u00e5 ett kort undantag, inte normen. Den epoken i svensk historia var en anomali. Det var monopolf\u00f6respr\u00e5karna som borde haft bevisb\u00f6rdan.<\/p>\n\n\n\n<p>Vilket \u00e4r kopplat till <strong>den fj\u00e4rde <\/strong>missuppfattningen, som handlar om hur svensk v\u00e4lf\u00e4rd skapades. Man f\u00e5r ibland intrycket att s\u00e5dan inte fanns f\u00f6rr\u00e4n v\u00e4lf\u00e4rdsstaten v\u00e4xte fram under 1900-talet och s\u00e4rskilt efter andra v\u00e4rldskriget med fokus p\u00e5 1960-och 1970-talen.<\/p>\n\n\n\n<p><strong>Men faktum \u00e4r att svensk v\u00e4lf\u00e4rd \u00e4r \u00e4ldre \u00e4n s\u00e5 och att den byggdes nedifr\u00e5n och upp av frivilliga insatser, varefter den f\u00f6rstatligades. Detta \u00e4r stor fr\u00e5ga som kr\u00e4ver ett eget avsnitt.<\/strong><\/p>\n\n\n<a class='Share__link Share__link--url copy-text' href='#' rel='nofollow' data-text='svensk-valfard-och-dess-historia' title='Dela url' data-confirmation='L\u00e4nken kopierades till urklipp'><svg class='icon icon--link'  width='18' height='18' viewBox='0 0 18 18' fill='none' xmlns='http:\/\/www.w3.org\/2000\/svg'>\n            <path d='M10.4142 0.514721L6.87868 4.05025L8.29289 5.46447L11.1213 2.63604L15.364 6.87868L12.5355 9.70711L13.9497 11.1213L17.4853 7.58579C17.8763 7.19476 17.8763 6.5626 17.4853 6.17158L11.8284 0.514721C11.4374 0.123691 10.8052 0.123691 10.4142 0.514721Z' fill='black'\/>\n            <path d='M9.7071 12.5355L6.87868 15.364L2.63604 11.1213L5.46446 8.2929L4.05025 6.87868L0.514716 10.4142C0.123686 10.8052 0.123686 11.4374 0.514716 11.8284L6.17157 17.4853C6.5626 17.8763 7.19475 17.8763 7.58578 17.4853L11.1213 13.9497L9.7071 12.5355Z' fill='black'\/>\n            <path d='M6.17157 11.8284C6.5626 12.2195 7.19475 12.2195 7.58578 11.8284L11.8284 7.58579C12.2195 7.19476 12.2195 6.56261 11.8284 6.17158C11.4374 5.78055 10.8052 5.78055 10.4142 6.17158L6.17157 10.4142C5.78054 10.8052 5.78054 11.4374 6.17157 11.8284Z' fill='black'\/>\n            <\/svg> <\/a>\n<h2 class=\"wp-block-heading\">Svensk v\u00e4lf\u00e4rd och dess historia <\/h2>\n\n\n\n<p>Om man ska sammanfatta en vanlig bild av Sveriges utveckling under 1900-talet, skulle det kunna l\u00e5ta s\u00e5 h\u00e4r: \u201dSverige var fattigt, men under 1900-talet byggdes v\u00e4lf\u00e4rdssamh\u00e4llet sakta men s\u00e4kert upp av en v\u00e4xande offentlig sektor. Och nu \u00e4r Sverige ett rikt land.\u201d Eftersom syftet med denna id\u00e9skrift inte \u00e4r att g\u00e5 i polemik med n\u00e5gon s\u00e4rskild akt\u00f6r \u00e4r detta inget citat som \u00e4r taget fr\u00e5n verkligheten eller som kan tillskrivas n\u00e5gon person. Men liknade formuleringar \u00e4r tillr\u00e4ckligt vanligt f\u00f6rekommande f\u00f6r att det p\u00e5hittade citatet inte ska ha halmgubbekarakt\u00e4r, det vill s\u00e4ga vara konstruerat utan verklighetsf\u00f6rankring bara f\u00f6r att sedan kunna plockas is\u00e4r. L\u00e5t oss nu ser varf\u00f6r de tv\u00e5 meningarna \u00e4r problematiska.<\/p>\n\n\n\n<p>Det <strong>f\u00f6rsta inv\u00e4ndningen <\/strong>mot formuleringen ovan \u00e4r att den blandar ihop v\u00e4lf\u00e4rd och v\u00e4lst\u00e5nd. I nationalekonomisk terminologi brukar v\u00e4lf\u00e4rd och v\u00e4lst\u00e5nd betyda samma sak, man s\u00e4ger att en \u00e5tg\u00e4rd som h\u00f6jer v\u00e4lst\u00e5ndet \u00e4r v\u00e4lf\u00e4rdsh\u00f6jande. Men p\u00e5 vanlig svenska har begreppet v\u00e4lf\u00e4rd \u2013 s\u00e4rskilt i dess best\u00e4mda form, v\u00e4lf\u00e4rden \u2013 kommit att f\u00e5 betydelsen skattefinansierad verksamhet i form av utbildning, sjukv\u00e5rd och omsorg samt transfereringar. Och med formuleringen ovan f\u00e5r man intrycket att v\u00e4lst\u00e5nd \u00e5 ena sidan och skattefinansierade tj\u00e4nster och transfereringar \u00e5 den andra sidan \u00e4r samma sak. S\u00e5 \u00e4r det naturligtvis inte. Visserligen kr\u00e4ver en v\u00e4l fungerande v\u00e4lf\u00e4rd ett h\u00f6gt v\u00e4lst\u00e5nd, men det omv\u00e4nda f\u00f6rh\u00e5llandet g\u00e4ller inte. Det finns rika l\u00e4nder som inte har en omfattande v\u00e4lf\u00e4rdsstat av v\u00e4steuropeiskt snitt.<\/p>\n\n\n\n<p>Den <strong>andra inv\u00e4ndningen <\/strong>\u00e4r att den stora f\u00f6r\u00e4ndring som \u00e4gde rum under fr\u00e4mst 1900-talet inte var v\u00e4lf\u00e4rdsstatens framv\u00e4xt, utan en gigantisk v\u00e4lst\u00e5ndsutveckling som ofta underskattas. Faktum \u00e4r att den genomsnittliga svenska levnadsstandarden idag \u00e4r mer \u00e4n 20 g\u00e5nger h\u00f6gre \u00e4n 1870. Den vanlige inv\u00e5naren kan allts\u00e5 konsumera \u00f6ver 20 g\u00e5nger mer, inklusive v\u00e4lf\u00e4rdstj\u00e4nster, \u00e4n hen kunde i mitten av 1800-talet. Denna f\u00f6r\u00e4ndring, som allts\u00e5 skapades i och av det privata n\u00e4ringslivet, \u00f6verskuggar allt annat n\u00e4r det g\u00e4ller m\u00e4nsklig v\u00e4lf\u00e4rd. Om vi i Sverige redan 1890 hade inf\u00f6rt en omfattande v\u00e4lf\u00e4rdsstat som hade omf\u00f6rdelat alla inkomster helt j\u00e4mnt, s\u00e5 att alla inv\u00e5nare hade haft exakt lika mycket pengar att r\u00f6ra sig med, hade den genomsnittlige svensken \u00e4nd\u00e5 haft en levnadsstandard under den i dagens Tanzania.<\/p>\n\n\n\n<p>Den <strong>tredje inv\u00e4ndningen <\/strong>handlar om i vilken ordning sakerna skedde och vad som orsakade vad. S\u00e5 h\u00e4r ser ordningen ut: f\u00f6rst \u00e4gde v\u00e4lst\u00e5nds\u00f6kningen rum, och sedan n\u00e4r Sverige var tillr\u00e4ckligt rikt f\u00f6r att ha r\u00e5d med en v\u00e4lf\u00e4rdsstat byggdes en s\u00e5dan upp. Det \u00e4r ocks\u00e5 s\u00e5 utvecklingen har sett ut i de flesta rika v\u00e4sterl\u00e4ndska l\u00e4nder. F\u00f6rst v\u00e4lst\u00e5nd, sedan v\u00e4lf\u00e4rdsstat. I alla tre l\u00e4nder f\u00f6r vilka data \u00e4r tillg\u00e4nglig i Tabell 1 var skattetrycket under 20 procent av BNP precis f\u00f6re 1938. Och n\u00e4r det g\u00e4ller Sverige s\u00e5g utvecklingen av inkomstniv\u00e5 och skattetryck ur som i Graf 1 nedan.<\/p>\n\n\n\n<figure class=\"wp-block-image size-large\"><img loading=\"lazy\" decoding=\"async\" width=\"1180\" height=\"607\" src=\"https:\/\/www.almega.se\/app\/uploads\/2023\/07\/Skarmavbild-2023-07-07-kl.-12.15.49-1180x607.png\" alt=\"\" class=\"wp-image-65570\" srcset=\"https:\/\/www.almega.se\/app\/uploads\/2023\/07\/Skarmavbild-2023-07-07-kl.-12.15.49-1180x607.png 1180w, https:\/\/www.almega.se\/app\/uploads\/2023\/07\/Skarmavbild-2023-07-07-kl.-12.15.49-580x299.png 580w, https:\/\/www.almega.se\/app\/uploads\/2023\/07\/Skarmavbild-2023-07-07-kl.-12.15.49-380x196.png 380w, https:\/\/www.almega.se\/app\/uploads\/2023\/07\/Skarmavbild-2023-07-07-kl.-12.15.49-768x395.png 768w, https:\/\/www.almega.se\/app\/uploads\/2023\/07\/Skarmavbild-2023-07-07-kl.-12.15.49-1536x791.png 1536w, https:\/\/www.almega.se\/app\/uploads\/2023\/07\/Skarmavbild-2023-07-07-kl.-12.15.49.png 1624w\" sizes=\"auto, (max-width: 1180px) 100vw, 1180px\" \/><figcaption class=\"wp-element-caption\">Bild graf 1<\/figcaption><\/figure>\n\n\n\n<p>En <strong>fj\u00e4rde inv\u00e4ndning <\/strong>handlar om Sveriges v\u00e4lf\u00e4rdsstat i relation till liknande l\u00e4nder. Man brukar prata om liberala, konservativa och socialdemokratiska v\u00e4lf\u00e4rdsmodeller, och av resonemanget brukar f\u00f6lja att den nordiska modellen skulle skilja sig fr\u00e5n de \u00f6vriga genom sin ambition och omfattning. Men tittar man p\u00e5 hur stor andel av BNP som \u00e4gnas \u00e5t socialt skydd i OECD-l\u00e4nderna s\u00e5 ser vi att Sverige \u00e4r f\u00f6rst p\u00e5 \u00e5ttonde plats.<\/p>\n\n\n\n<figure class=\"wp-block-image size-large\"><img loading=\"lazy\" decoding=\"async\" width=\"1180\" height=\"586\" src=\"https:\/\/www.almega.se\/app\/uploads\/2023\/07\/Skarmavbild-2023-07-07-kl.-12.17.04-1180x586.png\" alt=\"\" class=\"wp-image-65571\" srcset=\"https:\/\/www.almega.se\/app\/uploads\/2023\/07\/Skarmavbild-2023-07-07-kl.-12.17.04-1180x586.png 1180w, https:\/\/www.almega.se\/app\/uploads\/2023\/07\/Skarmavbild-2023-07-07-kl.-12.17.04-580x288.png 580w, https:\/\/www.almega.se\/app\/uploads\/2023\/07\/Skarmavbild-2023-07-07-kl.-12.17.04-380x189.png 380w, https:\/\/www.almega.se\/app\/uploads\/2023\/07\/Skarmavbild-2023-07-07-kl.-12.17.04-768x381.png 768w, https:\/\/www.almega.se\/app\/uploads\/2023\/07\/Skarmavbild-2023-07-07-kl.-12.17.04-1536x762.png 1536w, https:\/\/www.almega.se\/app\/uploads\/2023\/07\/Skarmavbild-2023-07-07-kl.-12.17.04.png 1612w\" sizes=\"auto, (max-width: 1180px) 100vw, 1180px\" \/><figcaption class=\"wp-element-caption\">Bild graf 2 <\/figcaption><\/figure>\n\n\n\n<p><strong>Den viktigaste <\/strong>missuppfattningen handlar dock om v\u00e4lf\u00e4rdsstatens tillblivelse, och hur det f\u00f6rh\u00f6ll sig med socialf\u00f6rs\u00e4kringar, v\u00e5rd, omsorg och skola innan den generella v\u00e4lf\u00e4rdsstaten s\u00e5g dagens ljus. Grundregeln \u00e4r att den historiska utvecklingen ser ut s\u00e5 h\u00e4r: det tas privata initiativ som sedan b\u00f6rjar subventioneras f\u00f6r att till slut tas \u00f6ver av det offentliga.<\/p>\n\n\n\n<p>L\u00e5t oss b\u00f6rja med socialf\u00f6rs\u00e4kringarna och s\u00e4rskilt sjukf\u00f6rs\u00e4kringen. Den risk som inkomstbortfall orsakat av sjukdom inneb\u00e4r hanterades i flera sekler av frivilliga sammanslutningar, fr\u00e5n 1800-talet oftast kallade sjukkassor. I samband med industrialiseringen och l\u00f6nearbetets framv\u00e4xt \u00f6kade denna f\u00f6reteelse kraftigt, och sjukkasser\u00f6relsen kallades i slutet av 1800-talet \u201dfolkr\u00f6relsernas folkr\u00f6relse.\u201d Under b\u00f6rjan av 1900-talet reglerades och subventionerades dessa, men det var inte f\u00f6rr\u00e4n 1955 som staten tog \u00f6ver och byggde en obligatorisk och skattefinansierad sjukf\u00f6rs\u00e4kring med dessa sj\u00e4lvst\u00e4ndiga sjukkassor som grund.<\/p>\n\n\n\n<p>Ett annat exempel \u00e4r det offentliga pensionssystemet. Det fanns pensionssparande redan innan staten tog \u00f6ver. Under 1900-talet fanns det exempelvis ett utbrett sparande i s\u00e5 kallade folkf\u00f6rs\u00e4kringar, vars pionj\u00e4r f\u00f6r \u00f6vrigt var Sven Palme, Olof Palmes farfar. 1943 fanns det \u00f6ver tv\u00e5 miljoner folkf\u00f6rs\u00e4kringar, som riktade sig fr\u00e4mst till arbetare. Till det kom 1,4 miljoner f\u00f6rs\u00e4kringar f\u00f6r tj\u00e4nstem\u00e4n. Det stora ATP-systemet som tr\u00e4dde i kraft 1960 tr\u00e4ngde undan folkf\u00f6rs\u00e4kringarna, men det visade sig sedan, precis som kritikerna hade h\u00e4vdat, vara oh\u00e5llbart och var tvunget att reformeras, vilket ocks\u00e5 skedde \u00e5r 1994 i en block\u00f6verskridande \u00f6verenskommelse.<\/p>\n\n\n\n<p>Barnomsorgen har ocks\u00e5 den en gammal historia. P\u00e5 1800-talet uppstod privata inr\u00e4ttningar som tog hand om barn \u00e5t ensamst\u00e5ende kvinnor s\u00e5 att dessa skulle kunna arbeta. Samtidigt v\u00e4xte det fram s\u00e5 kallade barntr\u00e4dg\u00e5rdar (t\u00e4nk tyskans och engelskans Kindergarten) f\u00f6r barn till mer v\u00e4lbest\u00e4llda f\u00f6r\u00e4ldrar. Pionj\u00e4rer i detta arbete var systrarna Moberg i Norrk\u00f6- ping, som inledde arbetet i b\u00f6rjan av 1900-talet men som 1946 hade kraftigt ut\u00f6kat verksamheten. Under 1950- och 1960-talen tog kommunerna successivt \u00f6ver ansvaret f\u00f6r barnomsorgen men det var inte f\u00f6rr\u00e4n 1975 som det blev obligatoriskt f\u00f6r kommunerna att erbjuda alla barn s\u00e5dan.<\/p>\n\n\n\n<p>N\u00e4r det g\u00e4ller sjukv\u00e5rden har den en l\u00e5ng historia, med verksamheter i flera hundra \u00e5r innan det blev prim\u00e4rt en angel\u00e4genhet f\u00f6r det offentliga. Exempelvis \u00f6ppnade det f\u00f6rsta moderna sjukhuset i Stockholm redan 1752. \u00c5r 1884 startade ocks\u00e5 Sophiahemmet, ett privat sjukhus. \u00c5r 1900 bestod majoriteten av l\u00e4kark\u00e5ren av allm\u00e4npraktiserande privatl\u00e4kare och 1940 var endast 17 procent av k\u00e5ren statligt anst\u00e4llda provinsial- eller stadsl\u00e4kare. Det var inte f\u00f6rr\u00e4n p\u00e5 1960-talet som landstingen blev huvudman f\u00f6r merparten av h\u00e4lso- och sjukv\u00e5rden och det var d\u00e5 dominansen f\u00f6r de stora sjukhusen inleddes. Det var f\u00f6r \u00f6vrigt mot denna bakgrund som f\u00f6rfattaren PJ Jersild, som var utbildad l\u00e4kare, skrev sin ber\u00f6mda roman Babels hus, som ocks\u00e5 blev en popul\u00e4r tv-serie. Det storskaliga, anonyma och i det n\u00e4rmaste industriella s\u00e4ttet att organisera verksamheten chockade m\u00e5nga och bidrog till bokens och seriens stora framg\u00e5ngar.<\/p>\n\n\n\n<p>Ytterligare ett exempel \u00e4r hemtj\u00e4nsten, som startades av R\u00f6da korset och andra frivilligorganisationer, innan det offentliga tog \u00f6ver. M\u00e5nga \u00e4ldre \u00f6vertalades senare att flytta in p\u00e5 offentligt utbyggda \u00e4ldrehem i st\u00e4llet f\u00f6r att bo kvar hemma med assistans. Denna centraliseringsiver fick i 1980-talets b\u00f6rjan negativa s\u00e5 kallade hospitaliseringseffekter, det vill s\u00e4ga att vistelsen i en v\u00e5rdmilj\u00f6 gjorde de \u00e4ldre sjukare \u00e4n de annars skulle vara.<\/p>\n\n\n\n<p>Vad g\u00e4ller skolan brukar historien beskrivas n\u00e5got i stil med f\u00f6ljande:<\/p>\n\n\n\n<p>&#8221;I b\u00f6rjan av 1800-talet fick v\u00e4ldigt f\u00e5 barn n\u00e5gon under- visning, och f\u00e5 kunde l\u00e4sa och skriva. Men s\u00e5 inf\u00f6rdes den allm\u00e4nna folkskolan 1842, befolkningens kunskap steg kraftigt, m\u00e4nniskor emanciperades och bara n\u00e5gra decennier senare drog Sveriges v\u00e4lst\u00e5ndsresa i g\u00e5ng.&#8221;<\/p>\n\n\n\n<p>I verkligheten s\u00e5g utvecklingen ut p\u00e5 ett helt annat s\u00e4tt. <\/p>\n\n\n\n<p>F\u00f6r <strong>det f\u00f6rsta <\/strong>bedrevs det undervisning redan innan det att den allm\u00e4nna folkskolan inf\u00f6rdes och de flesta svenskar kunde redan l\u00e4sa och skriva. De s\u00e5 omtalade husf\u00f6rh\u00f6ren som p\u00e5gick fr\u00e5n 1600-talet fram till slutet av 1800-talet handlade ju om att kyrkan gick runt till hush\u00e5ll f\u00f6r att kontrollera att befolkningen kunde l\u00e4sa och hade tagit till sig den r\u00e4tta l\u00e4ran. F\u00f6r <strong>det andra<\/strong> var folkskolan m\u00e4kta impopul\u00e4r i breda folklager. 1847 var endast h\u00e4lften av barnen inskrivna i en skola. Dessutom inf\u00f6rdes den allm\u00e4nna folkskolan inte enbart med folkets b\u00e4sta f\u00f6r \u00f6gonen, utan ett av syftena med reformen var att h\u00e5lla koll p\u00e5 och uppfostra medborgarna i religion och patriotism. Vidare fanns det entrepren\u00f6rsdrivna skolor s\u00e5v\u00e4l f\u00f6re som efter 1842. Det var inte f\u00f6rr\u00e4n som p\u00e5 1960- och 1970-talen som de flesta icke-kommunala skolorna f\u00f6rsvann, med undantag f\u00f6r n\u00e5gra f\u00e5 privatskolor f\u00f6r elever f\u00f6r mer bemedlade familjer. Ocks\u00e5 n\u00e4r det g\u00e4ller undervisning var allts\u00e5 1980-talet ett kort centraliseringsundantag i svensk historia.<\/p>\n\n\n<a class='Share__link Share__link--url copy-text' href='#' rel='nofollow' data-text='nagra-omraden-som-det-privata-skulle-kunna-ta-over' title='Dela url' data-confirmation='L\u00e4nken kopierades till urklipp'><svg class='icon icon--link'  width='18' height='18' viewBox='0 0 18 18' fill='none' xmlns='http:\/\/www.w3.org\/2000\/svg'>\n            <path d='M10.4142 0.514721L6.87868 4.05025L8.29289 5.46447L11.1213 2.63604L15.364 6.87868L12.5355 9.70711L13.9497 11.1213L17.4853 7.58579C17.8763 7.19476 17.8763 6.5626 17.4853 6.17158L11.8284 0.514721C11.4374 0.123691 10.8052 0.123691 10.4142 0.514721Z' fill='black'\/>\n            <path d='M9.7071 12.5355L6.87868 15.364L2.63604 11.1213L5.46446 8.2929L4.05025 6.87868L0.514716 10.4142C0.123686 10.8052 0.123686 11.4374 0.514716 11.8284L6.17157 17.4853C6.5626 17.8763 7.19475 17.8763 7.58578 17.4853L11.1213 13.9497L9.7071 12.5355Z' fill='black'\/>\n            <path d='M6.17157 11.8284C6.5626 12.2195 7.19475 12.2195 7.58578 11.8284L11.8284 7.58579C12.2195 7.19476 12.2195 6.56261 11.8284 6.17158C11.4374 5.78055 10.8052 5.78055 10.4142 6.17158L6.17157 10.4142C5.78054 10.8052 5.78054 11.4374 6.17157 11.8284Z' fill='black'\/>\n            <\/svg> <\/a>\n<h2 class=\"wp-block-heading\">N\u00e5gra omr\u00e5den som det privata skulle kunna ta \u00f6ver <\/h2>\n\n\n\n<p><strong>L\u00e5t oss nu l\u00e4mna historien bakom oss och se p\u00e5 verksamheter som sk\u00f6ts av det offentliga i Sverige men som skulle kunna ligga i privata h\u00e4nder, delvis f\u00f6r att de i andra l\u00e4nder g\u00f6r det.<\/strong><\/p>\n\n\n\n<h4 class=\"wp-block-heading\">Socialf\u00f6rs\u00e4kringarna <\/h4>\n\n\n\n<p>G\u00e5r det att f\u00f6rest\u00e4lla sig att sjukf\u00f6rs\u00e4kringen organiseras p\u00e5 n\u00e5got annat s\u00e4tt \u00e4n idag? Vi hade ju ett annat system en g\u00e5ng i tiden, med sj\u00e4lvst\u00e4ndiga sjukkassor. H\u00e4r finns det anledning att lyfta fram arbetsl\u00f6shetsf\u00f6rs\u00e4kringens karakt\u00e4r. Den \u00e4r visserligen prim\u00e4rt skattefinansierad och kraftigt reglerad av staten, men den \u00e4r fortfarande frivillig och administrerad av organisationer som \u00e4r frist\u00e5ende fr\u00e5n staten. P\u00e5 s\u00e5 s\u00e4tt liknar arbetsl\u00f6shetsf\u00f6rs\u00e4kringen det mellanl\u00e4ge sjukf\u00f6rs\u00e4kringen befann sig i innan det hela f\u00f6rstatligades, med subventioner och regleringar av en verksamhet som bedrevs av icke-statliga organisationer.<\/p>\n\n\n\n<p>G\u00e5r det att t\u00e4nka sig att sjukf\u00f6rs\u00e4kringen hanteras p\u00e5 ett s\u00e4tt som liknar arbetsl\u00f6shetsf\u00f6rs\u00e4kringen och a-kassorna, det vill s\u00e4ga med en kombination av egna avgifter och skattesubventioner och att den administreras av kassor som \u00e4r sj\u00e4lvst\u00e4ndiga fr\u00e5n staten? Och att medlemskap i dessa \u00e4r frivilliga? Redan idag finns det f\u00f6rs\u00e4kringar p\u00e5 marknaden som erbjuder inkomstbortfallsers\u00e4ttning vid sjukdom. Dessutom finns det organisationer som fackf\u00f6rbund som erbjuder f\u00f6rs\u00e4kringar som toppar upp ers\u00e4ttningen fr\u00e5n F\u00f6rs\u00e4kringskassan. Det \u00e4r allts\u00e5 inte en fr\u00e4mmande f\u00f6reteelse att icke-statliga akt\u00f6rer erbjuder sjukf\u00f6rs\u00e4kring. Skulle man m\u00f6jligen rent av kunna t\u00e4nka sig konkurrens mellan dessa akt\u00f6rer och att de till och med f\u00e5r vara vinstdrivande?<\/p>\n\n\n\n<h4 class=\"wp-block-heading\">H\u00f6gre utbildning <\/h4>\n\n\n\n<p>Sverige hade l\u00e4nge enbart tv\u00e5 l\u00e4roanstalter som sysslade med h\u00f6gre utbildning, universiteten i Lund respektive Uppsala. Men precis som n\u00e4r det g\u00e4ller v\u00e4lf\u00e4rden, beskriven ovan, s\u00e5 f\u00f6ljde utvecklingen av h\u00f6gre utbildning m\u00f6nstret (1) privata initiativ, (2) subventioner (3) staten tar \u00f6ver. P\u00e5 1800-talet startades exempel ett antal privata etablissemang, som Chalmers, Stockholms h\u00f6gskola samt Stockholms handelsh\u00f6gskola (1909). Av dessa f\u00f6rstatligades alla utom den sistn\u00e4mnda. Handelsh\u00f6gskolan i Stockholm finansieras fortfarande fr\u00e4mst av privata medel och Chalmers omvandlades \u00e5r 1994 fr\u00e5n en statlig myndighet till en privat stiftelse. \u00c4ven H\u00f6gskolan i J\u00f6nk\u00f6ping drivs som f\u00f6retag \u00e4gt av en stiftelse. Men den absoluta merparten av den h\u00f6gre utbildningen i Sverige \u00e4r idag i statlig regi.<\/p>\n\n\n\n<p>I resten av v\u00e4rlden ser det inte riktigt ut s\u00e5. En av tre studenter l\u00e4ser sin h\u00f6gre utbildning p\u00e5 en privat utbildningsinstitution. USA \u00e4r k\u00e4nt som ett land med m\u00e5nga framst\u00e5ende privata universitet, men den st\u00f6rsta andelen studenter vid privata h\u00f6gre l\u00e4ros\u00e4ten \u00e5terfinns numera i Latinamerika (48,8%) respektive Asien (42,1%). Visst \u00e4r det s\u00e5 att bland l\u00e4nderna med en h\u00f6g andel privata h\u00f6gskolor \u00e5terfinns m\u00e5nga fattiga l\u00e4nder med bristande statlig kapacitet, men inte enbart. I exempelvis Japan g\u00e5r n\u00e4rmare 4 av 5 studenter p\u00e5 en privat h\u00f6gskola. I USA \u00e4r siffran drygt en av fyra.<\/p>\n\n\n\n<p>Sverige har som b\u00e4st mediokra universitet. I Times Higher Educations ranking av v\u00e4rldens universitet fr\u00e5n 2023 kommer visserligen Karolinska Institutet p\u00e5 49:e plats, men det \u00e4r ocks\u00e5 det enda svenska universitetet bland de 100 b\u00e4sta. Lunds universitet rankas som n\u00e4st b\u00e4sta svenska l\u00e4ros\u00e4te p\u00e5 plats 119. I Times m\u00e4tning dominerar visserligen de stora anglosaxiska l\u00e4ros\u00e4tena, men det finns mindre l\u00e4nder som har m\u00e5nga fler universitet bland de 100 b\u00e4sta \u00e4n vad Sverige har. Nederl\u00e4nderna och Australien har sju var, och Hong Kong och Schweiz har fyra stycken.<\/p>\n\n\n\n<p>En f\u00f6rdel med att ha internationellt framg\u00e5ngsrika universitet \u00e4r att de kan locka till sig utl\u00e4ndska studenter som betalar mycket pengar f\u00f6r sina studier. H\u00e4r \u00e4r Storbritanniens erfarenheter relevanta. En studie visade att utl\u00e4ndska studenter bidrar med 25 miljarder pund, eller 331 miljarder kronor, till den brittiska ekonomin. Varje britt tj\u00e4nar motsvarande 5 000 kronor p\u00e5 de utl\u00e4ndska studenterna. Int\u00e4kterna kommer fr\u00e5n de utl\u00e4ndska studenternas terminsavgifter och fr\u00e5n deras konsumtion. Ytterligare en f\u00f6rdel \u00e4r att man knyter beg\u00e5vade m\u00e4nniskor till landet och att en del av dessa stannar, vilket g\u00f6r att Sveriges st\u00e4llning i den internationella kampen om talanger skulle st\u00e4rkas.<\/p>\n\n\n\n<p>En id\u00e9 \u00e4r att s\u00e4lja ett av de svenska universiteten till en investerare som har som m\u00e5l att g\u00f6ra det till ett toppuniversitet i v\u00e4rldsklass, vilket b\u00e5de skulle skapa b\u00e4ttre utbildade svenska studenter och bidra till en \u00f6kad tj\u00e4nsteexport. En annan id\u00e9 \u00e4r att locka en entrepren\u00f6r att starta ett nytt universitet. Idag f\u00e5r vem som helst visserligen starta ett etablissemang f\u00f6r h\u00f6gre utbildning, men det \u00e4r regeringen som best\u00e4mmer vem som f\u00e5r tilldela h\u00f6gskolepo\u00e4ng och utf\u00e4rda examina. En utmaning h\u00e4r \u00e4r naturligtvis det sv\u00e5ra i att konkurrera med skattefinansierad och d\u00e4rmed avgiftsfri utbildning.<\/p>\n\n\n\n<p>En av de svenska utbildningar som har l\u00e5g kvalitet \u00e4r l\u00e4rarutbildningen. Universitetskanslers\u00e4mbetet (UK\u00c4) har visat att 32 av 64 unders\u00f6kta l\u00e4rarutbildningar f\u00f6r l\u00e4rare i f\u00f6r- och grundskolan inte h\u00e5ller m\u00e5ttet (har l\u00e5g kvalitet). 44 av 103 \u00e4mnesutbildningar har ifr\u00e5gasatt kvalitet. Och n\u00e4r det g\u00e4ller yrkesl\u00e4rare fick sex av tio utbildningar underk\u00e4nt. Det har g\u00e5tt s\u00e5 l\u00e5ngt att det svenskspr\u00e5kiga finl\u00e4ndska universitetet \u00c5bo Akademi annonserade att man avs\u00e5g starta en l\u00e4rarutbildning i Sverige. Tyv\u00e4rr meddelade universitetet i december 2022 att man l\u00e4gger ned projektet. Det p\u00e5g\u00e5r dock f\u00f6rhandlingar med Uppsala universitet om ett samarbete. H\u00e4r kanske det skulle kunna finnas utrymme f\u00f6r n\u00e5gon pigg entrepren\u00f6r? Skulle inte friskolorna kunna g\u00e5 ihop och utforma en egen utbildning?<\/p>\n\n\n\n<h4 class=\"wp-block-heading\">Sjukv\u00e5rd <\/h4>\n\n\n\n<p>Sverige har en sjukv\u00e5rd i v\u00e4rldsklass \u2013 n\u00e4r det g\u00e4ller kvalitet. Men n\u00e4r det g\u00e4ller tillg\u00e4nglighet ligger vi s\u00e4mre till. Det beror delvis p\u00e5 att v\u00e5rt sjukv\u00e5rdssystem \u00e4r konstruerat efter ett planekonomiskt top-down- system, visserligen med vissa inslag av valfrihet och f\u00f6retagande, men grundtanken \u00e4r fortfarande planering fr\u00e5n centrum. Ett antal faktorer som Baumols lag, demografin och h\u00f6jda f\u00f6rv\u00e4ntningar i takt med stigande inkomster s\u00e4tter vidare framtidens sjukv\u00e5rd under stort tryck. Det finns i grunden tv\u00e5 v\u00e4steuropeiska system f\u00f6r att organisera sjukv\u00e5rd. Det ena \u00e4r det s\u00e5 kallade Bismarck-systemet baserat p\u00e5 obligatoriska f\u00f6rs\u00e4kringar f\u00f6r inv\u00e5narna och en m\u00e5ngfald av utf\u00f6rare. Och det andra \u00e4r det brittiska s\u00e5 kallade Beveridge-systemet, d\u00e4r sjukv\u00e5rden \u00e4r finansierad via skattsedeln och d\u00e4r merparten av utf\u00f6randet \u00e4r i offentlig regi. Den svenska sjukv\u00e5rden \u00e4r s\u00e5ledes en variant av den senare. I praktiken \u00e4r skillnaden mellan systemen dock ofta begr\u00e4nsad. B\u00e4gge modellerna bygger p\u00e5 obligatorisk finansiering, har inslag av omf\u00f6rdelning och garanterar v\u00e5rd till alla inv\u00e5nare. Men n\u00e4r det g\u00e4ller en aspekt \u00e4r Bismarck-systemen \u00f6verl\u00e4gsna: tillg\u00e4ngligheten. F\u00f6r att Sverige ska bli v\u00e4rldsb\u00e4st inte bara p\u00e5 den kvalitativa aspekten av sjukv\u00e5rden utan \u00e4ven n\u00e4r det g\u00e4ller tillg\u00e4ngligheten b\u00f6r vi allts\u00e5 r\u00f6ra oss \u00e5t det h\u00e5llet.<\/p>\n\n\n\n<p>Tv\u00e5 av Bismarck-l\u00e4nderna som har ungef\u00e4r lika bra kvalitet som svensk sjukv\u00e5rd men med mycket b\u00e4ttre tillg\u00e4nglighet \u00e4r Schweiz och Nederl\u00e4nderna. I b\u00e4gge l\u00e4nderna \u00e4r sjukv\u00e5rdssystemet uppbyggt med obligatoriska f\u00f6rs\u00e4kringar.<\/p>\n\n\n\n<p>I Nederl\u00e4nderna \u00e4r alla inv\u00e5nare tvungna att k\u00f6pa sig en sjukv\u00e5rdsf\u00f6rs\u00e4kring hos ett av de privata f\u00f6rs\u00e4kringsbolag som erbjuder tj\u00e4nsten. Risken sprids allts\u00e5 ut mellan inv\u00e5narna p\u00e5 samma s\u00e4tt som i ett skattefinansierat system. F\u00f6rs\u00e4kringsbolagen f\u00e5r inte g\u00e5 med vinst, och premien ligger oftast p\u00e5 1 000 euro per person och \u00e5r. Bolagen f\u00e5r varken ta ut h\u00f6gre avgifter f\u00f6r personer som l\u00f6per h\u00f6g risk att beh\u00f6va dyr sjukv\u00e5rd eller neka personer att bli kund hos dem. De k\u00f6per sedan upp sjukv\u00e5rd fr\u00e5n utf\u00f6rare i konkurrens. Det finns en stor m\u00e5ngfald av v\u00e5rdgivare, som familjel\u00e4kare, icke-vinstdrivande sjukhus och sjukhusl\u00e4kare som \u00e4ven driver privatpraktik. Innovationsklimatet \u00e4r gott och produktiviteten h\u00f6g.<\/p>\n\n\n\n<p>Hela 72 procent av de holl\u00e4ndska patienterna tycker att tillg\u00e4ngligheten till v\u00e5rd utanf\u00f6r kontorstid \u00e4r god, mot endast 24 procent i Sverige. 91 procent av de holl\u00e4ndska patienterna anser vidare att de f\u00e5r tillr\u00e4ckligt med tid hos doktorn, mot endast 68 procent i Sverige. Holl\u00e4ndarna \u00e4r ocks\u00e5 n\u00f6jdare med sjukv\u00e5rden \u00e4n vad svenskarna \u00e4r. Till saken h\u00f6r att det finns f\u00e4rre l\u00e4kare per capita i Nederl\u00e4nderna \u00e4n i Sverige.<\/p>\n\n\n\n<h4 class=\"wp-block-heading\">Motorv\u00e4gar<\/h4>\n\n\n\n<p>Mer \u00e4n tv\u00e5 tredjedelar av det svenska v\u00e4gn\u00e4tet \u2013 uppskattningsvis 440 000 km \u2013 utg\u00f6rs av enskilda v\u00e4gar, det vill s\u00e4ga de \u00e4r privata. Detta \u00e4r dock mindre v\u00e4gar p\u00e5 landsbygd som trafikeras i begr\u00e4nsad omfattning. Sverige har inga privata motorv\u00e4gar.<\/p>\n\n\n\n<p>Sverige har i f\u00f6rh\u00e5llande till sin inkomstniv\u00e5 ett d\u00e5ligt v\u00e4gn\u00e4t. Visserligen pr\u00e4glas v\u00e5rt land av l\u00e5nga avst\u00e5nd och l\u00e5g befolkningst\u00e4thet, men b\u00f6r vi verkligen hamna p\u00e5 plats 23 i en global rankning av v\u00e4gkvalitet, efter l\u00e4nder som Portugal, Kroatien, Malaysia och Namibia? Och n\u00e4r det g\u00e4ller antalet kilometer motorv\u00e4g ligger vi p\u00e5 sjunde plats i EU, trots att Sverige till ytan \u00e4r det tredje st\u00f6rsta landet. Spanien, med ungef\u00e4r samma yta som Sverige, har sju g\u00e5nger mer motorv\u00e4gar \u00e4n Sverige. Dessutom visar en rapport fr\u00e5n Svenskt N\u00e4ringsliv att landets v\u00e4gar \u00e4r illa underh\u00e5llna.<\/p>\n\n\n\n<p>I m\u00e5nga andra l\u00e4nder har det privata en st\u00f6rre roll n\u00e4r det g\u00e4ller motorv\u00e4gar. B\u00e5de genom att offentliga motorv\u00e4gar privatiseras och genom att de byggs i offentlig-privat samverkan (OPS). Ett exempel \u00e4r att f\u00f6retag tar en del av investeringen mot att de sedan f\u00e5r ta ut avgifter. S\u00e5dana l\u00f6sningar \u00e4r det gott om i exempelvis USA. Men \u00e4ven i l\u00e4nder som traditionellt har en st\u00f6rre tilltro till det offentliga och svagare tilltro till det privata har ibland valt s\u00e5dana l\u00f6sningar med privata inslag. M\u00e5nga svenskar har f\u00f6rmodligen \u00e5kt p\u00e5 avgiftsbelagda motorv\u00e4gar i l\u00e4nder som Italien, Frankrike och Portugal. I Frankrike finns 922 mil motorv\u00e4gar som hanteras av f\u00f6retag.<\/p>\n\n\n\n<p>Detta \u00e4r inte heller n\u00e5got som \u00e4r fr\u00e4mmande f\u00f6r Sverige och svensk debatt. S\u00e5v\u00e4l Sundsvallsbron som \u00d6resundsbron \u00e4r avgiftsbelagda. \u00c5r 2013 f\u00f6reslog tv\u00e5 centerpartistiska riksdagsledam\u00f6ter att infrastruktur som motorv\u00e4gar skulle kunna byggas som offentlig-privat samverkan. Det finns allts\u00e5 sk\u00e4l att \u00f6verv\u00e4ga att ge det privata en st\u00f6rre roll n\u00e4r det g\u00e4ller motorv\u00e4gar.<\/p>\n\n\n\n<h4 class=\"wp-block-heading\">J\u00e4rnv\u00e4gar<\/h4>\n\n\n\n<p>Precis som n\u00e4r det g\u00e4ller m\u00e5nga andra omr\u00e5den fanns det privata j\u00e4rnv\u00e4gar innan SJ blev ett statligt monopol. Bergslagsbanan mellan Falun och G\u00f6teborg var Sveriges genom tiderna st\u00f6rsta privata j\u00e4rnv\u00e4gsprojekt. P\u00e5 1950-talet hade dock SJ monopol p\u00e5 t\u00e5gtrafik i Sverige och marknaden har sedan dess omreglerats i steg. Sedan 2010 kan \u201dvem som helst\u201d starta t\u00e5gtrafik p\u00e5 egen risk och r\u00e4kning var som helst i Trafikverkets nationella j\u00e4rnv\u00e4gsn\u00e4t, oavsett var SJ k\u00f6r. T\u00e5gtrafik som anses ol\u00f6nsam upphandlas och sp\u00e5ren underh\u00e5lls av privata utf\u00f6rare.<\/p>\n\n\n\n<p>Infrastrukturen i form av sp\u00e5ren \u00e4gs dock fortfarande f\u00f6rst och fr\u00e4mst av det offentliga, antingen staten eller kommuner i samverkan. S\u00e5 ser det inte ut i alla andra avancerade l\u00e4nder. I Japan, exempelvis, finns det j\u00e4rnv\u00e4gar som \u00e4gs och sk\u00f6ts av aktiebolag. Kanske kan det finnas en st\u00f6rre roll f\u00f6r det privata \u00e4ven n\u00e4r det g\u00e4ller \u00e4gande av svenska j\u00e4rnv\u00e4gssp\u00e5r.<\/p>\n\n\n\n<h4 class=\"wp-block-heading\">Lantm\u00e4terimyndigheten<\/h4>\n\n\n\n<p>I Sverige har Lantm\u00e4teriet monopol p\u00e5 sin verksamhet. Det \u00e4r inte till\u00e5tet enligt lagen att anlita en privat lantm\u00e4tare. Regeringen har dock till\u00e5tit 39 kommuner att inr\u00e4tta egna kommunala lantm\u00e4terier. Lantm\u00e4terimyndigheten har precis som m\u00e5nga andra offentliga verksamheter problem med l\u00e5nga handl\u00e4ggningstider. \u00c5r 2020 var den genomsnittliga v\u00e4ntetiden 54 veckor.&nbsp;I sin granskning fr\u00e5n 2022 konstaterar Riksrevisionen som \u00f6vergripande slutsats \u201datt de statliga insatserna inom fastighetsbildningen inte \u00e4r tillr\u00e4ckligt effektiva.\u201d V\u00e4ntetiden f\u00f6r att f\u00e5 en fastighet delad i tv\u00e5 \u00e4r 18 m\u00e5nader. Dessutom \u00e4r avgifterna ofta v\u00e4ldigt h\u00f6ga.<\/p>\n\n\n\n<p>Det offentliga har inte monopol p\u00e5 lantm\u00e4teri i alla v\u00e4sterl\u00e4ndska l\u00e4nder. I exempelvis Danmark \u00e4r Lantm\u00e4teriet konkurrensutsatt. De kanadensiska provinserna Ontario, Saskatchewan och Manitoba har \u00f6verl\u00e5tit verksamheten p\u00e5 ett privat f\u00f6retag. I Ontario ledde reformen till modernisering av systemet, f\u00f6rb\u00e4ttrad service och \u00f6kad kundn\u00f6jdhet. N\u00e5gon utv\u00e4rdering av reformerna i Manitoba och Saskatchewan har inte kunnat hittas. \u00c4ven de australiensiska delstaterna New South Wales, South Australia och Victoria har \u00f6verl\u00e5tit Lantm\u00e4teriet till den privata sektorn. <\/p>\n\n\n\n<p>I Sverige har s\u00e5v\u00e4l moderater som kristdemokrater f\u00f6reslagit att Lantm\u00e4teriet ska konkurrensuts\u00e4ttas. S\u00e5 sent som 2021 skrev nuvarande civilf\u00f6rsvarsminister en debattartikel d\u00e4r han f\u00f6reslog att \u201ddet b\u00f6r utredas hur lantm\u00e4teriet kan konkurrensuts\u00e4ttas av privata akt\u00f6rer.\u201d<\/p>\n\n\n\n<h4 class=\"wp-block-heading\">Statliga bolag <\/h4>\n\n\n\n<p>Staten \u00e4ger helt eller delvis 43 bolag. Ska Sverige verkligen vara ett land d\u00e4r staten \u00e4ger apotek, bilbesiktningar och utbildningsf\u00f6retag? Dessa bolag och deras \u00e4gande \u00e4r ett arv fr\u00e5n en epok n\u00e4r dessa var offentliga monopol. LKAB och Vattenfall \u00e4r stora bolag som verkar p\u00e5 en internationellt kon- kurrensutsatt marknad. Finns det verkligen goda och tillr\u00e4ckligt starka sk\u00e4l till att staten ska driva gruv- och energif\u00f6retag? Och varf\u00f6r har Sverige ett statligt bolag som \u00e4r landets st\u00f6rsta skogs\u00e4gare? Ytterligare ett statligt bolag vars statliga \u00e4go kan ifr\u00e5gas\u00e4ttas \u00e4r SBAB. Borde en borgerlig regering inte ha som ambition att g\u00f6ra sig av med \u00e5tminstone n\u00e5gra av dessa?<\/p>\n\n\n\n<h4 class=\"wp-block-heading\">Flygplatser<\/h4>\n\n\n\n<p>Sverige har 39 flygplatser. De \u00e4gs p\u00e5 tre olika s\u00e4tt. Dels finns det de som \u00e4gs av staten och drivs av helstatliga Swedavia, som flygplatserna i de tre st\u00f6rsta st\u00e4derna och sex regionala flygplatser fr\u00e5n norr till s\u00f6der. Dels finns det n\u00e5gra som \u00e4gs privat. De flesta, 26 stycken, \u00e4gs dock av kommuner, ibland i samverkan med regioner.<\/p>\n\n\n\n<p>I Storbritannien har staten inte \u00e4gt n\u00e5gra flygplatser sedan 1980-talet. Det offentliga, som kommuner, f\u00e5r inte heller \u00e4ga flygplatser med en oms\u00e4ttning \u00f6ver en miljon pund. Redan regeringen Reinfeldt uttryckte att det inte tillh\u00f6r statens k\u00e4rnverksamhet att driva flygplatser. \u00c5r 2021 skrev ett antal representanter f\u00f6r flygbranschen att de \u00e4r redo att ta \u00f6ver Bromma och driva flygplatsen i privat regi. Enligt ny forskning leder privatisering av flygplatser till markant h\u00f6gre volym, effektivitet och kvalitet, om flygplatserna tas \u00f6ver av private equity-bolag.<\/p>\n\n\n\n<p>Regeringen g\u00e5r dock, vad det verkar, i motsatt riktning, f\u00f6r Peter Normans utredning f\u00f6resl\u00e5r ett \u00f6kat statligt ansvar f\u00f6r landets flygplatser.<\/p>\n\n\n\n<h4 class=\"wp-block-heading\">Detaljhandel med alkohol <\/h4>\n\n\n\n<p>En av de tydligaste skillnaderna mellan Sverige och merparten av den \u00f6vriga v\u00e4rlden, som de flesta ocks\u00e5 k\u00e4nner till, \u00e4r statens monopol p\u00e5 detaljhandel med alkoholhaltiga drycker. H\u00e4r kan man t\u00e4nka sig att Sverige skulle kunna bli som de flesta andra EU-l\u00e4nder, d\u00e4r \u00f6l, vin och sprit g\u00e5r att k\u00f6pa i b\u00e5de matvarubutiker och specialiserade dryckesbutiker.<\/p>\n\n\n\n<h4 class=\"wp-block-heading\">Sopor <\/h4>\n\n\n\n<p>I Sverige har kommunen monopol p\u00e5 hantering av hush\u00e5llssopor, medan m\u00e5nga kommersiella akt\u00f6rer har skyldighet att ta hand om sitt eget avfall. Ofta l\u00e4gger kommuner ut sj\u00e4lva hanteringen p\u00e5 privata utf\u00f6rare. Men vore det inte m\u00f6jligt att l\u00e5ta hush\u00e5llen sj\u00e4lva v\u00e4lja mellan olika f\u00f6retag som konkurrerar med varandra? En studie fr\u00e5n Lettland visade att icke-konkurrensutsatt avfallshantering var 24 procent dyrare.<\/p>\n\n\n\n<h4 class=\"wp-block-heading\">Begravningar<\/h4>\n\n\n\n<p>I Sverige har svenska kyrkan monopol p\u00e5 begravningar. Alla som \u00e4r folkbokf\u00f6rda i Sverige betalar en begravningsavgift som t\u00e4cker de viktigaste kostnaderna vid en begravning. Endast drygt h\u00e4lften (55%) av den svenska befolkningen \u00e4r numera medlemmar i Svenska kyrkan, j\u00e4mf\u00f6rt med 83 procent \u00e5r 2000.Vidare finns det numera ett stort antal muslimer i Sverige.<\/p>\n\n\n\n<p>Borde man inte kunna avskaffa s\u00e5v\u00e4l begravningsmonopolet som begravningsavgiften och l\u00e5ta privata entrepren\u00f6rer erbjuda begravningsm\u00f6jligheter? P\u00e5 00-talet motionerade liberala riksdagsledam\u00f6ter om att avskaffa begravningsmonopolet.<\/p>\n\n\n<a class='Share__link Share__link--url copy-text' href='#' rel='nofollow' data-text='avslutning' title='Dela url' data-confirmation='L\u00e4nken kopierades till urklipp'><svg class='icon icon--link'  width='18' height='18' viewBox='0 0 18 18' fill='none' xmlns='http:\/\/www.w3.org\/2000\/svg'>\n            <path d='M10.4142 0.514721L6.87868 4.05025L8.29289 5.46447L11.1213 2.63604L15.364 6.87868L12.5355 9.70711L13.9497 11.1213L17.4853 7.58579C17.8763 7.19476 17.8763 6.5626 17.4853 6.17158L11.8284 0.514721C11.4374 0.123691 10.8052 0.123691 10.4142 0.514721Z' fill='black'\/>\n            <path d='M9.7071 12.5355L6.87868 15.364L2.63604 11.1213L5.46446 8.2929L4.05025 6.87868L0.514716 10.4142C0.123686 10.8052 0.123686 11.4374 0.514716 11.8284L6.17157 17.4853C6.5626 17.8763 7.19475 17.8763 7.58578 17.4853L11.1213 13.9497L9.7071 12.5355Z' fill='black'\/>\n            <path d='M6.17157 11.8284C6.5626 12.2195 7.19475 12.2195 7.58578 11.8284L11.8284 7.58579C12.2195 7.19476 12.2195 6.56261 11.8284 6.17158C11.4374 5.78055 10.8052 5.78055 10.4142 6.17158L6.17157 10.4142C5.78054 10.8052 5.78054 11.4374 6.17157 11.8284Z' fill='black'\/>\n            <\/svg> <\/a>\n<h2 class=\"wp-block-heading\">Avslutning <\/h2>\n\n\n\n<p><strong>Denna id\u00e9skrift har visat att den g\u00e4ngse historieskrivningen kring svensk v\u00e4lf\u00e4rd inte st\u00e4mmer. Det var inte under efterkrigstiden som Sverige utvecklades b\u00e4ttre \u00e4n andra l\u00e4nder, utan under perioden 1890\u2013 1950. Dessutom fanns det v\u00e4lf\u00e4rd l\u00e5ngt f\u00f6re den stora utbyggnaden av offentlig sektor. 1980-talet var ett kort undantag i svensk historia.<\/strong><\/p>\n\n\n\n<p>Skriften har ocks\u00e5 p\u00e5mint om den stora reformv\u00e5g som genomf\u00f6rdes p\u00e5 1980- och 1990-talet och som tj\u00e4nat Sverige v\u00e4l. Vidare har skriften presenterat ett antal omr\u00e5den som idag hanteras av det offentliga, men som p\u00e5 olika s\u00e4tt och i olika grad skulle kunna hanteras av det privata. Det har gjorts p\u00e5 ett skissartat s\u00e4tt, som inspiration snarare \u00e4n som f\u00e4rdiga f\u00f6rslag. Det vore synd med fyra \u00e5r av borgerlig regering utan att det sker n\u00e5gon \u00f6verf\u00f6ring av makt fr\u00e5n politiker och byr\u00e5krater till f\u00f6retag, marknad och inv\u00e5nare.<\/p>\n","protected":false},"excerpt":{"rendered":"<p>Ladda ner id\u00e9skriften Id\u00e9skriften finns i sin helhet p\u00e5 denna sida men kan ocks\u00e5 h\u00e4mtas som pdf-fil. Inledning P\u00e5 1970- och 1980-talen var Sverige ett stagnerande land. Tillv\u00e4xten var l\u00e5g, \u00e5ren 1975\u20131995 stod reall\u00f6nerna stilla &hellip;<\/p>\n","protected":false},"author":6058,"featured_media":46220,"comment_status":"closed","ping_status":"closed","sticky":false,"template":"","format":"standard","meta":{"_acf_changed":false,"footnotes":""},"categories":[581],"tags":[686],"article_type":[42],"agreement":[],"class_list":["post-65590","post","type-post","status-publish","format-standard","has-post-thumbnail","hentry","category-tjanstesektorns-betydelse","tag-sverigekanintevanta","type-rapporter"],"acf":[],"yoast_head":"<!-- This site is optimized with the Yoast SEO Premium plugin v26.8 (Yoast SEO v26.8) - https:\/\/yoast.com\/product\/yoast-seo-premium-wordpress\/ -->\n<title>Vad mer kan det privata ta \u00f6ver? | Almega<\/title>\n<meta name=\"description\" content=\"I en ny id\u00e9skrift fr\u00e5n Almega presenteras elva omr\u00e5den d\u00e4r det privata p\u00e5 olika s\u00e4tt skulle kunna \u00f6ver fr\u00e5n det offentliga och \u00f6ka tillv\u00e4xten i Sverige.\" \/>\n<meta name=\"robots\" content=\"index, follow, max-snippet:-1, max-image-preview:large, max-video-preview:-1\" \/>\n<link rel=\"canonical\" href=\"https:\/\/www.almega.se\/2023\/06\/vad-mer-kan-det-privata-ta-over-2\/\" \/>\n<meta property=\"og:locale\" content=\"sv_SE\" \/>\n<meta property=\"og:type\" content=\"article\" \/>\n<meta property=\"og:title\" content=\"Vad mer kan det privata ta \u00f6ver?\" \/>\n<meta property=\"og:description\" content=\"I en ny id\u00e9skrift fr\u00e5n Almega presenteras elva omr\u00e5den d\u00e4r det privata p\u00e5 olika s\u00e4tt skulle kunna \u00f6ver fr\u00e5n det offentliga och \u00f6ka tillv\u00e4xten i Sverige.\" \/>\n<meta property=\"og:url\" content=\"https:\/\/www.almega.se\/2023\/06\/vad-mer-kan-det-privata-ta-over-2\/\" \/>\n<meta property=\"og:site_name\" content=\"Almega\" \/>\n<meta property=\"article:published_time\" content=\"2023-06-28T13:00:00+00:00\" \/>\n<meta property=\"article:modified_time\" content=\"2023-12-06T13:53:45+00:00\" \/>\n<meta property=\"og:image\" content=\"https:\/\/www.almega.se\/app\/uploads\/2022\/06\/toppbild-tjanstesektorns-betydelse-1180x708.png\" \/>\n\t<meta property=\"og:image:width\" content=\"1180\" \/>\n\t<meta property=\"og:image:height\" content=\"708\" \/>\n\t<meta property=\"og:image:type\" content=\"image\/png\" \/>\n<meta name=\"author\" content=\"Shashika Sellgren\" \/>\n<meta name=\"twitter:card\" content=\"summary_large_image\" \/>\n<meta name=\"twitter:label1\" content=\"Skriven av\" \/>\n\t<meta name=\"twitter:data1\" content=\"Shashika Sellgren\" \/>\n\t<meta name=\"twitter:label2\" content=\"Ber\u00e4knad l\u00e4stid\" \/>\n\t<meta name=\"twitter:data2\" content=\"26 minuter\" \/>\n<!-- \/ Yoast SEO Premium plugin. -->","yoast_head_json":{"title":"Vad mer kan det privata ta \u00f6ver? | Almega","description":"I en ny id\u00e9skrift fr\u00e5n Almega presenteras elva omr\u00e5den d\u00e4r det privata p\u00e5 olika s\u00e4tt skulle kunna \u00f6ver fr\u00e5n det offentliga och \u00f6ka tillv\u00e4xten i Sverige.","robots":{"index":"index","follow":"follow","max-snippet":"max-snippet:-1","max-image-preview":"max-image-preview:large","max-video-preview":"max-video-preview:-1"},"canonical":"https:\/\/www.almega.se\/2023\/06\/vad-mer-kan-det-privata-ta-over-2\/","og_locale":"sv_SE","og_type":"article","og_title":"Vad mer kan det privata ta \u00f6ver?","og_description":"I en ny id\u00e9skrift fr\u00e5n Almega presenteras elva omr\u00e5den d\u00e4r det privata p\u00e5 olika s\u00e4tt skulle kunna \u00f6ver fr\u00e5n det offentliga och \u00f6ka tillv\u00e4xten i Sverige.","og_url":"https:\/\/www.almega.se\/2023\/06\/vad-mer-kan-det-privata-ta-over-2\/","og_site_name":"Almega","article_published_time":"2023-06-28T13:00:00+00:00","article_modified_time":"2023-12-06T13:53:45+00:00","og_image":[{"width":1180,"height":708,"url":"https:\/\/www.almega.se\/app\/uploads\/2022\/06\/toppbild-tjanstesektorns-betydelse-1180x708.png","type":"image\/png"}],"author":"Shashika Sellgren","twitter_card":"summary_large_image","twitter_misc":{"Skriven av":"Shashika Sellgren","Ber\u00e4knad l\u00e4stid":"26 minuter"},"schema":{"@context":"https:\/\/schema.org","@graph":[{"@type":"NewsArticle","@id":"https:\/\/www.almega.se\/2023\/06\/vad-mer-kan-det-privata-ta-over-2\/#article","isPartOf":{"@id":"https:\/\/www.almega.se\/2023\/06\/vad-mer-kan-det-privata-ta-over-2\/"},"author":{"name":"Shashika Sellgren","@id":"https:\/\/www.almega.se\/#\/schema\/person\/38c6b37b81c530c93246c3d1993d5662"},"headline":"Vad mer kan det privata ta \u00f6ver?","datePublished":"2023-06-28T13:00:00+00:00","dateModified":"2023-12-06T13:53:45+00:00","mainEntityOfPage":{"@id":"https:\/\/www.almega.se\/2023\/06\/vad-mer-kan-det-privata-ta-over-2\/"},"wordCount":6081,"image":{"@id":"https:\/\/www.almega.se\/2023\/06\/vad-mer-kan-det-privata-ta-over-2\/#primaryimage"},"thumbnailUrl":"https:\/\/www.almega.se\/app\/uploads\/2022\/06\/toppbild-tjanstesektorns-betydelse.png","keywords":["Sverige kan inte v\u00e4nta"],"articleSection":["Tj\u00e4nstesektorns betydelse"],"inLanguage":"sv-SE"},{"@type":"WebPage","@id":"https:\/\/www.almega.se\/2023\/06\/vad-mer-kan-det-privata-ta-over-2\/","url":"https:\/\/www.almega.se\/2023\/06\/vad-mer-kan-det-privata-ta-over-2\/","name":"Vad mer kan det privata ta \u00f6ver? | Almega","isPartOf":{"@id":"https:\/\/www.almega.se\/#website"},"primaryImageOfPage":{"@id":"https:\/\/www.almega.se\/2023\/06\/vad-mer-kan-det-privata-ta-over-2\/#primaryimage"},"image":{"@id":"https:\/\/www.almega.se\/2023\/06\/vad-mer-kan-det-privata-ta-over-2\/#primaryimage"},"thumbnailUrl":"https:\/\/www.almega.se\/app\/uploads\/2022\/06\/toppbild-tjanstesektorns-betydelse.png","datePublished":"2023-06-28T13:00:00+00:00","dateModified":"2023-12-06T13:53:45+00:00","author":{"@id":"https:\/\/www.almega.se\/#\/schema\/person\/38c6b37b81c530c93246c3d1993d5662"},"description":"I en ny id\u00e9skrift fr\u00e5n Almega presenteras elva omr\u00e5den d\u00e4r det privata p\u00e5 olika s\u00e4tt skulle kunna \u00f6ver fr\u00e5n det offentliga och \u00f6ka tillv\u00e4xten i Sverige.","breadcrumb":{"@id":"https:\/\/www.almega.se\/2023\/06\/vad-mer-kan-det-privata-ta-over-2\/#breadcrumb"},"inLanguage":"sv-SE","potentialAction":[{"@type":"ReadAction","target":["https:\/\/www.almega.se\/2023\/06\/vad-mer-kan-det-privata-ta-over-2\/"]}]},{"@type":"ImageObject","inLanguage":"sv-SE","@id":"https:\/\/www.almega.se\/2023\/06\/vad-mer-kan-det-privata-ta-over-2\/#primaryimage","url":"https:\/\/www.almega.se\/app\/uploads\/2022\/06\/toppbild-tjanstesektorns-betydelse.png","contentUrl":"https:\/\/www.almega.se\/app\/uploads\/2022\/06\/toppbild-tjanstesektorns-betydelse.png","width":2000,"height":1200,"caption":"tj\u00e4nstesektorns betydelse"},{"@type":"BreadcrumbList","@id":"https:\/\/www.almega.se\/2023\/06\/vad-mer-kan-det-privata-ta-over-2\/#breadcrumb","itemListElement":[{"@type":"ListItem","position":1,"name":"Home","item":"https:\/\/www.almega.se\/"},{"@type":"ListItem","position":2,"name":"Vad mer kan det privata ta \u00f6ver?"}]},{"@type":"WebSite","@id":"https:\/\/www.almega.se\/#website","url":"https:\/\/www.almega.se\/","name":"Almega","description":"","potentialAction":[{"@type":"SearchAction","target":{"@type":"EntryPoint","urlTemplate":"https:\/\/www.almega.se\/?s={search_term_string}"},"query-input":{"@type":"PropertyValueSpecification","valueRequired":true,"valueName":"search_term_string"}}],"inLanguage":"sv-SE"},{"@type":"Person","@id":"https:\/\/www.almega.se\/#\/schema\/person\/38c6b37b81c530c93246c3d1993d5662","name":"Shashika Sellgren","image":{"@type":"ImageObject","inLanguage":"sv-SE","@id":"https:\/\/www.almega.se\/#\/schema\/person\/image\/","url":"https:\/\/secure.gravatar.com\/avatar\/b225c479880df9eb82d1501dd105dd8040f27c8563f3d4bf5dd62ce0a1630abd?s=96&d=mm&r=g","contentUrl":"https:\/\/secure.gravatar.com\/avatar\/b225c479880df9eb82d1501dd105dd8040f27c8563f3d4bf5dd62ce0a1630abd?s=96&d=mm&r=g","caption":"Shashika Sellgren"},"url":"https:\/\/www.almega.se\/person\/shashikasellgren\/"}]}},"_links":{"self":[{"href":"https:\/\/www.almega.se\/api\/wp\/v2\/posts\/65590","targetHints":{"allow":["GET"]}}],"collection":[{"href":"https:\/\/www.almega.se\/api\/wp\/v2\/posts"}],"about":[{"href":"https:\/\/www.almega.se\/api\/wp\/v2\/types\/post"}],"author":[{"embeddable":true,"href":"https:\/\/www.almega.se\/api\/wp\/v2\/users\/6058"}],"replies":[{"embeddable":true,"href":"https:\/\/www.almega.se\/api\/wp\/v2\/comments?post=65590"}],"version-history":[{"count":13,"href":"https:\/\/www.almega.se\/api\/wp\/v2\/posts\/65590\/revisions"}],"predecessor-version":[{"id":68745,"href":"https:\/\/www.almega.se\/api\/wp\/v2\/posts\/65590\/revisions\/68745"}],"wp:featuredmedia":[{"embeddable":true,"href":"https:\/\/www.almega.se\/api\/wp\/v2\/media\/46220"}],"wp:attachment":[{"href":"https:\/\/www.almega.se\/api\/wp\/v2\/media?parent=65590"}],"wp:term":[{"taxonomy":"category","embeddable":true,"href":"https:\/\/www.almega.se\/api\/wp\/v2\/categories?post=65590"},{"taxonomy":"post_tag","embeddable":true,"href":"https:\/\/www.almega.se\/api\/wp\/v2\/tags?post=65590"},{"taxonomy":"type","embeddable":true,"href":"https:\/\/www.almega.se\/api\/wp\/v2\/article_type?post=65590"},{"taxonomy":"agreement","embeddable":true,"href":"https:\/\/www.almega.se\/api\/wp\/v2\/agreement?post=65590"}],"curies":[{"name":"wp","href":"https:\/\/api.w.org\/{rel}","templated":true}]}}