{"id":6532,"date":"2014-08-08T10:00:00","date_gmt":"2014-08-08T10:00:00","guid":{"rendered":"http:\/\/almega-bento\/wp\/blog\/2014\/08\/08\/ny-lag-om-gymnasial-larlingsanstallning-och-andring-i-skollagen-4\/"},"modified":"2014-08-08T10:00:00","modified_gmt":"2014-08-08T10:00:00","slug":"ny-lag-om-gymnasial-larlingsanstallning-och-andring-i-skollagen-4","status":"publish","type":"post","link":"https:\/\/www.almega.se\/2014\/08\/ny-lag-om-gymnasial-larlingsanstallning-och-andring-i-skollagen-4\/","title":{"rendered":"Ny lag om gymnasial l\u00e4rlings&shy;anst\u00e4llning och \u00e4ndring i skollagen"},"content":{"rendered":"\n<p class=\"intro\">Riksdagen har fattat beslut om en ny lag om gymnasial l\u00e4rlingsanst\u00e4llning i enlighet med f\u00f6rslag i proposition 2013\/14:80 Gymnasial l\u00e4rlingsanst\u00e4llning. Den nya lagen inneb\u00e4r att en elev som genomg\u00e5r gymnasial l\u00e4rlingsutbildning inom ett av gymnasieskolans yrkesprogram ska kunna vara anst\u00e4lld i en ny anst\u00e4llningsform, tidsbegr\u00e4nsad gymnasial l\u00e4rlingsanst\u00e4llning. Dessa arbetstagare \u00e4r undantagna fr\u00e5n lagen om anst\u00e4llningsskydd, LAS.<\/p>\n<p>L\u00e4rlingsutbildning \u00e4r en studiev\u00e4g med samma beh\u00f6righetsregler, kunskapskrav och examensm\u00e5l som den gymnasiala utbildningen som bedrivs p\u00e5 en skola. L\u00e4rlingsutbildning syftar till att ge eleverna en grundl\u00e4ggande yrkesutbildning, \u00f6kad arbetslivserfarenhet och m\u00f6jlighet att under en handledares ledning p\u00e5 en arbetsplats f\u00e5 kunskaper inom yrkesomr\u00e5det. I och med den nya lagen lan eleven genomf\u00f6ra l\u00e4rlingsutbildningen som anst\u00e4lld eller elev.<\/p>\n<p>Den tidsbegr\u00e4nsade gymnasiala l\u00e4rlingsanst\u00e4llningen inneb\u00e4r i korthet f\u00f6ljande:<\/p>\n<ul>\n<li>Anst\u00e4llningen kan avse hela eller delar av den arbetsplatsf\u00f6rlagda praktiken.<\/li>\n<li>Anst\u00e4llningen upph\u00f6r som regel n\u00e4r det arbetsplatsf\u00f6rlagda l\u00e4randet enligt utbildningskontraktet avslutas.<\/li>\n<li>Anst\u00e4llningen f\u00f6r den gymnasiala l\u00e4rlingen kan upph\u00f6ra tidigare om anst\u00e4llningsavtalet l\u00f6per ut eller om part fr\u00e5ntr\u00e4der utbildningskontraktet.<\/li>\n<li>Arbetsgivaren ska skriftligen informera arbetstagaren om alla villkor som \u00e4r av v\u00e4sentlig betydelse f\u00f6r anst\u00e4llningsf\u00f6rh\u00e5llandet, om anst\u00e4llningstiden \u00e4r minst tre veckor. Denna informationsskyldighet har samma inneb\u00f6rd som motsvarande regel i lagen om anst\u00e4llningsskydd (6 c \u00a7).<\/li>\n<li>Lagen om anst\u00e4llningsskydd \u00e4r inte till\u00e4mplig p\u00e5 denna anst\u00e4llning.<\/li>\n<li>Semesterlagen inneh\u00e5ller s\u00e4rskilda regler om semesterr\u00e4tt f\u00f6r gymnasiala l\u00e4rlingar.<\/li>\n<\/ul>\n<h3>\u00c4ndring i skollagen<\/h3>\n<p>Riksdagen har ocks\u00e5 fattat beslut om en \u00e4ndring i skollagen som inneb\u00e4r att en elev inom den gymnasiala l\u00e4rlingsutbildningen som utf\u00f6r arbete enligt ett s k utbildningskontrakt i gymnasieskolan inte ska anses som arbetstagare, om inte arbetet omfattas av ett avtal om gymnasial l\u00e4rlingsanst\u00e4llning.<\/p>\n<p>Tidsbegr\u00e4nsad anst\u00e4llning genom avtal om gymnasial l\u00e4rlingsanst\u00e4llning f\u00e5r ing\u00e5s mellan en elev som genomg\u00e5r en gymnasial l\u00e4rlingsutbildning som avses i 16 kap 11 \u00a7 skollagen och den juridiska eller fysiska person som tillhandah\u00e5ller den arbetsplatsf\u00f6rlagda delen av s\u00e5dan utbildning.<\/p>\n<p>Om en elev utf\u00f6r arbete ut\u00f6ver det arbetsplatsf\u00f6rlagda l\u00e4randet kan det vara fr\u00e5ga om ytterligare en anst\u00e4llning som har ing\u00e5tts enligt LAS eller eventuellt kollektivavtal. Om l\u00e4rlingen arbetar extra p\u00e5 till exempel helger eller skollov utf\u00f6rs s\u00e5ledes det arbetet inte inom ramen f\u00f6r den gymnasiala l\u00e4rlingsanst\u00e4llningen.<\/p>\n<h3>\u00c4ndring i semesterlagen<\/h3>\n<p>En anst\u00e4llning enligt den nya lagen ska omfatta hela eller en del av tiden f\u00f6r det arbetsplatsf\u00f6rlagda l\u00e4randet. En s\u00e5dan anst\u00e4llning omfattar allts\u00e5 inte helger eller skollov. F\u00f6r att eleven ska hinna fullg\u00f6ra sin utbildning under terminerna \u00e4ndras semesterlagen s\u00e5 att arbetstagare i gymnasial l\u00e4rlingsutbildning enbart ska ha r\u00e4tt till semesterledighet om detta har avtalats s\u00e4rskilt. En arbetstagare i gymnasial l\u00e4rlingsutbildning har under p\u00e5g\u00e5ende anst\u00e4llning r\u00e4tt till semesterers\u00e4ttning f\u00f6r den semesterl\u00f6n som tj\u00e4nats in men inte tagits ut. Denna semesterers\u00e4ttning ska utbetalas senast en m\u00e5nad efter v\u00e5rterminens slut.<\/p>\n<p>En gymnasial l\u00e4rlingsanst\u00e4llning omfattar som angetts ovan endast det arbetsplatsf\u00f6rlagda l\u00e4randet inom ramen f\u00f6r l\u00e4rlingsutbildningen. En s\u00e5dan anst\u00e4llning omfattar d\u00e4rf\u00f6r inte skollov. En gymnasial l\u00e4rling fullg\u00f6r sin utbildning under l\u00e4s\u00e5ret. Det \u00e4r s\u00e5ledes inte m\u00f6jligt f\u00f6r en gymnasial l\u00e4rling att ta semester fr\u00e5n sitt arbete under tid som ligger utanf\u00f6r l\u00e4s\u00e5ret eller under lovdagar. Den ledigheten fyller dock s\u00e5dan funktion med tid f\u00f6r vila och rekreation som semesterledighet fyller f\u00f6r andra arbetstagare. D\u00e4rf\u00f6r beh\u00f6ver det finnas en s\u00e4rskild regel avseende semester f\u00f6r arbetstagare i gymnasial l\u00e4rlingsutbildning.<\/p>\n<h3>Kollektivavtal<\/h3>\n<p>Ett avtal om gymnasial l\u00e4rlingsanst\u00e4llning \u00e4r ogiltigt i den utstr\u00e4ckning det upph\u00e4ver eller inskr\u00e4nker en arbetstagares r\u00e4ttigheter enligt lagen om gymnasial l\u00e4rlingsanst\u00e4llning. Avvikelser fr\u00e5n lagen f\u00e5r dock g\u00f6ras genom kollektivavtal som har slutits eller godk\u00e4nts av en central arbetstagarorganisation.<\/p>\n<p>En arbetsgivare som \u00e4r bunden av ett kollektivavtal f\u00e5r till\u00e4mpa avtalet \u00e4ven p\u00e5 arbetstagare som inte \u00e4r medlemmar i den avtalsslutande arbetstagarorganisationen men som syssels\u00e4tts i s\u00e5dant arbete som avses med avtalet.<\/p>\n<h3>Skadest\u00e5nd<\/h3>\n<p>Om arbetsgivaren bryter mot lagen, kan arbetsgivaren bli skyldig att betala s\u00e5v\u00e4l allm\u00e4nt som ekonomiskt skadest\u00e5nd.<\/p>\n<h3>Ikrafttr\u00e4dande<\/h3>\n<p>Lagen om gymnasial l\u00e4rlingsanst\u00e4llning och \u00f6vriga \u00e4ndringar i skollagen, lagen om anst\u00e4llningsskydd och semesterlagen tr\u00e4der ikraft den 1 juli 2014.<\/p>\n","protected":false},"excerpt":{"rendered":"<p>Riksdagen har fattat beslut om en ny lag om gymnasial l\u00e4rlingsanst\u00e4llning i enlighet med f\u00f6rslag i proposition 2013\/14:80 Gymnasial l\u00e4rlingsanst\u00e4llning. Den nya lagen inneb\u00e4r att en elev som genomg\u00e5r gymnasial l\u00e4rlingsutbildning inom ett av gymnasieskolans yrkesprogram ska kunna vara anst\u00e4lld i en ny anst\u00e4llningsform, tidsbegr\u00e4nsad gymnasial l\u00e4rlingsanst\u00e4llning. Dessa arbetstagare \u00e4r undantagna fr\u00e5n lagen om anst\u00e4llningsskydd, LAS.<\/p>\n","protected":false},"author":1,"featured_media":0,"comment_status":"closed","ping_status":"open","sticky":false,"template":"","format":"standard","meta":{"_acf_changed":false,"footnotes":""},"categories":[1],"tags":[],"article_type":[313],"agreement":[],"class_list":["post-6532","post","type-post","status-publish","format-standard","hentry","category-okategoriserade","type-arbetsgivarnytt"],"acf":[],"yoast_head":"<!-- This site is optimized with the Yoast SEO Premium plugin v26.8 (Yoast SEO v26.8) - https:\/\/yoast.com\/product\/yoast-seo-premium-wordpress\/ -->\n<title>Ny lag om gymnasial l\u00e4rlingsanst\u00e4llning och \u00e4ndring i skollagen | Almega<\/title>\n<meta name=\"robots\" content=\"index, follow, max-snippet:-1, max-image-preview:large, max-video-preview:-1\" \/>\n<link rel=\"canonical\" href=\"https:\/\/www.almega.se\/2014\/08\/ny-lag-om-gymnasial-larlingsanstallning-och-andring-i-skollagen-4\/\" \/>\n<meta property=\"og:locale\" content=\"sv_SE\" \/>\n<meta property=\"og:type\" content=\"article\" \/>\n<meta property=\"og:title\" content=\"Ny lag om gymnasial l\u00e4rlingsanst\u00e4llning och \u00e4ndring i skollagen\" \/>\n<meta property=\"og:description\" content=\"Riksdagen har fattat beslut om en ny lag om gymnasial l\u00e4rlingsanst\u00e4llning i enlighet med f\u00f6rslag i proposition 2013\/14:80 Gymnasial l\u00e4rlingsanst\u00e4llning. Den nya lagen inneb\u00e4r att en elev som genomg\u00e5r gymnasial l\u00e4rlingsutbildning inom ett av gymnasieskolans yrkesprogram ska kunna vara anst\u00e4lld i en ny anst\u00e4llningsform, tidsbegr\u00e4nsad gymnasial l\u00e4rlingsanst\u00e4llning. Dessa arbetstagare \u00e4r undantagna fr\u00e5n lagen om anst\u00e4llningsskydd, LAS.\" \/>\n<meta property=\"og:url\" content=\"https:\/\/www.almega.se\/2014\/08\/ny-lag-om-gymnasial-larlingsanstallning-och-andring-i-skollagen-4\/\" \/>\n<meta property=\"og:site_name\" content=\"Almega\" \/>\n<meta property=\"article:published_time\" content=\"2014-08-08T10:00:00+00:00\" \/>\n<meta property=\"og:image\" content=\"https:\/\/www.almega.se\/app\/uploads\/2020\/12\/almega-share-logo.png\" \/>\n\t<meta property=\"og:image:width\" content=\"1200\" \/>\n\t<meta property=\"og:image:height\" content=\"630\" \/>\n\t<meta property=\"og:image:type\" content=\"image\/png\" \/>\n<meta name=\"author\" content=\"admin\" \/>\n<meta name=\"twitter:card\" content=\"summary_large_image\" \/>\n<meta name=\"twitter:label1\" content=\"Skriven av\" \/>\n\t<meta name=\"twitter:data1\" content=\"admin\" \/>\n\t<meta name=\"twitter:label2\" content=\"Ber\u00e4knad l\u00e4stid\" \/>\n\t<meta name=\"twitter:data2\" content=\"4 minuter\" \/>\n<!-- \/ Yoast SEO Premium plugin. -->","yoast_head_json":{"title":"Ny lag om gymnasial l\u00e4rlingsanst\u00e4llning och \u00e4ndring i skollagen | Almega","robots":{"index":"index","follow":"follow","max-snippet":"max-snippet:-1","max-image-preview":"max-image-preview:large","max-video-preview":"max-video-preview:-1"},"canonical":"https:\/\/www.almega.se\/2014\/08\/ny-lag-om-gymnasial-larlingsanstallning-och-andring-i-skollagen-4\/","og_locale":"sv_SE","og_type":"article","og_title":"Ny lag om gymnasial l\u00e4rlingsanst\u00e4llning och \u00e4ndring i skollagen","og_description":"Riksdagen har fattat beslut om en ny lag om gymnasial l\u00e4rlingsanst\u00e4llning i enlighet med f\u00f6rslag i proposition 2013\/14:80 Gymnasial l\u00e4rlingsanst\u00e4llning. Den nya lagen inneb\u00e4r att en elev som genomg\u00e5r gymnasial l\u00e4rlingsutbildning inom ett av gymnasieskolans yrkesprogram ska kunna vara anst\u00e4lld i en ny anst\u00e4llningsform, tidsbegr\u00e4nsad gymnasial l\u00e4rlingsanst\u00e4llning. Dessa arbetstagare \u00e4r undantagna fr\u00e5n lagen om anst\u00e4llningsskydd, LAS.","og_url":"https:\/\/www.almega.se\/2014\/08\/ny-lag-om-gymnasial-larlingsanstallning-och-andring-i-skollagen-4\/","og_site_name":"Almega","article_published_time":"2014-08-08T10:00:00+00:00","og_image":[{"width":1200,"height":630,"url":"https:\/\/www.almega.se\/app\/uploads\/2020\/12\/almega-share-logo.png","type":"image\/png"}],"author":"admin","twitter_card":"summary_large_image","twitter_misc":{"Skriven av":"admin","Ber\u00e4knad l\u00e4stid":"4 minuter"},"schema":{"@context":"https:\/\/schema.org","@graph":[{"@type":"NewsArticle","@id":"https:\/\/www.almega.se\/2014\/08\/ny-lag-om-gymnasial-larlingsanstallning-och-andring-i-skollagen-4\/#article","isPartOf":{"@id":"https:\/\/www.almega.se\/2014\/08\/ny-lag-om-gymnasial-larlingsanstallning-och-andring-i-skollagen-4\/"},"author":{"name":"admin","@id":"https:\/\/www.almega.se\/#\/schema\/person\/9c3674d192fb8b2d1d8b7a3f31c5151d"},"headline":"Ny lag om gymnasial l\u00e4rlings&shy;anst\u00e4llning och \u00e4ndring i skollagen","datePublished":"2014-08-08T10:00:00+00:00","mainEntityOfPage":{"@id":"https:\/\/www.almega.se\/2014\/08\/ny-lag-om-gymnasial-larlingsanstallning-och-andring-i-skollagen-4\/"},"wordCount":807,"inLanguage":"sv-SE"},{"@type":"WebPage","@id":"https:\/\/www.almega.se\/2014\/08\/ny-lag-om-gymnasial-larlingsanstallning-och-andring-i-skollagen-4\/","url":"https:\/\/www.almega.se\/2014\/08\/ny-lag-om-gymnasial-larlingsanstallning-och-andring-i-skollagen-4\/","name":"Ny lag om gymnasial l\u00e4rlingsanst\u00e4llning och \u00e4ndring i skollagen | Almega","isPartOf":{"@id":"https:\/\/www.almega.se\/#website"},"datePublished":"2014-08-08T10:00:00+00:00","author":{"@id":"https:\/\/www.almega.se\/#\/schema\/person\/9c3674d192fb8b2d1d8b7a3f31c5151d"},"breadcrumb":{"@id":"https:\/\/www.almega.se\/2014\/08\/ny-lag-om-gymnasial-larlingsanstallning-och-andring-i-skollagen-4\/#breadcrumb"},"inLanguage":"sv-SE","potentialAction":[{"@type":"ReadAction","target":["https:\/\/www.almega.se\/2014\/08\/ny-lag-om-gymnasial-larlingsanstallning-och-andring-i-skollagen-4\/"]}]},{"@type":"BreadcrumbList","@id":"https:\/\/www.almega.se\/2014\/08\/ny-lag-om-gymnasial-larlingsanstallning-och-andring-i-skollagen-4\/#breadcrumb","itemListElement":[{"@type":"ListItem","position":1,"name":"Home","item":"https:\/\/www.almega.se\/"},{"@type":"ListItem","position":2,"name":"Ny lag om gymnasial l\u00e4rlings&shy;anst\u00e4llning och \u00e4ndring i skollagen"}]},{"@type":"WebSite","@id":"https:\/\/www.almega.se\/#website","url":"https:\/\/www.almega.se\/","name":"Almega","description":"","potentialAction":[{"@type":"SearchAction","target":{"@type":"EntryPoint","urlTemplate":"https:\/\/www.almega.se\/?s={search_term_string}"},"query-input":{"@type":"PropertyValueSpecification","valueRequired":true,"valueName":"search_term_string"}}],"inLanguage":"sv-SE"},{"@type":"Person","@id":"https:\/\/www.almega.se\/#\/schema\/person\/9c3674d192fb8b2d1d8b7a3f31c5151d","name":"admin","image":{"@type":"ImageObject","inLanguage":"sv-SE","@id":"https:\/\/www.almega.se\/#\/schema\/person\/image\/","url":"https:\/\/secure.gravatar.com\/avatar\/13aac7e7a7582f599e3ba7706cec051e12eac4ad6c2ffe6f9d24800e63294187?s=96&d=mm&r=g","contentUrl":"https:\/\/secure.gravatar.com\/avatar\/13aac7e7a7582f599e3ba7706cec051e12eac4ad6c2ffe6f9d24800e63294187?s=96&d=mm&r=g","caption":"admin"},"url":"https:\/\/www.almega.se\/person\/admin\/"}]}},"_links":{"self":[{"href":"https:\/\/www.almega.se\/api\/wp\/v2\/posts\/6532","targetHints":{"allow":["GET"]}}],"collection":[{"href":"https:\/\/www.almega.se\/api\/wp\/v2\/posts"}],"about":[{"href":"https:\/\/www.almega.se\/api\/wp\/v2\/types\/post"}],"author":[{"embeddable":true,"href":"https:\/\/www.almega.se\/api\/wp\/v2\/users\/1"}],"replies":[{"embeddable":true,"href":"https:\/\/www.almega.se\/api\/wp\/v2\/comments?post=6532"}],"version-history":[{"count":1,"href":"https:\/\/www.almega.se\/api\/wp\/v2\/posts\/6532\/revisions"}],"predecessor-version":[{"id":58601,"href":"https:\/\/www.almega.se\/api\/wp\/v2\/posts\/6532\/revisions\/58601"}],"wp:attachment":[{"href":"https:\/\/www.almega.se\/api\/wp\/v2\/media?parent=6532"}],"wp:term":[{"taxonomy":"category","embeddable":true,"href":"https:\/\/www.almega.se\/api\/wp\/v2\/categories?post=6532"},{"taxonomy":"post_tag","embeddable":true,"href":"https:\/\/www.almega.se\/api\/wp\/v2\/tags?post=6532"},{"taxonomy":"type","embeddable":true,"href":"https:\/\/www.almega.se\/api\/wp\/v2\/article_type?post=6532"},{"taxonomy":"agreement","embeddable":true,"href":"https:\/\/www.almega.se\/api\/wp\/v2\/agreement?post=6532"}],"curies":[{"name":"wp","href":"https:\/\/api.w.org\/{rel}","templated":true}]}}