{"id":6509,"date":"2014-09-02T08:00:00","date_gmt":"2014-09-02T08:00:00","guid":{"rendered":"http:\/\/almega-bento\/wp\/blog\/2014\/09\/02\/tecken-pa-kommande-avmattning-i-tjanstesektorn\/"},"modified":"2023-02-14T14:58:26","modified_gmt":"2023-02-14T13:58:26","slug":"tecken-pa-kommande-avmattning-i-tjanstesektorn","status":"publish","type":"post","link":"https:\/\/www.almega.se\/2014\/09\/tecken-pa-kommande-avmattning-i-tjanstesektorn\/","title":{"rendered":"Tecken p\u00e5 kommande avmattning i tj\u00e4nstesektorn"},"content":{"rendered":"\n<p>Flera indikatorer talar f\u00f6r att tillv\u00e4xttakten kommer att mattas av mot slutet av \u00e5ret, bland annat l\u00e4gre f\u00f6rv\u00e4ntningar bland tj\u00e4nstef\u00f6retagen om \u00f6kad efterfr\u00e5gan.<\/p>\n\n\n\n<p>Almegas tj\u00e4nsteindikator pekar p\u00e5 att tillv\u00e4xttakten f\u00f6r tj\u00e4nsteproduktionen kommer att \u00f6ka marginellt under tredje kvartalet i \u00e5r j\u00e4mf\u00f6rt med det f\u00f6reg\u00e5ende kvartalet. \u00c5rstakten l\u00e5g under andra kvartalet p\u00e5 2,9 procent. F\u00f6r tredje kvartalet pekar indikatorn allts\u00e5 p\u00e5 en lite h\u00f6gre takt \u00e4n s\u00e5. D\u00e4remot talar flera indikatorer f\u00f6r att tillv\u00e4xttakten f\u00f6r den privata tj\u00e4nstesektorn kommer att mattas av mot slutet av \u00e5ret. Fr\u00e4mst har andelen f\u00f6retag som f\u00f6rv\u00e4ntar sig \u00f6kad efterfr\u00e5gan under det n\u00e4rmaste kvartalet krympt. Knappt 1\/3 av tj\u00e4nstef\u00f6retagen r\u00e4knar med \u00f6kad efterfr\u00e5gan under tredje kvartalet, en klart l\u00e4gre andel \u00e4n i b\u00f6rjan av \u00e5ret.<\/p>\n","protected":false},"excerpt":{"rendered":"<p>Flera indikatorer talar f\u00f6r att tillv\u00e4xttakten kommer att mattas av mot slutet av \u00e5ret, bland annat l\u00e4gre f\u00f6rv\u00e4ntningar bland tj\u00e4nstef\u00f6retagen om \u00f6kad efterfr\u00e5gan.<\/p>\n","protected":false},"author":1,"featured_media":0,"comment_status":"closed","ping_status":"open","sticky":false,"template":"","format":"standard","meta":{"_acf_changed":false,"footnotes":""},"categories":[581],"tags":[50],"article_type":[56,42],"agreement":[],"class_list":["post-6509","post","type-post","status-publish","format-standard","hentry","category-tjanstesektorns-betydelse","tag-tjanstesektorns-utveckling","type-nyheter","type-rapporter"],"acf":[],"yoast_head":"<!-- This site is optimized with the Yoast SEO Premium plugin v26.8 (Yoast SEO v26.8) - https:\/\/yoast.com\/product\/yoast-seo-premium-wordpress\/ -->\n<title>Tecken p\u00e5 kommande avmattning i tj\u00e4nstesektorn | Almega<\/title>\n<meta name=\"robots\" content=\"index, follow, max-snippet:-1, max-image-preview:large, max-video-preview:-1\" \/>\n<link rel=\"canonical\" href=\"https:\/\/www.almega.se\/2014\/09\/tecken-pa-kommande-avmattning-i-tjanstesektorn\/\" \/>\n<meta property=\"og:locale\" content=\"sv_SE\" \/>\n<meta property=\"og:type\" content=\"article\" \/>\n<meta property=\"og:title\" content=\"Tecken p\u00e5 kommande avmattning i tj\u00e4nstesektorn\" \/>\n<meta property=\"og:description\" content=\"Flera indikatorer talar f\u00f6r att tillv\u00e4xttakten kommer att mattas av mot slutet av \u00e5ret, bland annat l\u00e4gre f\u00f6rv\u00e4ntningar bland tj\u00e4nstef\u00f6retagen om \u00f6kad efterfr\u00e5gan.\" \/>\n<meta property=\"og:url\" content=\"https:\/\/www.almega.se\/2014\/09\/tecken-pa-kommande-avmattning-i-tjanstesektorn\/\" \/>\n<meta property=\"og:site_name\" content=\"Almega\" \/>\n<meta property=\"article:published_time\" content=\"2014-09-02T08:00:00+00:00\" \/>\n<meta property=\"article:modified_time\" content=\"2023-02-14T13:58:26+00:00\" \/>\n<meta property=\"og:image\" content=\"https:\/\/www.almega.se\/app\/uploads\/2020\/12\/almega-share-logo.png\" \/>\n\t<meta property=\"og:image:width\" content=\"1200\" \/>\n\t<meta property=\"og:image:height\" content=\"630\" \/>\n\t<meta property=\"og:image:type\" content=\"image\/png\" \/>\n<meta name=\"author\" content=\"admin\" \/>\n<meta name=\"twitter:card\" content=\"summary_large_image\" \/>\n<meta name=\"twitter:label1\" content=\"Skriven av\" \/>\n\t<meta name=\"twitter:data1\" content=\"admin\" \/>\n\t<meta name=\"twitter:label2\" content=\"Ber\u00e4knad l\u00e4stid\" \/>\n\t<meta name=\"twitter:data2\" content=\"1 minut\" \/>\n<!-- \/ Yoast SEO Premium plugin. -->","yoast_head_json":{"title":"Tecken p\u00e5 kommande avmattning i tj\u00e4nstesektorn | Almega","robots":{"index":"index","follow":"follow","max-snippet":"max-snippet:-1","max-image-preview":"max-image-preview:large","max-video-preview":"max-video-preview:-1"},"canonical":"https:\/\/www.almega.se\/2014\/09\/tecken-pa-kommande-avmattning-i-tjanstesektorn\/","og_locale":"sv_SE","og_type":"article","og_title":"Tecken p\u00e5 kommande avmattning i tj\u00e4nstesektorn","og_description":"Flera indikatorer talar f\u00f6r att tillv\u00e4xttakten kommer att mattas av mot slutet av \u00e5ret, bland annat l\u00e4gre f\u00f6rv\u00e4ntningar bland tj\u00e4nstef\u00f6retagen om \u00f6kad efterfr\u00e5gan.","og_url":"https:\/\/www.almega.se\/2014\/09\/tecken-pa-kommande-avmattning-i-tjanstesektorn\/","og_site_name":"Almega","article_published_time":"2014-09-02T08:00:00+00:00","article_modified_time":"2023-02-14T13:58:26+00:00","og_image":[{"width":1200,"height":630,"url":"https:\/\/www.almega.se\/app\/uploads\/2020\/12\/almega-share-logo.png","type":"image\/png"}],"author":"admin","twitter_card":"summary_large_image","twitter_misc":{"Skriven av":"admin","Ber\u00e4knad l\u00e4stid":"1 minut"},"schema":{"@context":"https:\/\/schema.org","@graph":[{"@type":"NewsArticle","@id":"https:\/\/www.almega.se\/2014\/09\/tecken-pa-kommande-avmattning-i-tjanstesektorn\/#article","isPartOf":{"@id":"https:\/\/www.almega.se\/2014\/09\/tecken-pa-kommande-avmattning-i-tjanstesektorn\/"},"author":{"name":"admin","@id":"https:\/\/www.almega.se\/#\/schema\/person\/9c3674d192fb8b2d1d8b7a3f31c5151d"},"headline":"Tecken p\u00e5 kommande avmattning i tj\u00e4nstesektorn","datePublished":"2014-09-02T08:00:00+00:00","dateModified":"2023-02-14T13:58:26+00:00","mainEntityOfPage":{"@id":"https:\/\/www.almega.se\/2014\/09\/tecken-pa-kommande-avmattning-i-tjanstesektorn\/"},"wordCount":160,"keywords":["Tj\u00e4nstesektorns utveckling"],"articleSection":["Tj\u00e4nstesektorns betydelse"],"inLanguage":"sv-SE"},{"@type":"WebPage","@id":"https:\/\/www.almega.se\/2014\/09\/tecken-pa-kommande-avmattning-i-tjanstesektorn\/","url":"https:\/\/www.almega.se\/2014\/09\/tecken-pa-kommande-avmattning-i-tjanstesektorn\/","name":"Tecken p\u00e5 kommande avmattning i tj\u00e4nstesektorn | Almega","isPartOf":{"@id":"https:\/\/www.almega.se\/#website"},"datePublished":"2014-09-02T08:00:00+00:00","dateModified":"2023-02-14T13:58:26+00:00","author":{"@id":"https:\/\/www.almega.se\/#\/schema\/person\/9c3674d192fb8b2d1d8b7a3f31c5151d"},"breadcrumb":{"@id":"https:\/\/www.almega.se\/2014\/09\/tecken-pa-kommande-avmattning-i-tjanstesektorn\/#breadcrumb"},"inLanguage":"sv-SE","potentialAction":[{"@type":"ReadAction","target":["https:\/\/www.almega.se\/2014\/09\/tecken-pa-kommande-avmattning-i-tjanstesektorn\/"]}]},{"@type":"BreadcrumbList","@id":"https:\/\/www.almega.se\/2014\/09\/tecken-pa-kommande-avmattning-i-tjanstesektorn\/#breadcrumb","itemListElement":[{"@type":"ListItem","position":1,"name":"Home","item":"https:\/\/www.almega.se\/"},{"@type":"ListItem","position":2,"name":"Tecken p\u00e5 kommande avmattning i tj\u00e4nstesektorn"}]},{"@type":"WebSite","@id":"https:\/\/www.almega.se\/#website","url":"https:\/\/www.almega.se\/","name":"Almega","description":"","potentialAction":[{"@type":"SearchAction","target":{"@type":"EntryPoint","urlTemplate":"https:\/\/www.almega.se\/?s={search_term_string}"},"query-input":{"@type":"PropertyValueSpecification","valueRequired":true,"valueName":"search_term_string"}}],"inLanguage":"sv-SE"},{"@type":"Person","@id":"https:\/\/www.almega.se\/#\/schema\/person\/9c3674d192fb8b2d1d8b7a3f31c5151d","name":"admin","image":{"@type":"ImageObject","inLanguage":"sv-SE","@id":"https:\/\/www.almega.se\/#\/schema\/person\/image\/","url":"https:\/\/secure.gravatar.com\/avatar\/13aac7e7a7582f599e3ba7706cec051e12eac4ad6c2ffe6f9d24800e63294187?s=96&d=mm&r=g","contentUrl":"https:\/\/secure.gravatar.com\/avatar\/13aac7e7a7582f599e3ba7706cec051e12eac4ad6c2ffe6f9d24800e63294187?s=96&d=mm&r=g","caption":"admin"},"url":"https:\/\/www.almega.se\/person\/admin\/"}]}},"_links":{"self":[{"href":"https:\/\/www.almega.se\/api\/wp\/v2\/posts\/6509","targetHints":{"allow":["GET"]}}],"collection":[{"href":"https:\/\/www.almega.se\/api\/wp\/v2\/posts"}],"about":[{"href":"https:\/\/www.almega.se\/api\/wp\/v2\/types\/post"}],"author":[{"embeddable":true,"href":"https:\/\/www.almega.se\/api\/wp\/v2\/users\/1"}],"replies":[{"embeddable":true,"href":"https:\/\/www.almega.se\/api\/wp\/v2\/comments?post=6509"}],"version-history":[{"count":2,"href":"https:\/\/www.almega.se\/api\/wp\/v2\/posts\/6509\/revisions"}],"predecessor-version":[{"id":59348,"href":"https:\/\/www.almega.se\/api\/wp\/v2\/posts\/6509\/revisions\/59348"}],"wp:attachment":[{"href":"https:\/\/www.almega.se\/api\/wp\/v2\/media?parent=6509"}],"wp:term":[{"taxonomy":"category","embeddable":true,"href":"https:\/\/www.almega.se\/api\/wp\/v2\/categories?post=6509"},{"taxonomy":"post_tag","embeddable":true,"href":"https:\/\/www.almega.se\/api\/wp\/v2\/tags?post=6509"},{"taxonomy":"type","embeddable":true,"href":"https:\/\/www.almega.se\/api\/wp\/v2\/article_type?post=6509"},{"taxonomy":"agreement","embeddable":true,"href":"https:\/\/www.almega.se\/api\/wp\/v2\/agreement?post=6509"}],"curies":[{"name":"wp","href":"https:\/\/api.w.org\/{rel}","templated":true}]}}